{"id":17885,"date":"2021-10-24T23:34:30","date_gmt":"2021-10-25T02:34:30","guid":{"rendered":"https:\/\/adhilac.com.ar\/?p=17885"},"modified":"2021-10-25T10:45:19","modified_gmt":"2021-10-25T13:45:19","slug":"iii-congreso-internacional-zapata-vive","status":"publish","type":"post","link":"https:\/\/adhilac.com.ar\/?p=17885","title":{"rendered":"III CONGRESO INTERNACIONAL \u00a1ZAPATA VIVE! Universidad Aut\u00f3n. Chapingo. 27-28\/11\/2021"},"content":{"rendered":"\n<p class=\"wp-block-paragraph\"><strong>110 aniversario de la Promulgaci\u00f3n del Plan de Ayala, 28 de noviembre de 1911<\/strong><\/p>\n\n\n\n<p class=\"wp-block-paragraph\"><strong>Universidad Aut\u00f3noma Chapingo. 27 y 28 de noviembre de 2021<\/strong><\/p>\n\n\n\n<p class=\"wp-block-paragraph\">Buscando rescatar la trascendencia del movimiento zapatista, conmemoraremos el 110 Aniversario de la Promulgaci\u00f3n del Plan de Ayala, acaecida el 28 de noviembre de 1911, celebrando el III Congreso Internacional \u201cZapata Vive\u201d. La C\u00e1tedra \u201cEmiliano Zapata\u201d (MNA-DGDCyS-UACh), Fundaci\u00f3n Zapata y Herederos de la Revoluci\u00f3n, Museo Casa de Morelos y Museo Nacional de Agricultura, teniendo como objetivo principal el estudiar, investigar y debatir el ideario de Emiliano Zapata reflejado en el Plan de Ayala en correspondencia con los problemas y retos del siglo XXI.<\/p>\n\n\n\n<!--more-->\n\n\n\n<p class=\"wp-block-paragraph\"><strong>CONVOCAN<\/strong><\/p>\n\n\n\n<p class=\"wp-block-paragraph\">A investigadores, docentes, artistas, luchadores sociales, organizaciones campesinas y populares e interesados en el estudio y pr\u00e1ctica del zapatismo en M\u00e9xico, a participar en el III Congreso Internacional \u00a1Zapata Vive! Que se realizar\u00e1 de manera virtual los d\u00edas 27 y 28 de noviembre de 2021 en la Universidad Aut\u00f3noma Chapingo en ubicada en el Km. 38.5 Carretera M\u00e9xico-Texcoco, Chapingo, 56230 Texcoco de Mora, Estado de M\u00e9xico, M\u00e9xico.<\/p>\n\n\n\n<p class=\"wp-block-paragraph\"><strong>MESAS TEM\u00c1TICAS<\/strong><\/p>\n\n\n\n<ul class=\"wp-block-list\"><li>\u201cPlan de Ayala\u201d Siglo XXI.<\/li><li>Trascendencia del \u201cPlan de Ayala\u201d.<\/li><li>Vigencia del zapatismo en las luchas sociales.<\/li><li>Zapatismo y&nbsp;neoliberalismo.<\/li><li>Zapatismo, historia, identidad y cultura.<\/li><\/ul>\n\n\n\n<p class=\"wp-block-paragraph\"><strong>FECHAS IMPORTANTES<\/strong><\/p>\n\n\n\n<ul class=\"wp-block-list\"><li>24 de septiembre de 2021, l\u00edmite para enviar resumen de ponencia in\u00e9dita de hasta una cuartilla, se\u00f1alando: nombre de mesa de trabajo en la que desean participar, nombre completo, instituci\u00f3n donde labora, correo electr\u00f3nico y el pa\u00eds de procedencia.<\/li><li>30 de septiembre de 2021, plazo m\u00e1ximo para que el Comit\u00e9 Organizador remita por correo electr\u00f3nico dictamen de propuesta de ponencia.<\/li><li>30 de octubre de 2021, fecha l\u00edmite de entrega de ponencia completa de un m\u00e1ximo de 15 cuartillas, y resumen de historial acad\u00e9mico para su presentaci\u00f3n.<\/li><li>27-28 noviembre celebraci\u00f3n del Congreso.<\/li><\/ul>\n\n\n\n<p class=\"wp-block-paragraph\"><strong>INFORMACI\u00d3N RELEVANTE<\/strong><\/p>\n\n\n\n<p class=\"wp-block-paragraph\"><strong>Ponencias:<\/strong><\/p>\n\n\n\n<ul class=\"wp-block-list\"><li>La modalidad del Congreso ser\u00e1 virtual.<\/li><li>Resumen y ponencia en extenso deber\u00e1n enviarse a: Miguel \u00c1ngel S\u00e1mano Renter\u00eda, Coordinador de la C\u00e1tedra \u201cEmiliano Zapata\u201d de la UACH al correo: <a href=\"mailto:misamano@hotmail.com\">misamano@hotmail.com<\/a><\/li><li>Los trabajos colectivos ser\u00e1n de hasta un m\u00e1ximo de tres miembros.<\/li><li>Tiempo de exposici\u00f3n: 15 minutos.<\/li><li>Formato de ponencia: texto escrito en Calibri, 12 puntos, 1.5 de espacio entre l\u00edneas. Estructura: Titulo, Autor y Adscripci\u00f3n. Introducci\u00f3n, Desarrollo Tem\u00e1tico, Conclusiones y Fuentes Consultadas.<\/li><li>A partir del 15 de diciembre se enviar\u00e1 a los ponentes la publicaci\u00f3n electr\u00f3nica de la obra colectiva.<\/li><\/ul>\n\n\n\n<p class=\"wp-block-paragraph\"><strong>COMIT\u00c9 ORGANIZADOR<\/strong><\/p>\n\n\n\n<ul class=\"wp-block-list\"><li><em>Miguel \u00c1ngel S\u00e1mano Renter\u00eda<\/em><\/li><\/ul>\n\n\n\n<p class=\"wp-block-paragraph\">&nbsp; &nbsp; &nbsp; &nbsp; &nbsp; &nbsp; &nbsp;C\u00e1tedra \u201cEmiliano Zapata\u201d (MNA-DGDCyS).<\/p>\n\n\n\n<p class=\"wp-block-paragraph\">&nbsp; &nbsp; &nbsp; &nbsp; &nbsp; &nbsp; &nbsp;misamano@hotmail.com<\/p>\n\n\n\n<ul class=\"wp-block-list\"><li><em>Edgar Castro Zapata<\/em><\/li><\/ul>\n\n\n\n<p class=\"wp-block-paragraph\">&nbsp; &nbsp; &nbsp; &nbsp; &nbsp; &nbsp; &nbsp;Fundaci\u00f3n Zapata y los Herederos de la Revoluci\u00f3n.<\/p>\n\n\n\n<p class=\"wp-block-paragraph\">&nbsp; &nbsp; &nbsp; &nbsp; &nbsp; &nbsp; &nbsp; <a href=\"mailto:zapatanomorira@hotmail.com\">zapatanomorira@hotmail.com<\/a><\/p>\n\n\n\n<ul class=\"wp-block-list\"><li><em>\u00c1ngel&nbsp;<\/em><em>Uriel<\/em><em>&nbsp;Gonz\u00e1lez Hern\u00e1ndez<\/em><\/li><\/ul>\n\n\n\n<p class=\"wp-block-paragraph\">&nbsp; &nbsp; &nbsp; &nbsp; &nbsp; &nbsp; &nbsp;Museo Casa de Morelos<\/p>\n\n\n\n<p class=\"wp-block-paragraph\">&nbsp; &nbsp; &nbsp; &nbsp; &nbsp; &nbsp; &nbsp; <a href=\"mailto:museo_casamorelos@inah.gob.mx\">museo_casamorelos@inah.gob.mx<\/a><\/p>\n\n\n\n<ul class=\"wp-block-list\"><li><em>Marco Antonio Anaya P\u00e9rez<\/em><\/li><\/ul>\n\n\n\n<p class=\"wp-block-paragraph\">&nbsp; &nbsp; &nbsp; &nbsp; &nbsp; &nbsp; &nbsp;Museo Nacional de Agricultura- DGDCyS<\/p>\n\n\n\n<p class=\"wp-block-paragraph\">&nbsp; &nbsp; &nbsp; &nbsp; &nbsp; &nbsp; &nbsp;manayap@chapingo.mx<\/p>\n\n\n\n<p class=\"wp-block-paragraph\"><a rel=\"noreferrer noopener\" href=\"http:\/\/www.h-mexico.unam.mx\/node\/25987\" target=\"_blank\">III CONGRESO INTERNACIONAL \u00a1ZAPATA VIVE! | H-M\u00e9xico<\/a><\/p>\n\n\n\n<div style=\"height:55px\" aria-hidden=\"true\" class=\"wp-block-spacer\"><\/div>\n\n\n\n<p class=\"has-very-light-gray-color has-vivid-cyan-blue-background-color has-text-color has-background wp-block-paragraph\"><strong>Publicado por ADHILAC Internacional \u00a9 www.adhilac.com.ar<\/strong><\/p>\n\n\n\n<p class=\"has-vivid-cyan-blue-color has-very-light-gray-background-color has-text-color has-background wp-block-paragraph\"> Si Ud. desea asociarse de acuerdo a los Estatutos de ADHILAC&nbsp;<a href=\"https:\/\/adhilac.com.ar\/?page_id=263\">(ver)<\/a> complete el siguiente formulario&nbsp;(<a href=\"https:\/\/adhilac.com.ar\/?page_id=4779\">ver<\/a>)<\/p>\n\n\n\n<p class=\"has-very-light-gray-color has-vivid-cyan-blue-background-color has-text-color has-background wp-block-paragraph\"> E-mail:&nbsp;info@adhilac.com.ar <\/p>\n\n\n\n<p class=\"has-very-light-gray-color has-vivid-cyan-blue-background-color has-text-color has-background wp-block-paragraph\"> Twitter: @AdhilacInfo <\/p>\n\n\n\n<div class=\"wp-block-image\"><figure class=\"aligncenter size-large\"><img loading=\"lazy\" decoding=\"async\" width=\"85\" height=\"85\" src=\"https:\/\/adhilac.com.ar\/wp-content\/uploads\/2015\/02\/Logo-ADHILAC-Internacional-PEQ.jpg\" alt=\"\" class=\"wp-image-10473\"\/><\/figure><\/div>\n\n\n\n<p class=\"wp-block-paragraph\">Ver <a href=\"https:\/\/adhilac.com.ar\/?page_id=541\">Presentaci\u00f3n de ADHILAC<\/a><\/p>\n\n\n\n<div style=\"height:56px\" aria-hidden=\"true\" class=\"wp-block-spacer\"><\/div>\n\n\n\n<div class=\"wp-block-group\"><div class=\"wp-block-group__inner-container is-layout-flow wp-block-group-is-layout-flow\">\n<p class=\"has-text-align-center has-very-light-gray-color has-vivid-cyan-blue-background-color has-text-color has-background wp-block-paragraph\"><strong><a href=\"https:\/\/adhilac.com.ar\/?page_id=541\">QUIENES SOMOS<\/a><\/strong><\/p>\n\n\n\n<p class=\"has-text-align-center has-vivid-cyan-blue-color has-very-light-gray-background-color has-text-color has-background wp-block-paragraph\"><strong><a href=\"https:\/\/adhilac.com.ar\/?page_id=15507\">DIRECTIVA DE ADHILAC INTERNACIONAL<\/a><\/strong><\/p>\n\n\n\n<p class=\"has-text-align-center has-very-light-gray-color has-vivid-cyan-blue-background-color has-text-color has-background wp-block-paragraph\"><strong><a href=\"https:\/\/adhilac.com.ar\/?page_id=267\">Declaraci\u00f3n de Caracas de ADHILAC (2007)<\/a><\/strong><\/p>\n\n\n\n<p class=\"has-text-align-center has-vivid-cyan-blue-color has-very-light-gray-background-color has-text-color has-background wp-block-paragraph\"><strong><a href=\"https:\/\/adhilac.com.ar\/?page_id=15873\">ADHILAC: Historia &#8211; Historidorxs<\/a><\/strong><\/p>\n\n\n\n<p class=\"has-text-align-center has-very-light-gray-color has-vivid-cyan-blue-background-color has-text-color has-background wp-block-paragraph\"><strong><a href=\"https:\/\/adhilac.com.ar\/?page_id=15876\">ADHILAC 20 a\u00f1os despu\u00e9s (1974-1994)<\/a> <\/strong><\/p>\n\n\n\n<p class=\"has-text-align-center has-vivid-cyan-blue-color has-very-light-gray-background-color has-text-color has-background wp-block-paragraph\"><strong><a href=\"https:\/\/adhilac.com.ar\/?page_id=15861\">ADHILAC Breve Historia<\/a> <\/strong><\/p>\n\n\n\n<p class=\"has-text-align-center has-very-light-gray-color has-vivid-cyan-blue-background-color has-text-color has-background wp-block-paragraph\"><strong><a href=\"https:\/\/adhilac.com.ar\/?page_id=15887\">ADHILAC: Miembrxs fundadores<\/a><\/strong><\/p>\n\n\n\n<p class=\"has-text-align-center has-vivid-cyan-blue-color has-very-light-gray-background-color has-text-color has-background wp-block-paragraph\"><strong><a href=\"https:\/\/adhilac.com.ar\/?page_id=15943\">ADHILAC: Historiadorxs Destacadxs<\/a><\/strong><\/p>\n\n\n\n<p class=\"has-text-align-center has-very-light-gray-color has-vivid-cyan-blue-background-color has-text-color has-background wp-block-paragraph\"><strong><a href=\"https:\/\/adhilac.com.ar\/?page_id=4779\">SOCIXS<\/a><\/strong><\/p>\n\n\n\n<p class=\"has-text-align-center has-vivid-cyan-blue-color has-very-light-gray-background-color has-text-color has-background wp-block-paragraph\"><strong><a href=\"https:\/\/adhilac.com.ar\/?page_id=263\">Estatutos de ADHILAC<\/a><\/strong><\/p>\n\n\n\n<p class=\"has-text-align-center has-very-light-gray-color has-vivid-cyan-blue-background-color has-text-color has-background wp-block-paragraph\"><strong><a href=\"https:\/\/adhilac.com.ar\/?page_id=8220\">BICENTENARIO<\/a><\/strong><\/p>\n\n\n\n<p class=\"has-text-align-center has-vivid-cyan-blue-color has-very-light-gray-background-color has-text-color has-background wp-block-paragraph\"><strong><a href=\"https:\/\/adhilac.com.ar\/?page_id=8279\">BIBLIOTECA<\/a><\/strong><\/p>\n\n\n\n<p class=\"has-text-align-center has-very-light-gray-color has-vivid-cyan-blue-background-color has-text-color has-background wp-block-paragraph\"><strong><a href=\"https:\/\/adhilac.com.ar\/?page_id=1698\">ENLACES<\/a> <\/strong><\/p>\n\n\n\n<p class=\"has-text-align-center has-vivid-cyan-blue-color has-very-light-gray-background-color has-text-color has-background wp-block-paragraph\"><a href=\"http:\/\/www.ariadnatucma.com.ar\">VISITE ARIADNA TUCMA REVISTA LATINOAMERICANA<\/a><\/p>\n<\/div><\/div>\n","protected":false},"excerpt":{"rendered":"<p>110 aniversario de la Promulgaci\u00f3n del Plan de Ayala, 28 de noviembre de 1911 Universidad Aut\u00f3noma Chapingo. 27 y 28 de noviembre de 2021 Buscando rescatar la trascendencia del movimiento zapatista, conmemoraremos el 110 Aniversario de la Promulgaci\u00f3n del Plan de Ayala, acaecida el 28 de noviembre de 1911, celebrando el III Congreso Internacional \u201cZapata [&hellip;]<\/p>\n","protected":false},"author":2,"featured_media":0,"comment_status":"closed","ping_status":"closed","sticky":false,"template":"","format":"standard","meta":{"_crdt_document":"","footnotes":""},"categories":[76,5,15,40],"tags":[335,121],"class_list":["post-17885","post","type-post","status-publish","format-standard","hentry","category-adhilac-mexico","category-congresos","category-historia","category-informaciones","tag-emiliano-zapata","tag-mexico"],"_links":{"self":[{"href":"https:\/\/adhilac.com.ar\/index.php?rest_route=\/wp\/v2\/posts\/17885","targetHints":{"allow":["GET"]}}],"collection":[{"href":"https:\/\/adhilac.com.ar\/index.php?rest_route=\/wp\/v2\/posts"}],"about":[{"href":"https:\/\/adhilac.com.ar\/index.php?rest_route=\/wp\/v2\/types\/post"}],"author":[{"embeddable":true,"href":"https:\/\/adhilac.com.ar\/index.php?rest_route=\/wp\/v2\/users\/2"}],"replies":[{"embeddable":true,"href":"https:\/\/adhilac.com.ar\/index.php?rest_route=%2Fwp%2Fv2%2Fcomments&post=17885"}],"version-history":[{"count":2,"href":"https:\/\/adhilac.com.ar\/index.php?rest_route=\/wp\/v2\/posts\/17885\/revisions"}],"predecessor-version":[{"id":17907,"href":"https:\/\/adhilac.com.ar\/index.php?rest_route=\/wp\/v2\/posts\/17885\/revisions\/17907"}],"wp:attachment":[{"href":"https:\/\/adhilac.com.ar\/index.php?rest_route=%2Fwp%2Fv2%2Fmedia&parent=17885"}],"wp:term":[{"taxonomy":"category","embeddable":true,"href":"https:\/\/adhilac.com.ar\/index.php?rest_route=%2Fwp%2Fv2%2Fcategories&post=17885"},{"taxonomy":"post_tag","embeddable":true,"href":"https:\/\/adhilac.com.ar\/index.php?rest_route=%2Fwp%2Fv2%2Ftags&post=17885"}],"curies":[{"name":"wp","href":"https:\/\/api.w.org\/{rel}","templated":true}]}}