{"id":17896,"date":"2021-08-14T00:06:00","date_gmt":"2021-08-14T03:06:00","guid":{"rendered":"https:\/\/adhilac.com.ar\/?p=17896"},"modified":"2021-08-19T00:09:15","modified_gmt":"2021-08-19T03:09:15","slug":"inicio-de-la-revolucion-haitiana","status":"publish","type":"post","link":"https:\/\/adhilac.com.ar\/?p=17896","title":{"rendered":"Inicio de la Revoluci\u00f3n Haitiana"},"content":{"rendered":"\n<div class=\"wp-block-image\"><figure class=\"aligncenter size-large is-resized\"><img loading=\"lazy\" decoding=\"async\" src=\"https:\/\/adhilac.com.ar\/wp-content\/uploads\/2021\/08\/Haiti-revol-800x480.jpeg\" alt=\"\" class=\"wp-image-17897\" width=\"523\" height=\"313\" srcset=\"https:\/\/adhilac.com.ar\/wp-content\/uploads\/2021\/08\/Haiti-revol-800x480.jpeg 800w, https:\/\/adhilac.com.ar\/wp-content\/uploads\/2021\/08\/Haiti-revol-300x180.jpeg 300w, https:\/\/adhilac.com.ar\/wp-content\/uploads\/2021\/08\/Haiti-revol-768x461.jpeg 768w, https:\/\/adhilac.com.ar\/wp-content\/uploads\/2021\/08\/Haiti-revol.jpeg 1000w\" sizes=\"auto, (max-width: 523px) 100vw, 523px\" \/><\/figure><\/div>\n\n\n\n<p class=\"wp-block-paragraph\">Sergio Guerra Vilaboy<\/p>\n\n\n\n<p class=\"wp-block-paragraph\">El 14 de agosto de 1791, estall\u00f3 la gran sublevaci\u00f3n de esclavos en el Norte de Saint Domingue, donde estaba m\u00e1s de la mitad de la poblaci\u00f3n sujeta a este oprobioso r\u00e9gimen en la isla. La masiva insurrecci\u00f3n comenz\u00f3 al llamado de un sacerdote <em>vud\u00fa<\/em> de origen jamaicano, el esclavo Boukman, quien muri\u00f3 en los combates. La violencia fue de tal magnitud que en sus primeras semanas m\u00e1s de mil propietarios blancos murieron, cientos de cafetales fueron destruidos y la mayor parte de los ingenios azucareros incendiados. En represalia, los ricos plantadores sembraron los caminos de picas con las cabezas de miles de esclavos ejecutados.<\/p>\n\n\n\n<!--more-->\n\n\n\n<p class=\"wp-block-paragraph\">El auge econ\u00f3mico de Saint Domingue ten\u00eda su v\u00e9rtice precisamente en la regi\u00f3n septentrional, con capital en Cap Fran\u00e7ois, integrada adem\u00e1s por los distritos de Fort Dauphin y de Port-de-Paix, donde hab\u00eda comenzado la colonizaci\u00f3n francesa de la isla. De los m\u00e1s de setecientos ingenios activos a fines del siglo XVIII, casi la mitad operaban en la Parte Norte, proporcionando el 62% del dulce y el 80% del az\u00facar refino, lo que atra\u00eda cada a\u00f1o a unos quinientos barcos al puerto de Cap Fran\u00e7ois.<\/p>\n\n\n\n<p class=\"wp-block-paragraph\">En ning\u00fan otro sitio la plantaci\u00f3n azucarera alcanz\u00f3 las dimensiones que tuvo en el Norte. Aqu\u00ed la polarizaci\u00f3n social y racial era m\u00e1s extrema que en el Sur y el Oeste, con la mayor densidad de poblaci\u00f3n esclava del continente. Una reducida elite blanca, calculada en 16 mil personas (1789), pose\u00eda casi la mitad de los esclavos de toda esta rica posesi\u00f3n francesa, cerca de medio mill\u00f3n de personas, que trabajaban en ca\u00f1averales e ingenios en condiciones de extrema dureza.<\/p>\n\n\n\n<p class=\"wp-block-paragraph\">El brutal r\u00e9gimen de explotaci\u00f3n al que estaban sometidos estos cientos de miles hombres en las plantaciones de Saint Domingue, donde eran tratados como animales, fue descrito por el historiador cubano Jos\u00e9 Luciano Franco, en su enjundiosa<em> Historia de la Revoluci\u00f3n de Hait\u00ed <\/em>(1966): \u201c<em>Las plantaciones azucareras, m\u00e1s a\u00fan que las cafetaleras o algodoneras, exig\u00edan un trabajo agotador e incesante. El cuidado de las ca\u00f1as bajo un sol tropical que abrasaba la piel de los trabajadores, exig\u00eda una constante vigilancia. El corte y la elaboraci\u00f3n del producto les hac\u00edan trabajar diez y seis horas diarias\u201d<\/em>.<\/p>\n\n\n\n<p class=\"wp-block-paragraph\">La enorme concentraci\u00f3n de los expoliados trabajadores negros tra\u00eddos de \u00c1frica condujo a uno de los ricos plantadores blancos, el marqu\u00e9s de Rouvray, a redactar una larga carta al Rey Francia en 1788. En la misiva, a nombre de m\u00e1s de setecientos propietarios de \u201c<em>la Parte Norte de Santo Domingo<\/em>\u201d, le comunicaba su preocupaci\u00f3n por \u201c<em>esa multitud de esclavos que nos rodea y que son tan superiores en n\u00famero\u201d<\/em>.<\/p>\n\n\n\n<p class=\"wp-block-paragraph\">Al principio, la rebeli\u00f3n se present\u00f3 como un movimiento en defensa del Rey: los esclavos cre\u00edan que los blancos ten\u00edan prisionero a Luis XVI por querer liberar a sus s\u00fabditos negros. No por casualidad, los primeros jefes de la rebeli\u00f3n de Saint Domingue, Jean Francois, George Biassou y Touissant Louverture, se hac\u00edan llamar respectivamente <em>Gran Almirante de Francia<\/em>, <em>Virrey de las regiones conquistadas<\/em> y <em>M\u00e9dico de los ej\u00e9rcitos del Rey<\/em>, al proclamar en un Manifiesto: <em>\u201cQue hab\u00edan tomado las armas en defensa del rey que los blancos manten\u00edan prisionero en Par\u00eds porque quiso dar la libertad a los negros, sus s\u00fabditos<\/em>\u201d.<\/p>\n\n\n\n<p class=\"wp-block-paragraph\">El alzamiento esclavo se extendi\u00f3 como r\u00edo desbordado por todas las llanuras del Norte plagadas de ca\u00f1averales, aunque su influencia fue menor en las plantaciones del Sur y el Oeste, protegidas del contagio revolucionario por un verdadero dique de puestos fortificados construidos apresuradamente por los ricos propietarios. Mientras el Norte quedaba devastado y bajo control de los esclavos sublevados, a excepci\u00f3n de la atrincherada y medio destruida ciudad del Cap Fran\u00e7ois, en el Sur y el Oeste el r\u00e9gimen de trabajo de las plantaciones sigui\u00f3 funcionando durante un tiempo. Pero el contagio revolucionario no tardar\u00eda en alcanzarlas, abriendo un complicado proceso hist\u00f3rico que culminar\u00eda con la proclamaci\u00f3n de la Rep\u00fablica de Hait\u00ed en 1804, la \u00fanica en el mundo formada por ex esclavos.<\/p>\n\n\n\n<p class=\"wp-block-paragraph\">Fuente: www.informefracto.com &#8211; 13 de agosto de 2021<\/p>\n\n\n\n<div style=\"height:47px\" aria-hidden=\"true\" class=\"wp-block-spacer\"><\/div>\n\n\n\n<p class=\"has-very-light-gray-color has-vivid-cyan-blue-background-color has-text-color has-background wp-block-paragraph\"><strong>Publicado por ADHILAC Internacional \u00a9 www.adhilac.com.ar<\/strong><\/p>\n\n\n\n<p class=\"has-vivid-cyan-blue-color has-very-light-gray-background-color has-text-color has-background wp-block-paragraph\"> Si Ud. desea asociarse de acuerdo a los Estatutos de ADHILAC&nbsp;<a href=\"https:\/\/adhilac.com.ar\/?page_id=263\">(ver)<\/a> complete el siguiente formulario&nbsp;(<a href=\"https:\/\/adhilac.com.ar\/?page_id=4779\">ver<\/a>)<\/p>\n\n\n\n<p class=\"has-very-light-gray-color has-vivid-cyan-blue-background-color has-text-color has-background wp-block-paragraph\"> E-mail:&nbsp;info@adhilac.com.ar <\/p>\n\n\n\n<p class=\"has-very-light-gray-color has-vivid-cyan-blue-background-color has-text-color has-background wp-block-paragraph\"> Twitter: @AdhilacInfo <\/p>\n\n\n\n<div class=\"wp-block-image\"><figure class=\"aligncenter size-large\"><img loading=\"lazy\" decoding=\"async\" width=\"85\" height=\"85\" src=\"https:\/\/adhilac.com.ar\/wp-content\/uploads\/2015\/02\/Logo-ADHILAC-Internacional-PEQ.jpg\" alt=\"\" class=\"wp-image-10473\"\/><\/figure><\/div>\n\n\n\n<p class=\"wp-block-paragraph\">Ver <a href=\"https:\/\/adhilac.com.ar\/?page_id=541\">Presentaci\u00f3n de ADHILAC<\/a><\/p>\n\n\n\n<div style=\"height:44px\" aria-hidden=\"true\" class=\"wp-block-spacer\"><\/div>\n\n\n\n<div class=\"wp-block-group\"><div class=\"wp-block-group__inner-container is-layout-flow wp-block-group-is-layout-flow\">\n<p class=\"has-text-align-center has-very-light-gray-color has-vivid-cyan-blue-background-color has-text-color has-background wp-block-paragraph\"><strong><a href=\"https:\/\/adhilac.com.ar\/?page_id=541\">QUIENES SOMOS<\/a><\/strong><\/p>\n\n\n\n<p class=\"has-text-align-center has-vivid-cyan-blue-color has-very-light-gray-background-color has-text-color has-background wp-block-paragraph\"><strong><a href=\"https:\/\/adhilac.com.ar\/?page_id=15507\">DIRECTIVA DE ADHILAC INTERNACIONAL<\/a><\/strong><\/p>\n\n\n\n<p class=\"has-text-align-center has-very-light-gray-color has-vivid-cyan-blue-background-color has-text-color has-background wp-block-paragraph\"><strong><a href=\"https:\/\/adhilac.com.ar\/?page_id=267\">Declaraci\u00f3n de Caracas de ADHILAC (2007)<\/a><\/strong><\/p>\n\n\n\n<p class=\"has-text-align-center has-vivid-cyan-blue-color has-very-light-gray-background-color has-text-color has-background wp-block-paragraph\"><strong><a href=\"https:\/\/adhilac.com.ar\/?page_id=15873\">ADHILAC: Historia &#8211; Historidorxs<\/a><\/strong><\/p>\n\n\n\n<p class=\"has-text-align-center has-very-light-gray-color has-vivid-cyan-blue-background-color has-text-color has-background wp-block-paragraph\"><strong><a href=\"https:\/\/adhilac.com.ar\/?page_id=15876\">ADHILAC 20 a\u00f1os despu\u00e9s (1974-1994)<\/a> <\/strong><\/p>\n\n\n\n<p class=\"has-text-align-center has-vivid-cyan-blue-color has-very-light-gray-background-color has-text-color has-background wp-block-paragraph\"><strong><a href=\"https:\/\/adhilac.com.ar\/?page_id=15861\">ADHILAC Breve Historia<\/a> <\/strong><\/p>\n\n\n\n<p class=\"has-text-align-center has-very-light-gray-color has-vivid-cyan-blue-background-color has-text-color has-background wp-block-paragraph\"><strong><a href=\"https:\/\/adhilac.com.ar\/?page_id=15887\">ADHILAC: Miembrxs fundadores<\/a><\/strong><\/p>\n\n\n\n<p class=\"has-text-align-center has-vivid-cyan-blue-color has-very-light-gray-background-color has-text-color has-background wp-block-paragraph\"><strong><a href=\"https:\/\/adhilac.com.ar\/?page_id=15943\">ADHILAC: Historiadorxs Destacadxs<\/a><\/strong><\/p>\n\n\n\n<p class=\"has-text-align-center has-very-light-gray-color has-vivid-cyan-blue-background-color has-text-color has-background wp-block-paragraph\"><strong><a href=\"https:\/\/adhilac.com.ar\/?page_id=4779\">SOCIXS<\/a><\/strong><\/p>\n\n\n\n<p class=\"has-text-align-center has-vivid-cyan-blue-color has-very-light-gray-background-color has-text-color has-background wp-block-paragraph\"><strong><a href=\"https:\/\/adhilac.com.ar\/?page_id=263\">Estatutos de ADHILAC<\/a><\/strong><\/p>\n\n\n\n<p class=\"has-text-align-center has-very-light-gray-color has-vivid-cyan-blue-background-color has-text-color has-background wp-block-paragraph\"><strong><a href=\"https:\/\/adhilac.com.ar\/?page_id=8220\">BICENTENARIO<\/a><\/strong><\/p>\n\n\n\n<p class=\"has-text-align-center has-vivid-cyan-blue-color has-very-light-gray-background-color has-text-color has-background wp-block-paragraph\"><strong><a href=\"https:\/\/adhilac.com.ar\/?page_id=8279\">BIBLIOTECA<\/a><\/strong><\/p>\n\n\n\n<p class=\"has-text-align-center has-very-light-gray-color has-vivid-cyan-blue-background-color has-text-color has-background wp-block-paragraph\"><strong><a href=\"https:\/\/adhilac.com.ar\/?page_id=1698\">ENLACES<\/a> <\/strong><\/p>\n\n\n\n<p class=\"has-text-align-center has-vivid-cyan-blue-color has-very-light-gray-background-color has-text-color has-background wp-block-paragraph\"><a href=\"http:\/\/www.ariadnatucma.com.ar\">VISITE ARIADNA TUCMA REVISTA LATINOAMERICANA<\/a><\/p>\n<\/div><\/div>\n","protected":false},"excerpt":{"rendered":"<p>Sergio Guerra Vilaboy El 14 de agosto de 1791, estall\u00f3 la gran sublevaci\u00f3n de esclavos en el Norte de Saint Domingue, donde estaba m\u00e1s de la mitad de la poblaci\u00f3n sujeta a este oprobioso r\u00e9gimen en la isla. La masiva insurrecci\u00f3n comenz\u00f3 al llamado de un sacerdote vud\u00fa de origen jamaicano, el esclavo Boukman, quien [&hellip;]<\/p>\n","protected":false},"author":17,"featured_media":0,"comment_status":"closed","ping_status":"closed","sticky":false,"template":"","format":"standard","meta":{"_crdt_document":"","footnotes":""},"categories":[15],"tags":[54,417],"class_list":["post-17896","post","type-post","status-publish","format-standard","hentry","category-historia","tag-haiti","tag-revolucion"],"_links":{"self":[{"href":"https:\/\/adhilac.com.ar\/index.php?rest_route=\/wp\/v2\/posts\/17896","targetHints":{"allow":["GET"]}}],"collection":[{"href":"https:\/\/adhilac.com.ar\/index.php?rest_route=\/wp\/v2\/posts"}],"about":[{"href":"https:\/\/adhilac.com.ar\/index.php?rest_route=\/wp\/v2\/types\/post"}],"author":[{"embeddable":true,"href":"https:\/\/adhilac.com.ar\/index.php?rest_route=\/wp\/v2\/users\/17"}],"replies":[{"embeddable":true,"href":"https:\/\/adhilac.com.ar\/index.php?rest_route=%2Fwp%2Fv2%2Fcomments&post=17896"}],"version-history":[{"count":1,"href":"https:\/\/adhilac.com.ar\/index.php?rest_route=\/wp\/v2\/posts\/17896\/revisions"}],"predecessor-version":[{"id":17898,"href":"https:\/\/adhilac.com.ar\/index.php?rest_route=\/wp\/v2\/posts\/17896\/revisions\/17898"}],"wp:attachment":[{"href":"https:\/\/adhilac.com.ar\/index.php?rest_route=%2Fwp%2Fv2%2Fmedia&parent=17896"}],"wp:term":[{"taxonomy":"category","embeddable":true,"href":"https:\/\/adhilac.com.ar\/index.php?rest_route=%2Fwp%2Fv2%2Fcategories&post=17896"},{"taxonomy":"post_tag","embeddable":true,"href":"https:\/\/adhilac.com.ar\/index.php?rest_route=%2Fwp%2Fv2%2Ftags&post=17896"}],"curies":[{"name":"wp","href":"https:\/\/api.w.org\/{rel}","templated":true}]}}