{"id":17916,"date":"2021-09-01T17:45:00","date_gmt":"2021-09-01T20:45:00","guid":{"rendered":"https:\/\/adhilac.com.ar\/?p=17916"},"modified":"2021-09-08T17:48:33","modified_gmt":"2021-09-08T20:48:33","slug":"el-ministerio-de-colonias","status":"publish","type":"post","link":"https:\/\/adhilac.com.ar\/?p=17916","title":{"rendered":"El Ministerio de Colonias"},"content":{"rendered":"\n<div class=\"wp-block-image\"><figure class=\"aligncenter size-large is-resized\"><img loading=\"lazy\" decoding=\"async\" src=\"https:\/\/adhilac.com.ar\/wp-content\/uploads\/2021\/09\/El-ministerio-de-colonias.jpg\" alt=\"\" class=\"wp-image-17917\" width=\"389\" height=\"233\" srcset=\"https:\/\/adhilac.com.ar\/wp-content\/uploads\/2021\/09\/El-ministerio-de-colonias.jpg 400w, https:\/\/adhilac.com.ar\/wp-content\/uploads\/2021\/09\/El-ministerio-de-colonias-300x180.jpg 300w\" sizes=\"auto, (max-width: 389px) 100vw, 389px\" \/><\/figure><\/div>\n\n\n\n<p class=\"wp-block-paragraph\">Sergio Guerra Vilaboy<\/p>\n\n\n\n<p class=\"wp-block-paragraph\">Las recientes acusaciones del canciller boliviano Rogelio Mayta, durante una reuni\u00f3n del Consejo Permanente de la Organizaci\u00f3n de Estados Americanos (OEA), contra su actual secretario general, Luis Almagro, por su descarnada injerencia durante los comicios de 2019 en Bolivia, ha recordado el verdadero papel de este Ministerio de Colonias de Estados Unidos, como lo calificara en los a\u00f1os sesenta el ministro cubano de exteriores Ra\u00fal Roa.<\/p>\n\n\n\n<!--more-->\n\n\n\n<p class=\"wp-block-paragraph\">Los or\u00edgenes de la OEA est\u00e1n asociados a la pol\u00edtica expansionista de Estados Unidos que en 1889 logr\u00f3 reunir en su capital la primera Conferencia de las Naciones Americanas, dirigida a desplazar al capital y el comercio de Inglaterra y lograr su absoluta supremac\u00eda hemisf\u00e9rica. Las conferencias panamericanas fueron el eje de la pol\u00edtica exterior de la Casa Blanca, que revitaliz\u00f3 la vieja doctrina Monroe. En 1910 Washington logr\u00f3 crear en Buenos Aires la Uni\u00f3n Panamericana presidida por el propio secretario de Estado norteamericano, aunque la todav\u00eda fuerte influencia inglesa restringi\u00f3 mayores alcances.<\/p>\n\n\n\n<p class=\"wp-block-paragraph\">Fue despu\u00e9s de la Segunda Guerra Mundial cuando Estados Unidos favoreci\u00f3 la sustituci\u00f3n de la anquilosada Uni\u00f3n Panamericana por la OEA, en medio de la guerra fr\u00eda, con el prop\u00f3sito de enfrentar a la Uni\u00f3n Sovi\u00e9tica y frenar los avances del movimiento revolucionario. Antes de su sepultura definitiva, la vieja instituci\u00f3n prest\u00f3 un \u00faltimo servicio al gobierno estadounidense con la firma en Rio de Janeiro, en agosto de 1947, del Tratado Interamericano de Asistencia Rec\u00edproca (TIAR), varios de cuyos postulados se incorporaron a la carta fundacional de la OEA.<\/p>\n\n\n\n<p class=\"wp-block-paragraph\">Su nacimiento en Colombia, el 20 de abril de 1948, no pudo salir peor, pues el parto ocurri\u00f3 en medio del estallido social del bogotazo, tras el asesinato del l\u00edder popular Jorge Eliecer Gait\u00e1n, por lo que hubo que evacuar a la carrera a los veinte representantes de los pa\u00edses latinoamericanos. Desde entonces la OEA, que estableci\u00f3 su sede permanente en Washington, de cuyo gobierno recibe la mayor parte de su presupuesto, ha sido un fiel instrumento de la agresiva pol\u00edtica injerencista de Estados Unidos en Am\u00e9rica Latina y el Caribe.<\/p>\n\n\n\n<p class=\"wp-block-paragraph\">As\u00ed se confirm\u00f3 en 1954 cuando la OEA aprob\u00f3 en Caracas una resoluci\u00f3n que convalidar\u00eda la intervenci\u00f3n armada mercenaria de Estados Unidos en Guatemala, que derroc\u00f3 al presidente Jacobo Arbenz. Lo mismo ocurri\u00f3 tras el triunfo de la Revoluci\u00f3n Cubana, cuando la organizaci\u00f3n se prest\u00f3 para su aislamiento, ignor\u00f3 las agresiones y el bloqueo norteamericano y lleg\u00f3 al extremo, en la reuni\u00f3n de Punta del Este (Uruguay) en enero de 1962, de decretar su expulsi\u00f3n y la ruptura de las relaciones diplom\u00e1ticas, con la honrosa oposici\u00f3n de M\u00e9xico.<\/p>\n\n\n\n<p class=\"wp-block-paragraph\">Tres a\u00f1os despu\u00e9s, la OEA tambi\u00e9n apoy\u00f3 la ocupaci\u00f3n militar estadounidense en Santo Domingo al encubrirla con la mal llamada Fuerza Interamericana de Paz y luego hizo silencio ante los cr\u00edmenes y violaciones de los derechos humamos cometidos por las dictaduras latinoamericanas, as\u00ed como las actividades terroristas de la tenebrosa Operaci\u00f3n C\u00f3ndor. En tiempos m\u00e1s recientes, despu\u00e9s de readaptar sus objetivos en 1991 en una neoliberal Carta Democr\u00e1tica, tras la ca\u00edda del muro de Berl\u00edn, la OEA ha servido para aislar y condenar a la Rep\u00fablica Bolivariana de Venezuela, que en protesta debi\u00f3 abandonar la nefasta instituci\u00f3n. Cuba, por su parte, se neg\u00f3 a reingresar en 2009 luego que se lo pidiera la XIX&nbsp;<a href=\"https:\/\/es.wikipedia.org\/wiki\/Asamblea_General_de_la_OEA\">Asamblea General<\/a> reunida en&nbsp;<a href=\"https:\/\/es.wikipedia.org\/wiki\/San_Pedro_Sula\">San Pedro Sula<\/a>&nbsp;(Honduras), foro dominado por los gobiernos progresistas existentes entonces en varios pa\u00edses de Am\u00e9rica Latina.<\/p>\n\n\n\n<p class=\"wp-block-paragraph\">La historia del servilismo de la OEA a Estados Unidos explica que los actuales mandatarios de M\u00e9xico, Bolivia y Argentina, coincidan en advertir que la entidad no sirve y llamen a buscar un nuevo espacio que represente la voluntad de los pueblos de Am\u00e9rica Latina y el Caribe. El propio presidente del Estado Plurinacional de Bolivia, Luis Arce, se\u00f1al\u00f3 en Twitter: \u201c<em>Hacemos eco de las palabras del hermano, L\u00f3pez Obrador, en la idea de sustituir a la OEA por otro organismo verdaderamente aut\u00f3nomo, que exprese los equilibrios regionales, respete la autodeterminaci\u00f3n de los pueblos y no d\u00e9 cabida a la hegemon\u00eda de un solo Estado<\/em>\u201d.<\/p>\n\n\n\n<p class=\"wp-block-paragraph\">Fuente: www.informefracto.com &#8211; 31 de agosto de 2021. <\/p>\n\n\n\n\n","protected":false},"excerpt":{"rendered":"<p>Sergio Guerra Vilaboy Las recientes acusaciones del canciller boliviano Rogelio Mayta, durante una reuni\u00f3n del Consejo Permanente de la Organizaci\u00f3n de Estados Americanos (OEA), contra su actual secretario general, Luis Almagro, por su descarnada injerencia durante los comicios de 2019 en Bolivia, ha recordado el verdadero papel de este Ministerio de Colonias de Estados Unidos, [&hellip;]<\/p>\n","protected":false},"author":17,"featured_media":0,"comment_status":"closed","ping_status":"closed","sticky":false,"template":"","format":"standard","meta":{"_crdt_document":"","footnotes":""},"categories":[15],"tags":[1274,424,333],"class_list":["post-17916","post","type-post","status-publish","format-standard","hentry","category-historia","tag-americas-2","tag-grandes-potencias","tag-relaciones-internacionales"],"_links":{"self":[{"href":"https:\/\/adhilac.com.ar\/index.php?rest_route=\/wp\/v2\/posts\/17916","targetHints":{"allow":["GET"]}}],"collection":[{"href":"https:\/\/adhilac.com.ar\/index.php?rest_route=\/wp\/v2\/posts"}],"about":[{"href":"https:\/\/adhilac.com.ar\/index.php?rest_route=\/wp\/v2\/types\/post"}],"author":[{"embeddable":true,"href":"https:\/\/adhilac.com.ar\/index.php?rest_route=\/wp\/v2\/users\/17"}],"replies":[{"embeddable":true,"href":"https:\/\/adhilac.com.ar\/index.php?rest_route=%2Fwp%2Fv2%2Fcomments&post=17916"}],"version-history":[{"count":2,"href":"https:\/\/adhilac.com.ar\/index.php?rest_route=\/wp\/v2\/posts\/17916\/revisions"}],"predecessor-version":[{"id":17920,"href":"https:\/\/adhilac.com.ar\/index.php?rest_route=\/wp\/v2\/posts\/17916\/revisions\/17920"}],"wp:attachment":[{"href":"https:\/\/adhilac.com.ar\/index.php?rest_route=%2Fwp%2Fv2%2Fmedia&parent=17916"}],"wp:term":[{"taxonomy":"category","embeddable":true,"href":"https:\/\/adhilac.com.ar\/index.php?rest_route=%2Fwp%2Fv2%2Fcategories&post=17916"},{"taxonomy":"post_tag","embeddable":true,"href":"https:\/\/adhilac.com.ar\/index.php?rest_route=%2Fwp%2Fv2%2Ftags&post=17916"}],"curies":[{"name":"wp","href":"https:\/\/api.w.org\/{rel}","templated":true}]}}