{"id":17921,"date":"2021-09-04T17:49:00","date_gmt":"2021-09-04T20:49:00","guid":{"rendered":"https:\/\/adhilac.com.ar\/?p=17921"},"modified":"2021-09-08T17:51:33","modified_gmt":"2021-09-08T20:51:33","slug":"dominicanos-en-la-independencia-de-cuba","status":"publish","type":"post","link":"https:\/\/adhilac.com.ar\/?p=17921","title":{"rendered":"Dominicanos en la independencia de Cuba"},"content":{"rendered":"\n<div class=\"wp-block-image\"><figure class=\"aligncenter size-large is-resized\"><img loading=\"lazy\" decoding=\"async\" src=\"https:\/\/adhilac.com.ar\/wp-content\/uploads\/2021\/09\/Dominicanos-en-ind-Cuba.jpg\" alt=\"\" class=\"wp-image-17922\" width=\"393\" height=\"236\" srcset=\"https:\/\/adhilac.com.ar\/wp-content\/uploads\/2021\/09\/Dominicanos-en-ind-Cuba.jpg 400w, https:\/\/adhilac.com.ar\/wp-content\/uploads\/2021\/09\/Dominicanos-en-ind-Cuba-300x180.jpg 300w\" sizes=\"auto, (max-width: 393px) 100vw, 393px\" \/><\/figure><\/div>\n\n\n\n<p class=\"wp-block-paragraph\">Sergio Guerra Vilaboy<\/p>\n\n\n\n<p class=\"wp-block-paragraph\">Los dominicanos tuvieron un sobresaliente papel en las guerras de independencia de Cuba en el siglo XIX y uno de ellos, el general M\u00e1ximo G\u00f3mez, lleg\u00f3 a ser el comandante jefe del Ej\u00e9rcito Libertador cubano. En su mayor\u00eda, llegaron a la Mayor de las Antillas en julio de 1865 como parte de las tropas espa\u00f1olas evacuadas de Santo Domingo, tras ser derrotada la metr\u00f3poli en la Guerra de Restauraci\u00f3n (1863-1865) de la Rep\u00fablica Dominicana.<\/p>\n\n\n\n<!--more-->\n\n\n\n<p class=\"wp-block-paragraph\">Casi todos se radicaron en la parte oriental de Cuba, donde se incorporaron a la guerra de independencia iniciada por Carlos Manuel de C\u00e9spedes en Demajagua el 10 de octubre de 1868. Fueron dominicanos los que ense\u00f1aron a los inexpertos combatientes cubanos sus primeros conocimientos militares, las cargas al machete y la guerra de guerrillas. Uno de ellos, Luis Marcano, se desempe\u00f1\u00f3 desde el inicio de la Guerra de los Diez A\u00f1os (1868-1878) como segundo jefe de las fuerzas patriotas en Oriente, con el grado de Teniente General, el m\u00e1s alto entonces del escalaf\u00f3n.<\/p>\n\n\n\n<p class=\"wp-block-paragraph\">Gracias a su probada experiencia, el propio Marcano, que hab\u00eda llegado a formar parte en su tierra natal del Estado Mayor del General Pedro Santana, debi\u00f3 reunir, entrenar y disciplinar a los campesinos y antiguos esclavos de la zona. Fue en realidad el primer organizador de las biso\u00f1as fuerzas patriotas y dirigi\u00f3 el exitoso ataque a la ciudad de Bayamo, que culmin\u00f3 con la ocupaci\u00f3n de la importante villa oriental el 20 de octubre de 1868. Al constituirse el gobierno patriota en esa villa, Marcano fue designado Jefe de Operaciones del Ej\u00e9rcito de Oriente, al mando de la segunda brigada. Sobresali\u00f3 combatiendo en la regi\u00f3n de Manzanillo y en la Sierra Maestra, donde result\u00f3 herido, junto con su hermano F\u00e9lix Mar\u00eda, en un intento del enemigo para asesinarlo.<\/p>\n\n\n\n<p class=\"wp-block-paragraph\">Al morir en combate el 12 de marzo de 1870, Luis Marcano era Mayor General del Ej\u00e9rcito Libertador de Cuba, el mismo grado de su hermano Francisco, quien particip\u00f3 de manera destacada en operaciones militares en zonas de Guaninao y Palma Soriano. Tambi\u00e9n Francisco dio su vida por la independencia de Cuba: fue apresado y fusilado por los espa\u00f1oles el 26 de enero de ese mismo a\u00f1o. Por su parte, el tercer hermano de esta heroica familia dominicana, F\u00e9lix Mar\u00eda Marcano, alcanz\u00f3 los grados de General de Brigada y luch\u00f3 con valor durante toda la Guerra de los Diez A\u00f1os, lo mismo que har\u00eda en la contienda cubana por la independencia iniciada en 1895.&nbsp;<\/p>\n\n\n\n<p class=\"wp-block-paragraph\">Adem\u00e1s de los Marcano, muchos otros dominicanos jugaron un papel decisivo contra la ofensiva enemiga desatada desde fines de octubre de 1868. Tras la rendici\u00f3n espa\u00f1ola de la villa de Bayamo, el m\u00e1ximo l\u00edder de los insurrectos cubanos, Carlos Manuel de C\u00e9spedes, se entrevist\u00f3 por separado con los generales dominicanos prisioneros Francisco Heredia y Modesto D\u00edaz, al servicio de Espa\u00f1a, lo que determin\u00f3 que este \u00faltimo se uniera a la causa patriota en la que ser\u00eda uno de sus principales puntales. Por sus haza\u00f1as militares fue llamado <em>Jabal\u00ed de la Sierra<\/em>, mereciendo su ascenso a Mayor General del Ej\u00e9rcito Libertador de Cuba.<\/p>\n\n\n\n<p class=\"wp-block-paragraph\">En los primeros momentos de la Guerra de los diez A\u00f1os cuatro de los seis territorios orientales levantados contra Espa\u00f1a estuvieron al mando de dominicanos: Modesto D\u00edaz en Bayamo, Luis Marcano en Manzanillo y M\u00e1ximo G\u00f3mez, ascendido a general por la acci\u00f3n de Pinos de Baire, en Holgu\u00edn y Jiguan\u00ed. Muchos m\u00e1s combatientes nacidos en la isla de Santo Domingo sobresalieron en las guerras de independencia de Cuba y algunos han quedado como h\u00e9roes an\u00f3nimos. Seg\u00fan cifras no definitivas, se sabe que s\u00f3lo en la Guerra de los Diez A\u00f1os combatieron en las filas del ej\u00e9rcito emancipador cubano no menos de ochenta y ocho dominicanos, de los cuales tres alcanzaron el grado de Mayor General; tres el de General de Brigada; nueve el de Coronel; siete el de Teniente Coronel; doce de Comandante; seis de Capit\u00e1n; cuatro de Teniente; uno el de Alf\u00e9rez, y dos el grado de Sargento. Ello significa que la mitad de los combatientes dominicanos conocidos llegaron a ostentar grados de oficiales en el Ej\u00e9rcito Libertador de Cuba.<\/p>\n\n\n\n<p class=\"wp-block-paragraph\">Fuente: www.informefracto.com &#8211; 3 de septiembre de 2021<\/p>\n\n\n\n<p class=\"has-very-light-gray-color has-vivid-cyan-blue-background-color has-text-color has-background wp-block-paragraph\"><strong>Publicado por ADHILAC Internacional \u00a9 www.adhilac.com.ar<\/strong><\/p>\n\n\n\n<p class=\"has-vivid-cyan-blue-color has-very-light-gray-background-color has-text-color has-background wp-block-paragraph\"> Si Ud. desea asociarse de acuerdo a los Estatutos de ADHILAC&nbsp;<a href=\"https:\/\/adhilac.com.ar\/?page_id=263\">(ver)<\/a> complete el siguiente formulario&nbsp;(<a href=\"https:\/\/adhilac.com.ar\/?page_id=4779\">ver<\/a>)<\/p>\n\n\n\n<p class=\"has-very-light-gray-color has-vivid-cyan-blue-background-color has-text-color has-background wp-block-paragraph\"> E-mail:&nbsp;info@adhilac.com.ar <\/p>\n\n\n\n<p class=\"has-very-light-gray-color has-vivid-cyan-blue-background-color has-text-color has-background wp-block-paragraph\"> Twitter: @AdhilacInfo <\/p>\n\n\n\n<div style=\"height:55px\" aria-hidden=\"true\" class=\"wp-block-spacer\"><\/div>\n\n\n\n<div class=\"wp-block-image\"><figure class=\"aligncenter size-large\"><img loading=\"lazy\" decoding=\"async\" width=\"85\" height=\"85\" src=\"https:\/\/adhilac.com.ar\/wp-content\/uploads\/2015\/02\/Logo-ADHILAC-Internacional-PEQ.jpg\" alt=\"\" class=\"wp-image-10473\"\/><\/figure><\/div>\n\n\n\n<p class=\"wp-block-paragraph\">Ver <a href=\"https:\/\/adhilac.com.ar\/?page_id=541\">Presentaci\u00f3n de ADHILAC<\/a><\/p>\n\n\n\n<div style=\"height:38px\" aria-hidden=\"true\" class=\"wp-block-spacer\"><\/div>\n\n\n\n<div class=\"wp-block-group\"><div class=\"wp-block-group__inner-container is-layout-flow wp-block-group-is-layout-flow\">\n<p class=\"has-text-align-center has-very-light-gray-color has-vivid-cyan-blue-background-color has-text-color has-background wp-block-paragraph\"><strong><a href=\"https:\/\/adhilac.com.ar\/?page_id=541\">QUIENES SOMOS<\/a><\/strong><\/p>\n\n\n\n<p class=\"has-text-align-center has-light-green-cyan-color has-vivid-cyan-blue-background-color has-text-color has-background wp-block-paragraph\"><strong><a href=\"https:\/\/adhilac.com.ar\/?page_id=15507\">DIRECTIVA DE ADHILAC INTERNACIONAL<\/a><\/strong><\/p>\n\n\n\n<p class=\"has-text-align-center has-pale-cyan-blue-color has-vivid-cyan-blue-background-color has-text-color has-background has-medium-font-size wp-block-paragraph\"><strong><a href=\"https:\/\/adhilac.com.ar\/?page_id=263\">Estatutos de ADHILAC<\/a><\/strong><\/p>\n\n\n\n<p class=\"has-text-align-center has-vivid-green-cyan-color has-black-background-color has-text-color has-background has-medium-font-size wp-block-paragraph\"><strong><a href=\"https:\/\/adhilac.com.ar\/?page_id=4779\">SOCIXS: TODO LO QUE HAY QUE SABER<\/a><\/strong><\/p>\n\n\n\n<p class=\"has-text-align-center has-vivid-cyan-blue-color has-black-background-color has-text-color has-background wp-block-paragraph\"><a href=\"http:\/\/www.ariadnatucma.com.ar\">ARIADNA TUCMA REVISTA LATINOAMERICANA <\/a><\/p>\n\n\n\n<p class=\"has-text-align-center has-vivid-cyan-blue-color has-black-background-color has-text-color has-background wp-block-paragraph\"><a href=\"http:\/\/www.ariadnatucma.com.ar\">TWITTER @AdilacInfo<\/a><\/p>\n\n\n\n<p class=\"has-text-align-center has-vivid-cyan-blue-color has-black-background-color has-text-color has-background wp-block-paragraph\"><strong>OTROS TEMAS DE INTERES:<\/strong><\/p>\n\n\n\n<p class=\"has-text-align-center has-pale-cyan-blue-background-color has-background wp-block-paragraph\"><strong><a href=\"https:\/\/adhilac.com.ar\/?page_id=267\">Declaraci\u00f3n de Caracas de ADHILAC (2007)<\/a><\/strong><\/p>\n\n\n\n<p class=\"has-text-align-center has-vivid-purple-color has-text-color has-background wp-block-paragraph\" style=\"background-color:#79c1ee\"><strong><a href=\"https:\/\/adhilac.com.ar\/?page_id=15873\">ADHILAC: Historia &#8211; Historidorxs<\/a><\/strong><\/p>\n\n\n\n<p class=\"has-text-align-center has-vivid-red-color has-pale-cyan-blue-background-color has-text-color has-background wp-block-paragraph\"><strong><a href=\"https:\/\/adhilac.com.ar\/?page_id=15861\">ADHILAC Breve Historia<\/a> <\/strong><\/p>\n\n\n\n<p class=\"has-text-align-center has-vivid-red-color has-text-color has-background wp-block-paragraph\" style=\"background-color:#79c1ee\"><strong><a href=\"https:\/\/adhilac.com.ar\/?page_id=15876\">ADHILAC 20 a\u00f1os despu\u00e9s (1974-1994)<\/a> <\/strong><\/p>\n\n\n\n<p class=\"has-text-align-center has-luminous-vivid-orange-color has-pale-cyan-blue-background-color has-text-color has-background wp-block-paragraph\"><strong><a href=\"https:\/\/adhilac.com.ar\/?page_id=15887\">ADHILAC: Miembrxs fundadores<\/a><\/strong><\/p>\n\n\n\n<p class=\"has-text-align-center has-luminous-vivid-orange-color has-text-color has-background wp-block-paragraph\" style=\"background-color:#79c1ee\"><strong><a href=\"https:\/\/adhilac.com.ar\/?page_id=15943\">ADHILAC: Historiadorxs Destacadxs<\/a><\/strong><\/p>\n\n\n\n<p class=\"has-text-align-center has-very-light-gray-color has-vivid-cyan-blue-background-color has-text-color has-background wp-block-paragraph\"><strong><a href=\"https:\/\/adhilac.com.ar\/?page_id=8220\">BICENTENARIO<\/a><\/strong><\/p>\n\n\n\n<p class=\"has-text-align-center has-vivid-cyan-blue-color has-very-light-gray-background-color has-text-color has-background wp-block-paragraph\"><strong><a href=\"https:\/\/adhilac.com.ar\/?page_id=8279\">BIBLIOTECA<\/a><\/strong><\/p>\n\n\n\n<p class=\"has-text-align-center has-very-light-gray-color has-vivid-cyan-blue-background-color has-text-color has-background wp-block-paragraph\"><strong><a href=\"https:\/\/adhilac.com.ar\/?page_id=1698\">ENLACES<\/a> <\/strong><\/p>\n<\/div><\/div>\n\n\n\n<div style=\"height:40px\" aria-hidden=\"true\" class=\"wp-block-spacer\"><\/div>\n","protected":false},"excerpt":{"rendered":"<p>Sergio Guerra Vilaboy Los dominicanos tuvieron un sobresaliente papel en las guerras de independencia de Cuba en el siglo XIX y uno de ellos, el general M\u00e1ximo G\u00f3mez, lleg\u00f3 a ser el comandante jefe del Ej\u00e9rcito Libertador cubano. En su mayor\u00eda, llegaron a la Mayor de las Antillas en julio de 1865 como parte de [&hellip;]<\/p>\n","protected":false},"author":17,"featured_media":0,"comment_status":"closed","ping_status":"closed","sticky":false,"template":"","format":"standard","meta":{"_crdt_document":"","footnotes":""},"categories":[15],"tags":[63,1275],"class_list":["post-17921","post","type-post","status-publish","format-standard","hentry","category-historia","tag-cuba","tag-dominicanos"],"_links":{"self":[{"href":"https:\/\/adhilac.com.ar\/index.php?rest_route=\/wp\/v2\/posts\/17921","targetHints":{"allow":["GET"]}}],"collection":[{"href":"https:\/\/adhilac.com.ar\/index.php?rest_route=\/wp\/v2\/posts"}],"about":[{"href":"https:\/\/adhilac.com.ar\/index.php?rest_route=\/wp\/v2\/types\/post"}],"author":[{"embeddable":true,"href":"https:\/\/adhilac.com.ar\/index.php?rest_route=\/wp\/v2\/users\/17"}],"replies":[{"embeddable":true,"href":"https:\/\/adhilac.com.ar\/index.php?rest_route=%2Fwp%2Fv2%2Fcomments&post=17921"}],"version-history":[{"count":1,"href":"https:\/\/adhilac.com.ar\/index.php?rest_route=\/wp\/v2\/posts\/17921\/revisions"}],"predecessor-version":[{"id":17923,"href":"https:\/\/adhilac.com.ar\/index.php?rest_route=\/wp\/v2\/posts\/17921\/revisions\/17923"}],"wp:attachment":[{"href":"https:\/\/adhilac.com.ar\/index.php?rest_route=%2Fwp%2Fv2%2Fmedia&parent=17921"}],"wp:term":[{"taxonomy":"category","embeddable":true,"href":"https:\/\/adhilac.com.ar\/index.php?rest_route=%2Fwp%2Fv2%2Fcategories&post=17921"},{"taxonomy":"post_tag","embeddable":true,"href":"https:\/\/adhilac.com.ar\/index.php?rest_route=%2Fwp%2Fv2%2Ftags&post=17921"}],"curies":[{"name":"wp","href":"https:\/\/api.w.org\/{rel}","templated":true}]}}