{"id":18106,"date":"2022-06-04T11:04:37","date_gmt":"2022-06-04T14:04:37","guid":{"rendered":"https:\/\/adhilac.com.ar\/?p=18106"},"modified":"2022-11-11T11:16:42","modified_gmt":"2022-11-11T14:16:42","slug":"renovacion-de-la-directiva-de-adhilac","status":"publish","type":"post","link":"https:\/\/adhilac.com.ar\/?p=18106","title":{"rendered":"RENOVACI\u00d3N DE LA DIRECTIVA DE ADHILAC"},"content":{"rendered":"\n<div class=\"wp-block-cover aligncenter is-light wp-duotone-rgb10494186-rgba255169107053-1\" style=\"min-height:216px;aspect-ratio:unset;\"><span aria-hidden=\"true\" class=\"wp-block-cover__background has-background-dim\"><\/span><img loading=\"lazy\" decoding=\"async\" width=\"582\" height=\"910\" class=\"wp-block-cover__image-background wp-image-14289\" alt=\"\" src=\"https:\/\/adhilac.com.ar\/wp-content\/uploads\/2018\/09\/ADHILAC-Internacional-logo-celeste.jpg\" data-object-fit=\"cover\" srcset=\"https:\/\/adhilac.com.ar\/wp-content\/uploads\/2018\/09\/ADHILAC-Internacional-logo-celeste.jpg 582w, https:\/\/adhilac.com.ar\/wp-content\/uploads\/2018\/09\/ADHILAC-Internacional-logo-celeste-191x300.jpg 191w\" sizes=\"auto, (max-width: 582px) 100vw, 582px\" \/><div class=\"wp-block-cover__inner-container is-layout-flow wp-block-cover-is-layout-flow\">\n<p class=\"has-text-align-center has-white-color has-text-color has-large-font-size wp-block-paragraph\"><strong>DIRECTIVA DE ADHILAC DESDE 2022<\/strong><\/p>\n<\/div><\/div>\n\n\n\n<div class=\"wp-block-group\"><div class=\"wp-block-group__inner-container is-layout-flow wp-block-group-is-layout-flow\">\n<div class=\"wp-block-group\"><div class=\"wp-block-group__inner-container is-layout-flow wp-block-group-is-layout-flow\">\n<p class=\"has-text-align-center has-vivid-purple-color has-text-color wp-block-paragraph\"><strong>PRESIDENTE<\/strong><\/p>\n<\/div><\/div>\n<\/div><\/div>\n\n\n\n<p class=\"has-text-align-center wp-block-paragraph\">Jorge El\u00edas Caro &#8211; Colombia <\/p>\n\n\n\n<div style=\"height:30px\" aria-hidden=\"true\" class=\"wp-block-spacer\"><\/div>\n\n\n\n<p class=\"has-text-align-center has-vivid-purple-color has-text-color wp-block-paragraph\"><strong>SECRETARIO EJECUTIVO<\/strong><\/p>\n\n\n\n<p class=\"has-text-align-center wp-block-paragraph\">Christian Cwik &#8211; Austria<\/p>\n\n\n\n<!--more-->\n\n\n\n<div style=\"height:30px\" aria-hidden=\"true\" class=\"wp-block-spacer\"><\/div>\n\n\n\n<p class=\"has-text-align-center has-vivid-purple-color has-text-color wp-block-paragraph\"><strong>VICEPRESIDENTES <\/strong><\/p>\n\n\n\n<div class=\"wp-block-group\"><div class=\"wp-block-group__inner-container is-layout-flow wp-block-group-is-layout-flow\">\n<p class=\"has-text-align-center wp-block-paragraph\">Alejo Maldonado &#8211; M\u00e9xico<\/p>\n<\/div><\/div>\n\n\n\n<p class=\"has-text-align-center wp-block-paragraph\">Jos\u00e9 \u00c1lvaro Preudhomme &#8211; Panam\u00e1<\/p>\n\n\n\n<p class=\"has-text-align-center wp-block-paragraph\">Beatriz Carolina Crisorio &#8211; Argentina<\/p>\n\n\n\n<p class=\"has-text-align-center wp-block-paragraph\">V\u00edctor Jacinto Flecha &#8211; Paraguay<\/p>\n\n\n\n<p class=\"has-text-align-center wp-block-paragraph\">Jos\u00e9 Eduardo Franco &#8211; Portugal<\/p>\n\n\n\n<p class=\"has-text-align-center wp-block-paragraph\">Max Scriwanek &#8211; Curazao<\/p>\n\n\n\n<p class=\"has-text-align-center wp-block-paragraph\">Anderson Brettas &#8211; Brasil<\/p>\n\n\n\n<p class=\"has-text-align-center wp-block-paragraph\">Ren\u00e9 Villaboy &#8211;  Cuba<\/p>\n\n\n\n<div style=\"height:30px\" aria-hidden=\"true\" class=\"wp-block-spacer\"><\/div>\n\n\n\n<p class=\"has-text-align-center has-vivid-purple-color has-text-color wp-block-paragraph\"><strong>VOCALES DEL SECRETARIADO EJECUTIVO<\/strong><\/p>\n\n\n\n<p class=\"has-text-align-center wp-block-paragraph\">Claudia Mart\u00ednez &#8211; Cuba<\/p>\n\n\n\n<p class=\"has-text-align-center wp-block-paragraph\">Natalia Ceolin e Silva &#8211; Brasil<\/p>\n\n\n\n<p class=\"has-text-align-center wp-block-paragraph\">Uwe Christian Plachetka &#8211; Austria<\/p>\n\n\n\n<div style=\"height:29px\" aria-hidden=\"true\" class=\"wp-block-spacer\"><\/div>\n\n\n\n<p class=\"has-text-align-center wp-block-paragraph\">* * * <\/p>\n\n\n\n<p class=\"has-text-align-center has-vivid-purple-color has-text-color wp-block-paragraph\"><strong>PRESIDENTE HONORARIO<\/strong><\/p>\n\n\n\n<p class=\"has-text-align-center wp-block-paragraph\">Sergio Guerra Vilaboy &#8211; Cuba<\/p>\n\n\n\n<div style=\"height:30px\" aria-hidden=\"true\" class=\"wp-block-spacer\"><\/div>\n\n\n\n<p class=\"has-text-align-center has-vivid-purple-color has-text-color wp-block-paragraph\"><strong>MIEMBRO HONORARIO<\/strong><\/p>\n\n\n\n<p class=\"has-text-align-center wp-block-paragraph\">Juan Paz y Mi\u00f1o &#8211; Ecuador<\/p>\n\n\n\n<p class=\"wp-block-paragraph\"><\/p>\n\n\n\n<hr class=\"wp-block-separator has-alpha-channel-opacity\"\/>\n\n\n\n<div style=\"height:30px\" aria-hidden=\"true\" class=\"wp-block-spacer\"><\/div>\n\n\n\n<p class=\"has-text-align-center has-white-color has-vivid-green-cyan-background-color has-text-color has-background wp-block-paragraph\"><strong><a rel=\"noreferrer noopener\" href=\"https:\/\/adhilac.com.ar\/?page_id=18115\" data-type=\"URL\" data-id=\"https:\/\/adhilac.com.ar\/?page_id=18115\" target=\"_blank\">DIRECTIVA DE ADHILAC DESDE 2022 Ver <\/a><\/strong><\/p>\n\n\n\n<div style=\"height:30px\" aria-hidden=\"true\" class=\"wp-block-spacer\"><\/div>\n\n\n\n<p class=\"has-text-align-center has-vivid-red-color has-pale-cyan-blue-background-color has-text-color has-background wp-block-paragraph\"><strong>DIRECTIVA DE ADHILAC 2014-2022<\/strong> <a rel=\"noreferrer noopener\" href=\"https:\/\/adhilac.com.ar\/?page_id=15507\" data-type=\"URL\" data-id=\"https:\/\/adhilac.com.ar\/?page_id=15507\" target=\"_blank\"><strong>Ver<\/strong><\/a><\/p>\n\n\n\n<hr class=\"wp-block-separator has-css-opacity\"\/>\n\n\n\n<div style=\"height:10px\" aria-hidden=\"true\" class=\"wp-block-spacer\"><\/div>\n\n\n\n<p class=\"has-text-align-center has-vivid-purple-color has-text-color wp-block-paragraph\"><strong>ASAMBLEA DE ADHILAC <\/strong><\/p>\n\n\n\n<p class=\"has-text-align-left wp-block-paragraph\">El pasado 31 de mayo de 2022 se realiz\u00f3 en la ciudad de Graz en Austria el  XIII Encuentro Internacional de la ADHILAC tras la culminaci\u00f3n del coloquio \u201cCampos, (In)justicia y Solidaridad en las Am\u00e9ricas. XX\u00b0 aniversario de los campos de detenci\u00f3n de Guant\u00e1namo\u201d. En esa asamblea, con la participaci\u00f3n presencial y virtual de su membres\u00eda fue elegida una nueva directiva internacional para los pr\u00f3ximos cuatro a\u00f1os. La misma est\u00e1 integrada por Jorge El\u00edas Caro de Colombia como Presidente, Christian Cwik de Austria como Secretario Ejecutivo y como vicepresidentes Alejo Maldonado de M\u00e9xico, Jos\u00e9 \u00c1lvaro de Panam\u00e1, Beatriz Carolina Crisorio de Argentina, V\u00edctor Jacinto Flecha de Paraguay, Jos\u00e9 Eduardo Franco de Portugal, Max Scriwanek de Curazao y como Vocales del Secretario Ejecutivo Claudia Mart\u00ednez de Cuba, Natalia Ceolin de Brasil y Uve Christian Plachetka de Austria. Se pospuso la elecci\u00f3n de los otros dos vicepresidentes que representaran a las secciones nacionales de Cuba y Brasil en la nueva directiva. La propia asamblea eligi\u00f3 a Sergio Guerra Vilabo<\/p>\n\n\n\n<p class=\"wp-block-paragraph\">El pasado 30 de mayo de 2022 se realiz\u00f3 en la ciudad de Graz en Austria el XIII Encuentro Internacional de la ADHILAC tras la culminaci\u00f3n del coloquio \u201cCampos, (In)justicia y Solidaridad en las Am\u00e9ricas. XX\u00b0 aniversario de los campos de detenci\u00f3n de Guant\u00e1namo\u201d. En esa asamblea, con la participaci\u00f3n presencial y virtual de la membres\u00eda, fue elegida una nueva directiva internacional para los pr\u00f3ximos cuatro a\u00f1os.<\/p>\n\n\n\n<p class=\"wp-block-paragraph\">La nueva directiva de ADHILAC est\u00e1 integrada por Jorge El\u00edas Caro de Colombia como Presidente, Christian Cwik de Austria como Secretario Ejecutivo y como vicepresidentes Alejo Maldonado de M\u00e9xico, Jos\u00e9 \u00c1lvaro Preudhomme de Panam\u00e1, Beatriz Carolina Crisorio de Argentina, V\u00edctor Jacinto Flecha de Paraguay, Jos\u00e9 Eduardo Franco de Portugal, Max Scriwanek de Curazao y como Vocales del Secretario Ejecutivo Claudia Mart\u00ednez de Cuba, Natalia Ceolin de Brasil y Uve Christian Plachetka de Austria.<\/p>\n\n\n\n<p class=\"wp-block-paragraph\">Con posterioridad, se eligieron otros dos vicepresidentes que representar\u00e1n a las secciones nacionales de Cuba y Brasil y que son Ren\u00e9 Villaboy por Cuba y Anderson Brettas por Brasil. La propia asamblea otorg\u00f3 a Sergio Guerra Vilaboy de Cuba la condici\u00f3n de presidente honorario y a Juan Paz y Mi\u00f1o de Ecuador la de miembro honorario de la ADHILAC.<\/p>\n\n\n\n<p class=\"wp-block-paragraph\">Tambi\u00e9n se acord\u00f3 la realizaci\u00f3n de los pr\u00f3ximos dos congresos internacionales de la ADHILAC en Portugal y Panam\u00e1, dedicados respectivamente a los bicentenarios de la independencia de Brasil de Portugal y al an\u00e1lisis de las relaciones hist\u00f3ricas de Estados Unidos y Am\u00e9rica Latina a prop\u00f3sito de los 200 a\u00f1os de la proclamaci\u00f3n de la Doctrina Monroe.<\/p>\n\n\n\n<div style=\"height:30px\" aria-hidden=\"true\" class=\"wp-block-spacer\"><\/div>\n\n\n\n<p class=\"has-text-align-center has-vivid-red-color has-pale-cyan-blue-background-color has-text-color has-background has-medium-font-size wp-block-paragraph\"><strong>DIRECTIVA DE ADHILAC 2014-2022<\/strong>   <a rel=\"noreferrer noopener\" href=\"https:\/\/adhilac.com.ar\/wp-admin\/post.php?post=15507&amp;action=edit\" target=\"_blank\">Ver<\/a><\/p>\n\n\n\n<div style=\"height:50px\" aria-hidden=\"true\" class=\"wp-block-spacer\"><\/div>\n\n\n\n<p class=\"has-very-light-gray-color has-vivid-cyan-blue-background-color has-text-color has-background wp-block-paragraph\"><strong>Publicado por ADHILAC Internacional \u00a9 www.adhilac.com.ar<\/strong><\/p>\n\n\n\n<p class=\"has-vivid-cyan-blue-color has-very-light-gray-background-color has-text-color has-background wp-block-paragraph\"> Si Ud. desea asociarse de acuerdo a los Estatutos de ADHILAC&nbsp;<a href=\"https:\/\/adhilac.com.ar\/?page_id=263\">(ver)<\/a> complete el siguiente formulario&nbsp;(<a href=\"https:\/\/adhilac.com.ar\/?page_id=4779\">ver<\/a>)<\/p>\n\n\n\n<p class=\"has-very-light-gray-color has-vivid-cyan-blue-background-color has-text-color has-background wp-block-paragraph\"> E-mail:&nbsp;info@adhilac.com.ar <\/p>\n\n\n\n<p class=\"has-very-light-gray-color has-vivid-cyan-blue-background-color has-text-color has-background wp-block-paragraph\"> Twitter: @AdhilacInfo <\/p>\n\n\n<div class=\"wp-block-image\">\n<figure class=\"aligncenter size-large\"><img loading=\"lazy\" decoding=\"async\" width=\"85\" height=\"85\" src=\"https:\/\/adhilac.com.ar\/wp-content\/uploads\/2015\/02\/Logo-ADHILAC-Internacional-PEQ.jpg\" alt=\"\" class=\"wp-image-10473\"\/><\/figure>\n<\/div>\n\n\n<div style=\"height:55px\" aria-hidden=\"true\" class=\"wp-block-spacer\"><\/div>\n\n\n\n<p class=\"wp-block-paragraph\">Ver <a href=\"https:\/\/adhilac.com.ar\/?page_id=541\">Presentaci\u00f3n de ADHILAC<\/a>  <\/p>\n\n\n\n<div style=\"height:38px\" aria-hidden=\"true\" class=\"wp-block-spacer\"><\/div>\n\n\n\n<p class=\"has-text-align-center has-very-light-gray-color has-vivid-cyan-blue-background-color has-text-color has-background wp-block-paragraph\"><strong><a href=\"https:\/\/adhilac.com.ar\/?page_id=541\">QUIENES SOMOS<\/a><\/strong><\/p>\n\n\n\n<p class=\"has-text-align-center has-light-green-cyan-color has-vivid-cyan-blue-background-color has-text-color has-background wp-block-paragraph\"><strong><a href=\"https:\/\/adhilac.com.ar\/?page_id=15507\">DIRECTIVA DE ADHILAC INTERNACIONAL<\/a><\/strong><\/p>\n\n\n\n<p class=\"has-text-align-center has-pale-cyan-blue-color has-vivid-cyan-blue-background-color has-text-color has-background has-medium-font-size wp-block-paragraph\"><strong><a href=\"https:\/\/adhilac.com.ar\/?page_id=263\">Estatutos de ADHILAC<\/a><\/strong><\/p>\n\n\n\n<p class=\"has-text-align-center has-vivid-green-cyan-color has-light-green-cyan-background-color has-text-color has-background has-medium-font-size wp-block-paragraph\"><strong><a href=\"https:\/\/adhilac.com.ar\/?page_id=4779\">SOCIXS: TODO LO QUE HAY QUE SABER<\/a><\/strong><\/p>\n\n\n\n<div style=\"height:30px\" aria-hidden=\"true\" class=\"wp-block-spacer\"><\/div>\n\n\n\n<p class=\"has-text-align-center has-vivid-cyan-blue-color has-black-background-color has-text-color has-background wp-block-paragraph\"><a href=\"http:\/\/www.ariadnatucma.com.ar\">ARIADNA TUCMA REVISTA LATINOAMERICANA <\/a><\/p>\n\n\n\n<p class=\"has-text-align-center has-vivid-cyan-blue-color has-black-background-color has-text-color has-background wp-block-paragraph\"><a href=\"http:\/\/www.ariadnatucma.com.ar\">TWITTER @AdilacInfo<\/a><\/p>\n\n\n\n<p class=\"has-text-align-center has-vivid-cyan-blue-color has-black-background-color has-text-color has-background wp-block-paragraph\"><strong>OTROS TEMAS DE INTERES:<\/strong><\/p>\n\n\n\n<div style=\"height:30px\" aria-hidden=\"true\" class=\"wp-block-spacer\"><\/div>\n\n\n\n<p class=\"has-text-align-center has-pale-cyan-blue-background-color has-background wp-block-paragraph\"><strong><a href=\"https:\/\/adhilac.com.ar\/?page_id=267\">Declaraci\u00f3n de Caracas de ADHILAC (2007)<\/a><\/strong><\/p>\n\n\n\n<p class=\"has-text-align-center has-vivid-purple-color has-text-color has-background wp-block-paragraph\" style=\"background-color:#79c1ee\"><strong><a href=\"https:\/\/adhilac.com.ar\/?page_id=15873\">ADHILAC: Historia &#8211; Historidorxs<\/a><\/strong><\/p>\n\n\n\n<p class=\"has-text-align-center has-vivid-red-color has-pale-cyan-blue-background-color has-text-color has-background wp-block-paragraph\"><strong><a href=\"https:\/\/adhilac.com.ar\/?page_id=18436\" data-type=\"URL\" data-id=\"https:\/\/adhilac.com.ar\/?page_id=18436\" target=\"_blank\" rel=\"noreferrer noopener\">Historia de ADHILAC<\/a>  <\/strong><\/p>\n\n\n\n<p class=\"has-text-align-center has-vivid-red-color has-text-color has-background wp-block-paragraph\" style=\"background-color:#79c1ee\"><strong><a href=\"https:\/\/adhilac.com.ar\/?page_id=15876\">ADHILAC 20 a\u00f1os despu\u00e9s (1974-1994)<\/a> <\/strong><\/p>\n\n\n\n<p class=\"has-text-align-center has-luminous-vivid-orange-color has-pale-cyan-blue-background-color has-text-color has-background wp-block-paragraph\"><strong><a href=\"https:\/\/adhilac.com.ar\/?page_id=15887\">ADHILAC: Miembrxs fundadores<\/a><\/strong><\/p>\n\n\n\n<p class=\"has-text-align-center has-luminous-vivid-orange-color has-text-color has-background wp-block-paragraph\" style=\"background-color:#79c1ee\"><strong><a href=\"https:\/\/adhilac.com.ar\/?page_id=15943\">ADHILAC: Historiadorxs Destacadxs<\/a><\/strong><\/p>\n\n\n\n<div style=\"height:30px\" aria-hidden=\"true\" class=\"wp-block-spacer\"><\/div>\n\n\n\n<p class=\"has-text-align-center has-very-light-gray-color has-vivid-cyan-blue-background-color has-text-color has-background wp-block-paragraph\"><strong><a href=\"https:\/\/adhilac.com.ar\/?page_id=8220\">BICENTENARIO<\/a><\/strong><\/p>\n\n\n\n<p class=\"has-text-align-center has-vivid-cyan-blue-color has-very-light-gray-background-color has-text-color has-background wp-block-paragraph\"><strong><a href=\"https:\/\/adhilac.com.ar\/?page_id=8279\">BIBLIOTECA<\/a><\/strong><\/p>\n\n\n\n<p class=\"has-text-align-center has-very-light-gray-color has-vivid-cyan-blue-background-color has-text-color has-background wp-block-paragraph\"><strong><a href=\"https:\/\/adhilac.com.ar\/?page_id=1698\">ENLACES<\/a> <\/strong><\/p>\n\n\n","protected":false},"excerpt":{"rendered":"<p>PRESIDENTE Jorge El\u00edas Caro &#8211; Colombia SECRETARIO EJECUTIVO Christian Cwik &#8211; Austria<\/p>\n","protected":false},"author":37,"featured_media":0,"comment_status":"closed","ping_status":"closed","sticky":false,"template":"","format":"standard","meta":{"_crdt_document":"","footnotes":""},"categories":[3],"tags":[185],"class_list":["post-18106","post","type-post","status-publish","format-standard","hentry","category-adhilac-inter","tag-adhilac"],"_links":{"self":[{"href":"https:\/\/adhilac.com.ar\/index.php?rest_route=\/wp\/v2\/posts\/18106","targetHints":{"allow":["GET"]}}],"collection":[{"href":"https:\/\/adhilac.com.ar\/index.php?rest_route=\/wp\/v2\/posts"}],"about":[{"href":"https:\/\/adhilac.com.ar\/index.php?rest_route=\/wp\/v2\/types\/post"}],"author":[{"embeddable":true,"href":"https:\/\/adhilac.com.ar\/index.php?rest_route=\/wp\/v2\/users\/37"}],"replies":[{"embeddable":true,"href":"https:\/\/adhilac.com.ar\/index.php?rest_route=%2Fwp%2Fv2%2Fcomments&post=18106"}],"version-history":[{"count":18,"href":"https:\/\/adhilac.com.ar\/index.php?rest_route=\/wp\/v2\/posts\/18106\/revisions"}],"predecessor-version":[{"id":18512,"href":"https:\/\/adhilac.com.ar\/index.php?rest_route=\/wp\/v2\/posts\/18106\/revisions\/18512"}],"wp:attachment":[{"href":"https:\/\/adhilac.com.ar\/index.php?rest_route=%2Fwp%2Fv2%2Fmedia&parent=18106"}],"wp:term":[{"taxonomy":"category","embeddable":true,"href":"https:\/\/adhilac.com.ar\/index.php?rest_route=%2Fwp%2Fv2%2Fcategories&post=18106"},{"taxonomy":"post_tag","embeddable":true,"href":"https:\/\/adhilac.com.ar\/index.php?rest_route=%2Fwp%2Fv2%2Ftags&post=18106"}],"curies":[{"name":"wp","href":"https:\/\/api.w.org\/{rel}","templated":true}]}}