{"id":18363,"date":"2022-06-22T17:29:00","date_gmt":"2022-06-22T20:29:00","guid":{"rendered":"https:\/\/adhilac.com.ar\/?p=18363"},"modified":"2022-09-24T11:05:41","modified_gmt":"2022-09-24T14:05:41","slug":"presentacion-de-ikara-revista-de-geografias-iberoamericanas","status":"publish","type":"post","link":"https:\/\/adhilac.com.ar\/?p=18363","title":{"rendered":"Presentaci\u00f3n de Ikara. Revista de Geograf\u00edas Iberoamericanas"},"content":{"rendered":"\n<p class=\"wp-block-paragraph\">&nbsp;&nbsp;&nbsp;&nbsp;&nbsp;&nbsp;&nbsp;&nbsp;&nbsp;&nbsp;&nbsp;&nbsp;&nbsp;&nbsp;&nbsp; Acaba de salir publicado el primer n\u00famero de la revista <em>Ikara. Revista de Geograf\u00edas Iberoamericanas<\/em> (ISSN 2794-0853). Es resultado de un proyecto interinstitucional, internacional (Argentina, Brasil, Chile, Colombia, Costa Rica, Ecuador, Espa\u00f1a, M\u00e9xico y Portugal) y de car\u00e1cter transversal, que re\u00fane investigaciones sobre las Geograf\u00edas iberoamericanas. El objetivo central es promover el debate sobre los procesos socioterritoriales que est\u00e1n afectando a este espacio en sus diferentes escalas, marcos te\u00f3ricos y enfoques. Tiene un formato abierto (OJS), es semestral y est\u00e1 disposici\u00f3n de todos. Se publica en espa\u00f1ol y portugu\u00e9s.<\/p>\n\n\n\n<p class=\"wp-block-paragraph\">Toda la informaci\u00f3n y los contenidos del primer n\u00famero los puedes encontrar en <a rel=\"noreferrer noopener\" href=\"https:\/\/revista.uclm.es\/index.php\/ikara\" target=\"_blank\">Ikara. Revista de Geograf\u00edas iberoamericanas (uclm.es)<\/a><\/p>\n\n\n\n<p class=\"wp-block-paragraph\"><\/p>\n\n\n\n<!--more-->\n\n\n\n<p class=\"wp-block-paragraph\"><strong><u>Art\u00edculos<\/u><\/strong><\/p>\n\n\n\n<p class=\"wp-block-paragraph\">\u201c<a href=\"https:\/\/revista.uclm.es\/index.php\/ikara\/article\/view\/3059\" target=\"_blank\" rel=\"noreferrer noopener\">Seguimos buscando la Geograf\u00eda: qu\u00e9 es y para qu\u00e9 sirve \u2013 parte 2<\/a>\u201d<\/p>\n\n\n\n<p class=\"wp-block-paragraph\">Jorge Gaspar, Diogo Lid\u00f3nio<\/p>\n\n\n\n<p class=\"wp-block-paragraph\">\u201c<a href=\"https:\/\/revista.uclm.es\/index.php\/ikara\/article\/view\/3006\" target=\"_blank\" rel=\"noreferrer noopener\">Turismo, pandemia y nuevos contrastes territoriales en Espa\u00f1a<\/a>\u201d<\/p>\n\n\n\n<p class=\"wp-block-paragraph\">Ricardo M\u00e9ndez Guti\u00e9rrez del Valle<\/p>\n\n\n\n<p class=\"wp-block-paragraph\">\u201c<a href=\"https:\/\/revista.uclm.es\/index.php\/ikara\/article\/view\/3037\" target=\"_blank\" rel=\"noreferrer noopener\">Planificaci\u00f3n y gesti\u00f3n territorial en Am\u00e9rica Latina: entre la persistencia de las problem\u00e1ticas territoriales y los nuevos desaf\u00edos de futuro<\/a>\u201d<\/p>\n\n\n\n<p class=\"wp-block-paragraph\">Marcelo Sili<\/p>\n\n\n\n<p class=\"wp-block-paragraph\">\u201c<a href=\"https:\/\/revista.uclm.es\/index.php\/ikara\/article\/view\/3018\" target=\"_blank\" rel=\"noreferrer noopener\">Los pasajes cubiertos como espacios actantes en \u201cEl otro cielo\u201d de Julio Cort\u00e1zar<\/a>\u201d<\/p>\n\n\n\n<p class=\"wp-block-paragraph\">Daniel Hiernaux<\/p>\n\n\n\n<p class=\"wp-block-paragraph\">\u201c<a href=\"https:\/\/revista.uclm.es\/index.php\/ikara\/article\/view\/3019\" target=\"_blank\" rel=\"noreferrer noopener\">El cambio clim\u00e1tico en la Am\u00e9rica ecuatorial<\/a>\u201d<\/p>\n\n\n\n<p class=\"wp-block-paragraph\">Jos\u00e9 Daniel Pab\u00f3n-Caicedo<\/p>\n\n\n\n<p class=\"wp-block-paragraph\">\u201c<a href=\"https:\/\/revista.uclm.es\/index.php\/ikara\/article\/view\/3075\" target=\"_blank\" rel=\"noreferrer noopener\">Las dimensiones geograficas del clima como construcci\u00f3n social<\/a>\u201d<\/p>\n\n\n\n<p class=\"wp-block-paragraph\">Jo\u00e3o Lima Sant\u2019Anna Neto<\/p>\n\n\n\n<p class=\"wp-block-paragraph\">Caro\/a colega:<\/p>\n\n\n\n<p class=\"wp-block-paragraph\">A primeira edi\u00e7\u00e3o da revista <em>Ikara. Revista de Geograf\u00edas Iberoamericanas<\/em> acaba de ser publicada (ISSN 2794-0853). \u00c9 o resultado de um projeto interinstitucional, internacional (Argentina, Brasil, Chile, Col\u00f4mbia, Costa Rica, Equador, Espanha, M\u00e9xico e Portugal) e de natureza transversal, que re\u00fane pesquisas sobre Geografias Ibero-Americanas. O objetivo central \u00e9 promover o debate sobre os processos socioterritoriais que est\u00e3o a afetar este espa\u00e7o nas suas diferentes escalas, enquadramentos te\u00f3ricos e abordagens. Tem um formato aberto (OJS), \u00e9 bianual e est\u00e1 dispon\u00edvel para o grupo de ge\u00f3grafos ibero-americanos. \u00c9 publicado em espanhol e portugu\u00eas.<\/p>\n\n\n\n<p class=\"wp-block-paragraph\">Toda a informa\u00e7\u00e3o e conte\u00fado da primeira edi\u00e7\u00e3o podem ser encontrados em <a href=\"https:\/\/revista.uclm.es\/index.php\/ikara\" target=\"_blank\" rel=\"noreferrer noopener\">Ikara. Revista de Geograf\u00edas iberoamericanas (uclm.es)<\/a><\/p>\n\n\n\n<p class=\"wp-block-paragraph\"><strong><u>Artigos<\/u><\/strong><\/p>\n\n\n\n<p class=\"wp-block-paragraph\">\u201c<a href=\"https:\/\/revista.uclm.es\/index.php\/ikara\/article\/view\/3059\" target=\"_blank\" rel=\"noreferrer noopener\">Continuamos a procurar a Geografia: o que \u00e9 e para que serve \u2013 2<\/a>\u201d<\/p>\n\n\n\n<p class=\"wp-block-paragraph\">Jorge Gaspar, Diogo Lid\u00f3nio<\/p>\n\n\n\n<p class=\"wp-block-paragraph\">\u201c<a href=\"https:\/\/revista.uclm.es\/index.php\/ikara\/article\/view\/3006\" target=\"_blank\" rel=\"noreferrer noopener\">Turismo, pandemia e novos contrastes territoriais na Espanha<\/a>\u201d<\/p>\n\n\n\n<p class=\"wp-block-paragraph\">Ricardo M\u00e9ndez Guti\u00e9rrez del Valle<\/p>\n\n\n\n<p class=\"wp-block-paragraph\">\u201c<a href=\"https:\/\/revista.uclm.es\/index.php\/ikara\/article\/view\/3037\" target=\"_blank\" rel=\"noreferrer noopener\">Planeamento e gest\u00e3o do territ\u00f3rio na Am\u00e9rica Latina: entre a persist\u00eancia de problemas territoriais e novos desafios para o futuro<\/a>\u201d<\/p>\n\n\n\n<p class=\"wp-block-paragraph\">Marcelo Sili<\/p>\n\n\n\n<p class=\"wp-block-paragraph\">\u201c<a href=\"https:\/\/revista.uclm.es\/index.php\/ikara\/article\/view\/3018\" target=\"_blank\" rel=\"noreferrer noopener\">As passagens cobertas como espa\u00e7os de atua\u00e7\u00e3o em \u201co outro c\u00e9u\u201d por Julio Cort\u00e1zar<\/a><\/p>\n\n\n\n<p class=\"wp-block-paragraph\">Daniel Hiernaux<\/p>\n\n\n\n<p class=\"wp-block-paragraph\">\u201c<a href=\"https:\/\/revista.uclm.es\/index.php\/ikara\/article\/view\/3019\" target=\"_blank\" rel=\"noreferrer noopener\">Mudan\u00e7as clim\u00e1ticas na Am\u00e9rica equatorial<\/a>\u201d<\/p>\n\n\n\n<p class=\"wp-block-paragraph\">Jos\u00e9 Daniel Pab\u00f3n-Caicedo<\/p>\n\n\n\n<p class=\"wp-block-paragraph\">\u201c<a href=\"https:\/\/revista.uclm.es\/index.php\/ikara\/article\/view\/3075\" target=\"_blank\" rel=\"noreferrer noopener\">As dimens\u00f5es geogr\u00e1ficas do clima como constru\u00e7\u00e3o social<\/a>\u201d<\/p>\n\n\n\n<p class=\"wp-block-paragraph\">Jo\u00e3o Lima Sant\u2019Anna Neto<\/p>\n\n\n\n<p class=\"wp-block-paragraph\">Les invitamos a enviar sus art\u00edculos para ser considerados para la publicaci\u00f3n y seguir construyendo juntos nuestras geograf\u00edas iberoamericanas.<\/p>\n\n\n\n<p class=\"wp-block-paragraph\">Convidamo-lo a submeter os seus artigos para serem considerados para publica\u00e7\u00e3o e continuar a construir as nossas geografias ibero-americanas juntos.<\/p>\n\n\n\n<p class=\"wp-block-paragraph\">En nombre del equipo editorial recibe un afectuoso saludo \/ Em nome da equipa editorial recebe uma sauda\u00e7\u00e3o afetuosa<\/p>\n\n\n\n<p class=\"wp-block-paragraph\">Irasema Alc\u00e1ntara Ayala (Universidad Nacional Aut\u00f3noma de M\u00e9xico, M\u00e9xico)<\/p>\n\n\n\n<p class=\"wp-block-paragraph\">Francisco Cebri\u00e1n (Universidad de Castilla-La Mancha Espa\u00f1a)<br \/>Lucio Cunha (Universidade do Coimbra, Portugal)<br \/>Adriana Dorfman (Universidade do Rio Grande do Sul, Brasil)<\/p>\n\n\n\n<p class=\"wp-block-paragraph\">Fco Javier Jover (Universidad de Castilla-La Mancha, Espa\u00f1a)<br \/>Mar\u00eda Fernanda L\u00f3pez (FLACSO, Ecuador)<br \/>Rub\u00e9n C. Lois (Universidad de Santiago de Compostela, Espa\u00f1a)<br \/>Gustavo Monta\u00f1ez (Universidad del Externado de Colombia, Colombia)<br \/>Carlos M. Morera Beita (Universidad Nacional, Costa Rica)<br \/>Jorge Olcina Cantos (Universidad de Alicante, Espa\u00f1a)<br \/>Jose Alberto Rio (Universidade do Porto, Portugal)<br \/>Hugo Romero (Universidad de Chile, Chile)<br \/>Mar\u00eda Laura Silveira (CONICET-Universidad de Buenos Aires, Argentina)<br \/>Eliseu Sav\u00e9rio Sposito (Universidade Estadual Paulista-Campus Presidente Prudente, Brasil)<\/p>\n\n\n\n<p class=\"wp-block-paragraph\"><\/p>\n\n\n\n<div style=\"height:50px\" aria-hidden=\"true\" class=\"wp-block-spacer\"><\/div>\n\n\n\n<p class=\"wp-block-paragraph\"><\/p>\n\n\n\n<p class=\"has-very-light-gray-color has-vivid-cyan-blue-background-color has-text-color has-background wp-block-paragraph\"><strong>Publicado por ADHILAC Internacional \u00a9 www.adhilac.com.ar<\/strong><\/p>\n\n\n\n<p class=\"has-vivid-cyan-blue-color has-very-light-gray-background-color has-text-color has-background wp-block-paragraph\"> Si Ud. desea asociarse de acuerdo a los Estatutos de ADHILAC&nbsp;<a href=\"https:\/\/adhilac.com.ar\/?page_id=263\">(ver)<\/a> complete el siguiente formulario&nbsp;(<a href=\"https:\/\/adhilac.com.ar\/?page_id=4779\">ver<\/a>)<\/p>\n\n\n\n<p class=\"has-very-light-gray-color has-vivid-cyan-blue-background-color has-text-color has-background wp-block-paragraph\"> E-mail:&nbsp;info@adhilac.com.ar <\/p>\n\n\n\n<p class=\"has-very-light-gray-color has-vivid-cyan-blue-background-color has-text-color has-background wp-block-paragraph\"> Twitter: @AdhilacInfo <\/p>\n\n\n<div class=\"wp-block-image\">\n<figure class=\"aligncenter size-large\"><img loading=\"lazy\" decoding=\"async\" width=\"85\" height=\"85\" src=\"https:\/\/adhilac.com.ar\/wp-content\/uploads\/2015\/02\/Logo-ADHILAC-Internacional-PEQ.jpg\" alt=\"\" class=\"wp-image-10473\"\/><\/figure>\n<\/div>\n\n\n<div style=\"height:55px\" aria-hidden=\"true\" class=\"wp-block-spacer\"><\/div>\n\n\n\n<p class=\"wp-block-paragraph\">Ver <a href=\"https:\/\/adhilac.com.ar\/?page_id=541\">Presentaci\u00f3n de ADHILAC<\/a>  <\/p>\n\n\n\n<div style=\"height:38px\" aria-hidden=\"true\" class=\"wp-block-spacer\"><\/div>\n\n\n\n<p class=\"has-text-align-center has-very-light-gray-color has-vivid-cyan-blue-background-color has-text-color has-background wp-block-paragraph\"><strong><a href=\"https:\/\/adhilac.com.ar\/?page_id=541\">QUIENES SOMOS<\/a><\/strong><\/p>\n\n\n\n<p class=\"has-text-align-center has-light-green-cyan-color has-vivid-cyan-blue-background-color has-text-color has-background wp-block-paragraph\"><strong><a href=\"https:\/\/adhilac.com.ar\/?page_id=15507\">DIRECTIVA DE ADHILAC INTERNACIONAL<\/a><\/strong><\/p>\n\n\n\n<p class=\"has-text-align-center has-pale-cyan-blue-color has-vivid-cyan-blue-background-color has-text-color has-background has-medium-font-size wp-block-paragraph\"><strong><a href=\"https:\/\/adhilac.com.ar\/?page_id=263\">Estatutos de ADHILAC<\/a><\/strong><\/p>\n\n\n\n<p class=\"has-text-align-center has-vivid-green-cyan-color has-light-green-cyan-background-color has-text-color has-background has-medium-font-size wp-block-paragraph\"><strong><a href=\"https:\/\/adhilac.com.ar\/?page_id=4779\">SOCIXS: TODO LO QUE HAY QUE SABER<\/a><\/strong><\/p>\n\n\n\n<div style=\"height:30px\" aria-hidden=\"true\" class=\"wp-block-spacer\"><\/div>\n\n\n\n<p class=\"has-text-align-center has-vivid-cyan-blue-color has-black-background-color has-text-color has-background wp-block-paragraph\"><a href=\"http:\/\/www.ariadnatucma.com.ar\">ARIADNA TUCMA REVISTA LATINOAMERICANA <\/a><\/p>\n\n\n\n<p class=\"has-text-align-center has-vivid-cyan-blue-color has-black-background-color has-text-color has-background wp-block-paragraph\"><a href=\"http:\/\/www.ariadnatucma.com.ar\">TWITTER @AdilacInfo<\/a><\/p>\n\n\n\n<p class=\"has-text-align-center has-vivid-cyan-blue-color has-black-background-color has-text-color has-background wp-block-paragraph\"><strong>OTROS TEMAS DE INTERES:<\/strong><\/p>\n\n\n\n<div style=\"height:30px\" aria-hidden=\"true\" class=\"wp-block-spacer\"><\/div>\n\n\n\n<p class=\"has-text-align-center has-pale-cyan-blue-background-color has-background wp-block-paragraph\"><strong><a href=\"https:\/\/adhilac.com.ar\/?page_id=267\">Declaraci\u00f3n de Caracas de ADHILAC (2007)<\/a><\/strong><\/p>\n\n\n\n<p class=\"has-text-align-center has-vivid-purple-color has-text-color has-background wp-block-paragraph\" style=\"background-color:#79c1ee\"><strong><a href=\"https:\/\/adhilac.com.ar\/?page_id=15873\">ADHILAC: Historia &#8211; Historidorxs<\/a><\/strong><\/p>\n\n\n\n<p class=\"has-text-align-center has-vivid-red-color has-pale-cyan-blue-background-color has-text-color has-background wp-block-paragraph\"><strong><a href=\"https:\/\/adhilac.com.ar\/?page_id=18436\" data-type=\"URL\" data-id=\"https:\/\/adhilac.com.ar\/?page_id=18436\" target=\"_blank\" rel=\"noreferrer noopener\">Historia de ADHILAC<\/a>  <\/strong><\/p>\n\n\n\n<p class=\"has-text-align-center has-vivid-red-color has-text-color has-background wp-block-paragraph\" style=\"background-color:#79c1ee\"><strong><a href=\"https:\/\/adhilac.com.ar\/?page_id=15876\">ADHILAC 20 a\u00f1os despu\u00e9s (1974-1994)<\/a> <\/strong><\/p>\n\n\n\n<p class=\"has-text-align-center has-luminous-vivid-orange-color has-pale-cyan-blue-background-color has-text-color has-background wp-block-paragraph\"><strong><a href=\"https:\/\/adhilac.com.ar\/?page_id=15887\">ADHILAC: Miembrxs fundadores<\/a><\/strong><\/p>\n\n\n\n<p class=\"has-text-align-center has-luminous-vivid-orange-color has-text-color has-background wp-block-paragraph\" style=\"background-color:#79c1ee\"><strong><a href=\"https:\/\/adhilac.com.ar\/?page_id=15943\">ADHILAC: Historiadorxs Destacadxs<\/a><\/strong><\/p>\n\n\n\n<div style=\"height:30px\" aria-hidden=\"true\" class=\"wp-block-spacer\"><\/div>\n\n\n\n<p class=\"has-text-align-center has-very-light-gray-color has-vivid-cyan-blue-background-color has-text-color has-background wp-block-paragraph\"><strong><a href=\"https:\/\/adhilac.com.ar\/?page_id=8220\">BICENTENARIO<\/a><\/strong><\/p>\n\n\n\n<p class=\"has-text-align-center has-vivid-cyan-blue-color has-very-light-gray-background-color has-text-color has-background wp-block-paragraph\"><strong><a href=\"https:\/\/adhilac.com.ar\/?page_id=8279\">BIBLIOTECA<\/a><\/strong><\/p>\n\n\n\n<p class=\"has-text-align-center has-very-light-gray-color has-vivid-cyan-blue-background-color has-text-color has-background wp-block-paragraph\"><strong><a href=\"https:\/\/adhilac.com.ar\/?page_id=1698\">ENLACES<\/a> <\/strong><\/p>\n","protected":false},"excerpt":{"rendered":"<p>&nbsp;&nbsp;&nbsp;&nbsp;&nbsp;&nbsp;&nbsp;&nbsp;&nbsp;&nbsp;&nbsp;&nbsp;&nbsp;&nbsp;&nbsp; Acaba de salir publicado el primer n\u00famero de la revista Ikara. Revista de Geograf\u00edas Iberoamericanas (ISSN 2794-0853). Es resultado de un proyecto interinstitucional, internacional (Argentina, Brasil, Chile, Colombia, Costa Rica, Ecuador, Espa\u00f1a, M\u00e9xico y Portugal) y de car\u00e1cter transversal, que re\u00fane investigaciones sobre las Geograf\u00edas iberoamericanas. El objetivo central es promover el debate sobre [&hellip;]<\/p>\n","protected":false},"author":2,"featured_media":0,"comment_status":"closed","ping_status":"","sticky":false,"template":"","format":"standard","meta":{"_crdt_document":"","footnotes":""},"categories":[7],"tags":[1300,1299],"class_list":["post-18363","post","type-post","status-publish","format-standard","hentry","category-publicac-info","tag-iberoamerica-2","tag-procesos-socioterrigoriales"],"_links":{"self":[{"href":"https:\/\/adhilac.com.ar\/index.php?rest_route=\/wp\/v2\/posts\/18363","targetHints":{"allow":["GET"]}}],"collection":[{"href":"https:\/\/adhilac.com.ar\/index.php?rest_route=\/wp\/v2\/posts"}],"about":[{"href":"https:\/\/adhilac.com.ar\/index.php?rest_route=\/wp\/v2\/types\/post"}],"author":[{"embeddable":true,"href":"https:\/\/adhilac.com.ar\/index.php?rest_route=\/wp\/v2\/users\/2"}],"replies":[{"embeddable":true,"href":"https:\/\/adhilac.com.ar\/index.php?rest_route=%2Fwp%2Fv2%2Fcomments&post=18363"}],"version-history":[{"count":2,"href":"https:\/\/adhilac.com.ar\/index.php?rest_route=\/wp\/v2\/posts\/18363\/revisions"}],"predecessor-version":[{"id":18510,"href":"https:\/\/adhilac.com.ar\/index.php?rest_route=\/wp\/v2\/posts\/18363\/revisions\/18510"}],"wp:attachment":[{"href":"https:\/\/adhilac.com.ar\/index.php?rest_route=%2Fwp%2Fv2%2Fmedia&parent=18363"}],"wp:term":[{"taxonomy":"category","embeddable":true,"href":"https:\/\/adhilac.com.ar\/index.php?rest_route=%2Fwp%2Fv2%2Fcategories&post=18363"},{"taxonomy":"post_tag","embeddable":true,"href":"https:\/\/adhilac.com.ar\/index.php?rest_route=%2Fwp%2Fv2%2Ftags&post=18363"}],"curies":[{"name":"wp","href":"https:\/\/api.w.org\/{rel}","templated":true}]}}