{"id":18374,"date":"2022-06-05T10:39:00","date_gmt":"2022-06-05T13:39:00","guid":{"rendered":"https:\/\/adhilac.com.ar\/?p=18374"},"modified":"2022-09-24T11:06:11","modified_gmt":"2022-09-24T14:06:11","slug":"eleccion-de-nueva-directiva-de-adhilac-brasil","status":"publish","type":"post","link":"https:\/\/adhilac.com.ar\/?p=18374","title":{"rendered":"ADHILAC BRASIL. ELECCION DE NUEVA DIRECTIVA. Junio de 2022"},"content":{"rendered":"\n<p class=\"wp-block-paragraph\">Transcripci\u00f3n de la comunicaci\u00f3n de la Doctora Vera Lucia Vieira Vicepresidenta de ADHILAC Internacional entre (2014-2022).<\/p>\n\n\n\n<div style=\"height:30px\" aria-hidden=\"true\" class=\"wp-block-spacer\"><\/div>\n\n\n\n<p class=\"wp-block-paragraph\">Caros colegas y amigos.&nbsp;<\/p>\n\n\n\n<p class=\"wp-block-paragraph\">Por este mensaje formalizo el traspaso de la direcci\u00f3n de Adhilac-secci\u00f3n Brasil al Prof. Dr. <strong>Anderson Clayton Ferreira Brettas<\/strong>, del&nbsp;&nbsp;Instituto Federal do Tri\u00e1ngulo Mineiro (IFTM), Campus Uberaba. Como es de conocimiento de todos, Anderson es profesor, soci\u00f3logo e historiador.&nbsp;Tiene doctorado en Educaci\u00f3n&nbsp;y Posdoctoral&nbsp;en la&nbsp;Pontificia Universidad Cat\u00f3lica de S\u00e3o Paulo (Historia Latinoamericana), y en la Universidad del Magdalena &#8211; Santa Marta, Colombia (Historia Econ\u00f3mica). Profesor del Instituto Federal de Tri\u00e2ngulo Mineiro (IFTM), Campus Uberaba, donde act\u00faa como docente permanente en lo Programa de Posgrado&nbsp;en Educaci\u00f3n Tecnol\u00f3gica &#8211; Maestr\u00eda Profesional en Educaci\u00f3n (MPET); Maestr\u00eda en Educaci\u00f3n Profesional y Tecnol\u00f3gica de la Red Federal (ProfEPT). Es l\u00edder del Grupo de Pesquisa &#8216;Mnemosyne &#8211; Mem\u00f3rias, Representa\u00e7\u00f5es &amp; Oralidades en Educaci\u00f3n y en el Enseno&#8217; (IFTM\/CNPq). Integra el Grupo de Pesquisa &#8216;Naci\u00f3n, Regi\u00f3n y Relaciones Internacionales en el Caribe y Am\u00e9rica Latina&#8217;, de la Universidad Nacional de Colombia, sede San Andr\u00e9s e o CEHAL\/PUCSP &#8211; Centro de Estudios de Historia da Am\u00e9rica Latina da PUC-SP.<\/p>\n\n\n\n<!--more-->\n\n\n\n<div style=\"height:30px\" aria-hidden=\"true\" class=\"wp-block-spacer\"><\/div>\n\n\n\n<p class=\"wp-block-paragraph\"><strong>Como presidente de la coordinaci\u00f3n de Adhilac-secci\u00f3n Brasil, el prof. pasa a formar parte del directorio de Adhilac International.<\/strong><\/p>\n\n\n\n<p class=\"wp-block-paragraph\">Durante el per\u00edodo en que fui nominada para asumir la presidencia de Adhilac Brasil, intent\u00e9, siempre contando con el apoyo del prof. Anderson Brettas, en calidad de vogal, para cumplir las funciones que nos compet\u00edan. Cuales sean: consolidar esa entidad en Brasil, contribuyendo para la integraci\u00f3n de los pa\u00edses latinoamericanos, a trav\u00e9s da ampla divulgaci\u00f3n da historiograf\u00eda latinoamericana en este pa\u00eds.<\/p>\n\n\n\n<p class=\"wp-block-paragraph\">Asesoramos a escuelas, instituciones y grupos de estudio, trayendo autores y sus producciones, as\u00ed como informaci\u00f3n sobre los pa\u00edses latinoamericanos, con el fin de introducir, en todos los espacios de debates, cu\u00e1les eran las posiciones actuales en los pa\u00edses latinoamericanos.<\/p>\n\n\n\n<p class=\"wp-block-paragraph\">Adem\u00e1s, a lo largo de los a\u00f1os, hemos impulsado o apoyado la organizaci\u00f3n de tres grandes eventos:<\/p>\n\n\n\n<p class=\"wp-block-paragraph\"><strong>I Coloquio realizado en el marco del VI Simposio Internacional Estados Americanos: Investigaci\u00f3n Acad\u00e9mica Contempor\u00e1nea (Natal, 22 al 26 de octubre de 2012, Universidad Federal de Rio Grande do Norte. <\/strong>Este tuvo como objetivo reunir a profesionales de la historia, las relaciones internacionales, las ciencias sociales y \u00e1reas afines para discutir temas y objetos de investigaci\u00f3n acad\u00e9mica que involucran a los estados y poblaciones americanas en sus m\u00e1s diversas perspectivas, as\u00ed como contribuir a la formaci\u00f3n y expansi\u00f3n de redes de investigaci\u00f3n, as\u00ed como al contacto entre investigadores, estudiantes de iniciaci\u00f3n cient\u00edfica y de pregrado.<\/p>\n\n\n\n<p class=\"wp-block-paragraph\"><strong>II Congreso Internacional de Historia y Literatura Latinoamericana y Caribe\u00f1a &#8211; \u201cHistoria en la Literatura y Literatura en la Historia\u201d, (Teresina, 03-05 de diciembre de 2015, Universidad Federal de Piau\u00ed), <\/strong><strong>ADHILAC y los organizadores locales continuaron con trabajos interdisciplinarios que abordan la historia y literatura, permitiendo as\u00ed una reflexi\u00f3n m\u00e1s amplia sobre los procesos y problemas de ambas disciplinas y sus confluencias y debates. La interacci\u00f3n entre historia y literatura son conceptos y categor\u00edas cada vez m\u00e1s relevantes para las Ciencias Sociales y Humanidades, lo que ayuda a promover y desarrollar relaciones inter y transdisciplinares entre estas \u00e1reas del conocimiento, contribuyendo a una mayor comprensi\u00f3n y an\u00e1lisis de las diferentes culturas, historia y creatividad literaria.<\/strong><strong><\/strong><\/p>\n\n\n\n<p class=\"wp-block-paragraph\"><strong>III Coloquio Internacional Adhilac en Brasil \u201cRupturas y Continuidades en las Din\u00e1micas de Am\u00e9rica Latina y el Caribe <\/strong>\u2013 desde los or\u00edgenes hasta el siglo XXI\u201d (S\u00e3o Paulo, 8 al 11 de noviembre de 2016). Realizado en la Pontificia Universidad Cat\u00f3lica de S\u00e3o Paulo, reuni\u00f3 a m\u00e1s de 700 personas de Brasil y de otros pa\u00edses. El resultado de este congreso gener\u00f3 una colecci\u00f3n de siete libros publicados en e-book por la EDUC-Editora da PUC-SP.<\/p>\n\n\n\n<p class=\"wp-block-paragraph\">&nbsp;Tambi\u00e9n prestamos atenci\u00f3n a la <strong>difusi\u00f3n de debates y discusiones, publicando los textos de todas las presentaciones <\/strong>que tuvieron lugar durante el congreso de 2016. Esta colecci\u00f3n, denominada <strong>Rupturas e Continuidades \u2013 Adhilac Brasil<\/strong>, fue publicada por la Editora EDUC-SP y se puede acceder en l\u00ednea en el enlace <a href=\"https:\/\/www.pucsp.br\/educ\/e-books?colecao=9\" target=\"_blank\" rel=\"noreferrer noopener\">https:\/\/www.pucsp.br\/educ\/e-books?colecao=9<\/a><\/p>\n\n\n\n<p class=\"wp-block-paragraph\">Adem\u00e1s, el prof. Anderson Brettas asume, a partir de este momento, la coordinaci\u00f3n del IV Congreso Internacional de la Secci\u00f3n Brasile\u00f1a de la Asociaci\u00f3n de Historiadores de Am\u00e9rica Latina y el Caribe (ADHILAC -Brasil): \u201cBicentenarios de los estados nacionales latinoamericanos: utop\u00edas y luchas por las desigualdades econ\u00f3micas y de superaci\u00f3n\u201d (<a href=\"https:\/\/www.pucsp.br\/congressoadhilac\" target=\"_blank\" rel=\"noreferrer noopener\">https:\/\/www.pucsp.br\/congressoadhilac<\/a>), a celebrarse entre los d\u00edas 22 y 31 de septiembre del a\u00f1o en curso.<\/p>\n\n\n\n<p class=\"wp-block-paragraph\">A tal efecto, formalizo el paso de la informaci\u00f3n necesaria para que el Prof. asumir dicha coordinaci\u00f3n, de la siguiente manera:<\/p>\n\n\n\n<p class=\"wp-block-paragraph\">1.&nbsp;&nbsp;&nbsp;&nbsp;&nbsp; El sitio web del congreso es hospedado por el Departamento de Tecnolog\u00eda e Inform\u00e1tica (DTI) de la PUCSP, el cual nos ha brindado soporte tecnol\u00f3gico en el mantenimiento y actualizaci\u00f3n de la informaci\u00f3n que solicitamos. Pero, considerando la experiencia del prof. en el \u00e1rea de Tecnolog\u00eda, se puede considerar la transferencia del sitio al Instituto del cual forma parte. Contactos con los coordinadores dos 23 Gts inscritos no Congreso, cuyas direcciones est\u00e1n en el <strong>site.<\/strong><\/p>\n\n\n\n<p class=\"wp-block-paragraph\">2.&nbsp;&nbsp;&nbsp;&nbsp;&nbsp; Transferencia de los equipos de apoyo, actualmente integrados por estudiantes de posgrado vinculados a m\u00ed, a los equipos de apoyo indicados por el profesor Brettas.<\/p>\n\n\n\n<p class=\"wp-block-paragraph\">3.&nbsp;&nbsp;&nbsp;&nbsp;&nbsp; Los equipos y apoyo son: Equipo de extensi\u00f3n; Equipo de control de los textos enviados por los congresistas \u2013 reenv\u00edo a los coordinadores de los GTs \u2013 publicaci\u00f3n en la web del congreso, en los respectivos GTs<\/p>\n\n\n\n<p class=\"wp-block-paragraph\">4.&nbsp;&nbsp;&nbsp;&nbsp;&nbsp; Tenemos, en este momento, m\u00e1s de 100 registros que ya est\u00e1n bajo el control del prof. Brettas, quien se encargaba de acceder a los mensajes y remitirlos a los respectivos coordinadores de los Gts.<\/p>\n\n\n\n<p class=\"wp-block-paragraph\">5.&nbsp;&nbsp;&nbsp;&nbsp;&nbsp; Continuidad de la difusi\u00f3n \u2013 <strong>anexo 1<\/strong>&nbsp;&#8211; se encontran las direcciones electr\u00f3nicas de todas las universidades p\u00fablicas de Brasil \u2013 con cursos en el \u00e1rea de humanidades, as\u00ed como los Departamentos de Educaci\u00f3n, red SESI e institutos federales. Estamos concluyendo la relaci\u00f3n entre las universidades privadas y las carreras de humanidades.<\/p>\n\n\n\n<p class=\"wp-block-paragraph\">6.&nbsp;&nbsp;&nbsp;&nbsp;&nbsp;&nbsp; A continuaci\u00f3n, se adjunta el <strong>Anexo 2<\/strong>: un cronograma parcial de los arreglos para el congreso.<\/p>\n\n\n\n<p class=\"wp-block-paragraph\">Att. muchas gracias a todos, a continuidad de los trabajos<\/p>\n\n\n\n<p class=\"wp-block-paragraph\">Felicitaciones&nbsp;<\/p>\n\n\n\n<p class=\"wp-block-paragraph\">Vera Lucia Vieira<\/p>\n\n\n\n<div style=\"height:51px\" aria-hidden=\"true\" class=\"wp-block-spacer\"><\/div>\n\n\n\n<p class=\"has-very-light-gray-color has-vivid-cyan-blue-background-color has-text-color has-background wp-block-paragraph\"><strong>Publicado por ADHILAC Internacional \u00a9 www.adhilac.com.ar<\/strong><\/p>\n\n\n\n<p class=\"has-vivid-cyan-blue-color has-very-light-gray-background-color has-text-color has-background wp-block-paragraph\"> Si Ud. desea asociarse de acuerdo a los Estatutos de ADHILAC&nbsp;<a href=\"https:\/\/adhilac.com.ar\/?page_id=263\">(ver)<\/a> complete el siguiente formulario&nbsp;(<a href=\"https:\/\/adhilac.com.ar\/?page_id=4779\">ver<\/a>)<\/p>\n\n\n\n<p class=\"has-very-light-gray-color has-vivid-cyan-blue-background-color has-text-color has-background wp-block-paragraph\"> E-mail:&nbsp;info@adhilac.com.ar <\/p>\n\n\n\n<p class=\"has-very-light-gray-color has-vivid-cyan-blue-background-color has-text-color has-background wp-block-paragraph\"> Twitter: @AdhilacInfo <\/p>\n\n\n<div class=\"wp-block-image\">\n<figure class=\"aligncenter size-large\"><img loading=\"lazy\" decoding=\"async\" width=\"85\" height=\"85\" src=\"https:\/\/adhilac.com.ar\/wp-content\/uploads\/2015\/02\/Logo-ADHILAC-Internacional-PEQ.jpg\" alt=\"\" class=\"wp-image-10473\"\/><\/figure>\n<\/div>\n\n\n<div style=\"height:55px\" aria-hidden=\"true\" class=\"wp-block-spacer\"><\/div>\n\n\n\n<p class=\"wp-block-paragraph\">Ver <a href=\"https:\/\/adhilac.com.ar\/?page_id=541\">Presentaci\u00f3n de ADHILAC<\/a>  <\/p>\n\n\n\n<div style=\"height:38px\" aria-hidden=\"true\" class=\"wp-block-spacer\"><\/div>\n\n\n\n<p class=\"has-text-align-center has-very-light-gray-color has-vivid-cyan-blue-background-color has-text-color has-background wp-block-paragraph\"><strong><a href=\"https:\/\/adhilac.com.ar\/?page_id=541\">QUIENES SOMOS<\/a><\/strong><\/p>\n\n\n\n<p class=\"has-text-align-center has-light-green-cyan-color has-vivid-cyan-blue-background-color has-text-color has-background wp-block-paragraph\"><strong><a href=\"https:\/\/adhilac.com.ar\/?page_id=15507\">DIRECTIVA DE ADHILAC INTERNACIONAL<\/a><\/strong><\/p>\n\n\n\n<p class=\"has-text-align-center has-pale-cyan-blue-color has-vivid-cyan-blue-background-color has-text-color has-background has-medium-font-size wp-block-paragraph\"><strong><a href=\"https:\/\/adhilac.com.ar\/?page_id=263\">Estatutos de ADHILAC<\/a><\/strong><\/p>\n\n\n\n<p class=\"has-text-align-center has-vivid-green-cyan-color has-light-green-cyan-background-color has-text-color has-background has-medium-font-size wp-block-paragraph\"><strong><a href=\"https:\/\/adhilac.com.ar\/?page_id=4779\">SOCIXS: TODO LO QUE HAY QUE SABER<\/a><\/strong><\/p>\n\n\n\n<div style=\"height:30px\" aria-hidden=\"true\" class=\"wp-block-spacer\"><\/div>\n\n\n\n<p class=\"has-text-align-center has-vivid-cyan-blue-color has-black-background-color has-text-color has-background wp-block-paragraph\"><a href=\"http:\/\/www.ariadnatucma.com.ar\">ARIADNA TUCMA REVISTA LATINOAMERICANA <\/a><\/p>\n\n\n\n<p class=\"has-text-align-center has-vivid-cyan-blue-color has-black-background-color has-text-color has-background wp-block-paragraph\"><a href=\"http:\/\/www.ariadnatucma.com.ar\">TWITTER @AdilacInfo<\/a><\/p>\n\n\n\n<p class=\"has-text-align-center has-vivid-cyan-blue-color has-black-background-color has-text-color has-background wp-block-paragraph\"><strong>OTROS TEMAS DE INTERES:<\/strong><\/p>\n\n\n\n<div style=\"height:30px\" aria-hidden=\"true\" class=\"wp-block-spacer\"><\/div>\n\n\n\n<p class=\"has-text-align-center has-pale-cyan-blue-background-color has-background wp-block-paragraph\"><strong><a href=\"https:\/\/adhilac.com.ar\/?page_id=267\">Declaraci\u00f3n de Caracas de ADHILAC (2007)<\/a><\/strong><\/p>\n\n\n\n<p class=\"has-text-align-center has-vivid-purple-color has-text-color has-background wp-block-paragraph\" style=\"background-color:#79c1ee\"><strong><a href=\"https:\/\/adhilac.com.ar\/?page_id=15873\">ADHILAC: Historia &#8211; Historidorxs<\/a><\/strong><\/p>\n\n\n\n<p class=\"has-text-align-center has-vivid-red-color has-pale-cyan-blue-background-color has-text-color has-background wp-block-paragraph\"><strong><a href=\"https:\/\/adhilac.com.ar\/?page_id=18436\" data-type=\"URL\" data-id=\"https:\/\/adhilac.com.ar\/?page_id=18436\" target=\"_blank\" rel=\"noreferrer noopener\">Historia de ADHILAC<\/a>  <\/strong><\/p>\n\n\n\n<p class=\"has-text-align-center has-vivid-red-color has-text-color has-background wp-block-paragraph\" style=\"background-color:#79c1ee\"><strong><a href=\"https:\/\/adhilac.com.ar\/?page_id=15876\">ADHILAC 20 a\u00f1os despu\u00e9s (1974-1994)<\/a> <\/strong><\/p>\n\n\n\n<p class=\"has-text-align-center has-luminous-vivid-orange-color has-pale-cyan-blue-background-color has-text-color has-background wp-block-paragraph\"><strong><a href=\"https:\/\/adhilac.com.ar\/?page_id=15887\">ADHILAC: Miembrxs fundadores<\/a><\/strong><\/p>\n\n\n\n<p class=\"has-text-align-center has-luminous-vivid-orange-color has-text-color has-background wp-block-paragraph\" style=\"background-color:#79c1ee\"><strong><a href=\"https:\/\/adhilac.com.ar\/?page_id=15943\">ADHILAC: Historiadorxs Destacadxs<\/a><\/strong><\/p>\n\n\n\n<div style=\"height:30px\" aria-hidden=\"true\" class=\"wp-block-spacer\"><\/div>\n\n\n\n<p class=\"has-text-align-center has-very-light-gray-color has-vivid-cyan-blue-background-color has-text-color has-background wp-block-paragraph\"><strong><a href=\"https:\/\/adhilac.com.ar\/?page_id=8220\">BICENTENARIO<\/a><\/strong><\/p>\n\n\n\n<p class=\"has-text-align-center has-vivid-cyan-blue-color has-very-light-gray-background-color has-text-color has-background wp-block-paragraph\"><strong><a href=\"https:\/\/adhilac.com.ar\/?page_id=8279\">BIBLIOTECA<\/a><\/strong><\/p>\n\n\n\n<p class=\"has-text-align-center has-very-light-gray-color has-vivid-cyan-blue-background-color has-text-color has-background wp-block-paragraph\"><strong><a href=\"https:\/\/adhilac.com.ar\/?page_id=1698\">ENLACES<\/a> <\/strong><\/p>\n","protected":false},"excerpt":{"rendered":"<p>Transcripci\u00f3n de la comunicaci\u00f3n de la Doctora Vera Lucia Vieira Vicepresidenta de ADHILAC Internacional entre (2014-2022). Caros colegas y amigos.&nbsp; Por este mensaje formalizo el traspaso de la direcci\u00f3n de Adhilac-secci\u00f3n Brasil al Prof. Dr. Anderson Clayton Ferreira Brettas, del&nbsp;&nbsp;Instituto Federal do Tri\u00e1ngulo Mineiro (IFTM), Campus Uberaba. Como es de conocimiento de todos, Anderson es [&hellip;]<\/p>\n","protected":false},"author":37,"featured_media":0,"comment_status":"closed","ping_status":"","sticky":false,"template":"","format":"standard","meta":{"_crdt_document":"","footnotes":""},"categories":[549,40],"tags":[74,704],"class_list":["post-18374","post","type-post","status-publish","format-standard","hentry","category-adhilac-brasil","category-informaciones","tag-brasil","tag-renovacion-de-directiva"],"_links":{"self":[{"href":"https:\/\/adhilac.com.ar\/index.php?rest_route=\/wp\/v2\/posts\/18374","targetHints":{"allow":["GET"]}}],"collection":[{"href":"https:\/\/adhilac.com.ar\/index.php?rest_route=\/wp\/v2\/posts"}],"about":[{"href":"https:\/\/adhilac.com.ar\/index.php?rest_route=\/wp\/v2\/types\/post"}],"author":[{"embeddable":true,"href":"https:\/\/adhilac.com.ar\/index.php?rest_route=\/wp\/v2\/users\/37"}],"replies":[{"embeddable":true,"href":"https:\/\/adhilac.com.ar\/index.php?rest_route=%2Fwp%2Fv2%2Fcomments&post=18374"}],"version-history":[{"count":8,"href":"https:\/\/adhilac.com.ar\/index.php?rest_route=\/wp\/v2\/posts\/18374\/revisions"}],"predecessor-version":[{"id":18511,"href":"https:\/\/adhilac.com.ar\/index.php?rest_route=\/wp\/v2\/posts\/18374\/revisions\/18511"}],"wp:attachment":[{"href":"https:\/\/adhilac.com.ar\/index.php?rest_route=%2Fwp%2Fv2%2Fmedia&parent=18374"}],"wp:term":[{"taxonomy":"category","embeddable":true,"href":"https:\/\/adhilac.com.ar\/index.php?rest_route=%2Fwp%2Fv2%2Fcategories&post=18374"},{"taxonomy":"post_tag","embeddable":true,"href":"https:\/\/adhilac.com.ar\/index.php?rest_route=%2Fwp%2Fv2%2Ftags&post=18374"}],"curies":[{"name":"wp","href":"https:\/\/api.w.org\/{rel}","templated":true}]}}