{"id":18414,"date":"2022-08-14T17:43:04","date_gmt":"2022-08-14T20:43:04","guid":{"rendered":"https:\/\/adhilac.com.ar\/?p=18414"},"modified":"2022-09-24T10:57:59","modified_gmt":"2022-09-24T13:57:59","slug":"declaracion-de-adhilac-agosto-de-2022","status":"publish","type":"post","link":"https:\/\/adhilac.com.ar\/?p=18414","title":{"rendered":"Declaraci\u00f3n de ADHILAC. Agosto de 2022"},"content":{"rendered":"\n<p class=\"wp-block-paragraph\">Repudio a las declaraciones contra el triunfo de Gustavo Petro y Francia M\u00e1rquez <\/p>\n\n\n\n<p class=\"wp-block-paragraph\">DECLARACION DE ADHILAC<\/p>\n\n\n\n<p class=\"wp-block-paragraph\">Ante las declaraciones del senador norteamericano Ted Cruz sobre las elecciones que llevaron a la victoria de la f\u00f3rmula Gustavo Petro y Francia M\u00e1rquez como presidente y vicepresidenta de Colombia la Asociaci\u00f3n de Historiadores Latinoamericanos y del Caribe (ADHILAC) manifiesta su rechazo y preocupaci\u00f3n por la injerencia norteamericana en asuntos internos de nuestra regi\u00f3n. Las palabras del senador republicano, qui\u00e9n junto a su colega Marco Rubio avalaron y defienden el golpe de Estado perpetrado en Bolivia contra Evo Morales, es otra se\u00f1al m\u00e1s de la pol\u00edtica imperialista en contra de los pueblos que construyen su soberan\u00eda y sus luchas por la paz y la dignidad en forma democr\u00e1tica. El imperialismo norteamericano no ha cesado lamentablemente en sus intentonas desestabilizadoras contra Nuestra Am\u00e9rica en nombre de la \u201cseguridad norteamericana\u201d, como con el bloqueo criminal contra Cuba y Venezuela.<\/p>\n\n\n\n<p class=\"wp-block-paragraph\">Las historiadoras y los historiadores, profesores y profesoras que integramos la ADHILAC somos conscientes de que esta pol\u00edtica imperialista es parte de la Historia de Nuestra Am\u00e9rica desde los tiempos de la Independencia como lo advert\u00eda el Libertador Sim\u00f3n Bol\u00edvar: \u201clos Estados Unidos parecen predestinado por la providencia a plagar la Am\u00e9rica de miserias, en nombre de la libertad\u201d.<\/p>\n\n\n\n<!--more-->\n\n\n\n<p class=\"wp-block-paragraph\">En la misma \u00e9poca se proclama la <em>Doctrina Monroe<\/em> como \u201cmarco legal\u201d para el intervencionismo estadounidense. &nbsp;En el siglo XX esa pol\u00edtica continu\u00f3 a trav\u00e9s de diversas invasiones a pa\u00edses de la regi\u00f3n, con la planificaci\u00f3n y ejecuci\u00f3n de golpes de Estados, con el Plan C\u00f3ndor, con persecuciones judiciales, etc. En tal sentido nos sumamos a la declaraci\u00f3n de Evo Morales: \u201clos pueblos libres de la Patria Grande no somos \u201cpatio trasero\u201d ni \u201cbarrio desatendido\u201d de EE. UU. Nuestra lucha pac\u00edfica y democr\u00e1tica es para liberarnos del intervencionismo capitalista que atenta contra la vida en el mundo. Todo nuestro apoyo al hermano pueblo de Colombia\u201d<\/p>\n\n\n\n<p class=\"wp-block-paragraph\">Desde ADHILAC repudiamos las declaraciones del senador Ted Cruz y alertamos a los pueblos de Nuestra Am\u00e9rica a estar m\u00e1s unidos que nunca bajo la bandera del antiimperialismo, bandera que ha servido en diferentes momentos de la regi\u00f3n para resistir y lograr victorias como en Playa Gir\u00f3n.<\/p>\n\n\n\n<p class=\"wp-block-paragraph\">Nuestra Am\u00e9rica, agosto del 2022.<\/p>\n\n\n\n<div style=\"height:55px\" aria-hidden=\"true\" class=\"wp-block-spacer\"><\/div>\n\n\n\n<p class=\"has-very-light-gray-color has-vivid-cyan-blue-background-color has-text-color has-background wp-block-paragraph\"><strong>Publicado por ADHILAC Internacional \u00a9 www.adhilac.com.ar<\/strong><\/p>\n\n\n\n<p class=\"has-vivid-cyan-blue-color has-very-light-gray-background-color has-text-color has-background wp-block-paragraph\"> Si Ud. desea asociarse de acuerdo a los Estatutos de ADHILAC&nbsp;<a href=\"https:\/\/adhilac.com.ar\/?page_id=263\">(ver)<\/a> complete el siguiente formulario&nbsp;(<a href=\"https:\/\/adhilac.com.ar\/?page_id=4779\">ver<\/a>)<\/p>\n\n\n\n<p class=\"has-very-light-gray-color has-vivid-cyan-blue-background-color has-text-color has-background wp-block-paragraph\"> E-mail:&nbsp;info@adhilac.com.ar <\/p>\n\n\n\n<p class=\"has-very-light-gray-color has-vivid-cyan-blue-background-color has-text-color has-background wp-block-paragraph\"> Twitter: @AdhilacInfo <\/p>\n\n\n<div class=\"wp-block-image\">\n<figure class=\"aligncenter size-large\"><img loading=\"lazy\" decoding=\"async\" width=\"85\" height=\"85\" src=\"https:\/\/adhilac.com.ar\/wp-content\/uploads\/2015\/02\/Logo-ADHILAC-Internacional-PEQ.jpg\" alt=\"\" class=\"wp-image-10473\"\/><\/figure>\n<\/div>\n\n\n<div style=\"height:55px\" aria-hidden=\"true\" class=\"wp-block-spacer\"><\/div>\n\n\n\n<p class=\"wp-block-paragraph\">Ver <a href=\"https:\/\/adhilac.com.ar\/?page_id=541\">Presentaci\u00f3n de ADHILAC<\/a>  <\/p>\n\n\n\n<div style=\"height:38px\" aria-hidden=\"true\" class=\"wp-block-spacer\"><\/div>\n\n\n\n<p class=\"has-text-align-center has-very-light-gray-color has-vivid-cyan-blue-background-color has-text-color has-background wp-block-paragraph\"><strong><a href=\"https:\/\/adhilac.com.ar\/?page_id=541\">QUIENES SOMOS<\/a><\/strong><\/p>\n\n\n\n<p class=\"has-text-align-center has-light-green-cyan-color has-vivid-cyan-blue-background-color has-text-color has-background wp-block-paragraph\"><strong><a href=\"https:\/\/adhilac.com.ar\/?page_id=15507\">DIRECTIVA DE ADHILAC INTERNACIONAL<\/a><\/strong><\/p>\n\n\n\n<p class=\"has-text-align-center has-pale-cyan-blue-color has-vivid-cyan-blue-background-color has-text-color has-background has-medium-font-size wp-block-paragraph\"><strong><a href=\"https:\/\/adhilac.com.ar\/?page_id=263\">Estatutos de ADHILAC<\/a><\/strong><\/p>\n\n\n\n<p class=\"has-text-align-center has-vivid-green-cyan-color has-light-green-cyan-background-color has-text-color has-background has-medium-font-size wp-block-paragraph\"><strong><a href=\"https:\/\/adhilac.com.ar\/?page_id=4779\">SOCIXS: TODO LO QUE HAY QUE SABER<\/a><\/strong><\/p>\n\n\n\n<div style=\"height:30px\" aria-hidden=\"true\" class=\"wp-block-spacer\"><\/div>\n\n\n\n<p class=\"has-text-align-center has-vivid-cyan-blue-color has-black-background-color has-text-color has-background wp-block-paragraph\"><a href=\"http:\/\/www.ariadnatucma.com.ar\">ARIADNA TUCMA REVISTA LATINOAMERICANA <\/a><\/p>\n\n\n\n<p class=\"has-text-align-center has-vivid-cyan-blue-color has-black-background-color has-text-color has-background wp-block-paragraph\"><a href=\"http:\/\/www.ariadnatucma.com.ar\">TWITTER @AdilacInfo<\/a><\/p>\n\n\n\n<p class=\"has-text-align-center has-vivid-cyan-blue-color has-black-background-color has-text-color has-background wp-block-paragraph\"><strong>OTROS TEMAS DE INTERES:<\/strong><\/p>\n\n\n\n<div style=\"height:30px\" aria-hidden=\"true\" class=\"wp-block-spacer\"><\/div>\n\n\n\n<p class=\"has-text-align-center has-pale-cyan-blue-background-color has-background wp-block-paragraph\"><strong><a href=\"https:\/\/adhilac.com.ar\/?page_id=267\">Declaraci\u00f3n de Caracas de ADHILAC (2007)<\/a><\/strong><\/p>\n\n\n\n<p class=\"has-text-align-center has-vivid-purple-color has-text-color has-background wp-block-paragraph\" style=\"background-color:#79c1ee\"><strong><a href=\"https:\/\/adhilac.com.ar\/?page_id=15873\">ADHILAC: Historia &#8211; Historidorxs<\/a><\/strong><\/p>\n\n\n\n<p class=\"has-text-align-center has-vivid-red-color has-pale-cyan-blue-background-color has-text-color has-background wp-block-paragraph\"><strong><a href=\"https:\/\/adhilac.com.ar\/?page_id=18436\" data-type=\"URL\" data-id=\"https:\/\/adhilac.com.ar\/?page_id=18436\" target=\"_blank\" rel=\"noreferrer noopener\">Historia de ADHILAC<\/a>  <\/strong><\/p>\n\n\n\n<p class=\"has-text-align-center has-vivid-red-color has-text-color has-background wp-block-paragraph\" style=\"background-color:#79c1ee\"><strong><a href=\"https:\/\/adhilac.com.ar\/?page_id=15876\">ADHILAC 20 a\u00f1os despu\u00e9s (1974-1994)<\/a> <\/strong><\/p>\n\n\n\n<p class=\"has-text-align-center has-luminous-vivid-orange-color has-pale-cyan-blue-background-color has-text-color has-background wp-block-paragraph\"><strong><a href=\"https:\/\/adhilac.com.ar\/?page_id=15887\">ADHILAC: Miembrxs fundadores<\/a><\/strong><\/p>\n\n\n\n<p class=\"has-text-align-center has-luminous-vivid-orange-color has-text-color has-background wp-block-paragraph\" style=\"background-color:#79c1ee\"><strong><a href=\"https:\/\/adhilac.com.ar\/?page_id=15943\">ADHILAC: Historiadorxs Destacadxs<\/a><\/strong><\/p>\n\n\n\n<div style=\"height:30px\" aria-hidden=\"true\" class=\"wp-block-spacer\"><\/div>\n\n\n\n<p class=\"has-text-align-center has-very-light-gray-color has-vivid-cyan-blue-background-color has-text-color has-background wp-block-paragraph\"><strong><a href=\"https:\/\/adhilac.com.ar\/?page_id=8220\">BICENTENARIO<\/a><\/strong><\/p>\n\n\n\n<p class=\"has-text-align-center has-vivid-cyan-blue-color has-very-light-gray-background-color has-text-color has-background wp-block-paragraph\"><strong><a href=\"https:\/\/adhilac.com.ar\/?page_id=8279\">BIBLIOTECA<\/a><\/strong><\/p>\n\n\n\n<p class=\"has-text-align-center has-very-light-gray-color has-vivid-cyan-blue-background-color has-text-color has-background wp-block-paragraph\"><strong><a href=\"https:\/\/adhilac.com.ar\/?page_id=1698\">ENLACES<\/a> <\/strong><\/p>\n","protected":false},"excerpt":{"rendered":"<p>Repudio a las declaraciones contra el triunfo de Gustavo Petro y Francia M\u00e1rquez DECLARACION DE ADHILAC Ante las declaraciones del senador norteamericano Ted Cruz sobre las elecciones que llevaron a la victoria de la f\u00f3rmula Gustavo Petro y Francia M\u00e1rquez como presidente y vicepresidenta de Colombia la Asociaci\u00f3n de Historiadores Latinoamericanos y del Caribe (ADHILAC) [&hellip;]<\/p>\n","protected":false},"author":2,"featured_media":0,"comment_status":"closed","ping_status":"","sticky":false,"template":"","format":"standard","meta":{"_crdt_document":"","footnotes":""},"categories":[40],"tags":[26,164,330],"class_list":["post-18414","post","type-post","status-publish","format-standard","hentry","category-informaciones","tag-colombia","tag-estados-unidos","tag-imperialismo"],"_links":{"self":[{"href":"https:\/\/adhilac.com.ar\/index.php?rest_route=\/wp\/v2\/posts\/18414","targetHints":{"allow":["GET"]}}],"collection":[{"href":"https:\/\/adhilac.com.ar\/index.php?rest_route=\/wp\/v2\/posts"}],"about":[{"href":"https:\/\/adhilac.com.ar\/index.php?rest_route=\/wp\/v2\/types\/post"}],"author":[{"embeddable":true,"href":"https:\/\/adhilac.com.ar\/index.php?rest_route=\/wp\/v2\/users\/2"}],"replies":[{"embeddable":true,"href":"https:\/\/adhilac.com.ar\/index.php?rest_route=%2Fwp%2Fv2%2Fcomments&post=18414"}],"version-history":[{"count":5,"href":"https:\/\/adhilac.com.ar\/index.php?rest_route=\/wp\/v2\/posts\/18414\/revisions"}],"predecessor-version":[{"id":18501,"href":"https:\/\/adhilac.com.ar\/index.php?rest_route=\/wp\/v2\/posts\/18414\/revisions\/18501"}],"wp:attachment":[{"href":"https:\/\/adhilac.com.ar\/index.php?rest_route=%2Fwp%2Fv2%2Fmedia&parent=18414"}],"wp:term":[{"taxonomy":"category","embeddable":true,"href":"https:\/\/adhilac.com.ar\/index.php?rest_route=%2Fwp%2Fv2%2Fcategories&post=18414"},{"taxonomy":"post_tag","embeddable":true,"href":"https:\/\/adhilac.com.ar\/index.php?rest_route=%2Fwp%2Fv2%2Ftags&post=18414"}],"curies":[{"name":"wp","href":"https:\/\/api.w.org\/{rel}","templated":true}]}}