{"id":18600,"date":"2023-01-13T21:54:58","date_gmt":"2023-01-14T00:54:58","guid":{"rendered":"https:\/\/adhilac.com.ar\/?p=18600"},"modified":"2023-01-13T23:27:40","modified_gmt":"2023-01-14T02:27:40","slug":"fallece-la-historiadora-cubana-maria-del-carmen-maseda-urra","status":"publish","type":"post","link":"https:\/\/adhilac.com.ar\/?p=18600","title":{"rendered":"Fallece la historiadora cubana Mar\u00eda del Carmen Maseda Urra"},"content":{"rendered":"\n<p class=\"wp-block-paragraph\">Fallece en La Habana Mar\u00eda del Carmen Maseda Urra, \u00a0Licenciada en Historia y M\u00e1ster en Historia Contempor\u00e1nea fue Profesora Auxiliar de Historia de \u00c1frica y Medio Oriente de la Universidad de La Habana. <\/p>\n\n\n\n<div class=\"wp-block-media-text alignwide is-stacked-on-mobile\" style=\"grid-template-columns:41% auto\"><figure class=\"wp-block-media-text__media\"><img loading=\"lazy\" decoding=\"async\" width=\"192\" height=\"221\" src=\"https:\/\/adhilac.com.ar\/wp-content\/uploads\/2023\/01\/maria-02.png\" alt=\"\" class=\"wp-image-18607 size-full\"\/><\/figure><div class=\"wp-block-media-text__content\">\n<p class=\"wp-block-paragraph\">Activa socia de la Asociaci\u00f3n de Historiadores Latinoamericanos y del Caribe (ADHILAC) ella, junto a Sergio Guerra Vilaboy, mantuvieron siempre abiertas las puertas de su casa a investigadores latinoamericanistas de Am\u00e9rica Latina y el Caribe, Europa y Estados Unidos.<\/p>\n\n\n\n<p class=\"wp-block-paragraph\">Ha impartido cursos y conferencias en universidades nacionales y extranjeras; entre ellas, de M\u00e9xico, la ex Uni\u00f3n Sovi\u00e9tica y Cabo Verde. Tambi\u00e9n ha realizado otras actividades acad\u00e9micas en instituciones de educaci\u00f3n superior de Alemania y Estados Unidos, y ha presentado ponencias en diversos eventos internacionales. <\/p>\n<\/div><\/div>\n\n\n\n<p class=\"wp-block-paragraph\">Miembro de la Comisi\u00f3n Nacional de la Carrera de Historia. Colaboradora del Centro de Estudios de \u00c1frica y Medio Oriente y miembro del Consejo Asesor de la Casa de \u00c1frica de la Oficina del Historiador de la Ciudad de La Habana. Pertenece a la Secci\u00f3n Cubana de la Asociaci\u00f3n Latinoamericana de Estudios Afro-Asi\u00e1ticos (ALADDA). Preside la C\u00e1tedra de \u00c1frica de la Universidad de La Habana.<\/p>\n\n\n\n<p class=\"wp-block-paragraph\">Ha publicado art\u00edculos y ensayos sobre temas de la historia africana; entre ellos, \u201cDiplomacia y Colonialismo: \u00c1frica-Europa (1880-1890)\u201d; \u201cSud\u00e1frica: 1910-1960\u201d y \u201cEl Garveysmo y las relaciones entre el Caribe y \u00c1frica\u201d.<\/p>\n\n\n\n<p class=\"wp-block-paragraph\">Sus colegas y amigos de ADHILAC Internacional desean acompa\u00f1ar a su familia: Sergio Guerra Vilaboy, a sus hijas Sandra Guerra Maseda e Ileana Guerra Maseda y a su nieta Ile Gonzalez Guerra en este delicado momento.<\/p>\n\n\n\n<!--more-->\n\n\n\n<p class=\"wp-block-paragraph\">Jorge El\u00edas Caro<br \/>Presidente &#8211; Colombia<\/p>\n\n\n\n<p class=\"wp-block-paragraph\">Christian Cwik<br \/>Secretario Ejecutivo &#8211; Austria<\/p>\n\n\n\n<p class=\"wp-block-paragraph\">Alejo Maldonado<br \/>Vicepresidente &#8211; M\u00e9xico<\/p>\n\n\n\n<p class=\"wp-block-paragraph\">Jos\u00e9 \u00c1lvaro Preudhomme<br \/>Vicepresidente &#8211; Panam\u00e1<\/p>\n\n\n\n<p class=\"wp-block-paragraph\">Beatriz Carolina Crisorio<br \/>Vicepresidenta &#8211; Argentina<\/p>\n\n\n\n<p class=\"wp-block-paragraph\">V\u00edctor Jacinto Flecha<br \/>Vicepresidente &#8211; Paraguay<\/p>\n\n\n\n<p class=\"wp-block-paragraph\">Jos\u00e9 Eduardo Franco<br \/>Vicepresidente &#8211; Portugal<\/p>\n\n\n\n<p class=\"wp-block-paragraph\">Max Scriwanek<br \/>Vicepresidente &#8211; Curazao<\/p>\n\n\n\n<p class=\"wp-block-paragraph\">Anderson Brettas<br \/>Vicepresidente &#8211; Brasil<\/p>\n\n\n\n<p class=\"wp-block-paragraph\">Ren\u00e9 Villaboy<br \/>Vicepresidente &#8211; Cuba<\/p>\n\n\n\n<p class=\"wp-block-paragraph\">Claudia Mart\u00ednez<br \/>Vocal &#8211; Cuba<\/p>\n\n\n\n<p class=\"wp-block-paragraph\">Natalia Ceolin e Silva<br \/>Vocal &#8211; Brasil<\/p>\n\n\n\n<p class=\"wp-block-paragraph\">Uwe Christian Plachetka<br \/>Vocal &#8211; Austria<\/p>\n\n\n\n<p class=\"wp-block-paragraph\">Juan Paz y Mi\u00f1o<br \/>Miembro Honorario &#8211; Ecuador<\/p>\n\n\n\n<div style=\"height:100px\" aria-hidden=\"true\" class=\"wp-block-spacer\"><\/div>\n\n\n\n<p class=\"has-very-light-gray-color has-vivid-cyan-blue-background-color has-text-color has-background wp-block-paragraph\"><strong>Publicado por ADHILAC Internacional \u00a9 www.adhilac.com.ar<\/strong><\/p>\n\n\n\n<p class=\"has-vivid-cyan-blue-color has-very-light-gray-background-color has-text-color has-background wp-block-paragraph\"> Si Ud. desea asociarse de acuerdo a los Estatutos de ADHILAC&nbsp;<a href=\"https:\/\/adhilac.com.ar\/?page_id=263\">(ver)<\/a> complete el siguiente formulario&nbsp;(<a href=\"https:\/\/adhilac.com.ar\/?page_id=4779\">ver<\/a>)<\/p>\n\n\n\n<p class=\"has-very-light-gray-color has-vivid-cyan-blue-background-color has-text-color has-background wp-block-paragraph\"> E-mail:&nbsp;info@adhilac.com.ar <\/p>\n\n\n\n<p class=\"has-very-light-gray-color has-vivid-cyan-blue-background-color has-text-color has-background wp-block-paragraph\"> Twitter: @AdhilacInfo <\/p>\n\n\n<div class=\"wp-block-image\">\n<figure class=\"aligncenter size-large\"><img loading=\"lazy\" decoding=\"async\" width=\"85\" height=\"85\" src=\"https:\/\/adhilac.com.ar\/wp-content\/uploads\/2015\/02\/Logo-ADHILAC-Internacional-PEQ.jpg\" alt=\"\" class=\"wp-image-10473\"\/><\/figure>\n<\/div>\n\n\n<div style=\"height:55px\" aria-hidden=\"true\" class=\"wp-block-spacer\"><\/div>\n\n\n\n<p class=\"wp-block-paragraph\">Ver <a href=\"https:\/\/adhilac.com.ar\/?page_id=541\">Presentaci\u00f3n de ADHILAC<\/a>  <\/p>\n\n\n\n<div style=\"height:38px\" aria-hidden=\"true\" class=\"wp-block-spacer\"><\/div>\n\n\n\n<p class=\"has-text-align-center has-very-light-gray-color has-vivid-cyan-blue-background-color has-text-color has-background wp-block-paragraph\"><strong><a href=\"https:\/\/adhilac.com.ar\/?page_id=541\">QUIENES SOMOS<\/a><\/strong><\/p>\n\n\n\n<p class=\"has-text-align-center has-light-green-cyan-color has-vivid-cyan-blue-background-color has-text-color has-background wp-block-paragraph\"><strong><a href=\"https:\/\/adhilac.com.ar\/?page_id=15507\">DIRECTIVA DE ADHILAC INTERNACIONAL<\/a><\/strong><\/p>\n\n\n\n<p class=\"has-text-align-center has-pale-cyan-blue-color has-vivid-cyan-blue-background-color has-text-color has-background has-medium-font-size wp-block-paragraph\"><strong><a href=\"https:\/\/adhilac.com.ar\/?page_id=263\">Estatutos de ADHILAC<\/a><\/strong><\/p>\n\n\n\n<p class=\"has-text-align-center has-vivid-green-cyan-color has-light-green-cyan-background-color has-text-color has-background has-medium-font-size wp-block-paragraph\"><strong><a href=\"https:\/\/adhilac.com.ar\/?page_id=4779\">SOCIXS: TODO LO QUE HAY QUE SABER<\/a><\/strong><\/p>\n\n\n\n<div style=\"height:30px\" aria-hidden=\"true\" class=\"wp-block-spacer\"><\/div>\n\n\n\n<p class=\"has-text-align-center has-vivid-cyan-blue-color has-black-background-color has-text-color has-background wp-block-paragraph\"><a href=\"http:\/\/www.ariadnatucma.com.ar\">ARIADNA TUCMA REVISTA LATINOAMERICANA <\/a><\/p>\n\n\n\n<p class=\"has-text-align-center has-vivid-cyan-blue-color has-black-background-color has-text-color has-background wp-block-paragraph\"><a href=\"http:\/\/www.ariadnatucma.com.ar\">TWITTER @AdilacInfo<\/a><\/p>\n\n\n\n<p class=\"has-text-align-center has-vivid-cyan-blue-color has-black-background-color has-text-color has-background wp-block-paragraph\"><strong>OTROS TEMAS DE INTERES:<\/strong><\/p>\n\n\n\n<div style=\"height:30px\" aria-hidden=\"true\" class=\"wp-block-spacer\"><\/div>\n\n\n\n<p class=\"has-text-align-center has-pale-cyan-blue-background-color has-background wp-block-paragraph\"><strong><a href=\"https:\/\/adhilac.com.ar\/?page_id=267\">Declaraci\u00f3n de Caracas de ADHILAC (2007)<\/a><\/strong><\/p>\n\n\n\n<p class=\"has-text-align-center has-vivid-purple-color has-text-color has-background wp-block-paragraph\" style=\"background-color:#79c1ee\"><strong><a href=\"https:\/\/adhilac.com.ar\/?page_id=15873\">ADHILAC: Historia &#8211; Historidorxs<\/a><\/strong><\/p>\n\n\n\n<p class=\"has-text-align-center has-vivid-red-color has-pale-cyan-blue-background-color has-text-color has-background wp-block-paragraph\"><strong><a href=\"https:\/\/adhilac.com.ar\/?page_id=18436\" data-type=\"URL\" data-id=\"https:\/\/adhilac.com.ar\/?page_id=18436\" target=\"_blank\" rel=\"noreferrer noopener\">Historia de ADHILAC<\/a>  <\/strong><\/p>\n\n\n\n<p class=\"has-text-align-center has-vivid-red-color has-text-color has-background wp-block-paragraph\" style=\"background-color:#79c1ee\"><strong><a href=\"https:\/\/adhilac.com.ar\/?page_id=15876\">ADHILAC 20 a\u00f1os despu\u00e9s (1974-1994)<\/a> <\/strong><\/p>\n\n\n\n<p class=\"has-text-align-center has-luminous-vivid-orange-color has-pale-cyan-blue-background-color has-text-color has-background wp-block-paragraph\"><strong><a href=\"https:\/\/adhilac.com.ar\/?page_id=15887\">ADHILAC: Miembrxs fundadores<\/a><\/strong><\/p>\n\n\n\n<p class=\"has-text-align-center has-luminous-vivid-orange-color has-text-color has-background wp-block-paragraph\" style=\"background-color:#79c1ee\"><strong><a href=\"https:\/\/adhilac.com.ar\/?page_id=15943\">ADHILAC: Historiadorxs Destacadxs<\/a><\/strong><\/p>\n\n\n\n<div style=\"height:30px\" aria-hidden=\"true\" class=\"wp-block-spacer\"><\/div>\n\n\n\n<p class=\"has-text-align-center has-very-light-gray-color has-vivid-cyan-blue-background-color has-text-color has-background wp-block-paragraph\"><strong><a href=\"https:\/\/adhilac.com.ar\/?page_id=8220\">BICENTENARIO<\/a><\/strong><\/p>\n\n\n\n<p class=\"has-text-align-center has-vivid-cyan-blue-color has-very-light-gray-background-color has-text-color has-background wp-block-paragraph\"><strong><a href=\"https:\/\/adhilac.com.ar\/?page_id=8279\">BIBLIOTECA<\/a><\/strong><\/p>\n\n\n\n<p class=\"has-text-align-center has-very-light-gray-color has-vivid-cyan-blue-background-color has-text-color has-background wp-block-paragraph\"><strong><a href=\"https:\/\/adhilac.com.ar\/?page_id=1698\">ENLACES<\/a> <\/strong><\/p>\n","protected":false},"excerpt":{"rendered":"<p>Fallece en La Habana Mar\u00eda del Carmen Maseda Urra, \u00a0Licenciada en Historia y M\u00e1ster en Historia Contempor\u00e1nea fue Profesora Auxiliar de Historia de \u00c1frica y Medio Oriente de la Universidad de La Habana. Activa socia de la Asociaci\u00f3n de Historiadores Latinoamericanos y del Caribe (ADHILAC) ella, junto a Sergio Guerra Vilaboy, mantuvieron siempre abiertas las [&hellip;]<\/p>\n","protected":false},"author":2,"featured_media":0,"comment_status":"closed","ping_status":"","sticky":false,"template":"","format":"standard","meta":{"_crdt_document":"","footnotes":""},"categories":[351,40],"tags":[473,148,63,1309],"class_list":["post-18600","post","type-post","status-publish","format-standard","hentry","category-historiadores","category-informaciones","tag-africa","tag-caribe","tag-cuba","tag-maria-del-carmen-maseda"],"_links":{"self":[{"href":"https:\/\/adhilac.com.ar\/index.php?rest_route=\/wp\/v2\/posts\/18600","targetHints":{"allow":["GET"]}}],"collection":[{"href":"https:\/\/adhilac.com.ar\/index.php?rest_route=\/wp\/v2\/posts"}],"about":[{"href":"https:\/\/adhilac.com.ar\/index.php?rest_route=\/wp\/v2\/types\/post"}],"author":[{"embeddable":true,"href":"https:\/\/adhilac.com.ar\/index.php?rest_route=\/wp\/v2\/users\/2"}],"replies":[{"embeddable":true,"href":"https:\/\/adhilac.com.ar\/index.php?rest_route=%2Fwp%2Fv2%2Fcomments&post=18600"}],"version-history":[{"count":5,"href":"https:\/\/adhilac.com.ar\/index.php?rest_route=\/wp\/v2\/posts\/18600\/revisions"}],"predecessor-version":[{"id":18611,"href":"https:\/\/adhilac.com.ar\/index.php?rest_route=\/wp\/v2\/posts\/18600\/revisions\/18611"}],"wp:attachment":[{"href":"https:\/\/adhilac.com.ar\/index.php?rest_route=%2Fwp%2Fv2%2Fmedia&parent=18600"}],"wp:term":[{"taxonomy":"category","embeddable":true,"href":"https:\/\/adhilac.com.ar\/index.php?rest_route=%2Fwp%2Fv2%2Fcategories&post=18600"},{"taxonomy":"post_tag","embeddable":true,"href":"https:\/\/adhilac.com.ar\/index.php?rest_route=%2Fwp%2Fv2%2Ftags&post=18600"}],"curies":[{"name":"wp","href":"https:\/\/api.w.org\/{rel}","templated":true}]}}