{"id":18619,"date":"2023-01-24T11:21:41","date_gmt":"2023-01-24T14:21:41","guid":{"rendered":"https:\/\/adhilac.com.ar\/?p=18619"},"modified":"2023-01-24T11:21:41","modified_gmt":"2023-01-24T14:21:41","slug":"declaracion-de-la-cumbre-de-celac","status":"publish","type":"post","link":"https:\/\/adhilac.com.ar\/?p=18619","title":{"rendered":"Declaraci\u00f3n de la cumbre de CELAC"},"content":{"rendered":"\n<p class=\"wp-block-paragraph\">En 2011 se constituyo la Comunidad de Estados Latinoamericanos y Caribe\u00f1os (CELAC), \u00abmecanismo intergubernamental para el di\u00e1logo y el acuerdo pol\u00edtico, que incluye permanentemente treinta y tres pa\u00edses de Am\u00e9rica Latina y el Caribe. Es un foro regional que re\u00fane a toda Am\u00e9rica Latina y el Caribe pa\u00edses.Celac aspira a ser una voz \u00fanica y decisiones pol\u00edticas estructuradas de toma de decisiones en el \u00e1mbito pol\u00edtico y la cooperaci\u00f3n en apoyo de los programas de integraci\u00f3n regional.\u00bb Esta entidad es \u00abel sucesor del Grupo de R\u00edo y la Cumbre de Am\u00e9rica Latina y el Caribe sobre Integraci\u00f3n y Desarrollo (CALC)\u00bb.<\/p>\n\n\n\n<div data-wp-interactive=\"core\/file\" class=\"wp-block-file\"><object data-wp-bind--hidden=\"!state.hasPdfPreview\" hidden class=\"wp-block-file__embed\" data=\"https:\/\/adhilac.com.ar\/wp-content\/uploads\/2023\/01\/Declaracion-Cumbre-CELAC-2023.pdf\" type=\"application\/pdf\" style=\"width:100%;height:600px\" aria-label=\"Incrustado de Declaracion-Cumbre-CELAC-2023.\"><\/object><a id=\"wp-block-file--media-1aedcf72-0654-4f3a-b3ab-9031da0ceb75\" href=\"https:\/\/adhilac.com.ar\/wp-content\/uploads\/2023\/01\/Declaracion-Cumbre-CELAC-2023.pdf\">Declaracion-Cumbre-CELAC-2023<\/a><a href=\"https:\/\/adhilac.com.ar\/wp-content\/uploads\/2023\/01\/Declaracion-Cumbre-CELAC-2023.pdf\" class=\"wp-block-file__button wp-element-button\" download aria-describedby=\"wp-block-file--media-1aedcf72-0654-4f3a-b3ab-9031da0ceb75\">Descarga<\/a><\/div>\n\n\n\n<!--more-->\n\n\n\n<p class=\"wp-block-paragraph\"><br \/>La CELAC esta conformada por Antigua y Barbuda, Argentina, Bahamas, Barbados, Belice, Bolivia, Brasil, Chile, Colombia, Costa Rica, Cuba, Dominica, Ecuador, El Salvador, Granada, Guatemala, Guyana, Honduras, Jamaica, M\u00e9xico. , Nicaragua, Panam\u00e1, Paraguay, Per\u00fa, Rep\u00fablica Dominicana, Santa Luc\u00eda, San Crist\u00f3bal y Nieves, San Vicente y las Granadinas, Trinidad y Tobago. Uruguay y Venezuela.<\/p>\n\n\n\n<p class=\"wp-block-paragraph\"><br \/>Las principales reuniones fueron las siguientes.<\/p>\n\n\n\n<p class=\"wp-block-paragraph\">1.- Diciembre 2011 -VENEZUELA<\/p>\n\n\n\n<p class=\"wp-block-paragraph\">2.- Enero 2013 -CHILE<\/p>\n\n\n\n<p class=\"wp-block-paragraph\">3.-Diciembre 2014-CUBA<\/p>\n\n\n\n<p class=\"wp-block-paragraph\">4.- 28 y 29 de enero de 2015-COSTA RICA<\/p>\n\n\n\n<p class=\"wp-block-paragraph\">5.-Enero 2016 -ECUADOR<\/p>\n\n\n\n<p class=\"wp-block-paragraph\">6.-Enero 2017- REP\u00daBLICA DOMINICANA<\/p>\n\n\n\n<p class=\"wp-block-paragraph\">7.-Enero 2018-EL SALVADOR<\/p>\n\n\n\n<p class=\"wp-block-paragraph\">8.-Enero 2019 \u2013 BOLIVIA<\/p>\n\n\n\n<p class=\"wp-block-paragraph\">9.-Enero-2020 \u2013 M\u00c9XICO<\/p>\n\n\n\n<p class=\"wp-block-paragraph\">10.-ENERO-2021-MEXICO<\/p>\n\n\n\n<p class=\"wp-block-paragraph\">11.-Enero-2022 -REP\u00daBLICA ARGENTINA<\/p>\n\n\n\n<p class=\"wp-block-paragraph\">En la actualidad en la ciudad de Buenos Aires, Argentina, se realiza la VII Cumbre de Jefas y Jefes de Estado de la Comunidad de Estados Americanos y Caribe\u00f1os con 15 mandatarios y un total de representantes de 33 paises.<\/p>\n\n\n\n<p class=\"wp-block-paragraph\">Autoridades presentes que participan de la VII Cumbre de CELAC los presidentes de Argentina, Alberto Fern\u00e1ndez, Bolivia, Luis Arce, Brasil, Luiz In\u00e1cio Lula da Silva, Chile, Gabriel Boric Font, Colombia, Gustavo Petro,  Cuba, Miguel D\u00edaz Canel, Honduras, Xiomara Castro, Paraguay, Mario Abdo Ben\u00edtez, Rep\u00fablica Dominicana, Luis Abinader, Uruguay, Luis Lacalle Pou, los Primeros Ministros de Bahamas, Philip Davis, Barbados, M\u00eda Mottley, Guyana, Mark Philips, Hait\u00ed, Ariel Henry,  San Vicente y Granadinas, Ralph Gonsalves, el Primer Vicepresidente de Costa Rica, Stephan Brunner Neibig, el Vicepresidente de El Salvador, F\u00e9lix Ulloa, los Cancilleres de Antigua y Barbuda, Paul Chet Greene, Belice, Eamon Courtenay, Dominica, Vince Henderson,  Ecuador, Juan Carlos Holgu\u00edn, Granada, Joseph Andall, Guatemala, Mario B\u00facaro Flores, Jamaica, Kamina Johnson Smith,  M\u00e9xico, Marcelo Ebrard, Nicaragua, Denis Moncada,  de Panam\u00e1, Janaina Tewaney, Per\u00fa, Ana Gervasi, San Crist\u00f3bal y Nieves, Denzil Douglas, Santa Luc\u00eda, Alva Romanus Baptiste, Surinam, Albert Ramdin, Trinidad y Tobago, Amery Browne y Venezuela. <\/p>\n\n\n\n<p class=\"has-very-light-gray-color has-vivid-cyan-blue-background-color has-text-color has-background wp-block-paragraph\"><strong>Publicado por ADHILAC Internacional \u00a9 www.adhilac.com.ar<\/strong><\/p>\n\n\n\n<p class=\"has-vivid-cyan-blue-color has-very-light-gray-background-color has-text-color has-background wp-block-paragraph\"> Si Ud. desea asociarse de acuerdo a los Estatutos de ADHILAC&nbsp;<a href=\"https:\/\/adhilac.com.ar\/?page_id=263\">(ver)<\/a> complete el siguiente formulario&nbsp;(<a href=\"https:\/\/adhilac.com.ar\/?page_id=4779\">ver<\/a>)<\/p>\n\n\n\n<p class=\"has-very-light-gray-color has-vivid-cyan-blue-background-color has-text-color has-background wp-block-paragraph\"> E-mail:&nbsp;info@adhilac.com.ar <\/p>\n\n\n\n<p class=\"has-very-light-gray-color has-vivid-cyan-blue-background-color has-text-color has-background wp-block-paragraph\"> Twitter: @AdhilacInfo <\/p>\n\n\n<div class=\"wp-block-image\">\n<figure class=\"aligncenter size-large\"><img loading=\"lazy\" decoding=\"async\" width=\"85\" height=\"85\" src=\"https:\/\/adhilac.com.ar\/wp-content\/uploads\/2015\/02\/Logo-ADHILAC-Internacional-PEQ.jpg\" alt=\"\" class=\"wp-image-10473\"\/><\/figure>\n<\/div>\n\n\n<div style=\"height:55px\" aria-hidden=\"true\" class=\"wp-block-spacer\"><\/div>\n\n\n\n<p class=\"wp-block-paragraph\">Ver <a href=\"https:\/\/adhilac.com.ar\/?page_id=541\">Presentaci\u00f3n de ADHILAC<\/a>  <\/p>\n\n\n\n<div style=\"height:38px\" aria-hidden=\"true\" class=\"wp-block-spacer\"><\/div>\n\n\n\n<p class=\"has-text-align-center has-very-light-gray-color has-vivid-cyan-blue-background-color has-text-color has-background wp-block-paragraph\"><strong><a href=\"https:\/\/adhilac.com.ar\/?page_id=541\">QUIENES SOMOS<\/a><\/strong><\/p>\n\n\n\n<p class=\"has-text-align-center has-light-green-cyan-color has-vivid-cyan-blue-background-color has-text-color has-background wp-block-paragraph\"><strong><a href=\"https:\/\/adhilac.com.ar\/?page_id=15507\">DIRECTIVA DE ADHILAC INTERNACIONAL<\/a><\/strong><\/p>\n\n\n\n<p class=\"has-text-align-center has-pale-cyan-blue-color has-vivid-cyan-blue-background-color has-text-color has-background has-medium-font-size wp-block-paragraph\"><strong><a href=\"https:\/\/adhilac.com.ar\/?page_id=263\">Estatutos de ADHILAC<\/a><\/strong><\/p>\n\n\n\n<p class=\"has-text-align-center has-vivid-green-cyan-color has-light-green-cyan-background-color has-text-color has-background has-medium-font-size wp-block-paragraph\"><strong><a href=\"https:\/\/adhilac.com.ar\/?page_id=4779\">SOCIXS: TODO LO QUE HAY QUE SABER<\/a><\/strong><\/p>\n\n\n\n<div style=\"height:30px\" aria-hidden=\"true\" class=\"wp-block-spacer\"><\/div>\n\n\n\n<p class=\"has-text-align-center has-vivid-cyan-blue-color has-black-background-color has-text-color has-background wp-block-paragraph\"><a href=\"http:\/\/www.ariadnatucma.com.ar\">ARIADNA TUCMA REVISTA LATINOAMERICANA <\/a><\/p>\n\n\n\n<p class=\"has-text-align-center has-vivid-cyan-blue-color has-black-background-color has-text-color has-background wp-block-paragraph\"><a href=\"http:\/\/www.ariadnatucma.com.ar\">TWITTER @AdilacInfo<\/a><\/p>\n\n\n\n<p class=\"has-text-align-center has-vivid-cyan-blue-color has-black-background-color has-text-color has-background wp-block-paragraph\"><strong>OTROS TEMAS DE INTERES:<\/strong><\/p>\n\n\n\n<div style=\"height:30px\" aria-hidden=\"true\" class=\"wp-block-spacer\"><\/div>\n\n\n\n<p class=\"has-text-align-center has-pale-cyan-blue-background-color has-background wp-block-paragraph\"><strong><a href=\"https:\/\/adhilac.com.ar\/?page_id=267\">Declaraci\u00f3n de Caracas de ADHILAC (2007)<\/a><\/strong><\/p>\n\n\n\n<p class=\"has-text-align-center has-vivid-purple-color has-text-color has-background wp-block-paragraph\" style=\"background-color:#79c1ee\"><strong><a href=\"https:\/\/adhilac.com.ar\/?page_id=15873\">ADHILAC: Historia &#8211; Historidorxs<\/a><\/strong><\/p>\n\n\n\n<p class=\"has-text-align-center has-vivid-red-color has-pale-cyan-blue-background-color has-text-color has-background wp-block-paragraph\"><strong><a href=\"https:\/\/adhilac.com.ar\/?page_id=18436\" data-type=\"URL\" data-id=\"https:\/\/adhilac.com.ar\/?page_id=18436\" target=\"_blank\" rel=\"noreferrer noopener\">Historia de ADHILAC<\/a>  <\/strong><\/p>\n\n\n\n<p class=\"has-text-align-center has-vivid-red-color has-text-color has-background wp-block-paragraph\" style=\"background-color:#79c1ee\"><strong><a href=\"https:\/\/adhilac.com.ar\/?page_id=15876\">ADHILAC 20 a\u00f1os despu\u00e9s (1974-1994)<\/a> <\/strong><\/p>\n\n\n\n<p class=\"has-text-align-center has-luminous-vivid-orange-color has-pale-cyan-blue-background-color has-text-color has-background wp-block-paragraph\"><strong><a href=\"https:\/\/adhilac.com.ar\/?page_id=15887\">ADHILAC: Miembrxs fundadores<\/a><\/strong><\/p>\n\n\n\n<p class=\"has-text-align-center has-luminous-vivid-orange-color has-text-color has-background wp-block-paragraph\" style=\"background-color:#79c1ee\"><strong><a href=\"https:\/\/adhilac.com.ar\/?page_id=15943\">ADHILAC: Historiadorxs Destacadxs<\/a><\/strong><\/p>\n\n\n\n<div style=\"height:30px\" aria-hidden=\"true\" class=\"wp-block-spacer\"><\/div>\n\n\n\n<p class=\"has-text-align-center has-very-light-gray-color has-vivid-cyan-blue-background-color has-text-color has-background wp-block-paragraph\"><strong><a href=\"https:\/\/adhilac.com.ar\/?page_id=8220\">BICENTENARIO<\/a><\/strong><\/p>\n\n\n\n<p class=\"has-text-align-center has-vivid-cyan-blue-color has-very-light-gray-background-color has-text-color has-background wp-block-paragraph\"><strong><a href=\"https:\/\/adhilac.com.ar\/?page_id=8279\">BIBLIOTECA<\/a><\/strong><\/p>\n\n\n\n<p class=\"has-text-align-center has-very-light-gray-color has-vivid-cyan-blue-background-color has-text-color has-background wp-block-paragraph\"><strong><a href=\"https:\/\/adhilac.com.ar\/?page_id=1698\">ENLACES<\/a> <\/strong><\/p>\n","protected":false},"excerpt":{"rendered":"<p>En 2011 se constituyo la Comunidad de Estados Latinoamericanos y Caribe\u00f1os (CELAC), \u00abmecanismo intergubernamental para el di\u00e1logo y el acuerdo pol\u00edtico, que incluye permanentemente treinta y tres pa\u00edses de Am\u00e9rica Latina y el Caribe. Es un foro regional que re\u00fane a toda Am\u00e9rica Latina y el Caribe pa\u00edses.Celac aspira a ser una voz \u00fanica y [&hellip;]<\/p>\n","protected":false},"author":2,"featured_media":0,"comment_status":"closed","ping_status":"","sticky":false,"template":"","format":"standard","meta":{"_crdt_document":"","footnotes":""},"categories":[40],"tags":[],"class_list":["post-18619","post","type-post","status-publish","format-standard","hentry","category-informaciones"],"_links":{"self":[{"href":"https:\/\/adhilac.com.ar\/index.php?rest_route=\/wp\/v2\/posts\/18619","targetHints":{"allow":["GET"]}}],"collection":[{"href":"https:\/\/adhilac.com.ar\/index.php?rest_route=\/wp\/v2\/posts"}],"about":[{"href":"https:\/\/adhilac.com.ar\/index.php?rest_route=\/wp\/v2\/types\/post"}],"author":[{"embeddable":true,"href":"https:\/\/adhilac.com.ar\/index.php?rest_route=\/wp\/v2\/users\/2"}],"replies":[{"embeddable":true,"href":"https:\/\/adhilac.com.ar\/index.php?rest_route=%2Fwp%2Fv2%2Fcomments&post=18619"}],"version-history":[{"count":3,"href":"https:\/\/adhilac.com.ar\/index.php?rest_route=\/wp\/v2\/posts\/18619\/revisions"}],"predecessor-version":[{"id":18623,"href":"https:\/\/adhilac.com.ar\/index.php?rest_route=\/wp\/v2\/posts\/18619\/revisions\/18623"}],"wp:attachment":[{"href":"https:\/\/adhilac.com.ar\/index.php?rest_route=%2Fwp%2Fv2%2Fmedia&parent=18619"}],"wp:term":[{"taxonomy":"category","embeddable":true,"href":"https:\/\/adhilac.com.ar\/index.php?rest_route=%2Fwp%2Fv2%2Fcategories&post=18619"},{"taxonomy":"post_tag","embeddable":true,"href":"https:\/\/adhilac.com.ar\/index.php?rest_route=%2Fwp%2Fv2%2Ftags&post=18619"}],"curies":[{"name":"wp","href":"https:\/\/api.w.org\/{rel}","templated":true}]}}