{"id":18625,"date":"2023-01-26T11:21:42","date_gmt":"2023-01-26T14:21:42","guid":{"rendered":"https:\/\/adhilac.com.ar\/?p=18625"},"modified":"2023-01-27T07:07:45","modified_gmt":"2023-01-27T10:07:45","slug":"repudio-de-adhilac-internacional-a-la-situacion-en-peru","status":"publish","type":"post","link":"https:\/\/adhilac.com.ar\/?p=18625","title":{"rendered":"REPUDIO DE ADHILAC INTERNACIONAL A LA SITUACI\u00d3N EN PER\u00da"},"content":{"rendered":"\n<p class=\"wp-block-paragraph\">La Asociaci\u00f3n de Historiadores Latinoamericanos y del Caribe (ADHILAC Internacional) repudia la violencia represiva desatada sobre el pueblo peruano que ha dejado decenas de muertos, centenares de heridos y miles de detenidos en forma arbitraria. A lo largo del pa\u00eds la poblaci\u00f3n ha salido a manifestarse contra el Golpe de Estado como lo han demostrado los pueblos originarios, los trabajadores o la comunidad acad\u00e9mica recientemente reprimida en la Universidad Mayor de San Marcos y en Universidad Nacional de Ingenier\u00eda.<\/p>\n\n\n\n<p class=\"wp-block-paragraph\">Urge el regreso a la vida constitucional, la vigencia real de las instituciones nacionales, la instauraci\u00f3n de mecanismos democr\u00e1ticos de discusi\u00f3n y di\u00e1logo, como tambi\u00e9n el respeto a las garant\u00edas individuales y los derechos humanos de los peruanos que han sido pisoteados por las autoridades golpistas, y que constituyen hechos intolerables para el pueblo y para toda consciencia latinoamericana y caribe\u00f1a que busca dignidad, paz y vida con bienestar.<\/p>\n\n\n\n<p class=\"wp-block-paragraph\"><strong>Jorge El\u00edas Caro<\/strong> Presidente (Colombia)<\/p>\n\n\n\n<p class=\"wp-block-paragraph\"><strong>Sergio Guerra Vilaboy<\/strong> Presidente Honorario (Cuba)<\/p>\n\n\n\n<p class=\"wp-block-paragraph\"><strong>Juan Paz y Mi\u00f1o <\/strong>Miembro Honorario (Ecuador)<\/p>\n\n\n\n<p class=\"wp-block-paragraph\"><strong>Alejo Maldonado Gallardo<\/strong> Vicepresidente (M\u00e9xico)<\/p>\n\n\n\n<p class=\"wp-block-paragraph\"><strong>Carolina Crisorio <\/strong>Vicepresidenta (Argentina)<\/p>\n\n\n\n<p class=\"wp-block-paragraph\"><strong>Jos\u00e9 Eduardo Franco <\/strong>Vicepresidente (Portugal)<\/p>\n\n\n\n<p class=\"wp-block-paragraph\"><strong>Anderson Brettas <\/strong>Vicepresidente (Brasil)<\/p>\n\n\n\n<p class=\"wp-block-paragraph\"><strong>Ren\u00e9 Villaboy<\/strong> Vicepresidente (Cuba)<\/p>\n\n\n\n<p class=\"wp-block-paragraph\"><strong>Jos\u00e9 \u00c1lvaro Preudhomme <\/strong>Vicepresidente (Panam\u00e1)<\/p>\n\n\n\n<p class=\"wp-block-paragraph\"><strong>Christian Cwik <\/strong>Secretario Ejecutivo (Austria)<\/p>\n\n\n\n<figure class=\"wp-block-image size-full is-resized\"><img loading=\"lazy\" decoding=\"async\" src=\"https:\/\/adhilac.com.ar\/wp-content\/uploads\/2012\/08\/Logo-ADHILAC-Internacional.jpg\" alt=\"\" class=\"wp-image-6750\" width=\"99\" height=\"156\"\/><\/figure>\n\n\n\n<!--more-->\n\n\n\n<p class=\"has-very-light-gray-color has-vivid-cyan-blue-background-color has-text-color has-background wp-block-paragraph\"><strong>Publicado por ADHILAC Internacional \u00a9 www.adhilac.com.ar<\/strong><\/p>\n\n\n\n<p class=\"has-vivid-cyan-blue-color has-very-light-gray-background-color has-text-color has-background wp-block-paragraph\"> Si Ud. desea asociarse de acuerdo a los Estatutos de ADHILAC&nbsp;<a href=\"https:\/\/adhilac.com.ar\/?page_id=263\">(ver)<\/a> complete el siguiente formulario&nbsp;(<a href=\"https:\/\/adhilac.com.ar\/?page_id=4779\">ver<\/a>)<\/p>\n\n\n\n<p class=\"has-very-light-gray-color has-vivid-cyan-blue-background-color has-text-color has-background wp-block-paragraph\"> E-mail:&nbsp;info@adhilac.com.ar <\/p>\n\n\n\n<p class=\"has-very-light-gray-color has-vivid-cyan-blue-background-color has-text-color has-background wp-block-paragraph\"> Twitter: @AdhilacInfo <\/p>\n\n\n<div class=\"wp-block-image\">\n<figure class=\"aligncenter size-large\"><img loading=\"lazy\" decoding=\"async\" width=\"85\" height=\"85\" src=\"https:\/\/adhilac.com.ar\/wp-content\/uploads\/2015\/02\/Logo-ADHILAC-Internacional-PEQ.jpg\" alt=\"\" class=\"wp-image-10473\"\/><\/figure>\n<\/div>\n\n\n<div style=\"height:55px\" aria-hidden=\"true\" class=\"wp-block-spacer\"><\/div>\n\n\n\n<p class=\"wp-block-paragraph\">Ver <a href=\"https:\/\/adhilac.com.ar\/?page_id=541\">Presentaci\u00f3n de ADHILAC<\/a>  <\/p>\n\n\n\n<div style=\"height:38px\" aria-hidden=\"true\" class=\"wp-block-spacer\"><\/div>\n\n\n\n<p class=\"has-text-align-center has-very-light-gray-color has-vivid-cyan-blue-background-color has-text-color has-background wp-block-paragraph\"><strong><a href=\"https:\/\/adhilac.com.ar\/?page_id=541\">QUIENES SOMOS<\/a><\/strong><\/p>\n\n\n\n<p class=\"has-text-align-center has-light-green-cyan-color has-vivid-cyan-blue-background-color has-text-color has-background wp-block-paragraph\"><strong><a href=\"https:\/\/adhilac.com.ar\/?page_id=15507\">DIRECTIVA DE ADHILAC INTERNACIONAL<\/a><\/strong><\/p>\n\n\n\n<p class=\"has-text-align-center has-pale-cyan-blue-color has-vivid-cyan-blue-background-color has-text-color has-background has-medium-font-size wp-block-paragraph\"><strong><a href=\"https:\/\/adhilac.com.ar\/?page_id=263\">Estatutos de ADHILAC<\/a><\/strong><\/p>\n\n\n\n<p class=\"has-text-align-center has-vivid-green-cyan-color has-light-green-cyan-background-color has-text-color has-background has-medium-font-size wp-block-paragraph\"><strong><a href=\"https:\/\/adhilac.com.ar\/?page_id=4779\">SOCIXS: TODO LO QUE HAY QUE SABER<\/a><\/strong><\/p>\n\n\n\n<div style=\"height:30px\" aria-hidden=\"true\" class=\"wp-block-spacer\"><\/div>\n\n\n\n<p class=\"has-text-align-center has-vivid-cyan-blue-color has-black-background-color has-text-color has-background wp-block-paragraph\"><a href=\"http:\/\/www.ariadnatucma.com.ar\">ARIADNA TUCMA REVISTA LATINOAMERICANA <\/a><\/p>\n\n\n\n<p class=\"has-text-align-center has-vivid-cyan-blue-color has-black-background-color has-text-color has-background wp-block-paragraph\"><a href=\"http:\/\/www.ariadnatucma.com.ar\">TWITTER @AdilacInfo<\/a><\/p>\n\n\n\n<p class=\"has-text-align-center has-vivid-cyan-blue-color has-black-background-color has-text-color has-background wp-block-paragraph\"><strong>OTROS TEMAS DE INTERES:<\/strong><\/p>\n\n\n\n<div style=\"height:30px\" aria-hidden=\"true\" class=\"wp-block-spacer\"><\/div>\n\n\n\n<p class=\"has-text-align-center has-pale-cyan-blue-background-color has-background wp-block-paragraph\"><strong><a href=\"https:\/\/adhilac.com.ar\/?page_id=267\">Declaraci\u00f3n de Caracas de ADHILAC (2007)<\/a><\/strong><\/p>\n\n\n\n<p class=\"has-text-align-center has-vivid-purple-color has-text-color has-background wp-block-paragraph\" style=\"background-color:#79c1ee\"><strong><a href=\"https:\/\/adhilac.com.ar\/?page_id=15873\">ADHILAC: Historia &#8211; Historidorxs<\/a><\/strong><\/p>\n\n\n\n<p class=\"has-text-align-center has-vivid-red-color has-pale-cyan-blue-background-color has-text-color has-background wp-block-paragraph\"><strong><a href=\"https:\/\/adhilac.com.ar\/?page_id=18436\" data-type=\"URL\" data-id=\"https:\/\/adhilac.com.ar\/?page_id=18436\" target=\"_blank\" rel=\"noreferrer noopener\">Historia de ADHILAC<\/a>  <\/strong><\/p>\n\n\n\n<p class=\"has-text-align-center has-vivid-red-color has-text-color has-background wp-block-paragraph\" style=\"background-color:#79c1ee\"><strong><a href=\"https:\/\/adhilac.com.ar\/?page_id=15876\">ADHILAC 20 a\u00f1os despu\u00e9s (1974-1994)<\/a> <\/strong><\/p>\n\n\n\n<p class=\"has-text-align-center has-luminous-vivid-orange-color has-pale-cyan-blue-background-color has-text-color has-background wp-block-paragraph\"><strong><a href=\"https:\/\/adhilac.com.ar\/?page_id=15887\">ADHILAC: Miembrxs fundadores<\/a><\/strong><\/p>\n\n\n\n<p class=\"has-text-align-center has-luminous-vivid-orange-color has-text-color has-background wp-block-paragraph\" style=\"background-color:#79c1ee\"><strong><a href=\"https:\/\/adhilac.com.ar\/?page_id=15943\">ADHILAC: Historiadorxs Destacadxs<\/a><\/strong><\/p>\n\n\n\n<div style=\"height:30px\" aria-hidden=\"true\" class=\"wp-block-spacer\"><\/div>\n\n\n\n<p class=\"has-text-align-center has-very-light-gray-color has-vivid-cyan-blue-background-color has-text-color has-background wp-block-paragraph\"><strong><a href=\"https:\/\/adhilac.com.ar\/?page_id=8220\">BICENTENARIO<\/a><\/strong><\/p>\n\n\n\n<p class=\"has-text-align-center has-vivid-cyan-blue-color has-very-light-gray-background-color has-text-color has-background wp-block-paragraph\"><strong><a href=\"https:\/\/adhilac.com.ar\/?page_id=8279\">BIBLIOTECA<\/a><\/strong><\/p>\n\n\n\n<p class=\"has-text-align-center has-very-light-gray-color has-vivid-cyan-blue-background-color has-text-color has-background wp-block-paragraph\"><strong><a href=\"https:\/\/adhilac.com.ar\/?page_id=1698\">ENLACES<\/a> <\/strong><\/p>\n","protected":false},"excerpt":{"rendered":"<p>La Asociaci\u00f3n de Historiadores Latinoamericanos y del Caribe (ADHILAC Internacional) repudia la violencia represiva desatada sobre el pueblo peruano que ha dejado decenas de muertos, centenares de heridos y miles de detenidos en forma arbitraria. A lo largo del pa\u00eds la poblaci\u00f3n ha salido a manifestarse contra el Golpe de Estado como lo han demostrado [&hellip;]<\/p>\n","protected":false},"author":2,"featured_media":0,"comment_status":"closed","ping_status":"","sticky":false,"template":"","format":"standard","meta":{"_crdt_document":"","footnotes":""},"categories":[3],"tags":[184,128,411],"class_list":["post-18625","post","type-post","status-publish","format-standard","hentry","category-adhilac-inter","tag-adhilac-internacional","tag-golpe-de-estado","tag-peru"],"_links":{"self":[{"href":"https:\/\/adhilac.com.ar\/index.php?rest_route=\/wp\/v2\/posts\/18625","targetHints":{"allow":["GET"]}}],"collection":[{"href":"https:\/\/adhilac.com.ar\/index.php?rest_route=\/wp\/v2\/posts"}],"about":[{"href":"https:\/\/adhilac.com.ar\/index.php?rest_route=\/wp\/v2\/types\/post"}],"author":[{"embeddable":true,"href":"https:\/\/adhilac.com.ar\/index.php?rest_route=\/wp\/v2\/users\/2"}],"replies":[{"embeddable":true,"href":"https:\/\/adhilac.com.ar\/index.php?rest_route=%2Fwp%2Fv2%2Fcomments&post=18625"}],"version-history":[{"count":2,"href":"https:\/\/adhilac.com.ar\/index.php?rest_route=\/wp\/v2\/posts\/18625\/revisions"}],"predecessor-version":[{"id":18628,"href":"https:\/\/adhilac.com.ar\/index.php?rest_route=\/wp\/v2\/posts\/18625\/revisions\/18628"}],"wp:attachment":[{"href":"https:\/\/adhilac.com.ar\/index.php?rest_route=%2Fwp%2Fv2%2Fmedia&parent=18625"}],"wp:term":[{"taxonomy":"category","embeddable":true,"href":"https:\/\/adhilac.com.ar\/index.php?rest_route=%2Fwp%2Fv2%2Fcategories&post=18625"},{"taxonomy":"post_tag","embeddable":true,"href":"https:\/\/adhilac.com.ar\/index.php?rest_route=%2Fwp%2Fv2%2Ftags&post=18625"}],"curies":[{"name":"wp","href":"https:\/\/api.w.org\/{rel}","templated":true}]}}