{"id":1865,"date":"2010-07-12T09:58:28","date_gmt":"2010-07-12T12:58:28","guid":{"rendered":"https:\/\/adhilac.com.ar\/?p=1865"},"modified":"2012-07-28T10:58:02","modified_gmt":"2012-07-28T13:58:02","slug":"presentacion-del-libro-%e2%80%9cargentina-en-el-bicentenario-de-la-revolucion-de-mayo-historia-y-perspectivas%e2%80%9d","status":"publish","type":"post","link":"https:\/\/adhilac.com.ar\/?p=1865","title":{"rendered":"Presentaci\u00f3n del libro: \u201cArgentina en el Bicentenario de la Revoluci\u00f3n de Mayo historia y perspectivas\u201d."},"content":{"rendered":"<h3 style=\"text-align: justify;\"><span style=\"color: #339966;\">Festejos del Bicentenario en la Argentina<\/span><\/h3>\n<p style=\"text-align: justify;\">&nbsp;<\/p>\n<p style=\"text-align: justify;\"><span style=\"color: #800000;\"><img loading=\"lazy\" decoding=\"async\" class=\"alignleft\" title=\"Arg en Bicenten Mateu  - Color-2\" src=\"..\/wp-content\/uploads\/2010\/06\/Arg-en-Bicenten-Mateu-Color-2.jpg\" alt=\"Arg en Bicenten Mateu - Color-2\" width=\"260\" height=\"372\" \/><\/span><\/p>\n<p style=\"text-align: justify;\">En el marco del Bicentenario el Departamento de Historia de la Facultad de Filosof\u00eda y Letras de la Universidad de Buenos Aires present\u00f3 el libro <em>Argentina en el Bicentenario de la Revoluci\u00f3n de Mayo historia y perspectivas<\/em>.<\/p>\n<p style=\"text-align: justify;\">El lugar de reuni\u00f3n fue la Sala Silenciosa de la Direcci\u00f3n de Bibliotecas \u00abProf. Augusto Ra\u00fal Cortazar\u00bb el d\u00eda 25 de junio de 2010 a las 19 hs.<\/p>\n<p style=\"text-align: justify;\">Entre los panelistas se encontraban el Dr. Mariano Rodriguez Otero y los profesores Gabriela Gresores, Claudio Spiguel, Guillermo Volkind, Cristina Mateu.<!--more--><\/p>\n<p><strong>Publicado por ADHILAC Internacional \u00a9 www.adhilac.com.ar<\/strong><\/p>\n<p>Si Ud. desea asociarse de acuerdo a los Estatutos de ADHILAC\u00a0<a title=\"(ver)\" href=\"https:\/\/adhilac.com.ar\/?page_id=263\">(ver)<\/a> complete el siguiente formulario\u00a0<a title=\"(ver)\" href=\"https:\/\/adhilac.com.ar\/?page_id=3194\">(ver)<\/a><\/p>\n<p>E-mail: info@adhilac.com.ar<strong> <\/strong><\/p>\n<p>Twitter: @AdhilacInfo<\/p>\n<p><span style=\"color: #800000;\"><br \/>\n<\/span><\/p>\n","protected":false},"excerpt":{"rendered":"<p>Festejos del Bicentenario en la Argentina &nbsp; En el marco del Bicentenario el Departamento de Historia de la Facultad de Filosof\u00eda y Letras de la Universidad de Buenos Aires present\u00f3 el libro Argentina en el Bicentenario de la Revoluci\u00f3n de Mayo historia y perspectivas. El lugar de reuni\u00f3n fue la Sala Silenciosa de la Direcci\u00f3n [&hellip;]<\/p>\n","protected":false},"author":2,"featured_media":0,"comment_status":"closed","ping_status":"closed","sticky":false,"template":"","format":"standard","meta":{"_crdt_document":"","footnotes":""},"categories":[10,3,40,7],"tags":[13,22],"class_list":["post-1865","post","type-post","status-publish","format-standard","hentry","category-adhil-arg","category-adhilac-inter","category-informaciones","category-publicac-info","tag-america-latina","tag-emancipacion-americana"],"_links":{"self":[{"href":"https:\/\/adhilac.com.ar\/index.php?rest_route=\/wp\/v2\/posts\/1865","targetHints":{"allow":["GET"]}}],"collection":[{"href":"https:\/\/adhilac.com.ar\/index.php?rest_route=\/wp\/v2\/posts"}],"about":[{"href":"https:\/\/adhilac.com.ar\/index.php?rest_route=\/wp\/v2\/types\/post"}],"author":[{"embeddable":true,"href":"https:\/\/adhilac.com.ar\/index.php?rest_route=\/wp\/v2\/users\/2"}],"replies":[{"embeddable":true,"href":"https:\/\/adhilac.com.ar\/index.php?rest_route=%2Fwp%2Fv2%2Fcomments&post=1865"}],"version-history":[{"count":8,"href":"https:\/\/adhilac.com.ar\/index.php?rest_route=\/wp\/v2\/posts\/1865\/revisions"}],"predecessor-version":[{"id":1869,"href":"https:\/\/adhilac.com.ar\/index.php?rest_route=\/wp\/v2\/posts\/1865\/revisions\/1869"}],"wp:attachment":[{"href":"https:\/\/adhilac.com.ar\/index.php?rest_route=%2Fwp%2Fv2%2Fmedia&parent=1865"}],"wp:term":[{"taxonomy":"category","embeddable":true,"href":"https:\/\/adhilac.com.ar\/index.php?rest_route=%2Fwp%2Fv2%2Fcategories&post=1865"},{"taxonomy":"post_tag","embeddable":true,"href":"https:\/\/adhilac.com.ar\/index.php?rest_route=%2Fwp%2Fv2%2Ftags&post=1865"}],"curies":[{"name":"wp","href":"https:\/\/api.w.org\/{rel}","templated":true}]}}