{"id":18653,"date":"2023-05-11T18:06:23","date_gmt":"2023-05-11T21:06:23","guid":{"rendered":"https:\/\/adhilac.com.ar\/?p=18653"},"modified":"2023-05-11T18:06:23","modified_gmt":"2023-05-11T21:06:23","slug":"conferencia-sobre-estudios-regionales-y-locales-internacionales-13-17-11-2023-cayo-santa-maria-villa-clara-cuba","status":"publish","type":"post","link":"https:\/\/adhilac.com.ar\/?p=18653","title":{"rendered":"Conferencia sobre Estudios Regionales y Locales Internacionales. 13-17\/11\/2023. Cayo Santa Mar\u00eda, Villa Clara. Cuba"},"content":{"rendered":"\n<div class=\"wp-block-media-text alignwide is-stacked-on-mobile has-pale-cyan-blue-background-color has-background\" style=\"grid-template-columns:19% auto\"><figure class=\"wp-block-media-text__media\"><img loading=\"lazy\" decoding=\"async\" width=\"194\" height=\"259\" src=\"https:\/\/adhilac.com.ar\/wp-content\/uploads\/2023\/05\/Estudios-regionales.jpg\" alt=\"\" class=\"wp-image-18655 size-full\"\/><\/figure><div class=\"wp-block-media-text__content\">\n<p class=\"has-text-align-center wp-block-paragraph\"><strong>CONFERENCIA<\/strong><\/p>\n\n\n\n<p class=\"has-text-align-center wp-block-paragraph\"><strong>Estudios Regionales y Locales<\/strong><\/p>\n<\/div><\/div>\n\n\n\n<p class=\"wp-block-paragraph\"><\/p><p><\/p><p class=\"MsoNormal\" style=\"text-align:justify\"><span style=\"font-size:\n12.0pt;line-height:107%;font-family:&quot;Times New Roman&quot;,serif\" lang=\"ES\">La Universidad Central \u201cMarta Abreu\u201d de Las Villas (UCLV), a trav\u00e9s del Instituto de Marxismo, Historia y Seguridad Nacional, en el marco de la IV Convenci\u00f3n Cient\u00edfica Internacional UCLV 2023; convocan a la Conferencia sobre Estudios Regionales y Locales Internacionales, a sesionar entre los d\u00edas 13 al 17 de noviembre del 2023 en cayo Santa Mar\u00eda, Villa Clara.<\/span><\/p>\n\n\n\n<!--more-->\n\n\n\n<p class=\"wp-block-paragraph\"><\/p><p><\/p><p class=\"MsoNormal\" style=\"text-align:justify\"><span style=\"font-size:\n12.0pt;line-height:107%;font-family:&quot;Times New Roman&quot;,serif\" lang=\"ES\">El objetivo de este evento, que la Universidad Central \u201cMarta Abreu\u201d de Las Villas realiza desde 2008 -con antecedentes en 1975-, es el de integrar la amplia gama de las Ciencias Sociales y Human\u00edsticas -dado el necesario car\u00e1cter multidisciplinario que adquieren los estudios territoriales- en un conjunto de estudios \u00fanicos, que interrelacionen los resultados alcanzados y que nos permita llegar cada vez m\u00e1s a mejores conclusiones para el trabajo regional, en sus m\u00faltiples manifestaciones. <b><span style=\"mso-spacerun:yes\">&nbsp;<\/span><\/b><\/span><\/p><p class=\"MsoNormal\" style=\"margin-left:54.0pt;text-align:justify\"><b><u><span style=\"font-size:12.0pt;line-height:107%;font-family:&quot;Times New Roman&quot;,serif;\nmso-bidi-font-style:italic\" lang=\"ES\">Propuestas tem\u00e1ticas<\/span><\/u><\/b><\/p><p class=\"MsoListParagraphCxSpFirst\" style=\"margin-left:53.5pt;mso-add-space:\nauto;text-align:justify;text-indent:-18.0pt;mso-list:l0 level1 lfo1\"><span style=\"font-size:12.0pt;line-height:115%;font-family:&quot;Times New Roman&quot;,serif;\nmso-fareast-font-family:&quot;Times New Roman&quot;;mso-bidi-font-style:italic\" lang=\"ES\"><span style=\"mso-list:Ignore\">1.<span style=\"font:7.0pt &quot;Times New Roman&quot;\">&nbsp;&nbsp;&nbsp;&nbsp;&nbsp; <\/span><\/span><\/span><b><span style=\"font-size:12.0pt;\nline-height:115%;font-family:&quot;Times New Roman&quot;,serif;mso-bidi-font-style:italic\" lang=\"ES\">La regi\u00f3n, la ciudad y su conceptualizaci\u00f3n: teor\u00eda, m\u00e9todo y fuentes. Para los estudios regionales y locales;<\/span><\/b><span style=\"font-size:12.0pt;\nline-height:115%;font-family:&quot;Times New Roman&quot;,serif;mso-bidi-font-style:italic\" lang=\"ES\"><\/span><\/p><p class=\"MsoListParagraphCxSpMiddle\" style=\"margin-left:53.5pt;mso-add-space:\nauto;text-align:justify;text-indent:-18.0pt;mso-list:l0 level1 lfo1\"><span style=\"font-size:12.0pt;line-height:115%;font-family:&quot;Times New Roman&quot;,serif;\nmso-fareast-font-family:&quot;Times New Roman&quot;\" lang=\"ES\"><span style=\"mso-list:Ignore\">2.<span style=\"font:7.0pt &quot;Times New Roman&quot;\">&nbsp;&nbsp;&nbsp;&nbsp;&nbsp; <\/span><\/span><\/span><b><span style=\"font-size:12.0pt;line-height:115%;font-family:&quot;Times New Roman&quot;,serif;\nmso-bidi-font-style:italic\" lang=\"ES\">Geograf\u00eda y regi\u00f3n. Espacio <\/span><\/b><b style=\"mso-bidi-font-weight:normal\"><span style=\"font-size:12.0pt;\nline-height:115%;font-family:&quot;Times New Roman&quot;,serif\" lang=\"ES\">y planificaci\u00f3n territorial, regional y local;<\/span><\/b><span style=\"font-size:12.0pt;\nline-height:115%;font-family:&quot;Times New Roman&quot;,serif\" lang=\"ES\"> <\/span><span style=\"font-size:12.0pt;line-height:115%;font-family:&quot;Times New Roman&quot;,serif;\nmso-fareast-font-family:&quot;Times New Roman&quot;;mso-bidi-font-style:italic\" lang=\"ES\"><span style=\"mso-list:Ignore\">3.<span style=\"font:7.0pt &quot;Times New Roman&quot;\">&nbsp;&nbsp;&nbsp;&nbsp;&nbsp; <\/span><\/span><\/span><b><span style=\"font-size:12.0pt;\nline-height:115%;font-family:&quot;Times New Roman&quot;,serif;mso-bidi-font-style:italic\" lang=\"ES\">Fronteras nacionales-regionales y conflictos: la frontera como concepto y praxis. Ciudades y regiones de frontera;<\/span><\/b><span style=\"font-size:12.0pt;\nline-height:115%;font-family:&quot;Times New Roman&quot;,serif;mso-bidi-font-style:italic\" lang=\"ES\"><\/span><span style=\"font-size:12.0pt;line-height:115%;font-family:&quot;Times New Roman&quot;,serif;\nmso-fareast-font-family:&quot;Times New Roman&quot;;mso-bidi-font-style:italic\" lang=\"ES\"><span style=\"mso-list:Ignore\">4.<span style=\"font:7.0pt &quot;Times New Roman&quot;\">&nbsp;&nbsp;&nbsp;&nbsp;&nbsp; <\/span><\/span><\/span><b><span style=\"font-size:12.0pt;\nline-height:115%;font-family:&quot;Times New Roman&quot;,serif;mso-bidi-font-style:italic\" lang=\"ES\"><span style=\"mso-spacerun:yes\">&nbsp;<\/span>Las migraciones en su impacto regional y urbano. El fen\u00f3meno de la esclavitud y sus impactos. El drama migratorio contempor\u00e1neo y sus impactos concretos;<\/span><\/b><span style=\"font-size:12.0pt;line-height:115%;font-family:&quot;Times New Roman&quot;,serif;\nmso-bidi-font-style:italic\" lang=\"ES\"><\/span><span style=\"font-size:12.0pt;line-height:115%;font-family:&quot;Times New Roman&quot;,serif;\nmso-fareast-font-family:&quot;Times New Roman&quot;;mso-bidi-font-style:italic\" lang=\"ES\"><span style=\"mso-list:Ignore\">5.<span style=\"font:7.0pt &quot;Times New Roman&quot;\">&nbsp;&nbsp;&nbsp;&nbsp;&nbsp; <\/span><\/span><\/span><b><span style=\"font-size:12.0pt;\nline-height:115%;font-family:&quot;Times New Roman&quot;,serif;mso-bidi-font-style:italic\" lang=\"ES\">Historiograf\u00eda: las relecturas de los estudios regionales, locales, estaduales, departamentales y provinciales;<\/span><\/b><span style=\"font-size:12.0pt;line-height:\n115%;font-family:&quot;Times New Roman&quot;,serif;mso-bidi-font-style:italic\" lang=\"ES\"><\/span><span style=\"font-size:12.0pt;line-height:115%;font-family:&quot;Times New Roman&quot;,serif;\nmso-fareast-font-family:&quot;Times New Roman&quot;;mso-bidi-font-style:italic\" lang=\"ES\"><span style=\"mso-list:Ignore\">6.<span style=\"font:7.0pt &quot;Times New Roman&quot;\">&nbsp;&nbsp;&nbsp;&nbsp;&nbsp; <\/span><\/span><\/span><b><span style=\"font-size:12.0pt;\nline-height:115%;font-family:&quot;Times New Roman&quot;,serif;mso-bidi-font-style:italic\" lang=\"ES\">El pensamiento regional: su impacto local, nacional y mundial; <\/span><\/b><span style=\"font-size:12.0pt;line-height:115%;font-family:&quot;Times New Roman&quot;,serif;\nmso-bidi-font-style:italic\" lang=\"ES\"><\/span><span style=\"font-size:12.0pt;line-height:115%;font-family:&quot;Times New Roman&quot;,serif;\nmso-fareast-font-family:&quot;Times New Roman&quot;;mso-bidi-font-style:italic\" lang=\"ES\"><span style=\"mso-list:Ignore\">7.<span style=\"font:7.0pt &quot;Times New Roman&quot;\">&nbsp;&nbsp;&nbsp;&nbsp;&nbsp; <\/span><\/span><\/span><b><span style=\"font-size:12.0pt;\nline-height:115%;font-family:&quot;Times New Roman&quot;,serif;mso-bidi-font-style:italic\" lang=\"ES\">Procesos hist\u00f3ricos regionales: independencia, soberan\u00eda y regi\u00f3n.<span style=\"mso-spacerun:yes\">&nbsp; <\/span>La nueva historia pol\u00edtica y las regiones;<\/span><\/b><span style=\"font-size:12.0pt;line-height:115%;font-family:&quot;Times New Roman&quot;,serif;\nmso-bidi-font-style:italic\" lang=\"ES\"><\/span><span style=\"font-size:12.0pt;line-height:115%;font-family:&quot;Times New Roman&quot;,serif;\nmso-fareast-font-family:&quot;Times New Roman&quot;;mso-bidi-font-style:italic\" lang=\"ES\"><span style=\"mso-list:Ignore\">8.<span style=\"font:7.0pt &quot;Times New Roman&quot;\">&nbsp;&nbsp;&nbsp;&nbsp;&nbsp; <\/span><\/span><\/span><b><span style=\"font-size:12.0pt;\nline-height:115%;font-family:&quot;Times New Roman&quot;,serif;mso-bidi-font-style:italic\" lang=\"ES\">Gobiernos locales y procesos auton\u00f3micos, pasado y presente: pol\u00edticas sociales y transformaciones regionales y nacionales. <\/span><\/b><span style=\"font-size:12.0pt;line-height:115%;font-family:&quot;Times New Roman&quot;,serif;\nmso-bidi-font-style:italic\" lang=\"ES\"><\/span><span style=\"font-size:12.0pt;line-height:115%;font-family:&quot;Times New Roman&quot;,serif;\nmso-fareast-font-family:&quot;Times New Roman&quot;;mso-bidi-font-style:italic\" lang=\"ES\"><span style=\"mso-list:Ignore\">9.<span style=\"font:7.0pt &quot;Times New Roman&quot;\">&nbsp;&nbsp;&nbsp;&nbsp;&nbsp; <\/span><\/span><\/span><b><span style=\"font-size:12.0pt;\nline-height:115%;font-family:&quot;Times New Roman&quot;,serif;mso-bidi-font-style:italic\" lang=\"ES\">Los proyectos integracionistas latinoamericanos y sus instituciones en el impacto regional y local. <\/span><\/b><span style=\"font-size:12.0pt;line-height:\n115%;font-family:&quot;Times New Roman&quot;,serif;mso-bidi-font-style:italic\" lang=\"ES\"><\/span><span style=\"font-size:12.0pt;line-height:115%;font-family:&quot;Times New Roman&quot;,serif;\nmso-fareast-font-family:&quot;Times New Roman&quot;;mso-bidi-font-style:italic\" lang=\"ES\"><span style=\"mso-list:Ignore\">10.<span style=\"font:7.0pt &quot;Times New Roman&quot;\">&nbsp; <\/span><\/span><\/span><b><span style=\"font-size:12.0pt;line-height:115%;font-family:&quot;Times New Roman&quot;,serif;\nmso-bidi-font-style:italic\" lang=\"ES\">Antropolog\u00eda. La Antropolog\u00eda en las regiones: pasado, actualidad y perspectivas futuras. <\/span><\/b><span style=\"font-size:\n12.0pt;line-height:115%;font-family:&quot;Times New Roman&quot;,serif;mso-bidi-font-style:\nitalic\" lang=\"ES\"><\/span><span style=\"font-size:12.0pt;line-height:115%;font-family:&quot;Times New Roman&quot;,serif;\nmso-fareast-font-family:&quot;Times New Roman&quot;;mso-bidi-font-style:italic\" lang=\"ES\"><span style=\"mso-list:Ignore\">11.<span style=\"font:7.0pt &quot;Times New Roman&quot;\">&nbsp; <\/span><\/span><\/span><b><span style=\"font-size:12.0pt;line-height:115%;font-family:&quot;Times New Roman&quot;,serif;\nmso-bidi-font-style:italic\" lang=\"ES\">Movimientos sociales y sus organizaciones: logros y retos. <\/span><\/b><span style=\"font-size:12.0pt;line-height:115%;\nfont-family:&quot;Times New Roman&quot;,serif;mso-bidi-font-style:italic\" lang=\"ES\"><\/span><span style=\"font-size:12.0pt;line-height:115%;font-family:&quot;Times New Roman&quot;,serif;\nmso-fareast-font-family:&quot;Times New Roman&quot;;mso-bidi-font-style:italic\" lang=\"ES\"><span style=\"mso-list:Ignore\">12.<span style=\"font:7.0pt &quot;Times New Roman&quot;\">&nbsp; <\/span><\/span><\/span><b><span style=\"font-size:12.0pt;line-height:115%;font-family:&quot;Times New Roman&quot;,serif;\nmso-bidi-font-style:italic\" lang=\"ES\">Los estudios de g\u00e9nero: sus expresiones regionales y urbanas y sus relaciones con el nivel nacional y mundial. <\/span><\/b><span style=\"font-size:12.0pt;line-height:115%;font-family:&quot;Times New Roman&quot;,serif;\nmso-bidi-font-style:italic\" lang=\"ES\"><\/span><\/p><p class=\"MsoListParagraphCxSpLast\" style=\"margin-left:53.5pt;mso-add-space:auto;\ntext-align:justify;text-indent:-18.0pt;mso-list:l0 level1 lfo1\"><span style=\"font-size:12.0pt;line-height:115%;font-family:&quot;Times New Roman&quot;,serif;\nmso-fareast-font-family:&quot;Times New Roman&quot;;mso-bidi-font-style:italic\" lang=\"ES\"><span style=\"mso-list:Ignore\">13.<span style=\"font:7.0pt &quot;Times New Roman&quot;\">&nbsp; <\/span><\/span><\/span><b><span style=\"font-size:12.0pt;line-height:115%;font-family:&quot;Times New Roman&quot;,serif;\nmso-bidi-font-style:italic\" lang=\"ES\">Otras propuestas a someter a consideraci\u00f3n de la Comisi\u00f3n Organizadora del evento\u2026<\/span><\/b><span style=\"font-size:\n12.0pt;line-height:115%;font-family:&quot;Times New Roman&quot;,serif;mso-bidi-font-style:\nitalic\" lang=\"ES\"><\/span><\/p><p class=\"MsoNormal\" style=\"text-align:justify;line-height:normal\"><b><span style=\"font-size:12.0pt;font-family:&quot;Times New Roman&quot;,serif\" lang=\"ES\">ORGANIZACI\u00d3N <\/span><\/b><span style=\"font-size:12.0pt;font-family:&quot;Times New Roman&quot;,serif\" lang=\"ES\"><\/span><b><span style=\"font-size:12.0pt;font-family:&quot;Times New Roman&quot;,serif\" lang=\"ES\">El programa cient\u00edfico <\/span><\/b><span style=\"font-size:12.0pt;\nfont-family:&quot;Times New Roman&quot;,serif\" lang=\"ES\">se desarrollar\u00e1 por medio de conferencias centrales, mesas, paneles y ponencias individuales. Se solicita la presentaci\u00f3n de propuestas para conformar mesas y paneles tem\u00e1ticos, as\u00ed como otras actividades de inter\u00e9s, incluso en el caso de aquellos temas que no aparezcan recogidos en la presente Convocatoria. <\/span><span style=\"font-size:12.0pt;font-family:&quot;Times New Roman&quot;,serif\" lang=\"ES\">El n\u00famero de temas presentados servir\u00e1 como gu\u00eda para las propuestas y en ning\u00fan caso es limitativo. <\/span><\/p><h3 style=\"text-align:justify\"><span style=\"font-size:12.0pt;\nline-height:107%;font-family:&quot;Times New Roman&quot;,serif;color:windowtext\" lang=\"ES\">Registro<\/span><\/h3><p class=\"MsoNormal\" style=\"text-align:justify\"><span style=\"font-size:\n12.0pt;line-height:107%;font-family:&quot;Times New Roman&quot;,serif\" lang=\"ES\">El pago de la inscripci\u00f3n incluye Certificado de Participaci\u00f3n y publicaci\u00f3n de las mejores ponencias en las revistas que patrocinar\u00e1n el evento. <\/span><b><span style=\"font-size:12.0pt;line-height:107%;font-family:&quot;Times New Roman&quot;,serif\" lang=\"ES\">&nbsp;COMISI\u00d3N ORGANIZADORA: <\/span><\/b><span style=\"font-size:12.0pt;line-height:\n107%;font-family:&quot;Times New Roman&quot;,serif\" lang=\"ES\"><\/span><\/p><p class=\"MsoNormal\" style=\"text-align:justify;line-height:normal\"><span style=\"font-size:12.0pt;font-family:&quot;Times New Roman&quot;,serif\" lang=\"ES\">Para cualquier aclaraci\u00f3n, gesti\u00f3n o tr\u00e1mite, por favor dirigirse a: <\/span><\/p><p class=\"MsoNormal\" style=\"mso-margin-top-alt:auto;text-align:justify;\nline-height:normal\"><span style=\"font-size:12.0pt;font-family:&quot;Times New Roman&quot;,serif\" lang=\"ES\">Prof. Dr. Boris Galileo Santana Cabrera. <b>Presidente de la Comisi\u00f3n Organizadora.<\/b> Correo electr\u00f3nico: <\/span><span lang=\"ES\"><a href=\"mailto:boris2@uclv.edu.cu\"><span style=\"font-size:12.0pt;font-family:&quot;Times New Roman&quot;,serif;mso-fareast-font-family:\nCalibri\">boris2@uclv.edu.cu<\/span><\/a><\/span><span style=\"font-size:\n12.0pt;font-family:&quot;Times New Roman&quot;,serif\" lang=\"ES\"> <span style=\"mso-spacerun:yes\">&nbsp;&nbsp;<\/span><\/span><\/p><p class=\"MsoNormal\" style=\"text-align:justify;line-height:normal\"><span style=\"font-size:12.0pt;font-family:&quot;Times New Roman&quot;,serif\" lang=\"ES\">Prof. M.Sc. Alicia Acosta Olaldes. <b>Secretaria Ejecutiva<\/b> Correo electr\u00f3nico: <\/span><span lang=\"ES\"><a href=\"mailto:aliciaa@uclv.edu.cu\"><span style=\"font-size:12.0pt;\nfont-family:&quot;Times New Roman&quot;,serif;mso-fareast-font-family:Calibri\">aliciaa@uclv.edu.cu<\/span><\/a><\/span><span style=\"font-size:12.0pt;font-family:&quot;Times New Roman&quot;,serif\" lang=\"ES\"> <\/span><\/p> <span style=\"font-size:12.0pt;line-height:107%;font-family:&quot;Times New Roman&quot;,serif;\nmso-fareast-font-family:Calibri;mso-ansi-language:ES;mso-fareast-language:EN-US;\nmso-bidi-language:AR-SA\" lang=\"ES\">Prof. Dr. Alfredo Benito P\u00e9rez Carratal\u00e1. <b>Coordinador de Organizaci\u00f3n<\/b>. Correo electr\u00f3nico: <\/span><span style=\"font-size:\n11.0pt;line-height:107%;font-family:&quot;Calibri&quot;,sans-serif;mso-fareast-font-family:\nCalibri;mso-bidi-font-family:&quot;Times New Roman&quot;;mso-ansi-language:ES;mso-fareast-language:\nEN-US;mso-bidi-language:AR-SA\" lang=\"ES\"><a href=\"mailto:apcarratala@uclv.cu\"><span style=\"font-size:12.0pt;line-height:107%;font-family:&quot;Times New Roman&quot;,serif;\nmso-fareast-font-family:Calibri\">apcarratala@uclv.cu<\/span><\/a><\/span>\n\n\n\n<div style=\"height:52px\" aria-hidden=\"true\" class=\"wp-block-spacer\"><\/div>\n\n\n\n<p class=\"has-very-light-gray-color has-vivid-cyan-blue-background-color has-text-color has-background wp-block-paragraph\"><strong>Publicado por ADHILAC Internacional \u00a9 www.adhilac.com.ar<\/strong><\/p>\n\n\n\n<p class=\"has-vivid-cyan-blue-color has-very-light-gray-background-color has-text-color has-background wp-block-paragraph\"> Si Ud. desea asociarse de acuerdo a los Estatutos de ADHILAC&nbsp;<a href=\"https:\/\/adhilac.com.ar\/?page_id=263\">(ver)<\/a> complete el siguiente formulario&nbsp;(<a href=\"https:\/\/adhilac.com.ar\/?page_id=4779\">ver<\/a>)<\/p>\n\n\n\n<p class=\"has-very-light-gray-color has-vivid-cyan-blue-background-color has-text-color has-background wp-block-paragraph\"> E-mail:&nbsp;info@adhilac.com.ar <\/p>\n\n\n\n<p class=\"has-very-light-gray-color has-vivid-cyan-blue-background-color has-text-color has-background wp-block-paragraph\"> Twitter: @AdhilacInfo <\/p>\n\n\n<div class=\"wp-block-image\">\n<figure class=\"aligncenter size-large\"><img loading=\"lazy\" decoding=\"async\" width=\"85\" height=\"85\" src=\"https:\/\/adhilac.com.ar\/wp-content\/uploads\/2015\/02\/Logo-ADHILAC-Internacional-PEQ.jpg\" alt=\"\" class=\"wp-image-10473\"\/><\/figure>\n<\/div>\n\n\n<div style=\"height:55px\" aria-hidden=\"true\" class=\"wp-block-spacer\"><\/div>\n\n\n\n<p class=\"wp-block-paragraph\">Ver <a href=\"https:\/\/adhilac.com.ar\/?page_id=541\">Presentaci\u00f3n de ADHILAC<\/a>  <\/p>\n\n\n\n<div style=\"height:38px\" aria-hidden=\"true\" class=\"wp-block-spacer\"><\/div>\n\n\n\n<p class=\"has-text-align-center has-very-light-gray-color has-vivid-cyan-blue-background-color has-text-color has-background wp-block-paragraph\"><strong><a href=\"https:\/\/adhilac.com.ar\/?page_id=541\">QUIENES SOMOS<\/a><\/strong><\/p>\n\n\n\n<p class=\"has-text-align-center has-light-green-cyan-color has-vivid-cyan-blue-background-color has-text-color has-background wp-block-paragraph\"><strong><a href=\"https:\/\/adhilac.com.ar\/?page_id=15507\">DIRECTIVA DE ADHILAC INTERNACIONAL<\/a><\/strong><\/p>\n\n\n\n<p class=\"has-text-align-center has-pale-cyan-blue-color has-vivid-cyan-blue-background-color has-text-color has-background has-medium-font-size wp-block-paragraph\"><strong><a href=\"https:\/\/adhilac.com.ar\/?page_id=263\">Estatutos de ADHILAC<\/a><\/strong><\/p>\n\n\n\n<p class=\"has-text-align-center has-vivid-green-cyan-color has-light-green-cyan-background-color has-text-color has-background has-medium-font-size wp-block-paragraph\"><strong><a href=\"https:\/\/adhilac.com.ar\/?page_id=4779\">SOCIXS: TODO LO QUE HAY QUE SABER<\/a><\/strong><\/p>\n\n\n\n<div style=\"height:30px\" aria-hidden=\"true\" class=\"wp-block-spacer\"><\/div>\n\n\n\n<p class=\"has-text-align-center has-vivid-cyan-blue-color has-black-background-color has-text-color has-background wp-block-paragraph\"><a href=\"http:\/\/www.ariadnatucma.com.ar\">ARIADNA TUCMA REVISTA LATINOAMERICANA <\/a><\/p>\n\n\n\n<p class=\"has-text-align-center has-vivid-cyan-blue-color has-black-background-color has-text-color has-background wp-block-paragraph\"><a href=\"http:\/\/www.ariadnatucma.com.ar\">TWITTER @AdilacInfo<\/a><\/p>\n\n\n\n<p class=\"has-text-align-center has-vivid-cyan-blue-color has-black-background-color has-text-color has-background wp-block-paragraph\"><strong>OTROS TEMAS DE INTERES:<\/strong><\/p>\n\n\n\n<div style=\"height:30px\" aria-hidden=\"true\" class=\"wp-block-spacer\"><\/div>\n\n\n\n<p class=\"has-text-align-center has-pale-cyan-blue-background-color has-background wp-block-paragraph\"><strong><a href=\"https:\/\/adhilac.com.ar\/?page_id=267\">Declaraci\u00f3n de Caracas de ADHILAC (2007)<\/a><\/strong><\/p>\n\n\n\n<p class=\"has-text-align-center has-vivid-purple-color has-text-color has-background wp-block-paragraph\" style=\"background-color:#79c1ee\"><strong><a href=\"https:\/\/adhilac.com.ar\/?page_id=15873\">ADHILAC: Historia &#8211; Historidorxs<\/a><\/strong><\/p>\n\n\n\n<p class=\"has-text-align-center has-vivid-red-color has-pale-cyan-blue-background-color has-text-color has-background wp-block-paragraph\"><strong><a href=\"https:\/\/adhilac.com.ar\/?page_id=18436\" data-type=\"URL\" data-id=\"https:\/\/adhilac.com.ar\/?page_id=18436\" target=\"_blank\" rel=\"noreferrer noopener\">Historia de ADHILAC<\/a>  <\/strong><\/p>\n\n\n\n<p class=\"has-text-align-center has-vivid-red-color has-text-color has-background wp-block-paragraph\" style=\"background-color:#79c1ee\"><strong><a href=\"https:\/\/adhilac.com.ar\/?page_id=15876\">ADHILAC 20 a\u00f1os despu\u00e9s (1974-1994)<\/a> <\/strong><\/p>\n\n\n\n<p class=\"has-text-align-center has-luminous-vivid-orange-color has-pale-cyan-blue-background-color has-text-color has-background wp-block-paragraph\"><strong><a href=\"https:\/\/adhilac.com.ar\/?page_id=15887\">ADHILAC: Miembrxs fundadores<\/a><\/strong><\/p>\n\n\n\n<p class=\"has-text-align-center has-luminous-vivid-orange-color has-text-color has-background wp-block-paragraph\" style=\"background-color:#79c1ee\"><strong><a href=\"https:\/\/adhilac.com.ar\/?page_id=15943\">ADHILAC: Historiadorxs Destacadxs<\/a><\/strong><\/p>\n\n\n\n<div style=\"height:30px\" aria-hidden=\"true\" class=\"wp-block-spacer\"><\/div>\n\n\n\n<p class=\"has-text-align-center has-very-light-gray-color has-vivid-cyan-blue-background-color has-text-color has-background wp-block-paragraph\"><strong><a href=\"https:\/\/adhilac.com.ar\/?page_id=8220\">BICENTENARIO<\/a><\/strong><\/p>\n\n\n\n<p class=\"has-text-align-center has-vivid-cyan-blue-color has-very-light-gray-background-color has-text-color has-background wp-block-paragraph\"><strong><a href=\"https:\/\/adhilac.com.ar\/?page_id=8279\">BIBLIOTECA<\/a><\/strong><\/p>\n\n\n\n<p class=\"has-text-align-center has-very-light-gray-color has-vivid-cyan-blue-background-color has-text-color has-background wp-block-paragraph\"><strong><a href=\"https:\/\/adhilac.com.ar\/?page_id=1698\">ENLACES<\/a> <\/strong><\/p>\n","protected":false},"excerpt":{"rendered":"<p>CONFERENCIA Estudios Regionales y Locales La Universidad Central \u201cMarta Abreu\u201d de Las Villas (UCLV), a trav\u00e9s del Instituto de Marxismo, Historia y Seguridad Nacional, en el marco de la IV Convenci\u00f3n Cient\u00edfica Internacional UCLV 2023; convocan a la Conferencia sobre Estudios Regionales y Locales Internacionales, a sesionar entre los d\u00edas 13 al 17 de noviembre [&hellip;]<\/p>\n","protected":false},"author":2,"featured_media":0,"comment_status":"closed","ping_status":"","sticky":false,"template":"","format":"standard","meta":{"_crdt_document":"","footnotes":""},"categories":[5,40],"tags":[297],"class_list":["post-18653","post","type-post","status-publish","format-standard","hentry","category-congresos","category-informaciones","tag-estudios-regionales"],"_links":{"self":[{"href":"https:\/\/adhilac.com.ar\/index.php?rest_route=\/wp\/v2\/posts\/18653","targetHints":{"allow":["GET"]}}],"collection":[{"href":"https:\/\/adhilac.com.ar\/index.php?rest_route=\/wp\/v2\/posts"}],"about":[{"href":"https:\/\/adhilac.com.ar\/index.php?rest_route=\/wp\/v2\/types\/post"}],"author":[{"embeddable":true,"href":"https:\/\/adhilac.com.ar\/index.php?rest_route=\/wp\/v2\/users\/2"}],"replies":[{"embeddable":true,"href":"https:\/\/adhilac.com.ar\/index.php?rest_route=%2Fwp%2Fv2%2Fcomments&post=18653"}],"version-history":[{"count":4,"href":"https:\/\/adhilac.com.ar\/index.php?rest_route=\/wp\/v2\/posts\/18653\/revisions"}],"predecessor-version":[{"id":18658,"href":"https:\/\/adhilac.com.ar\/index.php?rest_route=\/wp\/v2\/posts\/18653\/revisions\/18658"}],"wp:attachment":[{"href":"https:\/\/adhilac.com.ar\/index.php?rest_route=%2Fwp%2Fv2%2Fmedia&parent=18653"}],"wp:term":[{"taxonomy":"category","embeddable":true,"href":"https:\/\/adhilac.com.ar\/index.php?rest_route=%2Fwp%2Fv2%2Fcategories&post=18653"},{"taxonomy":"post_tag","embeddable":true,"href":"https:\/\/adhilac.com.ar\/index.php?rest_route=%2Fwp%2Fv2%2Ftags&post=18653"}],"curies":[{"name":"wp","href":"https:\/\/api.w.org\/{rel}","templated":true}]}}