{"id":18742,"date":"2023-08-17T09:17:29","date_gmt":"2023-08-17T12:17:29","guid":{"rendered":"https:\/\/adhilac.com.ar\/?p=18742"},"modified":"2023-08-17T09:26:03","modified_gmt":"2023-08-17T12:26:03","slug":"18742","status":"publish","type":"post","link":"https:\/\/adhilac.com.ar\/?p=18742","title":{"rendered":"XIV Encuentro Internacional de la ADHILAC: \u00abM\u00e1s de 500 a\u00f1os de la resistencia en Am\u00e9rica Latina y el Caribe\u00bb. Willemstad, Curazao. 5-9\/06\/2014"},"content":{"rendered":"\n<p class=\"wp-block-paragraph\"><strong>CONVOCATORIA<\/strong><\/p>\n\n\n\n<p class=\"wp-block-paragraph\">Estimadas socias y socios de la ADHILAC,<\/p>\n\n\n\n<p class=\"wp-block-paragraph\">En 1974 un grupo de historiadoras y historiadores de Am\u00e9rica Latina y del Caribe convocaron el primer Encuentro Internacional de la ADHILAC en la Ciudad de M\u00e9xico. Esta es raz\u00f3n suficiente para que celebremos el 50 aniversario de nuestra asociaci\u00f3n en junio de 2024 en la hermosa isla de Curazao. El tema principal de nuestro congreso internacional es \u00abla historia de la resistencia\u00bb en la historia de Nuestra Am\u00e9rica desde el inicio de la invasi\u00f3n europea hasta el d\u00eda de hoy. Adjunto pueden encontrar la convocatoria en castellano, portugu\u00e9s, ingl\u00e9s y franc\u00e9s.<\/p>\n\n\n\n<p class=\"wp-block-paragraph\">&#8211; &#8211;<\/p>\n\n\n\n<!--more-->\n\n\n\n<p class=\"wp-block-paragraph\">Prezados membros da ADHILAC,<\/p>\n\n\n\n<p class=\"wp-block-paragraph\">Em 1974, um grupo de historiadores da Am\u00e9rica Latina e do Caribe convocou o primeiro Encontro Internacional ADHILAC na Cidade do M\u00e9xico. Isso \u00e9 motivo suficiente para celebrarmos o 50\u00ba anivers\u00e1rio de nossa associa\u00e7\u00e3o em junho de 2024 na bela ilha de Cura\u00e7ao. O tema principal do nosso congresso internacional \u00e9 \u00aba hist\u00f3ria da resist\u00eancia\u00bb na hist\u00f3ria da Nossa Am\u00e9rica desde o in\u00edcio da invas\u00e3o europ\u00e9ia at\u00e9 os dias atuais. Em anexo voc\u00ea encontra a chamada em espanhol, portugu\u00eas, ingl\u00eas e franc\u00eas.<\/p>\n\n\n\n<p class=\"wp-block-paragraph\">&#8211; &#8211;<\/p>\n\n\n\n<p class=\"wp-block-paragraph\">Dear members of ADHILAC,<\/p>\n\n\n\n<p class=\"wp-block-paragraph\">In 1974, a group of historians from Latin America and the Caribbean convened the first ADHILAC International Meeting in Mexico City. This is reason enough for us to celebrate the 50th anniversary of our association in June 2024 on the beautiful island of Cura\u00e7ao. The main theme of our international congress is \u00abthe history of resistance\u00bb in the history of \u00abOur America\u00bb from the beginning of the European invasion to the present day. Attached you can find the call in Spanish, Portuguese, English and French.<\/p>\n\n\n\n<p class=\"wp-block-paragraph\">&#8211; &#8211;<\/p>\n\n\n\n<p class=\"wp-block-paragraph\">Chers membres de l&#8217;ADHILAC,<\/p>\n\n\n\n<p class=\"wp-block-paragraph\">En 1974, un groupe d&#8217;historiens d&#8217;Am\u00e9rique latine et des Cara\u00efbes a convoqu\u00e9 la premi\u00e8re r\u00e9union internationale ADHILAC \u00e0 Mexico. C&#8217;est une raison suffisante pour c\u00e9l\u00e9brer le 50e anniversaire de notre association en juin 2024 sur la belle \u00eele de Cura\u00e7ao. Le th\u00e8me principal de notre congr\u00e8s international est \u00abl&#8217;histoire de la r\u00e9sistance\u00bb dans l&#8217;histoire de Notre Am\u00e9rique depuis le d\u00e9but de l&#8217;invasion europ\u00e9enne jusqu&#8217;\u00e0 nos jours. Vous trouverez ci-joint l&#8217;appel en espagnol, portugais, anglais et fran\u00e7ais.<\/p>\n\n\n\n<p class=\"wp-block-paragraph\">saludos \/ sauda\u00e7\u00f5es \/ best regards \/ meilleurs salutations<\/p>\n\n\n\n<p class=\"wp-block-paragraph\">Christian Cwik<\/p>\n\n\n\n<div style=\"height:40px\" aria-hidden=\"true\" class=\"wp-block-spacer\"><\/div>\n\n\n\n<div data-wp-interactive=\"core\/file\" class=\"wp-block-file\"><object data-wp-bind--hidden=\"!state.hasPdfPreview\" hidden class=\"wp-block-file__embed\" data=\"https:\/\/adhilac.com.ar\/wp-content\/uploads\/2023\/08\/50-Convocatoria_ADHILAC-CURACAO_2024.pdf\" type=\"application\/pdf\" style=\"width:100%;height:600px\" aria-label=\"Incrustado de 50-Convocatoria_ADHILAC-CURACAO_2024.\"><\/object><a id=\"wp-block-file--media-67cbf1fb-37be-485a-8b8f-5350f135e05e\" href=\"https:\/\/adhilac.com.ar\/wp-content\/uploads\/2023\/08\/50-Convocatoria_ADHILAC-CURACAO_2024.pdf\">50-Convocatoria_ADHILAC-CURACAO_2024<\/a><a href=\"https:\/\/adhilac.com.ar\/wp-content\/uploads\/2023\/08\/50-Convocatoria_ADHILAC-CURACAO_2024.pdf\" class=\"wp-block-file__button wp-element-button\" download aria-describedby=\"wp-block-file--media-67cbf1fb-37be-485a-8b8f-5350f135e05e\">Descarga<\/a><\/div>\n\n\n\n<div style=\"height:40px\" aria-hidden=\"true\" class=\"wp-block-spacer\"><\/div>\n\n\n\n<div data-wp-interactive=\"core\/file\" class=\"wp-block-file\"><object data-wp-bind--hidden=\"!state.hasPdfPreview\" hidden class=\"wp-block-file__embed\" data=\"https:\/\/adhilac.com.ar\/wp-content\/uploads\/2023\/08\/Chamada_XIV-Encontro-Internacional_ADHILAC.pdf\" type=\"application\/pdf\" style=\"width:100%;height:600px\" aria-label=\"Incrustado de Chamada_XIV-Encontro-Internacional_ADHILAC.\"><\/object><a id=\"wp-block-file--media-71b958fe-1598-4cd2-9da8-be4b04e1ec2f\" href=\"https:\/\/adhilac.com.ar\/wp-content\/uploads\/2023\/08\/Chamada_XIV-Encontro-Internacional_ADHILAC.pdf\">Chamada_XIV-Encontro-Internacional_ADHILAC<\/a><a href=\"https:\/\/adhilac.com.ar\/wp-content\/uploads\/2023\/08\/Chamada_XIV-Encontro-Internacional_ADHILAC.pdf\" class=\"wp-block-file__button wp-element-button\" download aria-describedby=\"wp-block-file--media-71b958fe-1598-4cd2-9da8-be4b04e1ec2f\">Descarga<\/a><\/div>\n\n\n\n<div style=\"height:40px\" aria-hidden=\"true\" class=\"wp-block-spacer\"><\/div>\n\n\n\n<div data-wp-interactive=\"core\/file\" class=\"wp-block-file\"><object data-wp-bind--hidden=\"!state.hasPdfPreview\" hidden class=\"wp-block-file__embed\" data=\"https:\/\/adhilac.com.ar\/wp-content\/uploads\/2023\/08\/Call_International-Conference_ADHILAC-Curacao2024.pdf\" type=\"application\/pdf\" style=\"width:100%;height:600px\" aria-label=\"Incrustado de Call_International-Conference_ADHILAC-Curacao2024.\"><\/object><a id=\"wp-block-file--media-2d262b19-e518-4479-8711-65a63c34c71a\" href=\"https:\/\/adhilac.com.ar\/wp-content\/uploads\/2023\/08\/Call_International-Conference_ADHILAC-Curacao2024.pdf\">Call_International-Conference_ADHILAC-Curacao2024<\/a><a href=\"https:\/\/adhilac.com.ar\/wp-content\/uploads\/2023\/08\/Call_International-Conference_ADHILAC-Curacao2024.pdf\" class=\"wp-block-file__button wp-element-button\" download aria-describedby=\"wp-block-file--media-2d262b19-e518-4479-8711-65a63c34c71a\">Descarga<\/a><\/div>\n\n\n\n<div data-wp-interactive=\"core\/file\" class=\"wp-block-file\"><object data-wp-bind--hidden=\"!state.hasPdfPreview\" hidden class=\"wp-block-file__embed\" data=\"https:\/\/adhilac.com.ar\/wp-content\/uploads\/2023\/08\/ANNONCE_XIV-Conference-de-la-ADHILAC_Curacao.pdf\" type=\"application\/pdf\" style=\"width:100%;height:600px\" aria-label=\"Incrustado de ANNONCE_XIV-Conference-de-la-ADHILAC_Curacao.\"><\/object><a id=\"wp-block-file--media-26dbd71a-0650-4237-9e84-f563e0857ab7\" href=\"https:\/\/adhilac.com.ar\/wp-content\/uploads\/2023\/08\/ANNONCE_XIV-Conference-de-la-ADHILAC_Curacao.pdf\">ANNONCE_XIV-Conference-de-la-ADHILAC_Curacao<\/a><a href=\"https:\/\/adhilac.com.ar\/wp-content\/uploads\/2023\/08\/ANNONCE_XIV-Conference-de-la-ADHILAC_Curacao.pdf\" class=\"wp-block-file__button wp-element-button\" download aria-describedby=\"wp-block-file--media-26dbd71a-0650-4237-9e84-f563e0857ab7\">Descarga<\/a><\/div>\n\n\n\n<div style=\"height:40px\" aria-hidden=\"true\" class=\"wp-block-spacer\"><\/div>\n\n\n\n<p class=\"has-very-light-gray-color has-vivid-cyan-blue-background-color has-text-color has-background wp-block-paragraph\"><strong>Publicado por ADHILAC Internacional \u00a9 www.adhilac.com.ar<\/strong><\/p>\n\n\n\n<p class=\"has-vivid-cyan-blue-color has-very-light-gray-background-color has-text-color has-background wp-block-paragraph\"> Si Ud. desea asociarse de acuerdo a los Estatutos de ADHILAC&nbsp;<a href=\"https:\/\/adhilac.com.ar\/?page_id=263\">(ver)<\/a> complete el siguiente formulario&nbsp;(<a href=\"https:\/\/adhilac.com.ar\/?page_id=4779\">ver<\/a>)<\/p>\n\n\n\n<p class=\"has-very-light-gray-color has-vivid-cyan-blue-background-color has-text-color has-background wp-block-paragraph\"> E-mail:&nbsp;info@adhilac.com.ar <\/p>\n\n\n\n<p class=\"has-very-light-gray-color has-vivid-cyan-blue-background-color has-text-color has-background wp-block-paragraph\"> Twitter: @AdhilacInfo <\/p>\n\n\n<div class=\"wp-block-image\">\n<figure class=\"aligncenter size-large\"><img loading=\"lazy\" decoding=\"async\" width=\"85\" height=\"85\" src=\"https:\/\/adhilac.com.ar\/wp-content\/uploads\/2015\/02\/Logo-ADHILAC-Internacional-PEQ.jpg\" alt=\"\" class=\"wp-image-10473\"\/><\/figure>\n<\/div>\n\n\n<div style=\"height:55px\" aria-hidden=\"true\" class=\"wp-block-spacer\"><\/div>\n\n\n\n<p class=\"wp-block-paragraph\">Ver <a href=\"https:\/\/adhilac.com.ar\/?page_id=541\">Presentaci\u00f3n de ADHILAC<\/a>  <\/p>\n\n\n\n<div style=\"height:38px\" aria-hidden=\"true\" class=\"wp-block-spacer\"><\/div>\n\n\n\n<p class=\"has-text-align-center has-very-light-gray-color has-vivid-cyan-blue-background-color has-text-color has-background wp-block-paragraph\"><strong><a href=\"https:\/\/adhilac.com.ar\/?page_id=541\">QUIENES SOMOS<\/a><\/strong><\/p>\n\n\n\n<p class=\"has-text-align-center has-light-green-cyan-color has-vivid-cyan-blue-background-color has-text-color has-background wp-block-paragraph\"><strong><a href=\"https:\/\/adhilac.com.ar\/?page_id=15507\">DIRECTIVA DE ADHILAC INTERNACIONAL<\/a><\/strong><\/p>\n\n\n\n<p class=\"has-text-align-center has-pale-cyan-blue-color has-vivid-cyan-blue-background-color has-text-color has-background has-medium-font-size wp-block-paragraph\"><strong><a href=\"https:\/\/adhilac.com.ar\/?page_id=263\">Estatutos de ADHILAC<\/a><\/strong><\/p>\n\n\n\n<p class=\"has-text-align-center has-vivid-green-cyan-color has-light-green-cyan-background-color has-text-color has-background has-medium-font-size wp-block-paragraph\"><strong><a href=\"https:\/\/adhilac.com.ar\/?page_id=4779\">SOCIXS: TODO LO QUE HAY QUE SABER<\/a><\/strong><\/p>\n\n\n\n<div style=\"height:30px\" aria-hidden=\"true\" class=\"wp-block-spacer\"><\/div>\n\n\n\n<p class=\"has-text-align-center has-vivid-cyan-blue-color has-black-background-color has-text-color has-background wp-block-paragraph\"><a href=\"http:\/\/www.ariadnatucma.com.ar\">ARIADNA TUCMA REVISTA LATINOAMERICANA <\/a><\/p>\n\n\n\n<p class=\"has-text-align-center has-vivid-cyan-blue-color has-black-background-color has-text-color has-background wp-block-paragraph\"><a href=\"http:\/\/www.ariadnatucma.com.ar\">TWITTER @AdilacInfo<\/a><\/p>\n\n\n\n<p class=\"has-text-align-center has-vivid-cyan-blue-color has-black-background-color has-text-color has-background wp-block-paragraph\"><strong>OTROS TEMAS DE INTERES:<\/strong><\/p>\n\n\n\n<div style=\"height:30px\" aria-hidden=\"true\" class=\"wp-block-spacer\"><\/div>\n\n\n\n<p class=\"has-text-align-center has-pale-cyan-blue-background-color has-background wp-block-paragraph\"><strong><a href=\"https:\/\/adhilac.com.ar\/?page_id=267\">Declaraci\u00f3n de Caracas de ADHILAC (2007)<\/a><\/strong><\/p>\n\n\n\n<p class=\"has-text-align-center has-vivid-purple-color has-text-color has-background wp-block-paragraph\" style=\"background-color:#79c1ee\"><strong><a href=\"https:\/\/adhilac.com.ar\/?page_id=15873\">ADHILAC: Historia &#8211; Historidorxs<\/a><\/strong><\/p>\n\n\n\n<p class=\"has-text-align-center has-vivid-red-color has-pale-cyan-blue-background-color has-text-color has-background wp-block-paragraph\"><strong><a href=\"https:\/\/adhilac.com.ar\/?page_id=18436\" data-type=\"URL\" data-id=\"https:\/\/adhilac.com.ar\/?page_id=18436\" target=\"_blank\" rel=\"noreferrer noopener\">Historia de ADHILAC<\/a>  <\/strong><\/p>\n\n\n\n<p class=\"has-text-align-center has-vivid-red-color has-text-color has-background wp-block-paragraph\" style=\"background-color:#79c1ee\"><strong><a href=\"https:\/\/adhilac.com.ar\/?page_id=15876\">ADHILAC 20 a\u00f1os despu\u00e9s (1974-1994)<\/a> <\/strong><\/p>\n\n\n\n<p class=\"has-text-align-center has-luminous-vivid-orange-color has-pale-cyan-blue-background-color has-text-color has-background wp-block-paragraph\"><strong><a href=\"https:\/\/adhilac.com.ar\/?page_id=15887\">ADHILAC: Miembrxs fundadores<\/a><\/strong><\/p>\n\n\n\n<p class=\"has-text-align-center has-luminous-vivid-orange-color has-text-color has-background wp-block-paragraph\" style=\"background-color:#79c1ee\"><strong><a href=\"https:\/\/adhilac.com.ar\/?page_id=15943\">ADHILAC: Historiadorxs Destacadxs<\/a><\/strong><\/p>\n\n\n\n<div style=\"height:30px\" aria-hidden=\"true\" class=\"wp-block-spacer\"><\/div>\n\n\n\n<p class=\"has-text-align-center has-very-light-gray-color has-vivid-cyan-blue-background-color has-text-color has-background wp-block-paragraph\"><strong><a href=\"https:\/\/adhilac.com.ar\/?page_id=8220\">BICENTENARIO<\/a><\/strong><\/p>\n\n\n\n<p class=\"has-text-align-center has-vivid-cyan-blue-color has-very-light-gray-background-color has-text-color has-background wp-block-paragraph\"><strong><a href=\"https:\/\/adhilac.com.ar\/?page_id=8279\">BIBLIOTECA<\/a><\/strong><\/p>\n\n\n\n<p class=\"has-text-align-center has-very-light-gray-color has-vivid-cyan-blue-background-color has-text-color has-background wp-block-paragraph\"><strong><a href=\"https:\/\/adhilac.com.ar\/?page_id=1698\">ENLACES<\/a> <\/strong><\/p>\n","protected":false},"excerpt":{"rendered":"<p>CONVOCATORIA Estimadas socias y socios de la ADHILAC, En 1974 un grupo de historiadoras y historiadores de Am\u00e9rica Latina y del Caribe convocaron el primer Encuentro Internacional de la ADHILAC en la Ciudad de M\u00e9xico. Esta es raz\u00f3n suficiente para que celebremos el 50 aniversario de nuestra asociaci\u00f3n en junio de 2024 en la hermosa [&hellip;]<\/p>\n","protected":false},"author":2,"featured_media":0,"comment_status":"closed","ping_status":"closed","sticky":false,"template":"","format":"standard","meta":{"_crdt_document":"","footnotes":""},"categories":[3,40],"tags":[917,148,691],"class_list":["post-18742","post","type-post","status-publish","format-standard","hentry","category-adhilac-inter","category-informaciones","tag-america-latina-2","tag-caribe","tag-resistencia"],"_links":{"self":[{"href":"https:\/\/adhilac.com.ar\/index.php?rest_route=\/wp\/v2\/posts\/18742","targetHints":{"allow":["GET"]}}],"collection":[{"href":"https:\/\/adhilac.com.ar\/index.php?rest_route=\/wp\/v2\/posts"}],"about":[{"href":"https:\/\/adhilac.com.ar\/index.php?rest_route=\/wp\/v2\/types\/post"}],"author":[{"embeddable":true,"href":"https:\/\/adhilac.com.ar\/index.php?rest_route=\/wp\/v2\/users\/2"}],"replies":[{"embeddable":true,"href":"https:\/\/adhilac.com.ar\/index.php?rest_route=%2Fwp%2Fv2%2Fcomments&post=18742"}],"version-history":[{"count":2,"href":"https:\/\/adhilac.com.ar\/index.php?rest_route=\/wp\/v2\/posts\/18742\/revisions"}],"predecessor-version":[{"id":18749,"href":"https:\/\/adhilac.com.ar\/index.php?rest_route=\/wp\/v2\/posts\/18742\/revisions\/18749"}],"wp:attachment":[{"href":"https:\/\/adhilac.com.ar\/index.php?rest_route=%2Fwp%2Fv2%2Fmedia&parent=18742"}],"wp:term":[{"taxonomy":"category","embeddable":true,"href":"https:\/\/adhilac.com.ar\/index.php?rest_route=%2Fwp%2Fv2%2Fcategories&post=18742"},{"taxonomy":"post_tag","embeddable":true,"href":"https:\/\/adhilac.com.ar\/index.php?rest_route=%2Fwp%2Fv2%2Ftags&post=18742"}],"curies":[{"name":"wp","href":"https:\/\/api.w.org\/{rel}","templated":true}]}}