{"id":18772,"date":"2023-09-05T09:53:47","date_gmt":"2023-09-05T12:53:47","guid":{"rendered":"https:\/\/adhilac.com.ar\/?p=18772"},"modified":"2023-09-08T10:32:12","modified_gmt":"2023-09-08T13:32:12","slug":"coloquio-contribucion-de-haiti-a-la-emancipacion-de-los-pueblos-ueh-haiti-14-16-noviembre-2023","status":"publish","type":"post","link":"https:\/\/adhilac.com.ar\/?p=18772","title":{"rendered":"Coloquio Contribuci\u00f3n de Hait\u00ed a la emancipaci\u00f3n de los pueblos. UEH. Hait\u00ed. 14-16 noviembre 2023"},"content":{"rendered":"\n<p class=\"has-text-align-center has-vivid-red-background-color has-background wp-block-paragraph\"><strong>CONVOCATORIA AL COLOQUIO INTERNACIONAL<br \/>Contribuci\u00f3n de Hait\u00ed a la emancipaci\u00f3n de los pueblos<br \/>(Lucha global en contra de la esclavitud y la colonizaci\u00f3n)<br \/>Coloquio Internacional<br \/>14, 15 y 16 de noviembre del 2023<\/strong><\/p>\n\n\n\n<p class=\"has-text-align-center has-light-green-cyan-background-color has-background wp-block-paragraph\">Universidad de Estado de Hait\u00ed (UEH)<br \/>Instituto de Estudios e Investigaciones Africanas de Hait\u00ed (IERAH)<br \/>La C\u00e1tedra UNESCO en Historia y Patrimonio de la Universidad de Estado de Hait\u00ed ( CUHP- UEH}<br \/>92 Lafleur Duch\u00eane angle Avenue Christophe, Port-au-Prince Ha\u00efti HT- 6112<\/p>\n\n\n\n<!--more-->\n\n\n\n<p class=\"has-text-align-center wp-block-paragraph\">Coloquio Internacional<br \/>14, 15 y 16 de noviembre del 2023<br \/>Contribuci\u00f3n de Hait\u00ed a la emancipaci\u00f3n de los pueblos<br \/>(Lucha global en contra de la esclavitud y la colonizaci\u00f3n)<br \/>Bajo la direcci\u00f3n de : Watson Denis<br \/>Historiador y Catedr\u00e1tico en Historia y Relaciones Internacionales de la Universidad de Estado de Hait\u00ed. ex coordinador del programa de Maestr\u00eda en Historia, Memoria y Patrimonio de la Universidad de Estado de Hait\u00ed y autor de numerosos trabajos (libros y art\u00edculos especializados)<\/p>\n\n\n\n<p class=\"wp-block-paragraph\"><strong>Introducci\u00f3n<\/strong><br \/>Bajo el patrocinio del rectorado de la Universidad de Estado de Hait\u00ed y del Ministerio de Relaciones Exteriores y de los Cultos, el Instituto de Estudios e Investigaciones Africanas de Hait\u00ed (IERAH) y la C\u00e1tedra UNESCO en Historia y Patrimonio de la Universidad de Estado de Hait\u00ed (CUPH-UEH), en asociaci\u00f3n con la Academia Diplom\u00e1tica Jean Price Mars y la Sociedad Haitiana de Historia, de Geograf\u00eda y de Geolog\u00eda (SHHGG), organizan un Coloquio Internacional sobre <strong>la Contribuci\u00f3n de Hait\u00ed a la emancipaci\u00f3n de los pueblos ( Lucha global en contra de la esclavitud y la colonizaci\u00f3n)<\/strong>. Este Colloquio tendr\u00e1 lugar en forma h\u00edbrida, en l\u00ednea y en presencial en el recinto Universitario Henri Christophe de Limonade (CHCL), con vocaci\u00f3n multidisciplinaria (dirigi\u00e9ndose especialmente a las Ciencias Sociales y Humanas, entre otras: la historia, la antropolog\u00eda, la etnolog\u00eda, la sociolog\u00eda, los estudios literarios, la historia del arte, la folosof\u00eda, la pol\u00edtica, la econom\u00eda, etc<\/p>\n\n\n\n<p class=\"wp-block-paragraph\"><strong>Comisi\u00f3n Cient\u00edfica del Coloquio<\/strong><br \/>La Comisi\u00f3n cient\u00edfica del coloquio est\u00e1 compuesta de:<br \/>\u2022 Watson Denis, PhD en Historia, Profesor de la UEH<br \/>\u2022 Sterlin Ulysse, PhD en Historia del arte y de la Est\u00e9tica, Profesor de la UEH. Decano del IERAH. <br \/>\u2022 Kenrick Demesvar, PhD en Etnolog\u00eda y Patrimonio, Profesor de la UEH<br \/>\u2022 Itazienne Etienne, PhD en Ciencias Sicol\u00f3gicas y Educaci\u00f3n, Profesor de la UEH.<br \/>\u2022 Lewis Ampidu Clorm\u00e9us, PhD en Sociolog\u00eda, Profesor de la UEH<br \/>\u2022 Georges Eddy Lucien, HDR en Geograf\u00eda\/ PhD en Historia, Profesor de la UEH<br \/>\u2022 Jean Eddy Saint-Paul, PhD en Sociolog\u00eda Pol\u00edtica, Profesor de Brooklyn College, City University of New York (CUNY).<br \/>\u2022 D\u00e9lide Joseph, PhD en Historia, Profesor de la UEH<br \/>\u2022 Jean Ronald Augustin, PhD en Etnolog\u00eda y Patrimonio, profesor de la UEH.<\/p>\n\n\n\n<p class=\"wp-block-paragraph\"><strong>Comisi\u00f3n de organizaci\u00f3n:<\/strong><br \/>\u2022 Pierre Buteau, Historiador, Catedr\u00e1tico: Presidente de la Sociedad Haitiana de Historia, de Geograf\u00eda y de Geolog\u00eda<br \/>\u2022 Jean Guy-Marie Louis, PhD, Director de la Academia Diplom\u00e1tica Jean Price Mars<br \/>\u2022 Christian Toussaint, Miembro del Gabinete del Ministro de Relaciones Exteriores y de los Cultos. Punto focal del ministerio.<br \/>\u2022 Kenrick Demesvar, PhD en Etnolog\u00eda y Patrimonio, Profesor de la UEH, coordinador\/Profesor titular de la C\u00e1tedra UNESCO en Historia y Patrimonio, Responsable del Eje: Patrimomio mundial, Punto focal de la UEH<br \/>\u2022 Watson Denis, PhD en Historia, Profesor de la UEH, Responsable del Eje: Historia de Am\u00e9rica Laina y del Caribe, Coordinador del Coloquio<br \/>\u2022 Ytazienne Eug\u00e8ne, PhD en Ciencias Sicol\u00f3gicas y Educaci\u00f3n, Profesor de la UEH, Coordinadora adjunta\/Titular adjunta de la C\u00e1tedra UNESCO en Historia y Patrimonio de la UEH, Responsable del Eje: Ense\u00f1anza de la Historia<br \/>\u2022 Lewis Ampidu Clorm\u00e9us, PhD en Sociolog\u00eda, Profesor de la UEH, Consejero Cient\u00edfico de la C\u00e1tedra UNESCO en Historia y Patrimonio de la UEH, Responsable del Eje: Historia de las Religiones y de las Sociedades<br \/>\u2022 Georges Eddy Lucien, HDR\/ PhD en Historia contempor\u00e1nea, Profesor de la UEH, Responsable del Eje: Historia Contempor\u00e1nea.<\/p>\n\n\n\n<p class=\"wp-block-paragraph\"><strong>1- Contexto y justificaci\u00f3n<\/strong><br \/>Este Coloquio ser\u00e1 organizado con motivo de conmemorar el 220 aniversario de la Batalla de Verti\u00e8res (18 de noviembre de 1803), la cual sell\u00f3 la Victoria del ej\u00e9rcito ind\u00edgena sobre las tropas expedicionarias de Napol\u00e9on Bonaparte; tropas enviadas a Santo Domingo con el objetivo de restablecer el orden esclavista y restaurar el Sistema colonial del antiguo r\u00e9gimen. La contundente Victoria de Verti\u00e8res, consagra el triunfo de la Revoluci\u00f3n Haitiana y desemboc\u00f3 con la proclamaci\u00f3n de la Independencia de Hait\u00ed el primero de enero de 1804. La conmemoraci\u00f3n de la batalla de Verti\u00e8res este a\u00f1o, se inscribe por un lado, en el marco de la revaloraci\u00f3n de las ideas emancipadoras que forjaron la emergencia del Estado haitiano en el escenario internacional al principio del siglo XIX y por otro lado, en una reflexi\u00f3n -tomando en cuenta la turbulenta coyuntura actual- sobre el legado de los padres fundadores de este Estado y los gobiernos haitianos sucesivos que contribuyeron a la emancipaci\u00f3n de la Humanidad. Adem\u00e1s, esta conmemoraci\u00f3n coincide con la declaraci\u00f3n del a\u00f1o 2023 como A\u00f1o del Patrimonio por el gobierno haitiano.<\/p>\n\n\n\n<p class=\"wp-block-paragraph\"><strong>2. Objetivos<\/strong><\/p>\n\n\n\n<p class=\"wp-block-paragraph\">Este Coloquio internacional tiene como principales objetivos de:<br \/>1) Analizar el alcance de la Revoluci\u00f3n Haitiana y el impacto tumultuoso de la proclamaci\u00f3n de la Independencia de Hait\u00ed a nivel de la econom\u00eda mundial capitalista de la \u00e9poca;<br \/>2) Recordar la contribuci\u00f3n de Hait\u00ed en la emancipaci\u00f3n de los pueblos de las Am\u00e9ricas, en particular en Am\u00e9rica Latina, y su aporte en la construcci\u00f3n del Panamericanismo.<br \/>3) Recordar, m\u00e1s all\u00e1 del continente Americano, la lucha impulsada por Hait\u00ed a nivel mundial, contra el Sistema de econom\u00eda pol\u00edtica, sustentado por la esclavitud y el r\u00e9gimen de explotaci\u00f3n colonial que fueron instaurados en doctrina de una ideolog\u00eda dominante en varias partes del globo, en particular, en Europa, en \u00c1frica y en las Am\u00e9ricas;<br \/>4) Analizar el lugar que ocupa Hait\u00ed en el mundo de hoy, examinando las iniciativas pertinentes, capaces de forjar para este pa\u00eds, la posici\u00f3n prestigiosa y honorable que le corresponde, teniendo en cuenta su papel en la historia de la emancipaci\u00f3n de la Humanidad.<\/p>\n\n\n\n<p class=\"wp-block-paragraph\"><strong>3-Recuerdo de algunos actos de solidaridad en pos de la emancipaci\u00f3n de los pueblos, iniciados por dirigentes haitianos. ( Argumentos)<\/strong><\/p>\n\n\n\n<p class=\"wp-block-paragraph\">A partir de la proclamaci\u00f3n de su independencia y a lo largo del siglo XIX y tambi\u00e9n del XX, algunos dirigentes haitianos llevaron a cabo una lucha f\u00e9rrea para la liberaci\u00f3n y la emancipaci\u00f3n de los pueblos. Podemos citar algunos de aquellos actos solidarios:<br \/>\u2022 Ya en 1803, la resonancia de la Revoluci\u00f3n de Saint-Domingue tuvo un impacto mayor en la venta de Luisiana, territorio franc\u00e9s, a los Estados Unidos.<br \/>\u2022 En 1804, el general Jean-Jacques Dessalines tuvo un encuentro con el general Francisco Miranda en la ciudad de Jacmel. Miranda luchaba por la independencia de la Nueva Granada y de Venezuela. Al terminar la entrevista, el general Dessalines le ofreci\u00f3 una sustancial ayuda consistiendo en armas y municiones para su lucha, prodig\u00e1ndole tambi\u00e9n algunos consejos. Miranda conoci\u00f3 la derrota, por no haber seguido los consejos brindados por Dessalines, a saber: la liberaci\u00f3n de los esclavos y una pol\u00edtica de tierra quemada;<br \/>\u2022 En su proclamaci\u00f3n a los Haitianos, el 28 de abril de 1804, Jean Jacques Dessalines lament\u00f3 no haber podido lanzarse en la batalla, para socorrer a Louis Delgr\u00e8s en Guadeloupe en 1802;<br \/>\u2022 La primera Constituci\u00f3n de 1805 hizo de Hait\u00ed la tierra de acogida de todos los negros que ser\u00e1n declarados libres al pisar el suelo haitiano. Unos negros huyeron de Bahamas para llegar hasta el territorio haitiano para gozar de la Libertad. Asi mismo, Hait\u00ed acogi\u00f3 los polacos cuyos descendientes viven en la ciudad de Cazale;<br \/>\u2022 Hait\u00ed compr\u00f3 esclavos africanos sublevados en Jamaica, los cuales eran indeseables para los esclavistas;<br \/>\u2022 Cuando en 1816, Sim\u00f3n Bol\u00edvar desembarca en la ciudad de Cayes, en el Sur del pa\u00eds, se entrevist\u00f3 con el general Geffrerd y despu\u00e9s con el Presidente Alexandre P\u00e9tion qui\u00e9n dirig\u00eda el Estado del Oeste y del Sur. La ayuda brindada por P\u00e9tion a Bol\u00edvar es inconmensurable. La primera tentativa de Bol\u00edvar para la liberaci\u00f3n de la Gran Colombia fue un fracaso. Volvi\u00f3 el a\u00f1o siguiente a Hait\u00ed. Un vez m\u00e1s, el gobierno haitiano lo recibi\u00f3 los brazos abiertos, proporcion\u00e1ndole, una ayuda a\u00fan m\u00e1s importante. Viaj\u00f3 con hombres de tropa reclutados en el pa\u00eds, armas, municiones, buques de Guerra y dinero. Gracias a dicha ayuda, Bol\u00edvar llamado despu\u00e9s el \u201cLibertador\u201dpudo proclamar la independencia de la Gran Colombia, de Venezuela, de Per\u00fa, de Bolivia y del Ecuador;<br \/>\u2022 En 1821, Hait\u00ed contribuy\u00f3 a la independencia de Grecia en contra del imperio otomano. Cuando los revolucionarios griegos lanzaron su movimiento independentista, el presidente haitiano Jean Pierre Boyer les mand\u00f3 un cargamento de 25 toneladas de caf\u00e9 para las necesidades de la lucha. As\u00ed, Hait\u00ed fue uno de los primeros estados en reconocer la independencia de Grecia.<br \/>\u2022 Bajo la presidencia de Jean Pierre Boyer una vez m\u00e1s y luego, la de Fabre Nicolas Geffrard, Hait\u00ed acogi\u00f3 unos americanos negros, huyendo del racismo y de la opresi\u00f3n en Estados Unidos. Se instalaron en Isla de Vaca (Ile- \u00e0- Vache) y la zona de Ka-K\u00f3K;<br \/>\u2022 Entre 1862 y 1865, bajo el gobierno de Fabre Nicolas Geffrard, la Rep\u00fablica de Hait\u00ed, ayud\u00f3 los patriotas dominicanos en armas, en su lucha contra la recolonizaci\u00f3n de Santo Domingo. La participaci\u00f3n de Hait\u00ed fue importante en esta lucha patri\u00f3tica de la Restauraci\u00f3n, del otro lado de la frontera. Haitiano- dominicana;<br \/>\u2022 Adem\u00e1s, Hait\u00ed apoy\u00f3 la Liberaci\u00f3n de Cuba. En 1892, y luego en 1895, el jefe de la Revoluci\u00f3n cubana permaneci\u00f3 en Hait\u00ed, d\u00f3nde estuvo en Cabo Haitiano en ocasi\u00f3n de su \u00faltimo viaje en compa\u00f1\u00eda de algunos de sus compa\u00f1eros de armas entre los cuales, M\u00e1ximo G\u00f3mez, quien encabezaba, el mando militar de la Guerra de independencia cubana. Ellos recibieron, el apoyo incondicional de los dirigentes haitianos.<br \/>En el siglo XX, Hait\u00ed apoy\u00f3 M\u00e9xico frente a la ocupaci\u00f3n norteamericana. Luego el pa\u00eds sirvi\u00f3 de tierra de acogida para much\u00edsimos jud\u00edos huyendo el holocausto y el nazismo durante la segunda Guerra Mundial (1939-1945). Adem\u00e1s, a trav\u00e9s de sus embajadores delegados en las Naciones Unidas (ONU), Hait\u00ed vot\u00f3 la partici\u00f3n de la Palestina que permiti\u00f3 la creaci\u00f3n del Estado de Israel. Asimismo, Benito Sylvain vot\u00f3 en contra de la ocupaci\u00f3n italiana de Libia (1949) y la de Abisinia (actual Etiop\u00eda); vot\u00f3 tambi\u00e9n a favor de la liberaci\u00f3n de Ruanda y de Burundi, bajo tutela de B\u00e9lgica. Cabe subrayar que a trav\u00e9s de los intelectuales haitianos Ant\u00e9nor Firmin, Jacques Stephen Alexis, seguidos por el pensador martiniqu\u00e9s Aim\u00e9 C\u00e9saire y el senegal\u00e9s Leopold Sedar Senghor, Hait\u00ed traz\u00f3 el camino del Panafricanismo y de la negritud que iban a inspirar la lucha de los pueblos de origen africano y los afrodescendientes. Por otro lado, Jean Price Mars cultiv\u00f3 un inter\u00e9s tanto por el legado africano dentro del folklore y la cultura popular y campesina de los haitianos como por la religi\u00f3n vud\u00fa y el legado de los abor\u00edgenes, lo que qued\u00f3 plasmado en sus investigaciones y publicaciones.<\/p>\n\n\n\n<p class=\"wp-block-paragraph\"><strong>4- Descripci\u00f3n de la llamada de ponencias<\/strong><br \/>Las ponencias en el marco del coloquio, deben girar en torno al tema central y los ejes tem\u00e1ticos siguientes, cuestionando la influenza de la Revoluci\u00f3n y de la Independencia de Hait\u00ed sobre los movimientos reivindicativos y independentistas de uno de los pa\u00edses identificados u otros no se\u00f1alados, o sea, la contribuci\u00f3n de Hait\u00ed para la Liberaci\u00f3n de los pueblos o tambi\u00e9n, el reconocimiento del estatuto jur\u00eddico de Estado, por parte de Hait\u00ed. El acercamiento cultural de Hait\u00ed para con los pueblos, basados en los intercambios poscoloniales (arquitectura y carnaval de Luisiana en los Estados Unidos, el Candomble en Brasil, la Santer\u00eda en Cuba, tambi\u00e9n conocido como Regla de Ocha, Regla Lucumi o Lucumi) y los movimientos migratorios (Rara con los haitianos en Rep\u00fablica Dominicana, Compas en Chile, en Brasil, en M\u00e9xico etc) constituyen pistas adicionales que explorar. El Coloquio terminar\u00e1 con el cuestionamiento siguiente: \u00ab\u00bfde qu\u00e9 manera hoy d\u00eda, los pueblos del mundo pueden ayudar a Hait\u00ed a superar su tr\u00e1gica situaci\u00f3n econ\u00f3mica, pol\u00edtica y de seguridad?\u00bb<br \/><\/p>\n\n\n\n<p class=\"wp-block-paragraph\"><strong>Tema Central:<\/strong> Contribuci\u00f3n de Hait\u00ed a la emancipaci\u00f3n de los pueblos (Lucha global contra la esclavitud y la colonizaci\u00f3n)<br \/>Ejes tem\u00e1ticos: los participantes pueden tratar en su ponencia, uno de los subtemas siguientes:<br \/>Eje tem\u00e1tico 1: Universalidad de la Revoluci\u00f3n y de la Independencia de Hait\u00ed<br \/>Eje tem\u00e1tico 2: La independencia haitiana y el Caribe<br \/>Eje tem\u00e1tico 3: La independencia haitiana y Am\u00e9rica Latina<br \/>Eje tem\u00e1tico 4: La independencia haitiana y \u00c1frica<br \/>Eje tem\u00e1tico 5: La independencia haitiana y Europa<br \/>Eje tem\u00e1tico 6: Contribuci\u00f3n del mundo a la independencia econ\u00f3mica de Hait\u00ed<\/p>\n\n\n\n<p class=\"wp-block-paragraph\"><strong>5- Fechas importantes<\/strong>:<\/p>\n\n\n\n<ul class=\"wp-block-list\">\n<li>Inicio de la llamada a ponencias: 15 de Agosto del 2023<\/li>\n\n\n\n<li>Fecha l\u00edmite de comunicaci\u00f3n de ponencia: 15 de septiembre del 2023<\/li>\n\n\n\n<li>Respuesta de la comisi\u00f3n cient\u00edfica a los autores: 30 de septiembre del 2023<\/li>\n\n\n\n<li>Realizaci\u00f3n del coloquio: 7, 8 y 9 de noviembre del 2023<\/li>\n\n\n\n<li>Publicaci\u00f3n de las actas del coloquio: 31 de marzo del 2024<\/li>\n\n\n\n<li><br \/><strong><\/strong><strong><\/strong><strong>6.- Presentaci\u00f3n y criterios de selecci<\/strong><\/li>\n\n\n\n<li>Los idiomas del coloquio son el creole haitiano, el franc\u00e9s, el ingl\u00e9s y el espa\u00f1ol. Las propuestas de ponencias deben ser redactadas en uno de estos cuatro idiomas;<\/li>\n\n\n\n<li>Las propuestas de ponencias deben presentar caracter\u00edsticas de investigaciones innovadoras, basadas en fuentes hist\u00f3ricas documentadas o emp\u00edricas conducidas por los autores;<\/li>\n\n\n\n<li>Los autores deben enviar un resumen de su ponencia (350 palabras al m\u00e1ximo) a m\u00e1s tardar el 15 de septiembre del 2023 a medianoche;<\/li>\n\n\n\n<li>Si el resumen cumple con los requisitos, el texto de la ponencia debe llegar a la comisi\u00f3n a m\u00e1s tardar el 5 de noviembre del 2023;<\/li>\n\n\n\n<li>La formaci\u00f3n de panel de expertos para tratar uno de los ejes tem\u00e1ticos es una opci\u00f3n interesante;<\/li>\n\n\n\n<li>Todas las propuestas de ponencias deben ser enviadas a:<br \/><strong>Kenrick Demesvar , PhD <\/strong>Coordinador\/Titular de la C\u00e1tedra UNESCO en Historia y Patrimonio de la Universidad de Estado de Hait\u00ed, exclusivamente a la direcci\u00f3n siguiente: Kenrick demesvar@ueh.edu.htm <\/li>\n\n\n\n<li><strong>7- Consignas para la redacci\u00f3n de los textos<\/strong><br \/>Una vez confirmado el programa, los conferencistas, se comprometen a enviar a m\u00e1s tardar el 5 de noviembre el texto completo de su presentaci\u00f3n. El fichero word de los textos a presentar en el coloquio tendr\u00e1 el tipo de letra\u201dTime New Roman\u201d, talla 12, 1.5 interlineado. El texto debe en forma imperativa incluir los datos siguientes:<br \/>\u2022 Nombre complete del autor, incluyendo su filiaci\u00f3n universitaria o professional, su correo electr\u00f3nico y tambi\u00e9n una biograf\u00eda concisa (100 palabras al m\u00e1ximo);<\/li>\n<\/ul>\n\n\n\n<p class=\"wp-block-paragraph\">\u2022 El t\u00edtulo de tema escogido y en que tem\u00e1tico est\u00e1 inscrito;<\/p>\n\n\n\n<p class=\"wp-block-paragraph\">\u2022 Un resumen de 350 palabras al m\u00e1ximo;<\/p>\n\n\n\n<p class=\"wp-block-paragraph\">\u2022 3 a 6 palabras claves en franc\u00e9s o los otros dos idiomas del coloquio;<\/p>\n\n\n\n<p class=\"wp-block-paragraph\">\u2022 Un texto principal de 10 000 hasta 15 000 palabras (incluyendo espacios) en franc\u00e9s, ingl\u00e9s o espa\u00f1ol;<\/p>\n\n\n\n<p class=\"wp-block-paragraph\">\u2022 El texto debe de respetar el modelo previsto para las citaciones seg\u00fan las normas APA 2019;<\/p>\n\n\n\n<p class=\"wp-block-paragraph\">\u2022 Una bibliograf\u00eda selectiva<\/p>\n\n\n\n<p class=\"wp-block-paragraph\">Las ponencias propuestas ser\u00e1n evaluadas por una comisi\u00f3n de organizaci\u00f3n y por el Consejo cient\u00edfico del Coloquio, compuesto por investigadores de la UEH u otras Universidades haitianas y extranjeras.<br \/>NB. Las conferencias en el marco del Coloquio se har\u00e1n en l\u00ednea. El programa del coloquio ser\u00e1 disponible despu\u00e9s de la recepci\u00f3n y la selecci\u00f3n de los res\u00famenes de las ponencias. Los ejes tem\u00e1ticos ser\u00e1n tratados con precision en el programa final.<\/p>\n\n\n\n<p class=\"wp-block-paragraph\"><strong>8- Los socios<\/strong><\/p>\n\n\n\n<ul class=\"wp-block-list\">\n<li>Academia Diplom\u00e1tica Jean Price Mars del Ministerio de Relaciones Exteriores y de los Cultos;<\/li>\n\n\n\n<li>Instituto de Estudios y de Investigaciones Africanas de Hait\u00ed (IERAH)<\/li>\n\n\n\n<li>Recinto Universitario Henri Christophe de Limonade (CUHP)<\/li>\n\n\n\n<li>Facultad de Derecho et des Ciencias Econ\u00f3micas de Cabo Haitiano<\/li>\n\n\n\n<li>Instituto Nacional de Administraci\u00f3n, de Gesti\u00f3n y de Altos Estudios Internacionales (INAGHEI)<\/li>\n\n\n\n<li>Las Ediciones de la UEH<\/li>\n\n\n\n<li>Centro Challenges (Centro de Consultor\u00eda y de Estudios Especializados en Ciencias Humanas y Sociales-Comisi\u00f3n Nacional Haitiana de la Ruta de los esclavos)<\/li>\n\n\n\n<li>Sociedad Haitiana de Historia de Geograf\u00eda y de Geolog\u00eda<\/li>\n\n\n\n<li>Sociedad del Cabo Haitiano de Historia y de Protecci\u00f3n del Patrimonio<\/li>\n\n\n\n<li>La Delegaci\u00f3n de Hait\u00ed ante la UNESCO<\/li>\n\n\n\n<li>La Comisi\u00f3n Nacional Haitiana de Cooperaci\u00f3n con la UNESCO<\/li>\n\n\n\n<li>La Red UNITWIN\/ C\u00e1tedra UNESCO<\/li>\n\n\n\n<li>Ecuador: UNESCO Chair on Indigenous People of Latin America, Universidad Andina Sim\u00f3n Bol\u00edvar<\/li>\n\n\n\n<li>Colombia: UNESCO Chair on Freedom of Expression Promoting Peace and JusticeThroughFree Speechin Latin America. University of Los Andes, Bogot\u00e1<br \/>Faltan otros socios por identificar.<\/li>\n<\/ul>\n\n\n\n<div style=\"height:41px\" aria-hidden=\"true\" class=\"wp-block-spacer\"><\/div>\n\n\n\n<p class=\"has-very-light-gray-color has-vivid-cyan-blue-background-color has-text-color has-background wp-block-paragraph\"><strong>Publicado por ADHILAC Internacional \u00a9 www.adhilac.com.ar<\/strong><\/p>\n\n\n\n<p class=\"has-vivid-cyan-blue-color has-very-light-gray-background-color has-text-color has-background wp-block-paragraph\"> Si Ud. desea asociarse de acuerdo a los Estatutos de ADHILAC&nbsp;<a href=\"https:\/\/adhilac.com.ar\/?page_id=263\">(ver)<\/a> complete el siguiente formulario&nbsp;(<a href=\"https:\/\/adhilac.com.ar\/?page_id=4779\">ver<\/a>)<\/p>\n\n\n\n<p class=\"has-very-light-gray-color has-vivid-cyan-blue-background-color has-text-color has-background wp-block-paragraph\"> E-mail:&nbsp;info@adhilac.com.ar <\/p>\n\n\n\n<p class=\"has-very-light-gray-color has-vivid-cyan-blue-background-color has-text-color has-background wp-block-paragraph\"> Twitter: @AdhilacInfo <\/p>\n\n\n<div class=\"wp-block-image\">\n<figure class=\"aligncenter size-large\"><img loading=\"lazy\" decoding=\"async\" width=\"85\" height=\"85\" src=\"https:\/\/adhilac.com.ar\/wp-content\/uploads\/2015\/02\/Logo-ADHILAC-Internacional-PEQ.jpg\" alt=\"\" class=\"wp-image-10473\"\/><\/figure>\n<\/div>\n\n\n<div style=\"height:55px\" aria-hidden=\"true\" class=\"wp-block-spacer\"><\/div>\n\n\n\n<p class=\"wp-block-paragraph\">Ver <a href=\"https:\/\/adhilac.com.ar\/?page_id=541\">Presentaci\u00f3n de ADHILAC<\/a>  <\/p>\n\n\n\n<div style=\"height:38px\" aria-hidden=\"true\" class=\"wp-block-spacer\"><\/div>\n\n\n\n<p class=\"has-text-align-center has-very-light-gray-color has-vivid-cyan-blue-background-color has-text-color has-background wp-block-paragraph\"><strong><a href=\"https:\/\/adhilac.com.ar\/?page_id=541\">QUIENES SOMOS<\/a><\/strong><\/p>\n\n\n\n<p class=\"has-text-align-center has-light-green-cyan-color has-vivid-cyan-blue-background-color has-text-color has-background wp-block-paragraph\"><strong><a href=\"https:\/\/adhilac.com.ar\/?page_id=15507\">DIRECTIVA DE ADHILAC INTERNACIONAL<\/a><\/strong><\/p>\n\n\n\n<p class=\"has-text-align-center has-pale-cyan-blue-color has-vivid-cyan-blue-background-color has-text-color has-background has-medium-font-size wp-block-paragraph\"><strong><a href=\"https:\/\/adhilac.com.ar\/?page_id=263\">Estatutos de ADHILAC<\/a><\/strong><\/p>\n\n\n\n<p class=\"has-text-align-center has-vivid-green-cyan-color has-light-green-cyan-background-color has-text-color has-background has-medium-font-size wp-block-paragraph\"><strong><a href=\"https:\/\/adhilac.com.ar\/?page_id=4779\">SOCIXS: TODO LO QUE HAY QUE SABER<\/a><\/strong><\/p>\n\n\n\n<div style=\"height:30px\" aria-hidden=\"true\" class=\"wp-block-spacer\"><\/div>\n\n\n\n<p class=\"has-text-align-center has-vivid-cyan-blue-color has-black-background-color has-text-color has-background wp-block-paragraph\"><a href=\"http:\/\/www.ariadnatucma.com.ar\">ARIADNA TUCMA REVISTA LATINOAMERICANA <\/a><\/p>\n\n\n\n<p class=\"has-text-align-center has-vivid-cyan-blue-color has-black-background-color has-text-color has-background wp-block-paragraph\"><a href=\"http:\/\/www.ariadnatucma.com.ar\">TWITTER @AdilacInfo<\/a><\/p>\n\n\n\n<p class=\"has-text-align-center has-vivid-cyan-blue-color has-black-background-color has-text-color has-background wp-block-paragraph\"><strong>OTROS TEMAS DE INTERES:<\/strong><\/p>\n\n\n\n<div style=\"height:30px\" aria-hidden=\"true\" class=\"wp-block-spacer\"><\/div>\n\n\n\n<p class=\"has-text-align-center has-pale-cyan-blue-background-color has-background wp-block-paragraph\"><strong><a href=\"https:\/\/adhilac.com.ar\/?page_id=267\">Declaraci\u00f3n de Caracas de ADHILAC (2007)<\/a><\/strong><\/p>\n\n\n\n<p class=\"has-text-align-center has-vivid-purple-color has-text-color has-background wp-block-paragraph\" style=\"background-color:#79c1ee\"><strong><a href=\"https:\/\/adhilac.com.ar\/?page_id=15873\">ADHILAC: Historia &#8211; Historidorxs<\/a><\/strong><\/p>\n\n\n\n<p class=\"has-text-align-center has-vivid-red-color has-pale-cyan-blue-background-color has-text-color has-background wp-block-paragraph\"><strong><a href=\"https:\/\/adhilac.com.ar\/?page_id=18436\" data-type=\"URL\" data-id=\"https:\/\/adhilac.com.ar\/?page_id=18436\" target=\"_blank\" rel=\"noreferrer noopener\">Historia de ADHILAC<\/a>  <\/strong><\/p>\n\n\n\n<p class=\"has-text-align-center has-vivid-red-color has-text-color has-background wp-block-paragraph\" style=\"background-color:#79c1ee\"><strong><a href=\"https:\/\/adhilac.com.ar\/?page_id=15876\">ADHILAC 20 a\u00f1os despu\u00e9s (1974-1994)<\/a> <\/strong><\/p>\n\n\n\n<p class=\"has-text-align-center has-luminous-vivid-orange-color has-pale-cyan-blue-background-color has-text-color has-background wp-block-paragraph\"><strong><a href=\"https:\/\/adhilac.com.ar\/?page_id=15887\">ADHILAC: Miembrxs fundadores<\/a><\/strong><\/p>\n\n\n\n<p class=\"has-text-align-center has-luminous-vivid-orange-color has-text-color has-background wp-block-paragraph\" style=\"background-color:#79c1ee\"><strong><a href=\"https:\/\/adhilac.com.ar\/?page_id=15943\">ADHILAC: Historiadorxs Destacadxs<\/a><\/strong><\/p>\n\n\n\n<div style=\"height:30px\" aria-hidden=\"true\" class=\"wp-block-spacer\"><\/div>\n\n\n\n<p class=\"has-text-align-center has-very-light-gray-color has-vivid-cyan-blue-background-color has-text-color has-background wp-block-paragraph\"><strong><a href=\"https:\/\/adhilac.com.ar\/?page_id=8220\">BICENTENARIO<\/a><\/strong><\/p>\n\n\n\n<p class=\"has-text-align-center has-vivid-cyan-blue-color has-very-light-gray-background-color has-text-color has-background wp-block-paragraph\"><strong><a href=\"https:\/\/adhilac.com.ar\/?page_id=8279\">BIBLIOTECA<\/a><\/strong><\/p>\n\n\n\n<p class=\"has-text-align-center has-very-light-gray-color has-vivid-cyan-blue-background-color has-text-color has-background wp-block-paragraph\"><strong><a href=\"https:\/\/adhilac.com.ar\/?page_id=1698\">ENLACES<\/a> <\/strong><\/p>\n","protected":false},"excerpt":{"rendered":"<p>CONVOCATORIA AL COLOQUIO INTERNACIONALContribuci\u00f3n de Hait\u00ed a la emancipaci\u00f3n de los pueblos(Lucha global en contra de la esclavitud y la colonizaci\u00f3n)Coloquio Internacional14, 15 y 16 de noviembre del 2023 Universidad de Estado de Hait\u00ed (UEH)Instituto de Estudios e Investigaciones Africanas de Hait\u00ed (IERAH)La C\u00e1tedra UNESCO en Historia y Patrimonio de la Universidad de Estado de [&hellip;]<\/p>\n","protected":false},"author":2,"featured_media":0,"comment_status":"closed","ping_status":"","sticky":false,"template":"","format":"standard","meta":{"_crdt_document":"","footnotes":""},"categories":[5,40],"tags":[608,54],"class_list":["post-18772","post","type-post","status-publish","format-standard","hentry","category-congresos","category-informaciones","tag-esclavitud","tag-haiti"],"_links":{"self":[{"href":"https:\/\/adhilac.com.ar\/index.php?rest_route=\/wp\/v2\/posts\/18772","targetHints":{"allow":["GET"]}}],"collection":[{"href":"https:\/\/adhilac.com.ar\/index.php?rest_route=\/wp\/v2\/posts"}],"about":[{"href":"https:\/\/adhilac.com.ar\/index.php?rest_route=\/wp\/v2\/types\/post"}],"author":[{"embeddable":true,"href":"https:\/\/adhilac.com.ar\/index.php?rest_route=\/wp\/v2\/users\/2"}],"replies":[{"embeddable":true,"href":"https:\/\/adhilac.com.ar\/index.php?rest_route=%2Fwp%2Fv2%2Fcomments&post=18772"}],"version-history":[{"count":3,"href":"https:\/\/adhilac.com.ar\/index.php?rest_route=\/wp\/v2\/posts\/18772\/revisions"}],"predecessor-version":[{"id":18781,"href":"https:\/\/adhilac.com.ar\/index.php?rest_route=\/wp\/v2\/posts\/18772\/revisions\/18781"}],"wp:attachment":[{"href":"https:\/\/adhilac.com.ar\/index.php?rest_route=%2Fwp%2Fv2%2Fmedia&parent=18772"}],"wp:term":[{"taxonomy":"category","embeddable":true,"href":"https:\/\/adhilac.com.ar\/index.php?rest_route=%2Fwp%2Fv2%2Fcategories&post=18772"},{"taxonomy":"post_tag","embeddable":true,"href":"https:\/\/adhilac.com.ar\/index.php?rest_route=%2Fwp%2Fv2%2Ftags&post=18772"}],"curies":[{"name":"wp","href":"https:\/\/api.w.org\/{rel}","templated":true}]}}