{"id":18782,"date":"2023-09-11T17:20:08","date_gmt":"2023-09-11T20:20:08","guid":{"rendered":"https:\/\/adhilac.com.ar\/?p=18782"},"modified":"2023-09-11T17:20:08","modified_gmt":"2023-09-11T20:20:08","slug":"11-de-septiembre-de-1973-asalto-a-la-democracia-en-chile","status":"publish","type":"post","link":"https:\/\/adhilac.com.ar\/?p=18782","title":{"rendered":"11 de septiembre de 1973: asalto a la democracia en Chile"},"content":{"rendered":"\n<p class=\"wp-block-paragraph\">Por Roberto Gonz\u00e1lez Arana<\/p>\n\n\n\n<p class=\"wp-block-paragraph\"><em>50 a\u00f1os despu\u00e9s del golpe de Estado que depuso al presidente socialista Salvador Allende, una dividida sociedad chilena se mira en el espejo del pasado.<\/em><\/p>\n\n\n\n<p class=\"wp-block-paragraph\">Se cumplen 50 a\u00f1os del golpe militar contra el gobierno de Unidad Popular del presidente chileno Salvador Allende, hecho ocurrido el 11 de septiembre de 1973. Todav\u00eda hoy encontramos en este pa\u00eds a una sociedad dividida entre los que idealizan los a\u00f1os de la cruenta dictadura del general Augusto Pinochet (1973-1990) y, por el contrario, ciudadanos que a\u00f1o tras a\u00f1o se lamentan del tr\u00e1gico final de un gobierno derrocado a bala. Aunque autores como Ernest Ren\u00e1n sosten\u00edan desde fines del siglo XIX que la construcci\u00f3n de una naci\u00f3n deb\u00eda basarse no exclusivamente en los recuerdos de una historia compartida sino tambi\u00e9n en el olvido de hechos violentos (citado por Peters, 2022), nos resulta oportuno se\u00f1alar que la importancia de la memoria adquiere especial relevancia cuando se trata de conocer el pasado desde la perspectiva de las v\u00edctimas, m\u00e1s all\u00e1 del relato oficial. Seg\u00fan el Ministerio de Justicia, <strong>durante la dictadura hubo 40.179 v\u00edctimas<\/strong> entre asesinados, desaparecidos, presos pol\u00edticos y torturados, tal como establecieron dos comisiones de la verdad.\u00a0<\/p>\n\n\n\n<!--more-->\n\n\n\n<p class=\"wp-block-paragraph\">El golpe de Estado al gobierno de Salvador Allende fue celebrado durante a\u00f1os por los militares como el \u2018D\u00eda de la victoria\u2019 \u201ccontra un gobierno marxista\u201d, pues para ellos <em>\u201c<\/em>era una guerra en contra de <em>un enemigo<\/em> <em>peligroso<\/em> que ven\u00eda del extranjero para destruir la base de la naci\u00f3n y sociedad chilenas\u201d<sup>1<\/sup>. Todo ello amparado en la llamada Doctrina de Seguridad Nacional de la Guerra Fr\u00eda el cual propend\u00eda por combatir a toda costa el llamado <em>enemigo interno <\/em>en los pa\u00edses capitalistas<em>. <\/em>En este sentido, \u201clos discursos conmemorativos se conformaron como un lugar estrat\u00e9gico de poder para definir <strong>qu\u00e9 y c\u00f3mo recordar u olvidar<\/strong>, gracias a diferentes modalidades de uso del pasado y de la historia\u201d<sup>2<\/sup>. Esto, por supuesto, ha ocurrido en otros casos. En la Espa\u00f1a franquista, por ejemplo, la memoria fue deformada de manera sistem\u00e1tica, fruto de una decisi\u00f3n pol\u00edtica. El Estado se apoder\u00f3 del espacio p\u00fablico, cambi\u00f3 los nombres de las calles, los pueblos y no se permit\u00edan conmemoraciones distintas a las oficiales. La memoria franquista de la Guerra Civil Espa\u00f1ola era \u00fatil para la legitimaci\u00f3n hist\u00f3rica del sistema pol\u00edtico vencedor en la guerra.&nbsp; &nbsp;<\/p>\n\n\n\n<figure class=\"wp-block-embed is-type-rich is-provider-gestor-del-servicio wp-block-embed-gestor-del-servicio\"><div class=\"wp-block-embed__wrapper\">\nhttps:\/\/youtube.com\/watch?v=BPrePv3kJcI%3Ffeature%3Doembed\n<\/div><\/figure>\n\n\n\n<p class=\"wp-block-paragraph\">No contentos con reprimir en su pa\u00eds, <strong>la dictadura chilena se uni\u00f3 de manera entusiasta al llamado Plan C\u00f3ndor<\/strong>, una estrategia militar que desde 1975 hizo posible la alianza entre reg\u00edmenes militares para coordinar la persecuci\u00f3n a los opositores, dentro y fuera de cada pa\u00eds. Estas acciones inclu\u00edan intercambio de informaci\u00f3n, operativos conjuntos entre varios pa\u00edses y traslados clandestinos de personas detenidas en el extranjero a su pa\u00eds de origen.&nbsp;<\/p>\n\n\n\n<p class=\"wp-block-paragraph\">El golpe, al igual que en el boicot a la econom\u00eda chilena por parte de grupos privados, <strong>fue orquestado y financiado por el gobierno norteamericano<\/strong>, intervenci\u00f3n que se a\u00f1ade a otras acciones previas como el derrocamiento a Jacobo Arbenz en Guatemala (1954), la invasi\u00f3n a Bah\u00eda Cochinos (1961), el embargo econ\u00f3mico a Cuba (1962) y el golpe al presidente Juan Bosch en Rep\u00fablica Dominicana (1963). La llamada <em>v\u00eda chilena al socialismo<\/em> signific\u00f3 un gran desaf\u00edo para la pol\u00edtica exterior norteamericana pues sus intereses estrat\u00e9gicos se vieron amenazados con medidas como la nacionalizaci\u00f3n del cobre en 1971 (donde Estados Unidos ten\u00eda el monopolio de la producci\u00f3n), aunado a la aparente cercan\u00eda del gobierno chileno con la Uni\u00f3n Sovi\u00e9tica y Cuba.&nbsp; &nbsp;<\/p>\n\n\n\n<blockquote class=\"wp-block-quote is-layout-flow wp-block-quote-is-layout-flow\">\n<p class=\"wp-block-paragraph\">El golpe de Estado al gobierno de Salvador Allende fue celebrado durante a\u00f1os por los militares como el \u2018D\u00eda de la victoria\u2019 \u201ccontra un gobierno marxista\u201d, pues para ellos <em>\u201c<\/em>era una guerra en contra de <em>un enemigo<\/em> <em>peligroso<\/em> que ven\u00eda del extranjero para destruir la base de la naci\u00f3n y sociedad chilenas\u201d<\/p>\n<\/blockquote>\n\n\n\n<p class=\"wp-block-paragraph\">La<em> Ley de Punto Final<\/em> en Chile no resolvi\u00f3 la expectativa de llevar a la justicia a los protagonistas de la dictadura. M\u00e1s impactante aun es que tampoco hubo condena contra Augusto Pinochet, fallecido en 2006, y art\u00edfice de la pol\u00edtica de represi\u00f3n, desapariciones, ejecuciones y tortura contra la poblaci\u00f3n. Tampoco se juzgaron sus delitos de corrupci\u00f3n. Seg\u00fan el Informe de la Comisi\u00f3n Nacional de Verdad y Reconciliaci\u00f3n de 1991, hubo un saldo de 3.200 asesinados y 1.162 desaparecidos. <strong>Se exiliaron 200.000 ciudadanos fuera de Chile y 28.000 opositores fueron torturados.&nbsp;<\/strong><\/p>\n\n\n\n<p class=\"wp-block-paragraph\">La historia seguir\u00e1 recordando a Salvador Allende como un presidente civilista, un m\u00e9dico idealista que so\u00f1\u00f3 con un pa\u00eds m\u00e1s equitativo y muri\u00f3 defendiendo la democracia en su pa\u00eds. Sus \u00faltimas palabras, transmitidas en Radio Magallanes, fueron: \u201cTengo la certeza de que mi sacrificio no ser\u00e1 en vano, tengo la certeza de que, por lo menos, ser\u00e1 una lecci\u00f3n moral que castigar\u00e1 la felon\u00eda, la cobard\u00eda y la traici\u00f3n\u201d.<\/p>\n\n\n\n<h5 class=\"wp-block-heading\">Referencias<\/h5>\n\n\n\n<p class=\"wp-block-paragraph\"><sup>1<\/sup> Peters, Stefan (2022).<strong> \u201c<\/strong>La no- memoria: silencios y exclusiones en el enfrentamiento del pasado\u201d. En <em>Violencias y resistencias. Am\u00e9rica Latina entre la historia y la memoria. <\/em>Arias, Enrique, Gonz\u00e1lez Arana, Roberto, Kemner, Jochen, Peters, Stefan. Editorial Doce Calles, Madrid.&nbsp;<\/p>\n\n\n\n<p class=\"wp-block-paragraph\">Rinke, Stefan (2022). \u201cLa dictadura chilena y la historia de la memoria\u201d. En <em>Violencias y resistencias<\/em>, Op. Cit.<\/p>\n\n\n\n<p class=\"wp-block-paragraph\"><sup>2&nbsp;<\/sup>Samac\u00e1, Gabriel (2023). \u201cEl centenario de la muerte de Bol\u00edvar desde Colombia (1930): conmemoraciones y uso del pasado en clave relacional\u201d. En: <em>Colombia conectada. El Tibet de Sudam\u00e9rica en perspectiva global siglos XIX y XX. <\/em>Universidad del Rosario. Buenaventura, Laura, Jim\u00e9nez, Andr\u00e9s, Schuster, Sven.<\/p>\n\n\n\n<p class=\"wp-block-paragraph\">Fuente: https:\/\/contextomedia.com\/  Septiembre de 2023<\/p>\n\n\n\n<div style=\"height:40px\" aria-hidden=\"true\" class=\"wp-block-spacer\"><\/div>\n\n\n\n<p class=\"has-very-light-gray-color has-vivid-cyan-blue-background-color has-text-color has-background wp-block-paragraph\"><strong>Publicado por ADHILAC Internacional \u00a9 www.adhilac.com.ar<\/strong><\/p>\n\n\n\n<p class=\"has-vivid-cyan-blue-color has-very-light-gray-background-color has-text-color has-background wp-block-paragraph\"> Si Ud. desea asociarse de acuerdo a los Estatutos de ADHILAC&nbsp;<a href=\"https:\/\/adhilac.com.ar\/?page_id=263\">(ver)<\/a> complete el siguiente formulario&nbsp;(<a href=\"https:\/\/adhilac.com.ar\/?page_id=4779\">ver<\/a>)<\/p>\n\n\n\n<p class=\"has-very-light-gray-color has-vivid-cyan-blue-background-color has-text-color has-background wp-block-paragraph\"> E-mail:&nbsp;info@adhilac.com.ar <\/p>\n\n\n\n<p class=\"has-very-light-gray-color has-vivid-cyan-blue-background-color has-text-color has-background wp-block-paragraph\"> Twitter: @AdhilacInfo <\/p>\n\n\n<div class=\"wp-block-image\">\n<figure class=\"aligncenter size-large\"><img loading=\"lazy\" decoding=\"async\" width=\"85\" height=\"85\" src=\"https:\/\/adhilac.com.ar\/wp-content\/uploads\/2015\/02\/Logo-ADHILAC-Internacional-PEQ.jpg\" alt=\"\" class=\"wp-image-10473\"\/><\/figure>\n<\/div>\n\n\n<div style=\"height:55px\" aria-hidden=\"true\" class=\"wp-block-spacer\"><\/div>\n\n\n\n<p class=\"wp-block-paragraph\">Ver <a href=\"https:\/\/adhilac.com.ar\/?page_id=541\">Presentaci\u00f3n de ADHILAC<\/a>  <\/p>\n\n\n\n<div style=\"height:38px\" aria-hidden=\"true\" class=\"wp-block-spacer\"><\/div>\n\n\n\n<p class=\"has-text-align-center has-very-light-gray-color has-vivid-cyan-blue-background-color has-text-color has-background wp-block-paragraph\"><strong><a href=\"https:\/\/adhilac.com.ar\/?page_id=541\">QUIENES SOMOS<\/a><\/strong><\/p>\n\n\n\n<p class=\"has-text-align-center has-light-green-cyan-color has-vivid-cyan-blue-background-color has-text-color has-background wp-block-paragraph\"><strong><a href=\"https:\/\/adhilac.com.ar\/?page_id=15507\">DIRECTIVA DE ADHILAC INTERNACIONAL<\/a><\/strong><\/p>\n\n\n\n<p class=\"has-text-align-center has-pale-cyan-blue-color has-vivid-cyan-blue-background-color has-text-color has-background has-medium-font-size wp-block-paragraph\"><strong><a href=\"https:\/\/adhilac.com.ar\/?page_id=263\">Estatutos de ADHILAC<\/a><\/strong><\/p>\n\n\n\n<p class=\"has-text-align-center has-vivid-green-cyan-color has-light-green-cyan-background-color has-text-color has-background has-medium-font-size wp-block-paragraph\"><strong><a href=\"https:\/\/adhilac.com.ar\/?page_id=4779\">SOCIXS: TODO LO QUE HAY QUE SABER<\/a><\/strong><\/p>\n\n\n\n<div style=\"height:30px\" aria-hidden=\"true\" class=\"wp-block-spacer\"><\/div>\n\n\n\n<p class=\"has-text-align-center has-vivid-cyan-blue-color has-black-background-color has-text-color has-background wp-block-paragraph\"><a href=\"http:\/\/www.ariadnatucma.com.ar\">ARIADNA TUCMA REVISTA LATINOAMERICANA <\/a><\/p>\n\n\n\n<p class=\"has-text-align-center has-vivid-cyan-blue-color has-black-background-color has-text-color has-background wp-block-paragraph\"><a href=\"http:\/\/www.ariadnatucma.com.ar\">TWITTER @AdilacInfo<\/a><\/p>\n\n\n\n<p class=\"has-text-align-center has-vivid-cyan-blue-color has-black-background-color has-text-color has-background wp-block-paragraph\"><strong>OTROS TEMAS DE INTERES:<\/strong><\/p>\n\n\n\n<div style=\"height:30px\" aria-hidden=\"true\" class=\"wp-block-spacer\"><\/div>\n\n\n\n<p class=\"has-text-align-center has-pale-cyan-blue-background-color has-background wp-block-paragraph\"><strong><a href=\"https:\/\/adhilac.com.ar\/?page_id=267\">Declaraci\u00f3n de Caracas de ADHILAC (2007)<\/a><\/strong><\/p>\n\n\n\n<p class=\"has-text-align-center has-vivid-purple-color has-text-color has-background wp-block-paragraph\" style=\"background-color:#79c1ee\"><strong><a href=\"https:\/\/adhilac.com.ar\/?page_id=15873\">ADHILAC: Historia &#8211; Historidorxs<\/a><\/strong><\/p>\n\n\n\n<p class=\"has-text-align-center has-vivid-red-color has-pale-cyan-blue-background-color has-text-color has-background wp-block-paragraph\"><strong><a href=\"https:\/\/adhilac.com.ar\/?page_id=18436\" data-type=\"URL\" data-id=\"https:\/\/adhilac.com.ar\/?page_id=18436\" target=\"_blank\" rel=\"noreferrer noopener\">Historia de ADHILAC<\/a>  <\/strong><\/p>\n\n\n\n<p class=\"has-text-align-center has-vivid-red-color has-text-color has-background wp-block-paragraph\" style=\"background-color:#79c1ee\"><strong><a href=\"https:\/\/adhilac.com.ar\/?page_id=15876\">ADHILAC 20 a\u00f1os despu\u00e9s (1974-1994)<\/a> <\/strong><\/p>\n\n\n\n<p class=\"has-text-align-center has-luminous-vivid-orange-color has-pale-cyan-blue-background-color has-text-color has-background wp-block-paragraph\"><strong><a href=\"https:\/\/adhilac.com.ar\/?page_id=15887\">ADHILAC: Miembrxs fundadores<\/a><\/strong><\/p>\n\n\n\n<p class=\"has-text-align-center has-luminous-vivid-orange-color has-text-color has-background wp-block-paragraph\" style=\"background-color:#79c1ee\"><strong><a href=\"https:\/\/adhilac.com.ar\/?page_id=15943\">ADHILAC: Historiadorxs Destacadxs<\/a><\/strong><\/p>\n\n\n\n<div style=\"height:30px\" aria-hidden=\"true\" class=\"wp-block-spacer\"><\/div>\n\n\n\n<p class=\"has-text-align-center has-very-light-gray-color has-vivid-cyan-blue-background-color has-text-color has-background wp-block-paragraph\"><strong><a href=\"https:\/\/adhilac.com.ar\/?page_id=8220\">BICENTENARIO<\/a><\/strong><\/p>\n\n\n\n<p class=\"has-text-align-center has-vivid-cyan-blue-color has-very-light-gray-background-color has-text-color has-background wp-block-paragraph\"><strong><a href=\"https:\/\/adhilac.com.ar\/?page_id=8279\">BIBLIOTECA<\/a><\/strong><\/p>\n\n\n\n<p class=\"has-text-align-center has-very-light-gray-color has-vivid-cyan-blue-background-color has-text-color has-background wp-block-paragraph\"><strong><a href=\"https:\/\/adhilac.com.ar\/?page_id=1698\">ENLACES<\/a> <\/strong><\/p>\n","protected":false},"excerpt":{"rendered":"<p>Por Roberto Gonz\u00e1lez Arana 50 a\u00f1os despu\u00e9s del golpe de Estado que depuso al presidente socialista Salvador Allende, una dividida sociedad chilena se mira en el espejo del pasado. Se cumplen 50 a\u00f1os del golpe militar contra el gobierno de Unidad Popular del presidente chileno Salvador Allende, hecho ocurrido el 11 de septiembre de 1973. [&hellip;]<\/p>\n","protected":false},"author":2,"featured_media":0,"comment_status":"closed","ping_status":"","sticky":false,"template":"","format":"standard","meta":{"_crdt_document":"","footnotes":""},"categories":[15,40],"tags":[1317,77,128,460],"class_list":["post-18782","post","type-post","status-publish","format-standard","hentry","category-historia","category-informaciones","tag-augusto-pinochet","tag-chile","tag-golpe-de-estado","tag-salvador-allende"],"_links":{"self":[{"href":"https:\/\/adhilac.com.ar\/index.php?rest_route=\/wp\/v2\/posts\/18782","targetHints":{"allow":["GET"]}}],"collection":[{"href":"https:\/\/adhilac.com.ar\/index.php?rest_route=\/wp\/v2\/posts"}],"about":[{"href":"https:\/\/adhilac.com.ar\/index.php?rest_route=\/wp\/v2\/types\/post"}],"author":[{"embeddable":true,"href":"https:\/\/adhilac.com.ar\/index.php?rest_route=\/wp\/v2\/users\/2"}],"replies":[{"embeddable":true,"href":"https:\/\/adhilac.com.ar\/index.php?rest_route=%2Fwp%2Fv2%2Fcomments&post=18782"}],"version-history":[{"count":1,"href":"https:\/\/adhilac.com.ar\/index.php?rest_route=\/wp\/v2\/posts\/18782\/revisions"}],"predecessor-version":[{"id":18784,"href":"https:\/\/adhilac.com.ar\/index.php?rest_route=\/wp\/v2\/posts\/18782\/revisions\/18784"}],"wp:attachment":[{"href":"https:\/\/adhilac.com.ar\/index.php?rest_route=%2Fwp%2Fv2%2Fmedia&parent=18782"}],"wp:term":[{"taxonomy":"category","embeddable":true,"href":"https:\/\/adhilac.com.ar\/index.php?rest_route=%2Fwp%2Fv2%2Fcategories&post=18782"},{"taxonomy":"post_tag","embeddable":true,"href":"https:\/\/adhilac.com.ar\/index.php?rest_route=%2Fwp%2Fv2%2Ftags&post=18782"}],"curies":[{"name":"wp","href":"https:\/\/api.w.org\/{rel}","templated":true}]}}