{"id":1957,"date":"2010-07-18T10:51:36","date_gmt":"2010-07-18T13:51:36","guid":{"rendered":"https:\/\/adhilac.com.ar\/?p=1957"},"modified":"2012-07-28T10:55:22","modified_gmt":"2012-07-28T13:55:22","slug":"a-20-anos-de-la-revolucion-de-mayo-universidad-nacional-de-cuyo-mendoza-argentina-del-7-al-28-de-mayo-de-2010","status":"publish","type":"post","link":"https:\/\/adhilac.com.ar\/?p=1957","title":{"rendered":"A 20 a\u00f1os de la Revoluci\u00f3n de Mayo. Universidad Nacional de Cuyo. Mendoza. Argentina. Del 7 al 28 de mayo de 2010."},"content":{"rendered":"<h3><span style=\"color: #339966;\">Facultad Ciencias Pol\u00edticas y Sociales. Facultad Educaci\u00f3n Elemental y Especial. Universidad Nacional de Cuyo<\/span><\/h3>\n<p><span style=\"color: #800000;\"><img loading=\"lazy\" decoding=\"async\" class=\"size-full wp-image-1987 alignleft\" title=\"Pa-WWW-bono\" src=\"https:\/\/adhilac.com.ar\/wp-content\/uploads\/2010\/07\/Pa-WWW-bono.jpg\" alt=\"Pa-WWW-bono\" width=\"306\" height=\"203\" \/><\/span><\/p>\n<p><strong>A 200 a\u00f1os de la\u00a0Revoluci\u00f3n\u00a0de Mayo <\/strong><\/p>\n<p><span style=\"color: #000000;\">Ciclo de Conferencias y Paneles con Taller final<\/span><\/p>\n<p>Carrera de\u00a0Comunicaci\u00f3n<\/p>\n<p>Universidad Nacional de Mendoza<!--more--><\/p>\n<p><span style=\"color: #800000;\"><img loading=\"lazy\" decoding=\"async\" class=\"alignnone size-full wp-image-1961\" title=\"Mayo Mendoza 01\" src=\"https:\/\/adhilac.com.ar\/wp-content\/uploads\/2010\/07\/Mayo-Mendoza-011.jpg\" alt=\"Mayo Mendoza 01\" width=\"340\" height=\"713\" \/><span style=\"color: #000000;\">C<\/span><\/span><\/p>\n<p><img loading=\"lazy\" decoding=\"async\" class=\"alignnone size-full wp-image-1964\" title=\"Mayo Mendoza 02\" src=\"https:\/\/adhilac.com.ar\/wp-content\/uploads\/2010\/07\/Mayo-Mendoza-02.jpg\" alt=\"Mayo Mendoza 02\" width=\"340\" height=\"719\" \/><\/p>\n<p><img loading=\"lazy\" decoding=\"async\" class=\"alignnone size-full wp-image-1965\" title=\"Mayo Mendoza 03\" src=\"https:\/\/adhilac.com.ar\/wp-content\/uploads\/2010\/07\/Mayo-Mendoza-03.jpg\" alt=\"Mayo Mendoza 03\" width=\"340\" height=\"123\" \/><\/p>\n<p><img loading=\"lazy\" decoding=\"async\" class=\"alignnone size-full wp-image-1968\" title=\"Mayo Mendoza 04\" src=\"https:\/\/adhilac.com.ar\/wp-content\/uploads\/2010\/07\/Mayo-Mendoza-041.jpg\" alt=\"Mayo Mendoza 04\" width=\"340\" height=\"718\" \/><\/p>\n<p><span style=\"color: #800000;\"><img loading=\"lazy\" decoding=\"async\" class=\"alignnone size-full wp-image-1969\" title=\"02\" src=\"https:\/\/adhilac.com.ar\/wp-content\/uploads\/2010\/07\/02.JPG\" alt=\"02\" width=\"315\" height=\"419\" \/><br \/>\n<\/span><\/p>\n","protected":false},"excerpt":{"rendered":"<p>Facultad Ciencias Pol\u00edticas y Sociales. Facultad Educaci\u00f3n Elemental y Especial. Universidad Nacional de Cuyo A 200 a\u00f1os de la\u00a0Revoluci\u00f3n\u00a0de Mayo Ciclo de Conferencias y Paneles con Taller final Carrera de\u00a0Comunicaci\u00f3n Universidad Nacional de Mendoza<\/p>\n","protected":false},"author":2,"featured_media":0,"comment_status":"closed","ping_status":"closed","sticky":false,"template":"","format":"standard","meta":{"_crdt_document":"","footnotes":""},"categories":[10,5],"tags":[13,67,22,25],"class_list":["post-1957","post","type-post","status-publish","format-standard","hentry","category-adhil-arg","category-congresos","tag-america-latina","tag-argentina","tag-emancipacion-americana","tag-nuestra-america"],"_links":{"self":[{"href":"https:\/\/adhilac.com.ar\/index.php?rest_route=\/wp\/v2\/posts\/1957","targetHints":{"allow":["GET"]}}],"collection":[{"href":"https:\/\/adhilac.com.ar\/index.php?rest_route=\/wp\/v2\/posts"}],"about":[{"href":"https:\/\/adhilac.com.ar\/index.php?rest_route=\/wp\/v2\/types\/post"}],"author":[{"embeddable":true,"href":"https:\/\/adhilac.com.ar\/index.php?rest_route=\/wp\/v2\/users\/2"}],"replies":[{"embeddable":true,"href":"https:\/\/adhilac.com.ar\/index.php?rest_route=%2Fwp%2Fv2%2Fcomments&post=1957"}],"version-history":[{"count":12,"href":"https:\/\/adhilac.com.ar\/index.php?rest_route=\/wp\/v2\/posts\/1957\/revisions"}],"predecessor-version":[{"id":1974,"href":"https:\/\/adhilac.com.ar\/index.php?rest_route=\/wp\/v2\/posts\/1957\/revisions\/1974"}],"wp:attachment":[{"href":"https:\/\/adhilac.com.ar\/index.php?rest_route=%2Fwp%2Fv2%2Fmedia&parent=1957"}],"wp:term":[{"taxonomy":"category","embeddable":true,"href":"https:\/\/adhilac.com.ar\/index.php?rest_route=%2Fwp%2Fv2%2Fcategories&post=1957"},{"taxonomy":"post_tag","embeddable":true,"href":"https:\/\/adhilac.com.ar\/index.php?rest_route=%2Fwp%2Fv2%2Ftags&post=1957"}],"curies":[{"name":"wp","href":"https:\/\/api.w.org\/{rel}","templated":true}]}}