{"id":200,"date":"2010-02-28T11:17:42","date_gmt":"2010-02-28T14:17:42","guid":{"rendered":"https:\/\/adhilac.com.ar\/?p=200"},"modified":"2012-07-29T19:28:04","modified_gmt":"2012-07-29T22:28:04","slug":"acta-solemne-de-la-independencia-venezuela-1811","status":"publish","type":"post","link":"https:\/\/adhilac.com.ar\/?p=200","title":{"rendered":"Acta Solemne de la Independencia. Venezuela. 1811."},"content":{"rendered":"<h3><span style=\"color: #339966;\">ACTA<\/span><\/h3>\n<p style=\"text-align: justify;\"><span style=\"color: #000000;\">En el nombre de Dios Todopoderoso<\/span><\/p>\n<p style=\"padding-left: 30px; text-align: justify;\"><span style=\"color: #800000;\"><strong><br \/>\n<\/strong><\/span><\/p>\n<p style=\"padding-left: 30px; text-align: justify;\">Nosotros, los representantes de las Provincias Unidas de Caracas, Cuman\u00e1, Barinas, Margarita, Barcelona, M\u00e9rida y Trujillo, que forman la Confederaci\u00f3n Americana de Venezuela en el continente meridional, reunidos en Congreso, y considerando la plena y absoluta posesi\u00f3n de nuestros derechos, que recobramos justa y leg\u00edtimamente desde el 19 de abril de 1810, en consecuencia de la jornada de Bayona y la ocupaci\u00f3n del trono espa\u00f1ol por la conquista y sucesi\u00f3n de otra nueva dinast\u00eda constituida sin nuestro consentimiento, queremos, antes de usar de los derechos de que nos tuvo privados la fuerza, por m\u00e1s de tres siglos, y nos ha restituido el orden pol\u00edtico de los acontecimientos humanos, patentizar al universo las razones que han emanado de estos mismos acontecimientos y autorizan el libre uso que vamos a hacer de nuestra soberan\u00eda.<!--more--><\/p>\n<p style=\"padding-left: 30px; text-align: justify;\">No queremos, sin embargo, empezar alegando los derechos que tiene todo pa\u00eds conquistado, para recuperar su estado de propiedad e independencia; olvidamos generosamente la larga serie de males, agravios y privaciones que el derecho funesto de conquista ha causado indistintamente a todos los descendientes de los descubridores, conquistadores y pobladores de estos pa\u00edses, hechos de peor condici\u00f3n, por la misma raz\u00f3n que deb\u00eda favorecerlos; y corriendo un velo sobre los trescientos a\u00f1os de dominaci\u00f3n espa\u00f1ola en Am\u00e9rica, s\u00f3lo presentaremos los hechos aut\u00e9nticos y notorios que han debido desprender y han desprendido de derecho a un mundo de otro, en el trastorno, desorden y conquista que tiene ya disuelta la naci\u00f3n espa\u00f1ola.<\/p>\n<p style=\"padding-left: 30px; text-align: justify;\">Este desorden ha aumentado los males de la Am\u00e9rica, inutiliz\u00e1ndole los recursos y reclamaciones, y autorizando la impunidad de los gobernantes de Espa\u00f1a para insultar y oprimir esta parte de la naci\u00f3n, dej\u00e1ndola sin el amparo y garant\u00eda de las leyes.<\/p>\n<p style=\"padding-left: 30px; text-align: justify;\">Es contrario al orden, imposible al gobierno de Espa\u00f1a, y funesto a la Am\u00e9rica, el que, teniendo \u00e9sta un territorio infinitamente m\u00e1s extenso, y una poblaci\u00f3n incomparablemente m\u00e1s numerosa, dependa y est\u00e9 sujeta a un \u00e1ngulo peninsular del continente europeo.<\/p>\n<p style=\"padding-left: 30px; text-align: justify;\">Las sesiones y abdicaciones de Bayona, las jornadas del Escorial y de Aranjuez, y las \u00f3rdenes del lugarteniente duque de Berg, a la Am\u00e9rica, debieron poner en uso los derechos que hasta entonces hab\u00edan sacrificado los americanos a la unidad e integridad de la naci\u00f3n espa\u00f1ola.<\/p>\n<p style=\"padding-left: 30px; text-align: justify;\">Venezuela, antes que nadie, reconoci\u00f3 y conserv\u00f3 generosamente esta integridad por no abandonar la causa de sus hermanos, mientras tuvo la menor apariencia de salvaci\u00f3n.<\/p>\n<p style=\"padding-left: 30px; text-align: justify;\">Am\u00e9rica volvi\u00f3 a existir de nuevo, desde que pudo y debi\u00f3 tomar a su cargo su suerte y conservaci\u00f3n; como Espa\u00f1a pudo reconocer, o no, los derechos de un rey que hab\u00eda apreciado m\u00e1s su existencia que la dignidad de la naci\u00f3n que gobernaba.<\/p>\n<p style=\"padding-left: 30px; text-align: justify;\">Cuantos Borbones concurrieron a las inv\u00e1lidas estipulaciones de Bayona, abandonando el territorio espa\u00f1ol, contra la voluntad de los pueblos, faltaron, despreciaron y hollaron el deber sagrado que contrajeron con los espa\u00f1oles de ambos mundos, cuando, con su sangre y sus tesoros, los colocaron en el bono a despecho de la Casa de Austria; por esta conducta quedaron inh\u00e1biles e incapaces de gobernar a un pueblo libre, a quien entregaron como un reba\u00f1o de esclavos.<\/p>\n<p style=\"padding-left: 30px; text-align: justify;\">Los intrusos gobiernos que se abrogaron la representaci\u00f3n nacional aprovecharon p\u00e9rfidamente las disposiciones que la buena fe, la distancia, la opresi\u00f3n y la ignorancia daban a los americanos contra la nueva dinast\u00eda que se introdujo en Espa\u00f1a por la fuerza; y contra sus mismos principios, sostuvieron entre nosotros la ilusi\u00f3n a favor de Fernando, para devorarnos y vejarnos impunemente cuando m\u00e1s nos promet\u00edan la libertad, la igualdad y la fraternidad, en discursos pomposos y frases estudiadas, para encubrir el lazo de una representaci\u00f3n ama\u00f1ada, in\u00fatil y degradante.<\/p>\n<p style=\"padding-left: 30px; text-align: justify;\">Luego que se disolvieron, sustituyeron y destruyeron entre s\u00ed las varias formas de gobierno de Espa\u00f1a, y que la ley imperiosa de la necesidad dict\u00f3 a Venezuela el conservarse a s\u00ed misma para ventilar y conservar los derechos de su rey y ofrecer un asilo a sus hermanos de Europa contra los males que les amenazaban, se desconoci\u00f3 toda su anterior conducta, se variaron los principios, y se llam\u00f3 insurrecci\u00f3n, perfidia e ingratitud, a lo mismo que sirvi\u00f3 de norma a los gobiernos de Espa\u00f1a, porque ya se les cerraba la puerta al monopolio de administraci\u00f3n que quer\u00edan perpetuar a nombre de un rey imaginario.<\/p>\n<p style=\"padding-left: 30px; text-align: justify;\">A pesar de nuestras protestas, de nuestra moderaci\u00f3n, de nuestra generosidad, y de la inviolabilidad de nuestros principios, contra la voluntad de nuestros hermanos de Europa, se nos declara en estado de rebeli\u00f3n, se nos bloquea, se nos hostiliza, se nos env\u00edan agentes a amotinarnos unos contra otros, y se procura desacreditarnos entre las naciones de Europa implorando sus auxilios para oprimirnos.<\/p>\n<p style=\"padding-left: 30px; text-align: justify;\">Sin hacer el menor aprecio de nuestras razones, sin presentarlas al imparcial juicio del mundo, y sin otros jueces que nuestros enemigos, se nos condena a una dolorosa incomunicaci\u00f3n con nuestros hermanos; y para a\u00f1adir el desprecio a la calumnia se nos nombran apoderados, contra nuestra expresa voluntad, para que en sus Cortes dispongan arbitrariamente de nuestros intereses bajo el influjo y la fuerza de nuestros enemigos.<\/p>\n<p style=\"padding-left: 30px; text-align: justify;\">Para sofocar y anonadar los efectos de nuestra representaci\u00f3n, cuando se vieron obligados a conced\u00e9rnosla, nos sometieron a una tarifa mezquina y diminuta y sujetaron a la voz pasiva de los ayuntamientos, degradados por el despotismo de los gobernadores, la forma de la elecci\u00f3n; lo que era un insulto a nuestra sencillez y buena fe, m\u00e1s bien que una consideraci\u00f3n a nuestra incontestable importancia pol\u00edtica.<\/p>\n<p style=\"padding-left: 30px; text-align: justify;\">Sordos siempre a los gritos de nuestra justicia, han procurado los gobiernos de Espa\u00f1a desacreditar todos nuestros esfuerzos declarando criminales y sellando con la infamia, el cadalso y la confiscaci\u00f3n, todas las tentativas que, en diversas \u00e9pocas, han hecho algunos americanos para la felicidad de su pa\u00eds, como lo fue la que \u00faltimamente nos dict\u00f3 la propia seguridad, para no ser envueltos en el desorden que present\u00edamos, y conducidos a la horrorosa suerte que vamos ya a apartar de nosotros para siempre; con esta atroz pol\u00edtica, han logrado hacer a nuestros hermanos insensibles a nuestras desgracias, armarlos contra nosotros, borrar de ellos las dulces impresiones de la amistad y de la consanguinidad, y convertir en enemigos una parte de nuestra gran familia.<\/p>\n<p style=\"padding-left: 30px; text-align: justify;\">Cuando nosotros, fieles a nuestras promesas, sacrific\u00e1bamos nuestra seguridad y dignidad civil por no abandonar los derechos que generosamente conservamos a Fernando de Borb\u00f3n, hemos visto que a las relaciones de la fuerza que le ligaban con el Emperador de los franceses ha a\u00f1adido los v\u00ednculos de sangre y amistad, por lo que hasta los gobiernos de Espa\u00f1a han declarado ya su resoluci\u00f3n de no reconocerle sino condicionalmente.<\/p>\n<p style=\"padding-left: 30px; text-align: justify;\">En esta dolorosa alternativa hemos permanecido tres a\u00f1os en una indecisi\u00f3n y ambig\u00fcedad pol\u00edtica, tan funesta y peligrosa, que ella sola bastar\u00eda a autorizar la resoluci\u00f3n que la fe de nuestras promesas y los v\u00ednculos de la fraternidad nos hab\u00edan hecho diferir; hasta que la necesidad nos ha obligado a ir m\u00e1s all\u00e1 de lo que nos propusimos, impelidos por la conducta hostil y desnaturalizada de los gobiernos de Espa\u00f1a, que nos ha relevado del juramento condicional con que hemos sido llamados a la augusta representaci\u00f3n que ejercemos.<\/p>\n<p style=\"padding-left: 30px; text-align: justify;\">Mas nosotros, que nos gloriamos de fundar nuestro proceder en mejores principios, y que no queremos establecer nuestra felicidad sobre la desgracia de nuestros semejantes, miramos y declaramos como amigos nuestros, compa\u00f1eros de nuestra suerte, y participes de nuestra felicidad, a los que, unidos con nosotros por los v\u00ednculos de la sangre, la lengua y la religi\u00f3n, han sufrido los mismos males en el anterior orden; siempre que, reconociendo nuestra absoluta independencia de \u00e9l y de toda otra dominaci\u00f3n extra\u00f1a, nos ayuden a sostenerla con su vida, su fortuna y su opini\u00f3n, declar\u00e1ndolos y reconoci\u00e9ndolos (como a todas las dem\u00e1s naciones) en guerra enemigos, y en paz amigos, hermanos y compatriotas.<\/p>\n<p style=\"padding-left: 30px; text-align: justify;\">En atenci\u00f3n a todas estas s\u00f3lidas, p\u00fablicas e incontestables razones de pol\u00edtica, que tanto persuaden la necesidad de recobrar la dignidad natural, que el orden de los sucesos nos ha restituido, en uso de los imprescriptibles derechos que tienen los pueblos para destruir todo pacto, convenio o asociaci\u00f3n que no llena los fines para que fueron instituidos los gobiernos, creemos que no podemos ni debemos conservar los lazos que nos ligaban al gobierno de Espa\u00f1a, y que, como todos los pueblos del mundo, estamos libres y autorizados para no depender de otra autoridad que la nuestra, y tomar entre las potencies de la tierra, el puesto igual que el Ser Supremo y la naturaleza nos asignan y a que nos llama la sucesi\u00f3n de los acontecimientos humanos y nuestro propio bien y utilidad.<\/p>\n<p style=\"padding-left: 30px; text-align: justify;\">Sin embargo de que conocemos las dificultades que trae consigo y las obligaciones que nos impone el rango que vamos a ocupar en el orden pol\u00edtico del mundo, y la influencia poderosa de las formas y habitudes a que hemos estado, a nuestro pesar, acostumbrados, tambi\u00e9n conocemos que la vergonzosa sumisi\u00f3n a ellas, cuando podemos sacudirlas, ser\u00eda m\u00e1s ignominiosa para nosotros, y m\u00e1s funesta para nuestra posteridad, que nuestra larga y penosa servidumbre, y que es ya de nuestro indispensable deber proveer a nuestra conservaci\u00f3n, seguridad y felicidad, variando esencialmente todas las formas de nuestra anterior constituci\u00f3n.<\/p>\n<p style=\"padding-left: 30px; text-align: justify;\">Por tanto, creyendo con todas estas razones satisfecho el respeto que debemos a las opiniones del g\u00e9nero humano y a la dignidad de las dem\u00e1s naciones, en cuyo n\u00famero vamos a entrar, y con cuya comunicaci\u00f3n y amistad contamos, nosotros, los representantes de las Provincias Unidas de Venezuela, poniendo por testigo al Ser Supremo de la justicia de nuestro proceder y de la rectitud de nuestras intenciones, implorando sus divinos y celestiales auxilios, y ratific\u00e1ndole, en el momento en que nacemos a la dignidad, que su providencia nos restituye el deseo de vivir y morir libres, creyendo y defendiendo la santa, cat\u00f3lica y apost\u00f3lica religi\u00f3n de Jesucristo. Nosotros, pues, a nombre y con la voluntad y autoridad que tenemos del virtuoso pueblo de Venezuela, declaramos solemnemente al mundo que sus Provincias Unidas son, y deben ser desde hoy, de hecho y de derecho, Estados libres, soberanos e independientes y que est\u00e1n absueltos de toda sumisi\u00f3n y dependencia de la Corona de Espa\u00f1a o de los que se dicen o dijeren sus apoderados o representantes, y que como tal Estado libre e independiente tiene un pleno poder para darse la forma de gobierno que sea conforme a la voluntad general de sus pueblos, declarar la guerra, hacer la paz, formar alianzas, arreglar tratados de comercio, l\u00edmite y navegaci\u00f3n, hacer y ejecutar todos los dem\u00e1s actos que hacen y ejecutan las naciones libres e independientes.<\/p>\n<p style=\"padding-left: 30px; text-align: justify;\">Y para hacer v\u00e1lida, firme y subsistente esta nuestra solemne declaraci\u00f3n, demos y empe\u00f1amos mutuamente unas provincias a otras, nuestras vidas, nuestras fortunas y el sagrado de nuestro honor nacional.<br \/>\nDada en el Palacio Federal y de Caracas, firmada de nuestra mano, sellada con el gran sello provisional de la Confederaci\u00f3n, refrendada por el Secretario del Congreso, a cinco d\u00edas del mes de julio del a\u00f1o de mil ochocientos once, el primero de nuestra independencia.<\/p>\n<p style=\"padding-left: 30px; text-align: justify;\">Juan Antonio Rodr\u00edguez Dom\u00ednguez, Prisidente del Congreso, Luis Ignacio Mendoza Vicepresidente del Congreso ambos por Caracas.<\/p>\n<p style=\"padding-left: 30px; text-align: justify;\">Crist\u00f3bal de Mendoza, Presidente de la Confederaci\u00f3n en turno. Juan de Escalona. Baltazar Padr\u00f3n. Jos\u00e9 Tom\u00e1s Santana, Secretario.<\/p>\n<p style=\"text-align: justify;\"><strong>Firmas<\/strong><\/p>\n<p style=\"text-align: justify;\">Provincia de Caracas: Isidro Antonio L\u00f3pez M\u00e9ndez, Juan Germ\u00e1n Roscio, Felipe Ferm\u00edn Pa\u00fal, Francisco Xavier Ustariz, Nicol\u00e1s de Castro, Fernado de Pe\u00f1alver, Gabriel P\u00e9rez de Pagola, Salvador Delgado, El Marques del Toro, Juan Antonio D\u00edas Argote, Gabrilel de Ponte, Juan Jos\u00e9 Maya, Luis Jos\u00e9 de Carzola, Jos\u00e9 Vicente Unda, Francisco Xavier Yanes, Fernando Toro, Mart\u00edn Tovar Ponte, Jos\u00e9 Angel de Alamo Francisco Hern\u00e1ndez, Lino de Clemente, Juan Toro.<br \/>\nProvincia de Cuman\u00e1: Francisco Xavier de Mayz, Jos\u00e9 Gabril de Alcal\u00e1, Juan Berm\u00fadez, Mariano de la Cava.<br \/>\nProvincia de Barinas: Juan Nepomuceno de Quintana, Ignacio Fern\u00e1ndez, Ignacio Ram\u00f3n Brice\u00f1o, Jos\u00e9 de la Santa y Bussy, Jos\u00e9 Luis Cabrera, Ram\u00f3n Ignacio M\u00e9ndez, Manuel Palacio.<br \/>\nProvincia de Barcelona: Francisco de Miranda, Francisco Policarpo Ortiz, Jos\u00e9 Mar\u00eda Ram\u00edrez.<br \/>\nProvincia de Margarita: Manuel Pl\u00e1cido Maneiro<br \/>\nProvincia de M\u00e9rida: Antonio Nicolas Brice\u00f1o, Manuel Vicente de Maya.<br \/>\nProvincia de Trujillo: Juan Pablo Pacheco.<\/p>\n<p><strong>Publicado por ADHILAC Internacional \u00a9 www.adhilac.com.ar<\/strong><\/p>\n<p>Si Ud. desea asociarse de acuerdo a nuestros Estatutos\u00a0<a title=\"(ver)\" href=\"https:\/\/adhilac.com.ar\/?page_id=263\">(ver)<\/a> complete el siguiente formulario<a title=\"(ver)\" href=\"https:\/\/adhilac.com.ar\/?page_id=3194\">(ver)<\/a><\/p>\n<p>E-mail: info@adhilac.com.ar<strong> <\/strong><\/p>\n<p>Twitter: @AdhilacInfo<\/p>\n<p style=\"text-align: justify;\"><strong><br \/>\n<\/strong><\/p>\n","protected":false},"excerpt":{"rendered":"<p>ACTA En el nombre de Dios Todopoderoso Nosotros, los representantes de las Provincias Unidas de Caracas, Cuman\u00e1, Barinas, Margarita, Barcelona, M\u00e9rida y Trujillo, que forman la Confederaci\u00f3n Americana de Venezuela en el continente meridional, reunidos en Congreso, y considerando la plena y absoluta posesi\u00f3n de nuestros derechos, que recobramos justa y leg\u00edtimamente desde el 19 [&hellip;]<\/p>\n","protected":false},"author":2,"featured_media":0,"comment_status":"closed","ping_status":"closed","sticky":false,"template":"","format":"standard","meta":{"_crdt_document":"","footnotes":""},"categories":[6,8],"tags":[22,23],"class_list":["post-200","post","type-post","status-publish","format-standard","hentry","category-biblioteca","category-fuentes-testimonios","tag-emancipacion-americana","tag-venezuela"],"_links":{"self":[{"href":"https:\/\/adhilac.com.ar\/index.php?rest_route=\/wp\/v2\/posts\/200","targetHints":{"allow":["GET"]}}],"collection":[{"href":"https:\/\/adhilac.com.ar\/index.php?rest_route=\/wp\/v2\/posts"}],"about":[{"href":"https:\/\/adhilac.com.ar\/index.php?rest_route=\/wp\/v2\/types\/post"}],"author":[{"embeddable":true,"href":"https:\/\/adhilac.com.ar\/index.php?rest_route=\/wp\/v2\/users\/2"}],"replies":[{"embeddable":true,"href":"https:\/\/adhilac.com.ar\/index.php?rest_route=%2Fwp%2Fv2%2Fcomments&post=200"}],"version-history":[{"count":12,"href":"https:\/\/adhilac.com.ar\/index.php?rest_route=\/wp\/v2\/posts\/200\/revisions"}],"predecessor-version":[{"id":204,"href":"https:\/\/adhilac.com.ar\/index.php?rest_route=\/wp\/v2\/posts\/200\/revisions\/204"}],"wp:attachment":[{"href":"https:\/\/adhilac.com.ar\/index.php?rest_route=%2Fwp%2Fv2%2Fmedia&parent=200"}],"wp:term":[{"taxonomy":"category","embeddable":true,"href":"https:\/\/adhilac.com.ar\/index.php?rest_route=%2Fwp%2Fv2%2Fcategories&post=200"},{"taxonomy":"post_tag","embeddable":true,"href":"https:\/\/adhilac.com.ar\/index.php?rest_route=%2Fwp%2Fv2%2Ftags&post=200"}],"curies":[{"name":"wp","href":"https:\/\/api.w.org\/{rel}","templated":true}]}}