{"id":2148,"date":"2010-07-29T13:45:43","date_gmt":"2010-07-29T16:45:43","guid":{"rendered":"https:\/\/adhilac.com.ar\/?p=2148"},"modified":"2012-07-16T02:45:13","modified_gmt":"2012-07-16T05:45:13","slug":"encuentro-de-adhilac-en-quito-del-11-al-13-de-agosto-de-2010","status":"publish","type":"post","link":"https:\/\/adhilac.com.ar\/?p=2148","title":{"rendered":"ENCUENTRO DE ADHILAC EN QUITO, del 11 al 13 de agosto de 2010"},"content":{"rendered":"<h3 style=\"text-align: justify;\"><span style=\"color: #339966;\">Di\u00e1logos del Bicentenario \u2013 Encuentro de ADHILAC<\/span><\/h3>\n<p style=\"text-align: justify;\"><strong>Bicentenario: rebeliones y movimientos sociales en Am\u00e9rica Latina<\/strong><\/p>\n<p style=\"text-align: justify;\">Quito, 9 al 13 de agosto de 2010<\/p>\n<div style=\"text-align: justify;\"><span style=\"font-size: x-small;\"><span style=\"font-size: x-small;\"> <img loading=\"lazy\" decoding=\"async\" class=\"size-full wp-image-2149 alignleft\" title=\"EncQuito2010\" src=\"https:\/\/adhilac.com.ar\/wp-content\/uploads\/2010\/07\/EncQuito2010.jpg\" alt=\"EncQuito2010\" width=\"243\" height=\"365\" \/><\/span><\/span><\/div>\n<p style=\"text-align: justify;\"><span style=\"font-size: x-small;\"><span style=\"font-size: x-small;\"> <\/span><\/span><\/p>\n<div>\n<p style=\"text-align: justify;\">Con motivo de la conmemoraci\u00f3n del Bicentenario del 2 de agosto de 1810, fecha en la que fueron asesinados los patriotas de Quito que organizaron el primer gobierno criollo de Hispanoam\u00e9rica el 10 de agosto de 1809 y en la que tambi\u00e9n murieron centenares de pobladores de la ciudad de Quito que resistieron a las tropas realistas que ocuparon la ciudad, el Comit\u00e9 del Bicentenario, con los auspicios del Ministerio de Cultura y del Instituto de Altos Estudios Nacionales, as\u00ed como tambi\u00e9n contando con la participaci\u00f3n directa de la Asociaci\u00f3n de Historiadores Latinoamericanos y del Caribe (ADHILAC), realiza el programa \u201cDi\u00e1logos del Bicentenario \u2013 Encuentro de ADHILAC\u201d entre el 9 y el 13 de agosto de 2010.<\/p>\n<p style=\"text-align: justify;\">En este evento acad\u00e9mico participan destacados historiadores latinoamericanistas provenientes de diversos pa\u00edses, quienes, bajo el tema general del Encuentro titulado \u201cBicentenario: Rebeliones y Movimientos Sociales en Am\u00e9rica Latina\u201d, examinar\u00e1n distintos procesos relevantes de la participaci\u00f3n popular en la historia de la regi\u00f3n. A este importante n\u00facleo de intelectuales acompa\u00f1an historiadores ecuatorianos de reconocida trayectoria en el pa\u00eds, que pertenecen a la Academia Nacional de Historia y a la Secci\u00f3n de Historia y Geograf\u00eda de la Casa de la Cultura Ecuatoriana.<!--more--><\/p>\n<p style=\"text-align: justify;\">Este Encuentro busca difundir el conocimiento de la historia de nuestros pa\u00edses latinoamericanos, para enriquecer la conciencia ciudadana en momentos en los cuales Am\u00e9rica Latina vive un importante ciclo de cambios sociales.<\/p>\n<p style=\"text-align: justify;\">El evento est\u00e1 abierto a la participaci\u00f3n m\u00e1s amplia del p\u00fablico, pues no se dirige exclusivamente a los especialistas.<br \/>\n<strong> <\/strong><\/p>\n<p style=\"text-align: justify;\"><strong>INSTITUCIONES AUSPICIANTES:<\/strong><\/p>\n<ul style=\"text-align: justify;\">\n<li>Comit\u00e9 Ejecutivo del Bicentenario<\/li>\n<li>Ministerio de Cultura<\/li>\n<li>Asociaci\u00f3n de Historiadores Latinoamericanos y del Caribe \u2013 ADHILAC<\/li>\n<li>Instituto de Altos Estudios Nacionales \u2013 IAN<\/li>\n<\/ul>\n<p style=\"text-align: justify;\"><strong>INSTITUCIONES COPARTICIPANTES<\/strong><\/p>\n<ul style=\"text-align: justify;\">\n<li>Alcald\u00eda del Distrito Metropolitano de Quito<\/li>\n<li> Prefectura de la Provincia de Pichincha<\/li>\n<li> Academia Nacional de Historia<\/li>\n<li> Secci\u00f3n de Historia y Geograf\u00eda de la Casa de la Cultura<\/li>\n<\/ul>\n<p style=\"text-align: justify;\"><strong>PROGRAMA<\/strong><\/p>\n<p style=\"text-align: justify;\"><em>S\u00e1bado 7 y domingo 8 de agosto:<\/em><\/p>\n<p style=\"text-align: justify;\">Llegada de los delegados.<\/p>\n<p style=\"text-align: justify;\"><em>Lunes 9:<\/em><\/p>\n<p style=\"text-align: justify;\">Programa especial con la Alcald\u00eda del Distrito Metropolitano de Quito<br \/>\n&#8211; Visita a los museos capitalinos y recorrido por el centro hist\u00f3rico<\/p>\n<p style=\"text-align: justify;\"><em><br \/>\nMartes 10:<\/em><\/p>\n<p style=\"text-align: justify;\">Programa especial con el Consejo Provincial de Pichincha.<br \/>\n&#8211; Visita a la Ciudad Mitad del Mundo<\/p>\n<p style=\"text-align: justify;\"><em>MI\u00c9RCOLES 11<\/em><br \/>\nLocal:\u00a0 SAL\u00d3N AMBATO \u2013 Hotel Embassy<br \/>\n(Wilson E8-22 y Av. 6 de Diciembre)<\/p>\n<p style=\"text-align: justify;\">9:00 \u2013 Inauguraci\u00f3n de \u201cDi\u00e1logos del Bicentenario \u2013 Encuentro de ADHILAC: Rebeliones y Movimientos Sociales en Am\u00e9rica Latina\u201d<\/p>\n<p style=\"text-align: justify;\">09:45 \u2013 Conferencia del Dr. JUAN J. PAZ Y MI\u00d1O CEPEDA, Secretario del Comit\u00e9 Ejecutivo-Presidencial del Bicentenario: \u201cEL BICENTENARIO DE LA INDEPENDENCIA DEL ECUADOR: UNA VISI\u00d3N DEL PASADO EN EL PRESENTE\u201d<\/p>\n<p style=\"text-align: justify;\">10:45 \u2013 Pausa<\/p>\n<p style=\"text-align: justify;\">11:00 \u2013 Conferencia del Dr. JORGE N\u00da\u00d1EZ S\u00c1NCHEZ, Presidente Honorario de ADHILAC, \u201cDe la independencia al Estado Nacional en Am\u00e9rica Latina\u201d<\/p>\n<p style=\"text-align: justify;\">12:00 \u2013 Fin de la jornada matutina.<\/p>\n<p style=\"text-align: justify;\">15:00 \u2013 Ponencia: LIONEL MU\u00d1OZ PAZ (Venezuela), \u201cLa participaci\u00f3n popular en 1810 en la historiograf\u00eda venezolana\u201d<br \/>\nComentarista: ANA LUZ BORRERO<\/p>\n<p style=\"text-align: justify;\">16: 00 \u2013 Pausa<\/p>\n<p style=\"text-align: justify;\">16:15 \u2013 Ponencia: ROBERTO GONZ\u00c1LEZ ARANA (Colombia), \u201cMovimientos sociales, protesta, movilizaci\u00f3n y violencia pol\u00edtica en Colombia. Pasado y presente\u201d<br \/>\nComentarista: GUSTAVO P\u00c9REZ RAM\u00cdREZ<\/p>\n<p style=\"text-align: justify;\">17:00 \u2013 Fin de la sesi\u00f3n<\/p>\n<p style=\"text-align: justify;\"><em>JUEVES 12<\/em><\/p>\n<p style=\"text-align: justify;\">9:00 \u2013 Ponencia: BEATRIZ CAROLINA CRISORIO (Argentina), \u201cLa Argentina del Bicentenario frente a los procesos de integraci\u00f3n regional\u201d<br \/>\nComentarista: BENJAM\u00cdN ROSALES VALENZUELA<\/p>\n<p style=\"text-align: justify;\">10:00 \u2013 Pausa<\/p>\n<p style=\"text-align: justify;\">10:15 \u2013 Ponencia: VERA LUC\u00cdA VIEIRA (Brasil), \u201cO imperialismo norte &#8211; americano na Am\u00e9rica Latina: do Destino Manifesto \u00e0s doutrinas intervencionistas e a coniv\u00eancia dos governos locais latino-americanos\u201d<br \/>\nComentarista: GERM\u00c1N RODAS CH\u00c1VES<\/p>\n<p style=\"text-align: justify;\">11:15 \u2013 Ponencia: ALEJO MALDONADO GALLARDO (M\u00e9xico), \u201cLa construcci\u00f3n del imaginario social de la Revoluci\u00f3n Mexicana\u201d<br \/>\nComentarista: GONZALO ORT\u00cdZ CRESPO<\/p>\n<p style=\"text-align: justify;\">12:15 \u2013 Fin de la jornada matutina.<\/p>\n<p style=\"text-align: justify;\">15:00 \u2013 Ponencia: JOS\u00c9 RAM\u00d3N CAMPOS (Espa\u00f1a), \u201cLa emigraci\u00f3n gallega en Venezuela como parte de las experiencias de los espa\u00f1oles en Am\u00e9rica Latina\u201d<\/p>\n<p style=\"text-align: justify;\">16: 00 \u2013 Pausa<\/p>\n<p style=\"text-align: justify;\">16:15 \u2013 Ponencia: ELIZET PAYNE IGLESIAS (Honduras), \u201cEn torno al Bicentenario: poderes locales y resistencia popular en Centro Am\u00e9rica, 1808-1814\u201d.<br \/>\nComentarista: GUADALUPE SOASTI<\/p>\n<p style=\"text-align: justify;\">17:00 \u2013 Ponencia: YOEL CORDOV\u00cd N\u00da\u00d1EZ (Cuba), \u201cMagisterio y revoluci\u00f3n: la ense\u00f1anza de la historia de Cuba a inicios de la rep\u00fablica: 1899-1920\u201d<br \/>\nComentarista: JUAN CORDERO \u00cd\u00d1IGUEZ<\/p>\n<p style=\"text-align: justify;\"><em>VIERNES 13<\/em><\/p>\n<p style=\"text-align: justify;\">9:00 \u2013 Ponencia: \u00c1NGELA FERN\u00c1NDEZ ROSADO (Rep\u00fablica Dominicana), \u201cLos comandos populares en su lucha por la soberan\u00eda dominicana: caso Abril de 1965\u201d<br \/>\nComentarista: JORGE N\u00da\u00d1EZ S\u00c1NCHEZ<\/p>\n<p style=\"text-align: justify;\">10:00 \u2013 Pausa<\/p>\n<p style=\"text-align: justify;\">10:15 \u2013 Ponencia: JORGE ENRIQUE EL\u00cdAS CARO (Colombia), \u201cLa influencia de la Revoluci\u00f3n Mexicana en los movimientos obreros y sindicales en Colombia\u201d.<br \/>\nComentarista: JORGE N\u00da\u00d1EZ S\u00c1NCHEZ<\/p>\n<p style=\"text-align: justify;\">11:15 \u2013 <strong>MESA REDONDA<\/strong><\/p>\n<p style=\"text-align: justify;\">\u201cDemocracia y revoluci\u00f3n pol\u00edtica: una \u00e9poca de cambios en Ecuador y Am\u00e9rica Latina en la construcci\u00f3n del siglo XXI\u201d.<\/p>\n<p style=\"text-align: justify;\">13:00 \u2013 Clausura del evento.<\/p>\n<p><strong>Publicado por ADHILAC Internacional \u00a9 www.adhilac.com.ar<\/strong><\/p>\n<p>Si Ud. desea asociarse de acuerdo a los Estatutos de ADHILAC\u00a0<a title=\"(ver)\" href=\"https:\/\/adhilac.com.ar\/?page_id=263\">(ver)<\/a> complete el siguiente formulario\u00a0<a title=\"(ver)\" href=\"https:\/\/adhilac.com.ar\/?page_id=3194\">(ver)<\/a><\/p>\n<p>E-mail:\u00a0<a title=\"info@adhilac.com.ar\" href=\"https:\/\/adhilac.com.ar\/info@adhilac.com.ar\" target=\"_blank\">info@adhilac.com.ar<\/a><strong> <\/strong><\/p>\n<p>Twitter: @AdhilacInfo<\/p>\n<p style=\"text-align: justify;\">&nbsp;<\/p>\n<\/div>\n<div><span style=\"font-size: x-small;\"> <\/span><\/div>\n<p><span style=\"font-size: x-small;\"> <\/span><\/p>\n","protected":false},"excerpt":{"rendered":"<p>Di\u00e1logos del Bicentenario \u2013 Encuentro de ADHILAC Bicentenario: rebeliones y movimientos sociales en Am\u00e9rica Latina Quito, 9 al 13 de agosto de 2010 Con motivo de la conmemoraci\u00f3n del Bicentenario del 2 de agosto de 1810, fecha en la que fueron asesinados los patriotas de Quito que organizaron el primer gobierno criollo de Hispanoam\u00e9rica el [&hellip;]<\/p>\n","protected":false},"author":17,"featured_media":0,"comment_status":"closed","ping_status":"closed","sticky":false,"template":"","format":"standard","meta":{"_crdt_document":"","footnotes":""},"categories":[32,3,40],"tags":[13,14,82],"class_list":["post-2148","post","type-post","status-publish","format-standard","hentry","category-adhilac-ecuador","category-adhilac-inter","category-informaciones","tag-america-latina","tag-bicentenario","tag-movimientos-sociales"],"_links":{"self":[{"href":"https:\/\/adhilac.com.ar\/index.php?rest_route=\/wp\/v2\/posts\/2148","targetHints":{"allow":["GET"]}}],"collection":[{"href":"https:\/\/adhilac.com.ar\/index.php?rest_route=\/wp\/v2\/posts"}],"about":[{"href":"https:\/\/adhilac.com.ar\/index.php?rest_route=\/wp\/v2\/types\/post"}],"author":[{"embeddable":true,"href":"https:\/\/adhilac.com.ar\/index.php?rest_route=\/wp\/v2\/users\/17"}],"replies":[{"embeddable":true,"href":"https:\/\/adhilac.com.ar\/index.php?rest_route=%2Fwp%2Fv2%2Fcomments&post=2148"}],"version-history":[{"count":12,"href":"https:\/\/adhilac.com.ar\/index.php?rest_route=\/wp\/v2\/posts\/2148\/revisions"}],"predecessor-version":[{"id":2152,"href":"https:\/\/adhilac.com.ar\/index.php?rest_route=\/wp\/v2\/posts\/2148\/revisions\/2152"}],"wp:attachment":[{"href":"https:\/\/adhilac.com.ar\/index.php?rest_route=%2Fwp%2Fv2%2Fmedia&parent=2148"}],"wp:term":[{"taxonomy":"category","embeddable":true,"href":"https:\/\/adhilac.com.ar\/index.php?rest_route=%2Fwp%2Fv2%2Fcategories&post=2148"},{"taxonomy":"post_tag","embeddable":true,"href":"https:\/\/adhilac.com.ar\/index.php?rest_route=%2Fwp%2Fv2%2Ftags&post=2148"}],"curies":[{"name":"wp","href":"https:\/\/api.w.org\/{rel}","templated":true}]}}