{"id":2309,"date":"2010-08-04T07:12:34","date_gmt":"2010-08-04T10:12:34","guid":{"rendered":"https:\/\/adhilac.com.ar\/?p=2309"},"modified":"2012-07-15T07:18:57","modified_gmt":"2012-07-15T10:18:57","slug":"las-malvinas-son-argentinas","status":"publish","type":"post","link":"https:\/\/adhilac.com.ar\/?p=2309","title":{"rendered":"Las Malvinas son argentinas. Homenaje de artistas"},"content":{"rendered":"<h3><span style=\"color: #339966;\">Artistas del mundo y las Islas Malvinas<\/span><\/h3>\n<p><span style=\"color: #000000;\"><strong>El oto\u00f1o m\u00e1s triste<\/strong><\/span><\/p>\n<h3><img loading=\"lazy\" decoding=\"async\" class=\"alignleft\" title=\"Delfina Juarez-Malvinas el otono mas triste\" src=\"https:\/\/adhilac.com.ar\/wp-content\/uploads\/2010\/08\/Delfina-Juarez-Malvinas-el-otono-mas-triste.jpg\" alt=\"Delfina Juarez-Malvinas el otono mas triste\" width=\"256\" height=\"168\" \/><\/h3>\n<p style=\"text-align: justify;\"><span style=\"color: #000000;\"><em>Malvinas. El oto\u00f1o m\u00e1s triste<\/em><\/span><\/p>\n<p style=\"text-align: justify;\"><span style=\"color: #000000;\">Oleo de Delfina \u00c1ngela Ju\u00e1rez (<em>Pila<\/em>) (1917-2010). Pintora argentina nacida en San Miguel Tucum\u00e1n. Desde 1955 se instalo en la Ciudad de Buenos Aires junto a su esposo Dante Crisorio y sus hijas. En gran medida autodidacta, tom\u00f3 clases con Demetrio Urruchua. Es hermana de la poetiza Mar\u00eda\u00a0Elvira Ju\u00e1rez (1915-2009)<\/span><\/p>\n<p style=\"text-align: justify;\"><span style=\"color: #000000;\"><!--more--><\/span><\/p>\n<h3 style=\"text-align: justify;\"><span style=\"color: #000000;\">La Hermanita Perdida<\/span><\/h3>\n<p><span style=\"color: #000000;\"><a href=\"https:\/\/adhilac.com.ar\/wp-content\/uploads\/2010\/08\/Atahualpa2.jpg\"><img loading=\"lazy\" decoding=\"async\" class=\"alignleft size-full wp-image-2314\" title=\"Atahualpa2\" src=\"https:\/\/adhilac.com.ar\/wp-content\/uploads\/2010\/08\/Atahualpa2.jpg\" alt=\"\" width=\"239\" height=\"320\" \/><\/a><\/span><\/p>\n<p style=\"text-align: justify;\">Letra Atahualpa Yupanqui<br \/>\nM\u00fasica: Ariel Ram\u00edrez<\/p>\n<p style=\"text-align: justify;\"><em>Izquierda Atahualpa Yupanqui*<\/em><\/p>\n<p style=\"text-align: justify;\">De la ma\u00f1ana a la noche,<br \/>\nde la noche a la ma\u00f1ana,<br \/>\nen grandes olas azules<br \/>\ny encajes de espuma blanca,<br \/>\nte va llegando el saludo<br \/>\npermanente de la Patria.<br \/>\nAy, hermanita perdida.<br \/>\nHermanita, vuelve a casa.<br \/>\nAmarillentos papeles<br \/>\nte pintan con otra laya.<br \/>\nPero son veinte millones<br \/>\nque te llamamos: hermana&#8230;<br \/>\nSobre las aguas australes<br \/>\nplanean gaviotas blancas.<br \/>\nDura piedra enternecida<br \/>\npor la sagrada esperanza.<br \/>\nAy, hermanita perdida.<br \/>\nHermanita, vuelve a casa.<br \/>\nMalvinas, tierra cautiva,<br \/>\nde un rubio tiempo pirata.<br \/>\nPatagonia te suspira.<br \/>\nToda la Pampa te llama.<br \/>\nSeguir\u00e1n las mil banderas<br \/>\ndel mar, azules y blancas,<br \/>\npero queremos ver una<br \/>\nsobre tus piedras, clavada.<br \/>\nPara llenarte de criollos.<br \/>\nPara curtirte la cara<br \/>\nhasta que logres el gesto<br \/>\ntradicional de la Patria.<br \/>\nAy, hermanita perdida.<br \/>\nHermanita, vuelve a casa<\/p>\n<p style=\"text-align: justify;\">*Atahualpa Yupanqui, nombre artistico de H\u00e9ctor Roberto Chavero Aramburo. Naci\u00f3 en Pergamino, provincia de Buenos Aires el 31 de enero de 1908. Falleci\u00f3 en Nimes, Francia el 23 de mayo de 1992. Poeta, m\u00fasico y cantante argentino que se inspir\u00f3 en la m\u00fasica tradicional de su pa\u00eds. Tambi\u00e9n musicaliz\u00f3 algunas poes\u00edas de autores latinoamericanos como las del poeta cubano Nicol\u00e1s Guill\u00e9n. Entre sus obras se destacan <em>El canto del viento <\/em>(1965),<em> El payador perseguido<\/em> (1972), <em>Del algarrobo al cerezo<\/em> (1977), <em>Confesiones de un payador<\/em> (1984), <em>La palabra sagrada <\/em>(1989).<\/p>\n<p style=\"text-align: justify;\">Ariel Ram\u00edrez (1928-2010) M\u00fasico argentino nacido en Santa Fe. Su obra se inspir\u00f3 en la m\u00fasica tradicional de su pa\u00eds. Se destacan su Misa Criolla (1965). Su obra Mujeres Argentinas (1969) con letra del historiador argentino Felix Luna (1925-2009) fue estrenada por la cantante tucuman Mercedes Sosa (1935-2009).<\/p>\n<p style=\"text-align: justify;\"><span style=\"color: #000000;\"><strong>Irlanda con Argentina <\/strong><\/span><\/p>\n<p style=\"text-align: justify;\"><img loading=\"lazy\" decoding=\"async\" class=\"size-full wp-image-2317 alignright\" title=\"WolfeTones\" src=\"https:\/\/adhilac.com.ar\/wp-content\/uploads\/2010\/08\/WolfeTones.jpg\" alt=\"WolfeTones\" width=\"198\" height=\"218\" \/><\/p>\n<p style=\"text-align: justify;\"><a href=\"http:\/\/www.youtube.com\/watch?v=XDgO6NIXe0A\">The Wolfe Tones &#8211; Admiral William Brown (Subtitulo espa\u00f1ol) Pulse aqui <\/a><\/p>\n<p style=\"text-align: justify;\">El marino irland\u00e9s William Brown organiz\u00f3 la armada patriota, para frenar la embestida realista en el Rio de la Plata. Tambi\u00e9n luch\u00f3 junto a Jos\u00e9 de San Mart\u00edn. La banda irlandesa dedic\u00f3 esta canci\u00f3n como homenaje al Almirante Brown y en apoyo al reclamo de la soberan\u00eda argentina sobre las Islas Malvinas.<\/p>\n<p style=\"text-align: justify;\"><strong><span style=\"color: #000000;\">Las Malvinas<\/span><\/strong><\/p>\n<p style=\"text-align: justify;\">(Jos\u00e9 Pedroni)<span style=\"color: #ffffff;\"> <\/span><\/p>\n<p style=\"text-align: justify;\"><a href=\"https:\/\/adhilac.com.ar\/wp-content\/uploads\/2010\/08\/pedroni.jpg\"><img loading=\"lazy\" decoding=\"async\" class=\"alignleft size-full wp-image-2313\" title=\"pedroni\" src=\"https:\/\/adhilac.com.ar\/wp-content\/uploads\/2010\/08\/pedroni.jpg\" alt=\"\" width=\"138\" height=\"160\" \/><\/a><\/p>\n<p style=\"text-align: justify;\">Tiene las alas salpicadas de islotes,<br \/>\nes nuestra bella del mar.<br \/>\nLa Patria la contempla desde la costa madre<br \/>\ncon un dolor que no se va.<br \/>\nTiene las alas llenas de lunares,<br \/>\nlobo roquero es su guardi\u00e1n.<br \/>\nLa patria la contempla.<br \/>\nEs un \u00e1ngel sin sue\u00f1o<br \/>\nla patria junto al mar.<br \/>\nTiene el pecho de ave sobre la honda helada.<br \/>\nAve ca\u00edda es su igual.<br \/>\nEl agua se levanta entre sus alas.<br \/>\nQuiere y no puede volar.<br \/>\nEl ping\u00fcino la vela.<br \/>\nLa gaviota le trae cartas de libertad.<br \/>\nElla tiene sus ojos en sus canales fr\u00edos.<br \/>\nElla est\u00e1 triste de esperar.<br \/>\nComo a mujer robada le quitaron el nombre:<br \/>\nlo arrojaron al mar.<br \/>\nLe dieron otro para que olvidara<br \/>\nque ella no sabe pronunciar.<br \/>\nEl viento es suyo; el horizonte es suyo.<br \/>\nSola, no quiere m\u00e1s,<br \/>\nsabe que un d\u00eda volver\u00e1 su hombre<br \/>\ncon la bandera y el cantar.<br \/>\nCautiva est\u00e1 y callada. Ella es la prisionera<br \/>\nque no pide ni da.<br \/>\nSu correo de amor es el ave que emigra.<br \/>\nLa nieve que cae es su reloj de sal.<br \/>\nHasta que el barco patrio no ancle entre sus alas,<br \/>\nella se llama Soledad.<\/p>\n<p style=\"text-align: justify;\">&nbsp;<\/p>\n<p style=\"text-align: justify;\">Jos\u00e9 Bartolom\u00e9 Pedroni Fantino (1899,1968). Poeta argentino nacido en G\u00e1lvez, provincia de Santa Fe. Algunas de sus obras son: <em>La gota de agua<\/em> (Buenos Aires 1923), Gracia plena (Buenos Aires, 1925), <em>Poemas y palabras<\/em> (Buenos Aires, 1935),<em> Diez mujeres, romances<\/em> (Buenos Aires, 1941, 2da.Ed., 1945),<em> Nuevos cantos<\/em> (Buenos Aires, 1944),<em> Canto a Cuba <\/em>(Buenos Aires, 1960), <em>Cantos del hombre libre<\/em> (Santa Fe, Argentina, 1960),<em> La hoja voladora<\/em> (Buenos Aires, 1961), <em>El nivel y su l\u00e1grima<\/em> (Santa Fe, 1963), <em>Obra po\u00e9tica<\/em> (Rosario, Argentina, 1962, 2 vols.).<\/p>\n<p><strong>Publicado por ADHILAC Internacional \u00a9 www.adhilac.com.ar<\/strong><\/p>\n<p>Si Ud. desea asociarse de acuerdo a los Estatutos de ADHILAC\u00a0<a title=\"(ver)\" href=\"https:\/\/adhilac.com.ar\/?page_id=263\">(ver)<\/a> complete el siguiente formulario\u00a0<a title=\"(ver)\" href=\"https:\/\/adhilac.com.ar\/?page_id=3194\">(ver)<\/a><\/p>\n<p>E-mail:\u00a0<a title=\"info@adhilac.com.ar\" href=\"https:\/\/adhilac.com.ar\/info@adhilac.com.ar\" target=\"_blank\">info@adhilac.com.ar<\/a><strong> <\/strong><\/p>\n<p>Twitter: @AdhilacInfo<\/p>\n<p style=\"text-align: justify;\">&nbsp;<\/p>\n<p style=\"text-align: justify;\">&nbsp;<\/p>\n","protected":false},"excerpt":{"rendered":"<p>Artistas del mundo y las Islas Malvinas El oto\u00f1o m\u00e1s triste Malvinas. El oto\u00f1o m\u00e1s triste Oleo de Delfina \u00c1ngela Ju\u00e1rez (Pila) (1917-2010). Pintora argentina nacida en San Miguel Tucum\u00e1n. Desde 1955 se instalo en la Ciudad de Buenos Aires junto a su esposo Dante Crisorio y sus hijas. En gran medida autodidacta, tom\u00f3 clases [&hellip;]<\/p>\n","protected":false},"author":2,"featured_media":0,"comment_status":"closed","ping_status":"closed","sticky":false,"template":"","format":"standard","meta":{"_crdt_document":"","footnotes":""},"categories":[106],"tags":[65,107,108,109],"class_list":["post-2309","post","type-post","status-publish","format-standard","hentry","category-arte-y-artistas","tag-artes-plasticas","tag-malvinas-argentinas","tag-musica","tag-poesia"],"_links":{"self":[{"href":"https:\/\/adhilac.com.ar\/index.php?rest_route=\/wp\/v2\/posts\/2309","targetHints":{"allow":["GET"]}}],"collection":[{"href":"https:\/\/adhilac.com.ar\/index.php?rest_route=\/wp\/v2\/posts"}],"about":[{"href":"https:\/\/adhilac.com.ar\/index.php?rest_route=\/wp\/v2\/types\/post"}],"author":[{"embeddable":true,"href":"https:\/\/adhilac.com.ar\/index.php?rest_route=\/wp\/v2\/users\/2"}],"replies":[{"embeddable":true,"href":"https:\/\/adhilac.com.ar\/index.php?rest_route=%2Fwp%2Fv2%2Fcomments&post=2309"}],"version-history":[{"count":14,"href":"https:\/\/adhilac.com.ar\/index.php?rest_route=\/wp\/v2\/posts\/2309\/revisions"}],"predecessor-version":[{"id":2311,"href":"https:\/\/adhilac.com.ar\/index.php?rest_route=\/wp\/v2\/posts\/2309\/revisions\/2311"}],"wp:attachment":[{"href":"https:\/\/adhilac.com.ar\/index.php?rest_route=%2Fwp%2Fv2%2Fmedia&parent=2309"}],"wp:term":[{"taxonomy":"category","embeddable":true,"href":"https:\/\/adhilac.com.ar\/index.php?rest_route=%2Fwp%2Fv2%2Fcategories&post=2309"},{"taxonomy":"post_tag","embeddable":true,"href":"https:\/\/adhilac.com.ar\/index.php?rest_route=%2Fwp%2Fv2%2Ftags&post=2309"}],"curies":[{"name":"wp","href":"https:\/\/api.w.org\/{rel}","templated":true}]}}