{"id":2324,"date":"2010-08-04T10:33:33","date_gmt":"2010-08-04T13:33:33","guid":{"rendered":"https:\/\/adhilac.com.ar\/?p=2324"},"modified":"2012-07-15T07:06:56","modified_gmt":"2012-07-15T10:06:56","slug":"centenario-de-la-revolucion-mexicana-canciones-y-homenajes-i","status":"publish","type":"post","link":"https:\/\/adhilac.com.ar\/?p=2324","title":{"rendered":"Centenario de la Revoluci\u00f3n Mexicana. Canciones y homenajes I"},"content":{"rendered":"<h3 style=\"text-align: center;\"><span style=\"color: #339966;\">Primer Centenario de la Revoluci\u00f3n Mexicana <\/span><\/h3>\n<p style=\"text-align: center;\">La Revoluci\u00f3n Mexicana fue la primera gran revoluci\u00f3n social y pol\u00edtica del siglo XX. Aqu\u00ed transcribimos algunas canciones de ese importante momento hist\u00f3rico, como tambi\u00e9n algunas obras escritas como homenaje<\/p>\n<p style=\"text-align: center;\"><img loading=\"lazy\" decoding=\"async\" class=\"size-full wp-image-2327 alignright\" title=\"Emiliano Zapata\" src=\"https:\/\/adhilac.com.ar\/wp-content\/uploads\/2010\/08\/Emiliano-Zapata.jpg\" alt=\"Emiliano Zapata\" width=\"250\" height=\"371\" \/><\/p>\n<p style=\"text-align: center;\"><strong><span style=\"color: #000000;\">Corrido de Zapata Ni\u00f1o<\/span><\/strong><\/p>\n<p style=\"text-align: center;\">Autor: Jos\u00e9 Mu\u00f1oz Cota<br \/>\nCantan: Pilar Pellicer y Tribu<\/p>\n<p style=\"text-align: center;\">Vengo a cantarles, se\u00f1ores,<br \/>\nuna nueva novedad:<br \/>\ny es que Zapata est\u00e1 vivo,<br \/>\npero vivo de verdad.<\/p>\n<p style=\"text-align: center;\">&#8211; . &#8211;<\/p>\n<p style=\"text-align: center;\">Cuando los viejos platican<br \/>\n&#8212; cuento que el viento llev\u00f3 &#8212;<br \/>\ngustan de hablar de Zapata,<br \/>\nque muy ni\u00f1o se anunci\u00f3.<\/p>\n<p style=\"text-align: center;\">Cuida el pueblo su leyenda<br \/>\ncon alfarero fervor.<br \/>\nLa pule, la va puliendo,<br \/>\nla guarda en una canci\u00f3n.<!--more--><\/p>\n<p style=\"text-align: center;\">Despu\u00e9s nos llega el \u00abcorrido\u00bb<br \/>\nde un ignorado cantor,<br \/>\ny as\u00ed vive entre su pueblo,<br \/>\nlo que este pueblo ador\u00f3.<\/p>\n<p style=\"text-align: center;\">Gesta de los hombres fuertes<br \/>\nque di\u00f3 la Revoluci\u00f3n&#8230;<br \/>\nZapata desde muy ni\u00f1o<br \/>\nen un corrido vivi\u00f3.<\/p>\n<p style=\"text-align: center;\">Nos dice y anda diciendo,<br \/>\nalg\u00fan viejo decidor,<br \/>\nque Zapata muy temprano<br \/>\napunt\u00f3 a libertador.<\/p>\n<p style=\"text-align: center;\">En Anenecuilco fue,<br \/>\nmis\u00e9rrima poblaci\u00f3n<br \/>\ncerca de Villa de Ayala,<br \/>\ndonde Zapata naci\u00f3.<\/p>\n<p style=\"text-align: center;\">Jacales de Anenecuilco,<br \/>\ncalleja donde creci\u00f3<br \/>\nsu cuerpo de ni\u00f1o serio<br \/>\ny concentrado vigor.<\/p>\n<p style=\"text-align: center;\">Una leyenda se\u00f1ala<br \/>\nsu prematura intuici\u00f3n.<br \/>\nLeyenda que el pueblo quiere<br \/>\ny que este pueblo amas\u00f3.<\/p>\n<p style=\"text-align: center;\">Siendo muy ni\u00f1o, nos dice,<br \/>\nEmiliano presenci\u00f3<br \/>\nc\u00f3mo despojaba al padre<br \/>\nla injusticia del patr\u00f3n.<\/p>\n<p style=\"text-align: center;\">\u00bfEs que la tierra no es nuestra?<br \/>\nSi en esta tierra naci\u00f3,<br \/>\nsi en esta tierra ha jugado<br \/>\ny en esta tierra creci\u00f3.<\/p>\n<p style=\"text-align: center;\">Zapata mira a su padre<br \/>\nque el trabajo encaneci\u00f3.<br \/>\nLas manos del viejo tiemblan,<br \/>\ntiembla de rabia la voz.<\/p>\n<p style=\"text-align: center;\">Zapata mira a su madre<br \/>\nocultando su dolor,<br \/>\ntras el rebozo que ci\u00f1e<br \/>\ny que el llanto ya moj\u00f3.<\/p>\n<p style=\"text-align: center;\">Zapata, el ni\u00f1o, no entiende<br \/>\nla injusticia del patr\u00f3n.<br \/>\n\u00bfC\u00f3mo les quita la tierra<br \/>\ncuando aqu\u00ed siempre vivi\u00f3?<\/p>\n<p style=\"text-align: center;\">Zapata ni\u00f1o predica<br \/>\ndel jornalero la uni\u00f3n<br \/>\ny recuperar la tierra<br \/>\nque la codicia quit\u00f3.<\/p>\n<p style=\"text-align: center;\">&#8212; No seas tonto, ha dicho el padre.<br \/>\nTodo lo puede el Se\u00f1or.<br \/>\nTodo lo tienen los amos,<br \/>\nel indio s\u00f3lo el dolor.<\/p>\n<p style=\"text-align: center;\">Entonces dijo Zapata<br \/>\ncon extra\u00f1a decisi\u00f3n:<br \/>\nCuando sea grande, la tierra<br \/>\nse la quitar\u00e9 al patr\u00f3n<\/p>\n<h3 style=\"text-align: center;\"><img loading=\"lazy\" decoding=\"async\" class=\"size-full wp-image-2328 alignleft\" title=\"Emiliano_Zapata 4\" src=\"https:\/\/adhilac.com.ar\/wp-content\/uploads\/2010\/08\/Emiliano_Zapata-4.jpg\" alt=\"Emiliano_Zapata 4\" width=\"342\" height=\"496\" \/><\/h3>\n<p style=\"text-align: center;\"><strong><span style=\"color: #000000;\">Corrido del espectro de Zapata<\/span><\/strong><\/p>\n<p style=\"text-align: center;\">Autor: An\u00f3nimo<br \/>\nCanta: Tribu<\/p>\n<p style=\"text-align: center;\">Se\u00f1ores, voy a cantar<br \/>\nUn horrible sucedido,<br \/>\nQue pocos habr\u00e1n sabido<br \/>\nY muchos han de ignorar.<\/p>\n<p style=\"text-align: center;\">En Cuautla, Morelos, hubo<br \/>\nUn hombre muy singular,<br \/>\nQue bajo su mando tuvo<br \/>\nA las gentes del lugar.<\/p>\n<p style=\"text-align: center;\">Fue amado por los vecinos<br \/>\nFue tenido como jefe<br \/>\nY no hay uno que se deje<br \/>\nQuitarlo de sus caminos.<\/p>\n<p style=\"text-align: center;\">Justo es que lo diga ya<br \/>\nHabl\u00e1ndoles, pues, en plata,<br \/>\nEra Emiliano Zapata<br \/>\nMuy querido por all\u00e1.<\/p>\n<p style=\"text-align: center;\">Su fama (triste, por cierto),<br \/>\nLas Am\u00e9ricas cruz\u00f3<br \/>\nY el mundo se sorprendi\u00f3<br \/>\nAl saberse que fue muerto.<\/p>\n<p style=\"text-align: center;\">Las ardillas y las tuzas,<br \/>\nlas liebres y hasta el tej\u00f3n;<br \/>\nsus trampas y escaramuzas<br \/>\nera su mejor lecci\u00f3n.<\/p>\n<p style=\"text-align: center;\">Que lo digan los vecinos<br \/>\nque nunca le alzaban pelos<br \/>\nsi conoc\u00eda los caminos<br \/>\nde todo Cuautla Morelos.<\/p>\n<p style=\"text-align: center;\">Los federales quisieron<br \/>\ndarle alcance y se cansaron<br \/>\nlos maderistas siguieron<br \/>\ny tampoco lo lograron.<\/p>\n<p style=\"text-align: center;\">Huerta, que era muy entr\u00f3n<br \/>\nle pisaba los talones,<br \/>\npero el otro le ense\u00f1\u00f3<br \/>\nque ten\u00eda muchos&#8230; calzones.<\/p>\n<p style=\"text-align: center;\">Y en fin, el actual gobierno<br \/>\nsin andarse con rodeos<br \/>\nle dio sopa de&#8230; fideos<br \/>\ny lo despach\u00f3 al infierno.<\/p>\n<p style=\"text-align: center;\">Su cuerpo al fin sepultaron<br \/>\nllenos de j\u00fabilo y gozo<br \/>\ny muchos, muchos lloraron<br \/>\npor sus culpas y reposo.<\/p>\n<p style=\"text-align: center;\">Pero su alma persevera<br \/>\nen su ideal \u00abLibertador\u00bb<br \/>\ny su horrible calavera<br \/>\nanda en penas&#8212; \u00a1oh terror!<\/p>\n<p style=\"text-align: center;\">Tal constancia a todos pasma;<br \/>\nde la noche en las negruras,<br \/>\nse ve vagar su fantasma<br \/>\npor los montes y llanuras.<\/p>\n<p style=\"text-align: center;\">Se oyen sonar sus espuelas,<br \/>\nsus horribles maldiciones,<br \/>\ny, rechinando las muelas,<br \/>\ncree llevar grandes legiones.<\/p>\n<p style=\"text-align: center;\">Extiende la yerta mano<br \/>\ny su vista se dilata&#8230;<br \/>\nrecorre el campo suriano<br \/>\nel espectro de Zapata.<\/p>\n<h3 style=\"text-align: center;\"><img loading=\"lazy\" decoding=\"async\" class=\"size-full wp-image-2329 alignleft\" title=\"Emiliano Zapata (1914)\" src=\"https:\/\/adhilac.com.ar\/wp-content\/uploads\/2010\/08\/Emiliano-Zapata-1914.jpg\" alt=\"Emiliano Zapata (1914)\" width=\"412\" height=\"629\" \/><\/h3>\n<p style=\"text-align: center;\"><strong><span style=\"color: #000000;\">Corrido Viva Zapata<\/span><\/strong><\/p>\n<p style=\"text-align: center;\">Autor: An\u00f3nimo<br \/>\nInt\u00e9rprete: Albino Garc\u00eda Paredes<br \/>\nProcedencia: Jojutla, Morelos.<\/p>\n<p style=\"text-align: center;\">Yo le canto a ese pueblo querido<br \/>\ndonde fu\u00e9 cuna de un gran general,<br \/>\nde ah\u00ed fu\u00e9 el general Zapata<br \/>\nde mi Anenecuilco Morelos, s\u00ed se\u00f1or.<\/p>\n<p style=\"text-align: center;\">Es la cuna de un hombre valiente<br \/>\nsu nombre de la historia jam\u00e1s se borrar\u00e1,<br \/>\ntodo mundo aclama su lema<br \/>\ny ese lema dice \u00a1Tierra y Libertad!<\/p>\n<p style=\"text-align: center;\">Hombre fuerte con su piel bronceada<br \/>\n\u00e9 l daba su vida por todos los dem\u00e1s,<br \/>\nbuscando causa justa para el mexicano,<br \/>\n\u00a1 Qu\u00e9 viva Emiliano, que viva el general!<\/p>\n<p style=\"text-align: center;\">Sangre campesnina regada en los campos<br \/>\nde hombres que supieron formar un ideal,<br \/>\nsu sangre ya brota, florece la tierra<br \/>\n\u00a1 Que viva Zapata que la supo dar!<\/p>\n<p style=\"text-align: center;\">\u00a1Que viva Morelos que da hombres de acero!<br \/>\nmi M\u00e9xico entero lo puedo afirmar,<br \/>\n\u00a1 Que viva mi patria!, \u00a1Que viva este suelo!<br \/>\nas\u00ed es mi Morelos lo puedo afirmar.<\/p>\n<p style=\"text-align: center;\">Hombre fuerte con su piel bronceada<br \/>\n\u00e9 l daba su vida por todos los dem\u00e1s,<br \/>\nbuscando causa justa para el mexicano<br \/>\n\u00a1 Que viva Emiliano, que viva el General!<\/p>\n<p style=\"text-align: center;\">&nbsp;<\/p>\n<p style=\"text-align: center;\"><strong>Corrido de la muerte de Zapata<\/strong><\/p>\n<h3 style=\"text-align: center;\"><img loading=\"lazy\" decoding=\"async\" class=\"size-full wp-image-2330 alignright\" title=\"emiliano_zapata_baltasar_dromundo libro\" src=\"https:\/\/adhilac.com.ar\/wp-content\/uploads\/2010\/08\/emiliano_zapata_baltasar_dromundo-libro.jpg\" alt=\"emiliano_zapata_baltasar_dromundo libro\" width=\"400\" height=\"539\" \/><\/h3>\n<p style=\"text-align: center;\">Autor: Armando Liszt Arzubide<br \/>\nCanta: Ignacio L\u00f3pez Tarso<\/p>\n<p style=\"text-align: center;\">Escuchen se\u00f1ores,<br \/>\noigan el corrido<br \/>\nde un triste acontecimiento:<br \/>\npues en Chinameca<br \/>\nfue muerto a mansalva<br \/>\nZapata, el gran insurrecto.<\/p>\n<p style=\"text-align: center;\">Abril de mil novecientos<br \/>\ndiecinueve, en la memoria<br \/>\nquedar\u00e1s del campesino,<br \/>\ncomo una mancha en la historia.<\/p>\n<p style=\"text-align: center;\">Campanas de Villa Ayala<br \/>\n\u00bfPor qu\u00e9 tocan tan doliente?<br \/>\n&#8212; Es que ya muri\u00f3 Zapata<br \/>\ny era Zapata un valiente.<\/p>\n<p style=\"text-align: center;\">El buen Emiliano<br \/>\nque amaba a los pobres<br \/>\nquiso darles libertad;<br \/>\npor eso los indios<br \/>\nde todos los pueblos<br \/>\ncon \u00e9l fueron a luchar.<\/p>\n<p style=\"text-align: center;\">De Cuautla hasta Amecameca,<br \/>\nMatamoros y el Ajusco,<br \/>\ncon los pelones del viejo<br \/>\ndon Porfirio se dio gusto.<\/p>\n<p style=\"text-align: center;\">Trinitaria de los campos<br \/>\nde las vegas de Morelos,<br \/>\nsi preguntan por Zapata<br \/>\ndi que ya se fue a los cielos.<\/p>\n<p style=\"text-align: center;\">Le dijo Zapata a don Pancho Madero<br \/>\ncuando ya era gobernante:<br \/>\n&#8212; Si no das las tierras,<br \/>\nver\u00e1s a los indios<br \/>\nde nuevo entrar al combate.<\/p>\n<p style=\"text-align: center;\">Se enfrent\u00f3 al se\u00f1or Madero,<br \/>\ncontra Huerta y a Carranza,<br \/>\npues no le quer\u00edan cumplir<br \/>\nsu plan que era el Plan de Ayala.<\/p>\n<p style=\"text-align: center;\">Corre, corre, conejito<br \/>\ncu\u00e9ntales a tus hermanos<br \/>\n&#8212; \u00a1Ya muri\u00f3 el se\u00f1or Zapata,<br \/>\nel coco de los tiranos!&#8230;<\/p>\n<p style=\"text-align: center;\">Montado con garbo<br \/>\nen yegua alazana<br \/>\nera charro de admirar;<br \/>\ny en el coledero<br \/>\nera su mangana<br \/>\nla de un jinete cabal.<\/p>\n<p style=\"text-align: center;\">Toca la charanga un son<br \/>\nde los meros abaje\u00f1os;<br \/>\nrueda un toro por la arena,<br \/>\npues Zapata es de los buenos.<\/p>\n<p style=\"text-align: center;\">Una rana en un charquito<br \/>\ncantaba en su serenata:<br \/>\n&#8212; \u00bfD\u00f3nde hubo un charro mejor<br \/>\nque mi general Zapata?<\/p>\n<p style=\"text-align: center;\">Con mucho entusiasmo<br \/>\naplaude la gente<br \/>\ny hartas ni\u00f1as concurrieron,<br \/>\nque el jefe Zapata y sus generales<br \/>\ndondequiera se lucieron.<\/p>\n<p style=\"text-align: center;\">Con jaripeo celebraba<br \/>\nsu victoria en la refriega,<br \/>\ny entre los meros surianos,<br \/>\nque es charro, nadie lo niega.<\/p>\n<p style=\"text-align: center;\">Camino de Huehuetoca<br \/>\npreguntaba as\u00ed un turpial:<br \/>\n&#8212; Caminante, \u00bfque se hizo<br \/>\ndel famoso caporal?<\/p>\n<p style=\"text-align: center;\">Naci\u00f3 entre los pobres,<br \/>\nvivi\u00f3 entre los pobres<br \/>\ny por ellos combat\u00eda.<br \/>\n&#8212; No quiero riquezas,<br \/>\nyo no quiero honores.<br \/>\nA todos as\u00ed dec\u00eda.<\/p>\n<p style=\"text-align: center;\">En la toma de Jojutla<br \/>\ndice a un mayor de su gente:<br \/>\n&#8212; \u00a1Tr\u00e1ete al general Garc\u00eda<br \/>\nque le entre conmigo al frente!<\/p>\n<p style=\"text-align: center;\">A la sombra de un guayabo<br \/>\ncantaban dos chapulines:<br \/>\n&#8212; \u00a1Ya muri\u00f3 el se\u00f1or Zapata,<br \/>\nterror de los gachupines!<\/p>\n<p style=\"text-align: center;\">Fumando tranquilo se pasea sereno<br \/>\nen medio de los balazos,<br \/>\ny grita: &#8212; \u00a1Muchachos,<br \/>\na esos muertos de hambre<br \/>\nhay que darles sus pambazos!<\/p>\n<p style=\"text-align: center;\">Cuando acaba la refriega<br \/>\nperdona a los prisioneros,<br \/>\na los heridos los cura<br \/>\ny a los pobres da dinero.<\/p>\n<p style=\"text-align: center;\">Estrellita que en las noches<br \/>\nte prendes de aquellos picos,<br \/>\n\u00bfD\u00f3nde est\u00e1 el jefe Zapata<br \/>\nque era azote de los ricos?<\/p>\n<p style=\"text-align: center;\">&#8212; Cuando yo haya muerto,<br \/>\ndice a su subalterno,<br \/>\nles dir\u00e1s a los muchachos:<br \/>\ncon l&#8217;arma en la mano<br \/>\ndefiendan su ejido<br \/>\ncomo deben ser los machos.<\/p>\n<p style=\"text-align: center;\">Dice a su fiel asistente<br \/>\ncuando andaba por las sierras:<br \/>\n&#8212; Mientras yo viva, los indios<br \/>\nser\u00e1n due\u00f1os de sus tierras.<\/p>\n<p style=\"text-align: center;\">Amapolita olorosa<br \/>\nde las lomas de Guerrero,<br \/>\nno volver\u00e1s a ver nunca<br \/>\nal famoso guerrillero.<\/p>\n<p style=\"text-align: center;\">Con gran pesadumbre<br \/>\nle dice a su vieja<br \/>\n&#8212; Me siento muy abatido:<br \/>\npues todos descansan,<br \/>\nyo soy peregrino,<br \/>\ncomo p\u00e1jaro sin nido.<\/p>\n<p style=\"text-align: center;\">Generales van y vienen<br \/>\ndizque para apaciguarlo;<br \/>\ny no pudieron a la buena<br \/>\nun plan ponen pa&#8217; enga\u00f1arlo.<\/p>\n<p style=\"text-align: center;\">Canta, canta, gorrioncito,<br \/>\ndi en tu canci\u00f3n melodiosa:<br \/>\n&#8212; Cay\u00f3 el general Zapata<br \/>\nen forma muy alevosa.<\/p>\n<p style=\"text-align: center;\">Don Pablo Gonz\u00e1lez<br \/>\nordena a Guajardo<br \/>\nque le finja un rendimiento,<br \/>\ny al jefe Zapata disparan sus armas<br \/>\nal llegar al campamento.<\/p>\n<p style=\"text-align: center;\">Guajardo dice a Zapata:<br \/>\n&#8212; Me le rindo con mi tropa,<br \/>\nen Chinameca lo espero,<br \/>\ntomaremos una copa.<\/p>\n<p style=\"text-align: center;\">Arroyito revoltoso,<br \/>\n\u00bfQu\u00e9 te dijo aquel clavel?<br \/>\n&#8212; Dice que no ha muerto el jefe,<br \/>\nque Zapata ha de volver&#8230;<\/p>\n<p style=\"text-align: center;\">Abraza Emiliano al fel\u00f3n Guajardo<br \/>\nen prueba de su amistad,<br \/>\nsin pensar el pobre,<br \/>\nque aquel pretoriano<br \/>\nlo iba ya a sacrificar.<\/p>\n<p style=\"text-align: center;\">Y tranquilo se dirige<br \/>\na la hacienda con su escolta;<br \/>\nlos traidores le disparan<br \/>\npor la espalda a quemarropa.<\/p>\n<p style=\"text-align: center;\">Jilguerito ma\u00f1anero<br \/>\nde las cumbres soberano,<br \/>\n\u00a1Mira en qu\u00e9 forma tan triste<br \/>\nultimaron a Emiliano!<\/p>\n<p style=\"text-align: center;\">Cay\u00f3 del caballo el jefe Zapata<br \/>\ny tambi\u00e9n sus asistentes.<br \/>\nAs\u00ed en Chinameca perdieron la vida<br \/>\nun pu\u00f1ado de valientes.<\/p>\n<p style=\"text-align: center;\">Se\u00f1ores, ya me despido,<br \/>\nque no tengan novedad.<br \/>\nCual h\u00e9roe muri\u00f3 Zapata<br \/>\npor dar Tierra y Libertad.<\/p>\n<p style=\"text-align: center;\">A la orilla de un camino<br \/>\nhab\u00eda una blanca azucena,<br \/>\na la tumba de Zapata<br \/>\nla llev\u00e9 como una ofrenda&#8230;<\/p>\n<p style=\"text-align: center;\">Fuente: http:\/\/www.bibliotecas.tv\/zapata\/corridos\/corr01.html<\/p>\n<p style=\"text-align: center;\"><strong>Publicado por ADHILAC Internacional \u00a9 www.adhilac.com.ar<\/strong><\/p>\n<p style=\"text-align: center;\">Si Ud. desea asociarse de acuerdo a los Estatutos de ADHILAC\u00a0<a title=\"(ver)\" href=\"https:\/\/adhilac.com.ar\/?page_id=263\">(ver)<\/a> complete el siguiente formulario\u00a0<a title=\"(ver)\" href=\"https:\/\/adhilac.com.ar\/?page_id=3194\">(ver)<\/a><\/p>\n<p style=\"text-align: center;\">E-mail:\u00a0<a title=\"info@adhilac.com.ar\" href=\"https:\/\/adhilac.com.ar\/info@adhilac.com.ar\" target=\"_blank\">info@adhilac.com.ar<\/a><strong> <\/strong><\/p>\n<p style=\"text-align: center;\">Twitter: @AdhilacInfo<\/p>\n","protected":false},"excerpt":{"rendered":"<p>Primer Centenario de la Revoluci\u00f3n Mexicana La Revoluci\u00f3n Mexicana fue la primera gran revoluci\u00f3n social y pol\u00edtica del siglo XX. Aqu\u00ed transcribimos algunas canciones de ese importante momento hist\u00f3rico, como tambi\u00e9n algunas obras escritas como homenaje Corrido de Zapata Ni\u00f1o Autor: Jos\u00e9 Mu\u00f1oz Cota Cantan: Pilar Pellicer y Tribu Vengo a cantarles, se\u00f1ores, una nueva [&hellip;]<\/p>\n","protected":false},"author":2,"featured_media":0,"comment_status":"closed","ping_status":"closed","sticky":false,"template":"","format":"standard","meta":{"_crdt_document":"","footnotes":""},"categories":[106,6,8],"tags":[13,110,111,20],"class_list":["post-2324","post","type-post","status-publish","format-standard","hentry","category-arte-y-artistas","category-biblioteca","category-fuentes-testimonios","tag-america-latina","tag-arte-popular","tag-canciones","tag-revolucion-mexicana"],"_links":{"self":[{"href":"https:\/\/adhilac.com.ar\/index.php?rest_route=\/wp\/v2\/posts\/2324","targetHints":{"allow":["GET"]}}],"collection":[{"href":"https:\/\/adhilac.com.ar\/index.php?rest_route=\/wp\/v2\/posts"}],"about":[{"href":"https:\/\/adhilac.com.ar\/index.php?rest_route=\/wp\/v2\/types\/post"}],"author":[{"embeddable":true,"href":"https:\/\/adhilac.com.ar\/index.php?rest_route=\/wp\/v2\/users\/2"}],"replies":[{"embeddable":true,"href":"https:\/\/adhilac.com.ar\/index.php?rest_route=%2Fwp%2Fv2%2Fcomments&post=2324"}],"version-history":[{"count":9,"href":"https:\/\/adhilac.com.ar\/index.php?rest_route=\/wp\/v2\/posts\/2324\/revisions"}],"predecessor-version":[{"id":2333,"href":"https:\/\/adhilac.com.ar\/index.php?rest_route=\/wp\/v2\/posts\/2324\/revisions\/2333"}],"wp:attachment":[{"href":"https:\/\/adhilac.com.ar\/index.php?rest_route=%2Fwp%2Fv2%2Fmedia&parent=2324"}],"wp:term":[{"taxonomy":"category","embeddable":true,"href":"https:\/\/adhilac.com.ar\/index.php?rest_route=%2Fwp%2Fv2%2Fcategories&post=2324"},{"taxonomy":"post_tag","embeddable":true,"href":"https:\/\/adhilac.com.ar\/index.php?rest_route=%2Fwp%2Fv2%2Ftags&post=2324"}],"curies":[{"name":"wp","href":"https:\/\/api.w.org\/{rel}","templated":true}]}}