{"id":2377,"date":"2010-08-05T10:13:44","date_gmt":"2010-08-05T13:13:44","guid":{"rendered":"https:\/\/adhilac.com.ar\/?p=2377"},"modified":"2012-07-15T06:56:03","modified_gmt":"2012-07-15T09:56:03","slug":"coloquio-de-adhilac-%e2%80%9cla-revolucion-mexicana-de-1910-y-su-repercusion-en-america-latina-y-el-caribe%e2%80%9d-la-habana-noviembre-de-2010","status":"publish","type":"post","link":"https:\/\/adhilac.com.ar\/?p=2377","title":{"rendered":"Coloquio de ADHILAC \u201cLa Revoluci\u00f3n Mexicana de 1910 y su repercusi\u00f3n en Am\u00e9rica Latina y el Caribe\u201d. La Habana. Noviembre de 2010"},"content":{"rendered":"<h3 style=\"text-align: justify;\"><span style=\"color: #339966;\"><strong>\u201cLa Revoluci\u00f3n Mexicana de 1910 y su repercusi\u00f3n en Am\u00e9rica Latina y el Caribe\u201d<\/strong><\/span><\/h3>\n<p style=\"text-align: justify;\"><strong>Coloquio Internacional<\/strong> &#8211;\u00a0La Habana. Del 2 al 4 de noviembre de 2010<\/p>\n<p style=\"text-align: justify;\"><strong><img loading=\"lazy\" decoding=\"async\" class=\"size-full wp-image-2378 alignright\" title=\"ADHILAC Cuba nov 2010-chico\" src=\"https:\/\/adhilac.com.ar\/wp-content\/uploads\/2010\/08\/ADHILAC-Cuba-nov-2010-chico.jpg\" alt=\"ADHILAC Cuba nov 2010-chico\" width=\"339\" height=\"334\" \/><\/strong><\/p>\n<p style=\"text-align: justify;\">La Secci\u00f3n Cubana de la Asociaci\u00f3n de Historiadores Latinoamericanos y  del Caribe (ADHILAC), con el coauspicio de la Embajada de los Estados  Unidos Mexicanos en La Habana, la Unidad Profesional del Balsas y la  Facultad de Historia de la Universidad Michoacana de San Nicol\u00e1s de  Hidalgo, <img decoding=\"async\" title=\"More...\" src=\"https:\/\/adhilac.com.ar\/wp-includes\/js\/tinymce\/plugins\/wordpress\/img\/trans.gif\" alt=\"\" \/>el  Centro de Investigaci\u00f3n sobre Am\u00e9rica Latina y el Caribe (CIALC) de la  Universidad Nacional Aut\u00f3noma de M\u00e9xico (UNAM), el Departamento de  Historia y el Colegio San Ger\u00f3nimo de la Universidad de La Habana y la  Oficina del Historiador de la Ciudad de La Habana, convocan \u00a0al Coloquio Internacional <em>La Revoluci\u00f3n Mexicana de 1910 y su repercusi\u00f3n en Am\u00e9rica Latina y el Caribe<\/em>,  en ocasi\u00f3n del centenario del inicio de este proceso, uno de los  acontecimientos trascendentales de la historia latinoamericana en el  siglo XX. Este coloquio se desarrollar\u00e1 entre los d\u00edas 2 y 4 de  noviembre de 2010 y tendr\u00e1 por sede la Casa del Benem\u00e9rito de las  Am\u00e9ricas \u201cBenito Ju\u00e1rez\u201d, situada en la calle Mercaderes esquina a  Obrap\u00eda en La Habana Vieja, Cuba.<!--more--><\/p>\n<p style=\"text-align: justify;\"><strong>TEMAS Y MESAS DE TRABAJO<\/strong><\/p>\n<p style=\"text-align: justify;\">El temario contempla los siguientes temas y mesas de trabajo:<\/p>\n<ul style=\"text-align: justify;\">\n<li>Antecedentes y causas: el porfirismo<\/li>\n<li>Inicio de la Revoluci\u00f3n Mexicana<\/li>\n<li>La lucha contra la dictadura de Huerta<\/li>\n<li>Desarrollo del movimiento obrero y campesino<\/li>\n<li>La divisi\u00f3n del constitucionalismo y las luchas villistas y zapatistas.<\/li>\n<li>Los programas de la Revoluci\u00f3n Mexicana y la constituci\u00f3n de 1917.<\/li>\n<li>El interregno caudillista de 1920 a 1934.<\/li>\n<li>El cardenismo y la culminaci\u00f3n de la Revoluci\u00f3n Mexicana.<\/li>\n<li>El petr\u00f3leo y la Revoluci\u00f3n Mexicana<\/li>\n<li>La Revoluci\u00f3n Mexicana y las relaciones internacionales<\/li>\n<li>Desarrollo y consecuencias de la Revoluci\u00f3n de 1910 en los diferentes estados mexicanos<\/li>\n<li> La m\u00fasica, la educaci\u00f3n, las letras, la pintura y el cine de la  Revoluci\u00f3n mexicana y su influencia en Am\u00e9rica Latina y el Caribe<\/li>\n<li>Los Estados Unidos y la Revoluci\u00f3n Mexicana<\/li>\n<li>La Revoluci\u00f3n de 1910 y sus consecuencias para la sociedad y la cultura de M\u00e9xico.<\/li>\n<li>Vida cotidiana, mentalidades, identidad y diversidad en la historia  de la Revoluci\u00f3n Mexicana y su reflejos en Am\u00e9rica Latina y el Caribe<\/li>\n<li>Repercusi\u00f3n de la Revoluci\u00f3n Mexicana en los pa\u00edses latinoamericanos y del Caribe.<\/li>\n<li>Difusi\u00f3n del imaginario de la Revoluci\u00f3n Mexicana.<\/li>\n<li>Resonancia de la Revoluci\u00f3n Mexicana en la sociedad y la cultura de Am\u00e9rica Latina y el Caribe.<\/li>\n<li>La Revoluci\u00f3n Mexicana en la historiograf\u00eda: problemas y tendencias de interpretaci\u00f3n<\/li>\n<li>El exilio mexicano de la Revoluci\u00f3n<\/li>\n<li>Las ense\u00f1anzas de la Revoluci\u00f3n Mexicana<\/li>\n<\/ul>\n<p style=\"text-align: justify;\"><strong>INSCRIPCI\u00d3N:<\/strong><\/p>\n<p style=\"text-align: justify;\"><strong> <\/strong><br \/>\nPara formalizar su inscripci\u00f3n, los interesados deber\u00e1n enviar por e.  mail, antes del 15 de octubre de 2010, un breve resumen de su ponencia,  de uno o dos p\u00e1rrafos de extensi\u00f3n en formato electr\u00f3nico, a los  organizadores del taller.<\/p>\n<p style=\"text-align: justify;\">La cuota de inscripci\u00f3n ser\u00e1 de 50.00 cuc. (moneda convertible  cubana) y para los estudiantes regir\u00e1 una tarifa especial de 25.00 cuc.  La acreditaci\u00f3n, tanto de ponentes como de observadores, se har\u00e1 el  primer d\u00eda del evento, el 2 de noviembre de 2010.<\/p>\n<p style=\"text-align: justify;\">Durante el Taller los ponentes deber\u00e1n entregar en forma impresa y  electr\u00f3nica el texto \u00edntegro de sus trabajos, el cual no deber\u00e1 exceder  de 10 p\u00e1ginas, pues los ponentes solo dispondr\u00e1n de 15 minutos para la  presentaci\u00f3n de sus trabajos. El Taller sesionar\u00e1 con mesas de trabajo  organizadas por afinidad tem\u00e1tica.<\/p>\n<p style=\"text-align: justify;\">El acceso a Cuba puede realizarse a trav\u00e9s de las agencias de turismo que habitualmente realizan viajes a Cuba.<\/p>\n<p style=\"text-align: justify;\"><strong>INFORMACI\u00d3N<\/strong><\/p>\n<p style=\"text-align: justify;\">Para cualquier informaci\u00f3n adicional puede comunicarse con los coordinadores del coloquio:<\/p>\n<p style=\"text-align: justify;\">Dr. Sergio Guerra Vilaboy, serguev@ffh.uh.cu<\/p>\n<p style=\"text-align: justify;\">Dr. Alejo Maldonado Gallardo, malejo@umich.mx<\/p>\n<p><strong>Publicado por ADHILAC Internacional \u00a9 www.adhilac.com.ar<\/strong><\/p>\n<p>Si Ud. desea asociarse de acuerdo a los Estatutos de ADHILAC\u00a0<a title=\"(ver)\" href=\"https:\/\/adhilac.com.ar\/?page_id=263\">(ver)<\/a> complete el siguiente formulario\u00a0<a title=\"(ver)\" href=\"https:\/\/adhilac.com.ar\/?page_id=3194\">(ver)<\/a><\/p>\n<p>E-mail: info@adhilac.com.ar<strong> <\/strong><\/p>\n<p>Twitter: @AdhilacInfo<\/p>\n<p style=\"text-align: justify;\"><strong><br \/>\n<\/strong><\/p>\n","protected":false},"excerpt":{"rendered":"<p>\u201cLa Revoluci\u00f3n Mexicana de 1910 y su repercusi\u00f3n en Am\u00e9rica Latina y el Caribe\u201d Coloquio Internacional &#8211;\u00a0La Habana. Del 2 al 4 de noviembre de 2010 La Secci\u00f3n Cubana de la Asociaci\u00f3n de Historiadores Latinoamericanos y del Caribe (ADHILAC), con el coauspicio de la Embajada de los Estados Unidos Mexicanos en La Habana, la Unidad [&hellip;]<\/p>\n","protected":false},"author":2,"featured_media":0,"comment_status":"closed","ping_status":"closed","sticky":false,"template":"","format":"standard","meta":{"_crdt_document":"","footnotes":""},"categories":[18,3,5,40],"tags":[13,20],"class_list":["post-2377","post","type-post","status-publish","format-standard","hentry","category-adhilac-cuba","category-adhilac-inter","category-congresos","category-informaciones","tag-america-latina","tag-revolucion-mexicana"],"_links":{"self":[{"href":"https:\/\/adhilac.com.ar\/index.php?rest_route=\/wp\/v2\/posts\/2377","targetHints":{"allow":["GET"]}}],"collection":[{"href":"https:\/\/adhilac.com.ar\/index.php?rest_route=\/wp\/v2\/posts"}],"about":[{"href":"https:\/\/adhilac.com.ar\/index.php?rest_route=\/wp\/v2\/types\/post"}],"author":[{"embeddable":true,"href":"https:\/\/adhilac.com.ar\/index.php?rest_route=\/wp\/v2\/users\/2"}],"replies":[{"embeddable":true,"href":"https:\/\/adhilac.com.ar\/index.php?rest_route=%2Fwp%2Fv2%2Fcomments&post=2377"}],"version-history":[{"count":11,"href":"https:\/\/adhilac.com.ar\/index.php?rest_route=\/wp\/v2\/posts\/2377\/revisions"}],"predecessor-version":[{"id":2380,"href":"https:\/\/adhilac.com.ar\/index.php?rest_route=\/wp\/v2\/posts\/2377\/revisions\/2380"}],"wp:attachment":[{"href":"https:\/\/adhilac.com.ar\/index.php?rest_route=%2Fwp%2Fv2%2Fmedia&parent=2377"}],"wp:term":[{"taxonomy":"category","embeddable":true,"href":"https:\/\/adhilac.com.ar\/index.php?rest_route=%2Fwp%2Fv2%2Fcategories&post=2377"},{"taxonomy":"post_tag","embeddable":true,"href":"https:\/\/adhilac.com.ar\/index.php?rest_route=%2Fwp%2Fv2%2Ftags&post=2377"}],"curies":[{"name":"wp","href":"https:\/\/api.w.org\/{rel}","templated":true}]}}