{"id":2600,"date":"2010-10-08T14:51:38","date_gmt":"2010-10-08T17:51:38","guid":{"rendered":"https:\/\/adhilac.com.ar\/?p=2600"},"modified":"2012-07-14T16:50:36","modified_gmt":"2012-07-14T19:50:36","slug":"jornadas-10-anos-de-la-asociacion-para-la-recuperacion-de-la-memoria-historica-armh","status":"publish","type":"post","link":"https:\/\/adhilac.com.ar\/?p=2600","title":{"rendered":"Jornadas: 10 a\u00f1os de la Asociaci\u00f3n para la Recuperaci\u00f3n de la Memoria Hist\u00f3rica (ARMH)"},"content":{"rendered":"<h3 style=\"text-align: justify;\"><span style=\"color: #339966;\">Programa<\/span><\/h3>\n<p style=\"text-align: justify;\"><span style=\"color: #000000;\"><em>Jornadas: 10 a\u00f1os de la Asociaci\u00f3n para la Recuperaci\u00f3n de la Memoria Hist\u00f3rica (ARMH). <\/em><\/span>Campus Universitario de Ponferrada<\/p>\n<p style=\"text-align: justify;\"><img loading=\"lazy\" decoding=\"async\" class=\"size-full wp-image-2602 alignright\" title=\"10-Memoria_Ponferrada-2\" src=\"https:\/\/adhilac.com.ar\/wp-content\/uploads\/2010\/10\/10-Memoria_Ponferrada-22.jpg\" alt=\"10-Memoria_Ponferrada-2\" width=\"330\" height=\"467\" \/><\/p>\n<p style=\"text-align: justify;\"><strong>S\u00e1bado 23 de octubre<\/strong><\/p>\n<p style=\"text-align: justify;\">10:00 : 11:30<br \/>\nBienvenida: Santiago Mac\u00edas, ARMH<br \/>\nInterviene: Vicen\u00e7 Navarro, catedr\u00e1tico de Ciencias Pol\u00edticas y Sociales, Universidad Pompeu Fabra.<br \/>\nPresenta: Ariel Jerez<\/p>\n<p style=\"text-align: justify;\">11:30: 13:30<br \/>\nDe la memoria a la justicia.<br \/>\nParticipan: Jos\u00e9 Antonio Mart\u00edn Pall\u00edn, magistrado em\u00e9rito del Tribunal Supremo; Ram\u00f3n S\u00e1ez Valc\u00e1rcel, magistrado de la Audiencia Nacional; Ana Messuti, abogada de la causa argentina contra el franquismo.<br \/>\nModera: Rafael Escudero Alday<br \/>\n17:00-19:00<br \/>\nMemoria, debate y movimiento asociativo.<br \/>\nParticipan: Francisco Fer\u00e1ndiz, antrop\u00f3logo CSIC; \u00c1ngel del R\u00edo, antrop\u00f3logo Universidad Pablo Olavide ; Guillermo Fouce, Psic\u00f3logos Sin Fronteras y Pablo S\u00e1nchez Le\u00f3n, historiador Universidad del Pa\u00eds Vasco.<br \/>\nModera: Carmen Garc\u00eda-Rodeja<!--more--><\/p>\n<p style=\"text-align: justify;\">20:00-22:00 <strong>Recuperando Memoria, Teatro B\u00e9rgidum de Ponferrada<\/strong>.<\/p>\n<p style=\"text-align: justify;\">Participan: Manuel Rivas, escritor; Luis Ramiro, cantautor; Ux\u00eda Senlle, cantante; Juan Carlos Mestre; \u00faltimo Premio Nacional de Poes\u00eda.<br \/>\n<strong>Domingo 24 de octubre de 2010<\/strong><br \/>\n11:00 12:30 La fosa de Priaranza del Bierzo<br \/>\nIntervienen: Julio Vidal, arque\u00f3logo; Mari Luz Gonz\u00e1lez, arque\u00f3loga; Lourdes Herrasti, arque\u00f3loga; Mar\u00eda Encina Prada, antrop\u00f3loga f\u00edsica y Francisco Etxeberr\u00eda, m\u00e9dico forense.<br \/>\nModera: Emilio Silva, ARMH<\/p>\n<p style=\"text-align: justify;\">13:00. Inauguraci\u00f3n de una placa conmemorativa en la fosa de Priaranza del Bierzo.<br \/>\nIntervienen:<br \/>\nM\u00fasica: Bel\u00e9n Guerra, interpretar\u00e1 una pieza al violonchelo.<\/p>\n<p style=\"text-align: justify;\"><strong>HOTELES<\/strong><br \/>\nhttp:\/\/www.memoriahistorica.org\/<\/p>\n<p style=\"text-align: justify;\">A continuaci\u00f3n os informamos de los hoteles y hostales m\u00e1s cercanos al lugar donde se desarrollar\u00e1n los actos.<\/p>\n<p style=\"text-align: justify;\">Hotel AC Ponferrada<br \/>\n987-40 99 73<br \/>\nwww.ac-hotels.com\/140-AC_PONFERRADA.html<\/p>\n<p style=\"text-align: justify;\">Hotel Los Templarios<br \/>\n987-41 14 84<br \/>\nwww.hotellostemplarios.net<\/p>\n<p style=\"text-align: justify;\">Hotel El Castillo<br \/>\n987-45 62 27<br \/>\nwww.hotel-elcastillo.com<\/p>\n<p style=\"text-align: justify;\">Hostal R\u00edo Selmo<br \/>\n987-40 26 65<br \/>\nwww.hostalrioselmo.es<\/p>\n<p style=\"text-align: justify;\">Hostal Rabel<br \/>\n987-41 71 76<br \/>\nwww.hostalrabel.com<\/p>\n<p style=\"text-align: justify;\"><strong>NOTA<\/strong>&#8211; Una sencilla b\u00fasqueda en google.com os ayudar\u00e1 a obtener informaci\u00f3n de m\u00e1s alojamientos en la ciudad. En el listado de arriba solamente aparecen los m\u00e1s cercanos, para los cuales no necesitar\u00e9is transporte.<\/p>\n<p><strong>Publicado por ADHILAC Internacional \u00a9 www.adhilac.com.ar<\/strong><\/p>\n<p>Si Ud. desea asociarse de acuerdo a nuestros Estatutos\u00a0<a title=\"(ver)\" href=\"https:\/\/adhilac.com.ar\/?page_id=263\">(ver)<\/a> complete el siguiente formulario<a title=\"(ver)\" href=\"https:\/\/adhilac.com.ar\/?page_id=3194\">(ver)<\/a><\/p>\n<p>E-mail: info@adhilac.com.ar<strong> <\/strong><\/p>\n<p>Twitter: @AdhilacInfo<\/p>\n<p style=\"text-align: justify;\">&nbsp;<\/p>\n","protected":false},"excerpt":{"rendered":"<p>Programa Jornadas: 10 a\u00f1os de la Asociaci\u00f3n para la Recuperaci\u00f3n de la Memoria Hist\u00f3rica (ARMH). Campus Universitario de Ponferrada S\u00e1bado 23 de octubre 10:00 : 11:30 Bienvenida: Santiago Mac\u00edas, ARMH Interviene: Vicen\u00e7 Navarro, catedr\u00e1tico de Ciencias Pol\u00edticas y Sociales, Universidad Pompeu Fabra. Presenta: Ariel Jerez 11:30: 13:30 De la memoria a la justicia. Participan: Jos\u00e9 [&hellip;]<\/p>\n","protected":false},"author":2,"featured_media":0,"comment_status":"closed","ping_status":"closed","sticky":false,"template":"","format":"standard","meta":{"_crdt_document":"","footnotes":""},"categories":[5,40],"tags":[127,119],"class_list":["post-2600","post","type-post","status-publish","format-standard","hentry","category-congresos","category-informaciones","tag-guerra-civil-espanola","tag-memoria"],"_links":{"self":[{"href":"https:\/\/adhilac.com.ar\/index.php?rest_route=\/wp\/v2\/posts\/2600","targetHints":{"allow":["GET"]}}],"collection":[{"href":"https:\/\/adhilac.com.ar\/index.php?rest_route=\/wp\/v2\/posts"}],"about":[{"href":"https:\/\/adhilac.com.ar\/index.php?rest_route=\/wp\/v2\/types\/post"}],"author":[{"embeddable":true,"href":"https:\/\/adhilac.com.ar\/index.php?rest_route=\/wp\/v2\/users\/2"}],"replies":[{"embeddable":true,"href":"https:\/\/adhilac.com.ar\/index.php?rest_route=%2Fwp%2Fv2%2Fcomments&post=2600"}],"version-history":[{"count":6,"href":"https:\/\/adhilac.com.ar\/index.php?rest_route=\/wp\/v2\/posts\/2600\/revisions"}],"predecessor-version":[{"id":2631,"href":"https:\/\/adhilac.com.ar\/index.php?rest_route=\/wp\/v2\/posts\/2600\/revisions\/2631"}],"wp:attachment":[{"href":"https:\/\/adhilac.com.ar\/index.php?rest_route=%2Fwp%2Fv2%2Fmedia&parent=2600"}],"wp:term":[{"taxonomy":"category","embeddable":true,"href":"https:\/\/adhilac.com.ar\/index.php?rest_route=%2Fwp%2Fv2%2Fcategories&post=2600"},{"taxonomy":"post_tag","embeddable":true,"href":"https:\/\/adhilac.com.ar\/index.php?rest_route=%2Fwp%2Fv2%2Ftags&post=2600"}],"curies":[{"name":"wp","href":"https:\/\/api.w.org\/{rel}","templated":true}]}}