{"id":2712,"date":"2010-10-16T18:32:18","date_gmt":"2010-10-16T21:32:18","guid":{"rendered":"https:\/\/adhilac.com.ar\/?p=2712"},"modified":"2012-07-15T06:43:44","modified_gmt":"2012-07-15T09:43:44","slug":"friedrich-katz-autor-de-pancho-villa-fallecio-en-estados-unidos-octubre-de-2010","status":"publish","type":"post","link":"https:\/\/adhilac.com.ar\/?p=2712","title":{"rendered":"Friedrich Katz autor de \u00abPancho Villa\u00bb falleci\u00f3 en Estados Unidos. Octubre de 2010"},"content":{"rendered":"<h3 style=\"text-align: justify;\"><span style=\"color: #339966;\">Fallece historiador de Pancho Villa<\/span><\/h3>\n<p style=\"text-align: justify;\"><span style=\"color: #800000;\"><img loading=\"lazy\" decoding=\"async\" class=\"size-full wp-image-2714 alignleft\" title=\"FrKatz\" src=\"https:\/\/adhilac.com.ar\/wp-content\/uploads\/2010\/10\/FrKatz.jpg\" alt=\"FrKatz\" width=\"302\" height=\"238\" \/><\/span><\/p>\n<p style=\"text-align: justify;\"><em style=\"text-align: justify;\">Friedrich Katz public\u00f3 una amplia obra sobre la Revoluci\u00f3n Mexicana.\u00a0El reconocido historiador falleci\u00f3 en Estados Unido<\/em><span style=\"text-align: justify;\">s<\/span><\/p>\n<p style=\"text-align: justify;\">Ciudad de M\u00e9xico<br \/>\n<em>Sonia Sierra<\/em><br \/>\nLa madrugada de este s\u00e1bado falleci\u00f3 en Filadelfia, Estados Unidos, el historiador Friedrich Katz, autor del libro Pancho Villa, una biograf\u00eda fundamental sobre El Centauro del Norte.<!--more--><\/p>\n<p style=\"text-align: justify;\"><img loading=\"lazy\" decoding=\"async\" class=\"size-full wp-image-2717 alignleft\" title=\"FrKatzPanchoVilla-2\" src=\"..\/wp-content\/uploads\/2010\/10\/FrKatzPanchoVilla-2.jpg\" alt=\"FrKatzPanchoVilla-2\" width=\"156\" height=\"160\" \/><\/p>\n<p style=\"text-align: justify;\">Katz era profesor em\u00e9rito de la c\u00e1tedra Morton D. Hull, en la Universidad de Chicago, instituci\u00f3n en la que fue profesor desde 1971.<\/p>\n<p style=\"text-align: justify;\">Katz, galardonado en M\u00e9xico con la Orden del \u00c1guila Azteca, public\u00f3 una amplia obra sobre la Revoluci\u00f3n Mexicana; otros de sus libros son<em> La Guerra Secreta en M\u00e9xico<\/em>, <em>Revuelta<\/em>, <em>Rebeli\u00f3n y Revoluci\u00f3n: la lucha rural en M\u00e9xico del siglo XVI al siglo XX<\/em>, todos editados por Ediciones Era.<\/p>\n<p style=\"text-align: justify;\">&nbsp;<\/p>\n<p style=\"text-align: justify;\"><img loading=\"lazy\" decoding=\"async\" class=\"size-full wp-image-2718 alignright\" title=\"FriKatz nuevos_ensayos\" src=\"https:\/\/adhilac.com.ar\/wp-content\/uploads\/2010\/10\/FriKatz-nuevos_ensayos.gif\" alt=\"FriKatz nuevos_ensayos\" width=\"160\" height=\"240\" \/><br \/>\nLa familia Katz obtuvo asilo en 1940 en M\u00e9xico durante el gobierno de L\u00e1zaro C\u00e1rdenas. Su padre, Leo Katz, era un escritor jud\u00edo y comunista, que ayud\u00f3 a la causa republicana durante la Guerra Civil Espa\u00f1ola y por tal motivo fue deportado de Francia, a donde hab\u00edan huido del terror nazi.<br \/>\n<img loading=\"lazy\" decoding=\"async\" class=\"size-full wp-image-2719 alignleft\" title=\"FriKatz Laguerrasecreta\" src=\"https:\/\/adhilac.com.ar\/wp-content\/uploads\/2010\/10\/FriKatz-Laguerrasecreta.jpg\" alt=\"FriKatz Laguerrasecreta\" width=\"174\" height=\"245\" \/><\/p>\n<p style=\"text-align: justify;\">Estudi\u00f3 en esta ciudad en el Liceo Franco-Mexicano. Obtuvo su licenciatura en 1948 en el Wagner Collage de Nueva York. Realiz\u00f3 su doctorado en la Universidad de Viena en 1954 y un postdoctorado en la Universidad Humboldt de Berl\u00edn Oriental, capital de la Rep\u00fablica Democr\u00e1tica Alemana.<\/p>\n<p style=\"text-align: justify;\">Publicado por<em> El Universal<\/em><br \/>\nS\u00e1bado 16 de octubre de 2010<br \/>\nhttp:\/\/www.eluniversal.com.mx\/notas\/716738.html<\/p>\n<h3 style=\"text-align: justify;\"><span style=\"color: #000000;\"><strong>Correo de H-M\u00e9xico<\/strong><\/span><\/h3>\n<p style=\"text-align: justify;\">Fallece Friedrich Katz, distinguido historiador, colega y maestro generoso, amigo de M\u00e9xico y de muchos mexicanos. A continuaci\u00f3n el anuncio con el que el Centro Katz de la Universidad de Chicago anuncia su muerte.<\/p>\n<p style=\"text-align: justify;\"><strong>FRIEDRICH KATZ, 1927-2010<\/strong><\/p>\n<p style=\"text-align: justify;\">Friedrich Katz, 83 years old, of Chicago, died on October 16, 2010, in Philadelphia. Professor Katz was a distinguished<img loading=\"lazy\" decoding=\"async\" class=\"alignright\" title=\"FriKatzTheSecretWar\" src=\"https:\/\/adhilac.com.ar\/wp-content\/uploads\/2010\/10\/FriKatzTheSecretWar.jpg\" alt=\"FriKatzTheSecretWar\" width=\"300\" height=\"300\" \/><br \/>\nscholar of Mexican history, whose major work on the Mexican revolution drew acute parallels with major trends in global historiography. His wide interests extended from the study of Aztec society to an account of Mexico&#8217;s diplomatic role in World War I. Katz taught at the Humboldt University in Berlin before joining the Department of History at the University of Chicago, where he taught for 40 years. Katz was born in Vienna and raised in Berlin up to the age of six, when his family fled Nazi Germany for Paris. In 1938 the family had to flee again, this time to New York. Unable to gain permanent resident status in the U.S., they found refuge in Mexico, sparking Katz&#8217;s lifelong interest.<\/p>\n<p style=\"text-align: justify;\"><img loading=\"lazy\" decoding=\"async\" class=\"alignleft\" title=\"FrKatz TheAncAmerCivil\" src=\"..\/wp-content\/uploads\/2010\/10\/FrKatz-TheAncAmerCivil.jpg\" alt=\"FrKatz TheAncAmerCivil\" width=\"180\" height=\"274\" \/><\/p>\n<p style=\"text-align: justify;\">Katz is survived by his widow Dr. Jana Katz, a pediatrician; his daughter Jacqueline Ross, of Champaign Urbana, his son, Leo, of Philadelphia, and four grandchildren. Funeral services will be held Tuesday October 19 at 2:00pm at Joseph Levine and Sons Memorial Chapel, 4737 Street Road, Trevose, PA 19053 Interment will be held in Vienna, Austria.<\/p>\n<p style=\"text-align: justify;\">Further information at 800-992-3339<br \/>\nwww.levinefuneral.com<br \/>\nAdditional information will be posted soon at http:\/\/mexicanstudies.uchicago.edu<\/p>\n<p style=\"text-align: justify;\">En http:\/\/historia-mex.blogspot.com\/2010\/10\/friedrich-katz.html<\/p>\n<p style=\"text-align: justify;\">&nbsp;<\/p>\n<p style=\"text-align: justify;\"><strong>Publicado por ADHILAC Internacional \u00a9 www.adhilac.com.ar<\/strong><\/p>\n<p style=\"text-align: justify;\">Si Ud. desea asociarse de acuerdo a nuestros Estatutos\u00a0<a title=\"(ver)\" href=\"https:\/\/adhilac.com.ar\/?page_id=263\">(ver)<\/a> complete el siguiente formulario<a title=\"(ver)\" href=\"https:\/\/adhilac.com.ar\/?page_id=3194\">(ver)<\/a><\/p>\n<p style=\"text-align: justify;\">E-mail: info@adhilac.com.ar<strong> <\/strong><\/p>\n<p style=\"text-align: justify;\">Twitter: @AdhilacInfo<\/p>\n","protected":false},"excerpt":{"rendered":"<p>Fallece historiador de Pancho Villa Friedrich Katz public\u00f3 una amplia obra sobre la Revoluci\u00f3n Mexicana.\u00a0El reconocido historiador falleci\u00f3 en Estados Unidos Ciudad de M\u00e9xico Sonia Sierra La madrugada de este s\u00e1bado falleci\u00f3 en Filadelfia, Estados Unidos, el historiador Friedrich Katz, autor del libro Pancho Villa, una biograf\u00eda fundamental sobre El Centauro del Norte.<\/p>\n","protected":false},"author":2,"featured_media":0,"comment_status":"closed","ping_status":"closed","sticky":false,"template":"","format":"standard","meta":{"_crdt_document":"","footnotes":""},"categories":[40],"tags":[34,121],"class_list":["post-2712","post","type-post","status-publish","format-standard","hentry","category-informaciones","tag-historiador","tag-mexico"],"_links":{"self":[{"href":"https:\/\/adhilac.com.ar\/index.php?rest_route=\/wp\/v2\/posts\/2712","targetHints":{"allow":["GET"]}}],"collection":[{"href":"https:\/\/adhilac.com.ar\/index.php?rest_route=\/wp\/v2\/posts"}],"about":[{"href":"https:\/\/adhilac.com.ar\/index.php?rest_route=\/wp\/v2\/types\/post"}],"author":[{"embeddable":true,"href":"https:\/\/adhilac.com.ar\/index.php?rest_route=\/wp\/v2\/users\/2"}],"replies":[{"embeddable":true,"href":"https:\/\/adhilac.com.ar\/index.php?rest_route=%2Fwp%2Fv2%2Fcomments&post=2712"}],"version-history":[{"count":11,"href":"https:\/\/adhilac.com.ar\/index.php?rest_route=\/wp\/v2\/posts\/2712\/revisions"}],"predecessor-version":[{"id":2724,"href":"https:\/\/adhilac.com.ar\/index.php?rest_route=\/wp\/v2\/posts\/2712\/revisions\/2724"}],"wp:attachment":[{"href":"https:\/\/adhilac.com.ar\/index.php?rest_route=%2Fwp%2Fv2%2Fmedia&parent=2712"}],"wp:term":[{"taxonomy":"category","embeddable":true,"href":"https:\/\/adhilac.com.ar\/index.php?rest_route=%2Fwp%2Fv2%2Fcategories&post=2712"},{"taxonomy":"post_tag","embeddable":true,"href":"https:\/\/adhilac.com.ar\/index.php?rest_route=%2Fwp%2Fv2%2Ftags&post=2712"}],"curies":[{"name":"wp","href":"https:\/\/api.w.org\/{rel}","templated":true}]}}