{"id":3370,"date":"2011-05-06T09:12:02","date_gmt":"2011-05-06T12:12:02","guid":{"rendered":"https:\/\/adhilac.com.ar\/?p=3370"},"modified":"2012-07-13T11:55:30","modified_gmt":"2012-07-13T14:55:30","slug":"nue-x-encuentro-internacional-de-adhilac-del-14-al-17-de-junio-de-2011-santo-domingo","status":"publish","type":"post","link":"https:\/\/adhilac.com.ar\/?p=3370","title":{"rendered":"X Encuentro Internacional de la ADHILAC. Del 14 al 17 de junio de 2011. Santo Domingo."},"content":{"rendered":"<h3><span style=\"color: #339966;\">X Congreso de la ADHILAC: \u00abLas revoluciones en la historia de Am\u00e9rica Latina y el Caribe en el siglo XX\u00bb<\/span><\/h3>\n<p><a href=\"https:\/\/adhilac.com.ar\/wp-content\/uploads\/2010\/03\/afiche_ADHILAC_CORREG-chico.jpg\"><img loading=\"lazy\" decoding=\"async\" class=\"size-full wp-image-3289 alignright\" title=\"afiche_ADHILAC_CORREG-chico\" src=\"https:\/\/adhilac.com.ar\/wp-content\/uploads\/2010\/03\/afiche_ADHILAC_CORREG-chico.jpg\" alt=\"\" width=\"248\" height=\"385\" \/><\/a><\/p>\n<p style=\"text-align: justify;\"><strong>SEGUNDA CIRCULAR<\/strong><strong> <\/strong><\/p>\n<p style=\"text-align: justify;\">La Asociaci\u00f3n de Historiadores Latinoamericanos y del Caribe   (ADHILAC), con el coauspicio de la Academia Dominicana de la Historia,   la C\u00e1tedra Juan Bosch de la Universidad de La Habana, la Universidad   Aut\u00f3noma de Santo Domingo (UASD), la Fundaci\u00f3n Global, Democracia y   Desarrollo (FUNGLODE), el Archivo General de la Naci\u00f3n y la Biblioteca   Nacional, convocan al X ENCUENTRO INTERNACIONAL DE LA ASOCIACI\u00d3N DE   HISTORIADORES LATINOAMERICANOS Y DEL CARIBE, que tendr\u00e1 como tema   central \u201cLas revoluciones en la historia de Am\u00e9rica Latina y el Caribe   en el siglo XX\u201d.<\/p>\n<p style=\"text-align: justify;\">Este Congreso Internacional se desarrollar\u00e1 entre los d\u00edas 14 y 17 de  junio de 2011 y tendr\u00e1 por sede la Biblioteca Pedro Mir de la  Universidad Aut\u00f3noma de Santo Domingo, ubicada en la ciudad de Santo  Domingo, Rep\u00fablica Dominicana.<\/p>\n<p style=\"text-align: justify;\">El temario contempla las siguientes  mesas de trabajo:<!--more--><\/p>\n<ul style=\"text-align: justify;\">\n<li>Problemas te\u00f3ricos y metodol\u00f3gicos sobre las revoluciones en la historia<\/li>\n<li>Corrientes y tendencias historiogr\u00e1ficas en la historia comparada de las revoluciones<\/li>\n<li>Las revoluciones y su papel en la historia de Am\u00e9rica Latina y el Caribe en el siglo XX<\/li>\n<li>Las grandes revoluciones y su impacto en la historia de Am\u00e9rica Latina y el Caribe en el siglo XX<\/li>\n<li>Antecedentes hist\u00f3ricos de las revoluciones latinoamericanas y del Caribe en el siglo XX<\/li>\n<li>La revoluci\u00f3n mexicana de 1910<\/li>\n<li>Revoluci\u00f3n guatemalteca (1944-1954)<\/li>\n<li>Revoluci\u00f3n boliviana de 1952<\/li>\n<li>Revoluci\u00f3n cubana<\/li>\n<li>La Revoluci\u00f3n dominicana de 1965<\/li>\n<li>La revoluci\u00f3n sandinista<\/li>\n<li>Las revoluciones frustradas en la historia de Am\u00e9rica Latina y el Caribe<\/li>\n<li>Pueblos, etnias, clases sociales, \u00e9lites y h\u00e9roes: los actores sociales de las revoluciones<\/li>\n<li>Otros procesos revolucionarios de la historia de Am\u00e9rica Latina y el Caribe en el siglo XX<\/li>\n<li>El imaginario de las revoluciones latinoamericanas y caribe\u00f1as<\/li>\n<li>Las ideolog\u00edas y su lugar en los movimientos revolucionarios de Am\u00e9rica Latina y el Caribe.<\/li>\n<li>El legado de las revoluciones de Am\u00e9rica Latina y el Caribe del siglo XX<\/li>\n<li>La ense\u00f1anza de la historia de los procesos revolucionarios latinoamericanos y caribe\u00f1os.<\/li>\n<li>Valoraciones de los procesos revolucionarios en Am\u00e9rica Latina y el Caribe siglo XX.<\/li>\n<li>La recuperaci\u00f3n de la memoria de los proceso revolucionarios y sus diversas expresiones.<\/li>\n<li>Estudios de g\u00e9nero en la historiograf\u00eda latinoamericana y caribe\u00f1a sobre las revoluciones.<\/li>\n<li>Vida cotidiana, mentalidades, identidad y diversidad en la historia de las revoluciones de Am\u00e9rica Latina y el Caribe.<\/li>\n<li>El impacto econ\u00f3mico de las revoluciones.<\/li>\n<li>Las expresiones de los procesos revolucionarios en los valores patrimoniales: rescate y preservaci\u00f3n<\/li>\n<\/ul>\n<p style=\"text-align: justify;\">Para formalizar su inscripci\u00f3n, los interesados deber\u00e1n enviar por e.  mail, antes del 15 de mayo de 2011, el t\u00edtulo y un breve resumen de su  ponencia, de uno o dos p\u00e1rrafos de extensi\u00f3n en formato electr\u00f3nico a  los organizadores del evento.<\/p>\n<p style=\"text-align: justify;\">La cuota de inscripci\u00f3n para los ponentes ser\u00e1 de 60.00 u.s.d.,\u00a0 40  u.s.d. para los participantes y para los estudiantes regir\u00e1 una tarifa  especial de 25.00 u.s.d., as\u00ed como para los ponentes dominicanos. La  acreditaci\u00f3n, tanto de ponentes como de todos los participantes se podr\u00e1  hacer efectiva hasta el inicio del propio evento.<\/p>\n<p style=\"text-align: justify;\">Durante el X ENCUENTRO los ponentes deber\u00e1n entregar en forma impresa  y electr\u00f3nica el texto \u00edntegro de sus trabajos, el cual no deber\u00e1  exceder de 10 p\u00e1ginas, pues los ponentes solo dispondr\u00e1n de 15 minutos  para la presentaci\u00f3n de sus trabajos. El congreso sesionar\u00e1 con mesas de  trabajo organizadas por afinidad tem\u00e1tica.<\/p>\n<p style=\"text-align: justify;\"><strong>INFORMES E INSCRIPCION<\/strong><\/p>\n<p style=\"text-align: justify;\">E-mails:<\/p>\n<p style=\"text-align: justify;\"><strong>xencuentroadhilac@gmail.co<\/strong><\/p>\n<p style=\"text-align: justify;\"><strong>info@adhilac.com.ar<\/strong><\/p>\n<p style=\"text-align: justify;\"><strong>Escuela de Historia y Antropolog\u00eda, UASD: 809-686-0193 Ext: 306<br \/>\nFUNGLODE: 809-685-9966 Ext:2447, 2449<\/strong><\/p>\n<p style=\"text-align: justify;\"><strong> <\/strong><\/p>\n<p style=\"text-align: justify;\"><strong> <\/strong><\/p>\n<p style=\"text-align: justify;\"><strong> <\/strong><\/p>\n<p style=\"text-align: justify;\">Para cualquier informaci\u00f3n adicional puede comunicarse con los coordinadores del Congreso Internacional:<\/p>\n<p style=\"text-align: justify;\"><strong>Sergio Guerra Vilaboy.<\/strong> Presidente de la ADHILAC: <strong>serguev@ffh.uh.cu <\/strong><\/p>\n<p style=\"text-align: justify;\"><strong>Jorge El\u00edas Caro.<\/strong> Secretario Ejecutivo de la ADHILAC:\u00a0\u00a0\u00a0 <strong>joelcar1@hotmail.com<\/strong><\/p>\n<p style=\"text-align: justify;\"><strong>\u00c1ngela Altagracia Fern\u00e1ndez.<\/strong> Vicepresidente de la ADHILAC yViceministra de Estado de Turismo de la Rep\u00fablica Dominicana: \u00a0 <strong>angela_a_f2000@yahoo.es<\/strong><\/p>\n<p style=\"text-align: justify;\">PARTICIPACION<br \/>\nExtranjeros:<br \/>\nPonentes:\u00a0\u00a0\u00a0\u00a0 U$S 60.00<br \/>\nEstudiantes:\u00a0 U$S 40.00<\/p>\n<p style=\"text-align: justify;\">Dominicanos:<br \/>\nPonentes:\u00a0\u00a0\u00a0 RD$ 1,500.00<br \/>\nEstudiantes: RD$\u00a0\u00a0 700.00<\/p>\n<p style=\"text-align: justify;\">&nbsp;<\/p>\n<p style=\"text-align: justify;\"><strong> <\/strong><\/p>\n<h3 style=\"text-align: justify;\"><strong>Informaciones Sobre Visado<\/strong><\/h3>\n<p style=\"text-align: justify;\">Ministerio Relaciones Exteriores de la Rep\u00fablica Dominicana &#8211; Asuntos Consulares<\/p>\n<p style=\"text-align: justify;\">Telfs. 809 535 9108 \/ 809 987 7001<\/p>\n<p style=\"text-align: justify;\"><strong> <\/strong><\/p>\n<p style=\"text-align: justify;\"><strong>http:\/\/www.serex.gov.do<\/strong><\/p>\n<p style=\"text-align: justify;\"><strong>CONTACTO<\/strong><\/p>\n<p style=\"text-align: justify;\"><strong>Alba Acevedo<\/strong><\/p>\n<p style=\"text-align: justify;\">Encargada de Asuntos Consulares<\/p>\n<p style=\"text-align: justify;\"><strong>Email:<\/strong> Alba Acevedo &lt;aacevedo@serex.gov.do&gt;<\/p>\n<p style=\"text-align: justify;\">56.00USD<\/p>\n<h3 style=\"text-align: justify;\">Alojamiento<\/h3>\n<p style=\"text-align: justify;\"><strong>HOTELES ECONOMICOS<\/strong><\/p>\n<p style=\"text-align: justify;\"><strong>1) <\/strong><strong>Hodelpa Caribe Colonial (Boutique Hotel)<\/strong><\/p>\n<p style=\"text-align: justify;\">Doble\u00a0\u00a0\u00a0\u00a0\u00a0 \u00a0 US$ 55<\/p>\n<p style=\"text-align: justify;\">Sencilla\u00a0\u00a0\u00a0 US$ 63<\/p>\n<p style=\"text-align: justify;\">Desayuno incluido<\/p>\n<p style=\"text-align: justify;\">www.hodelpa.com<\/p>\n<p style=\"text-align: justify;\">Calle Isabel La Catolica #159, Zona Colonial<\/p>\n<p style=\"text-align: justify;\">A 20 minutos del Evento.<\/p>\n<p style=\"text-align: justify;\">&nbsp;<\/p>\n<p style=\"text-align: justify;\"><strong>2) Hostal Riazor<\/strong><\/p>\n<p style=\"text-align: justify;\">Doble\u00a0\u00a0\u00a0\u00a0 U$S 56<\/p>\n<p style=\"text-align: justify;\">Sencilla U$S 48<\/p>\n<p style=\"text-align: justify;\">Desayuno incluido.<\/p>\n<p style=\"text-align: justify;\">Avenida Independencia\u00a0 461, frente al Hotel Jaragua<\/p>\n<p style=\"text-align: justify;\">A 13 minutos del Evento.<\/p>\n<p style=\"text-align: justify;\">&nbsp;<\/p>\n<p style=\"text-align: justify;\"><strong>3) Hotel Napolitano (3 Estrellas)<\/strong><\/p>\n<p style=\"text-align: justify;\">Doble\u00a0\u00a0\u00a0\u00a0 U$S\u00a0 66<\/p>\n<p style=\"text-align: justify;\">Sencilla U$S 66<\/p>\n<p style=\"text-align: justify;\">Con desayuno incluido.<\/p>\n<p style=\"text-align: justify;\">www.napolitano.com.do<\/p>\n<p style=\"text-align: justify;\">Ubicado en el Malecon, cerca de la Zona Colonial<\/p>\n<p style=\"text-align: justify;\">&nbsp;<\/p>\n<p style=\"text-align: justify;\"><strong>4) Hotel Suite Colonial<\/strong><\/p>\n<p style=\"text-align: justify;\">Doble\u00a0\u00a0\u00a0\u00a0\u00a0 \u00a0 US$ 66<\/p>\n<p style=\"text-align: justify;\">Sencilla\u00a0\u00a0\u00a0 US$ 55<\/p>\n<p style=\"text-align: justify;\">Desayuno incluido<\/p>\n<p style=\"text-align: justify;\">www.suitecolonial@hotmail.com<\/p>\n<p style=\"text-align: justify;\">Padre Billini #362. Zona Colonial<\/p>\n<p style=\"text-align: justify;\">A 20 minutos del Evento.<\/p>\n<p style=\"text-align: justify;\">&nbsp;<\/p>\n<p style=\"text-align: justify;\"><strong>5) Hotel San Marco<\/strong><\/p>\n<p style=\"text-align: justify;\">Doble\u00a0\u00a0\u00a0\u00a0 U$S 60<\/p>\n<p style=\"text-align: justify;\">Sencilla U$S 52<\/p>\n<p style=\"text-align: justify;\">Desayuno incluido.<\/p>\n<p style=\"text-align: justify;\">C\/Santiago #752, Zona Universitaria.<\/p>\n<p style=\"text-align: justify;\">A 2 minutos del Evento.<\/p>\n<p style=\"text-align: justify;\"><strong>ACLARACION<\/strong><\/p>\n<p style=\"text-align: justify;\">La tarifas estan sujetas al 26% de impuestos.<\/p>\n<p style=\"text-align: justify;\">Los precios son por habitacion y por noche.<\/p>\n<p style=\"text-align: justify;\">Estas tarifas especiales son exclusivas para los participantes del Evento.<\/p>\n<p style=\"text-align: justify;\"><strong> <\/strong><\/p>\n<p style=\"text-align: justify;\"><strong>Para reservaciones y m\u00e1s informaci\u00f3n deber\u00e1n contactar Time 2 Travel<\/strong><br \/>\nCoordinadora: Clary Obst<br \/>\nTel\u00e9fono 1(809) 338 0888<br \/>\nFax: 1(809) 338 0888<br \/>\nE-mail: claryobst@time2traveldr.com<\/p>\n<p style=\"text-align: justify;\"><strong>Publicado por ADHILAC Internacional \u00a9 www.adhilac.com.ar<\/strong><\/p>\n<p style=\"text-align: justify;\">Si Ud. desea asociarse de acuerdo a nuestros Estatutos <a title=\"(ver)\" href=\"https:\/\/adhilac.com.ar\/?page_id=263\">(ver)<\/a> complete el siguiente formulario <a title=\"(ver)\" href=\"https:\/\/adhilac.com.ar\/?page_id=3194\">(ver)<\/a><\/p>\n<p style=\"text-align: justify;\">E-mail: info@adhilac.com.ar<strong> <\/strong><\/p>\n<p style=\"text-align: justify;\">Twitter: @AdhilacInfo<\/p>\n","protected":false},"excerpt":{"rendered":"<p>X Congreso de la ADHILAC: \u00abLas revoluciones en la historia de Am\u00e9rica Latina y el Caribe en el siglo XX\u00bb SEGUNDA CIRCULAR La Asociaci\u00f3n de Historiadores Latinoamericanos y del Caribe (ADHILAC), con el coauspicio de la Academia Dominicana de la Historia, la C\u00e1tedra Juan Bosch de la Universidad de La Habana, la Universidad Aut\u00f3noma de [&hellip;]<\/p>\n","protected":false},"author":2,"featured_media":0,"comment_status":"closed","ping_status":"closed","sticky":false,"template":"","format":"standard","meta":{"_crdt_document":"","footnotes":""},"categories":[3,5],"tags":[13,82,138],"class_list":["post-3370","post","type-post","status-publish","format-standard","hentry","category-adhilac-inter","category-congresos","tag-america-latina","tag-movimientos-sociales","tag-revoluciones"],"_links":{"self":[{"href":"https:\/\/adhilac.com.ar\/index.php?rest_route=\/wp\/v2\/posts\/3370","targetHints":{"allow":["GET"]}}],"collection":[{"href":"https:\/\/adhilac.com.ar\/index.php?rest_route=\/wp\/v2\/posts"}],"about":[{"href":"https:\/\/adhilac.com.ar\/index.php?rest_route=\/wp\/v2\/types\/post"}],"author":[{"embeddable":true,"href":"https:\/\/adhilac.com.ar\/index.php?rest_route=\/wp\/v2\/users\/2"}],"replies":[{"embeddable":true,"href":"https:\/\/adhilac.com.ar\/index.php?rest_route=%2Fwp%2Fv2%2Fcomments&post=3370"}],"version-history":[{"count":27,"href":"https:\/\/adhilac.com.ar\/index.php?rest_route=\/wp\/v2\/posts\/3370\/revisions"}],"predecessor-version":[{"id":3411,"href":"https:\/\/adhilac.com.ar\/index.php?rest_route=\/wp\/v2\/posts\/3370\/revisions\/3411"}],"wp:attachment":[{"href":"https:\/\/adhilac.com.ar\/index.php?rest_route=%2Fwp%2Fv2%2Fmedia&parent=3370"}],"wp:term":[{"taxonomy":"category","embeddable":true,"href":"https:\/\/adhilac.com.ar\/index.php?rest_route=%2Fwp%2Fv2%2Fcategories&post=3370"},{"taxonomy":"post_tag","embeddable":true,"href":"https:\/\/adhilac.com.ar\/index.php?rest_route=%2Fwp%2Fv2%2Ftags&post=3370"}],"curies":[{"name":"wp","href":"https:\/\/api.w.org\/{rel}","templated":true}]}}