{"id":3393,"date":"2011-04-06T08:12:11","date_gmt":"2011-04-06T11:12:11","guid":{"rendered":"https:\/\/adhilac.com.ar\/?p=3393"},"modified":"2012-07-13T12:29:21","modified_gmt":"2012-07-13T15:29:21","slug":"i-congresso-internacional-de-historia-regional-mercosul-integracao-e-desencontros-28-a-30-setembro-2011-upf-brasil","status":"publish","type":"post","link":"https:\/\/adhilac.com.ar\/?p=3393","title":{"rendered":"I Congresso Internacional de Hist\u00f3ria Regional. MERCOSUL: integra\u00e7\u00e3o e desencontros. 28 a 30 setembro 2011.  UPF Brasil"},"content":{"rendered":"<h3><span style=\"color: #339966;\">MERCOSUL: integra\u00e7\u00e3o e desencontros<\/span><\/h3>\n<p><span style=\"color: #339966;\"><span style=\"color: #000000;\">I CONGRESSO INTERNACIONAL DE HIST\u00d3RIA REGIONAL<\/span><br \/>\n<\/span><\/p>\n<p style=\"text-align: justify;\">28, 29 e 30 de setembro de 2011<\/p>\n<p style=\"text-align: justify;\"><strong>PRIMEIRA CIRCULAR<\/strong><\/p>\n<p style=\"text-align: justify;\">O Programa de P\u00f3s-Gradua\u00e7\u00e3o em Hist\u00f3ria da Universidade de Passo Fundo realizar\u00e1 de 28 a 30 de setembro de 2011 o I Congresso Internacional de Hist\u00f3ria Regional (I CIHR). O evento constitui um desdobramento dos Semin\u00e1rios de Hist\u00f3ria Regional realizados pelo N\u00facleo de Hist\u00f3ria Regional desde 2006 e ter\u00e1 como tem\u00e1tica <em>Mercosul: integra\u00e7\u00e3o e desencontros.<!--more--><\/em><\/p>\n<p style=\"text-align: justify;\">O objetivo do I Congresso Internacional de Hist\u00f3ria Regional consiste em reunir pesquisas que gravitem em torno da Hist\u00f3ria Regional e, particularmente nesta edi\u00e7\u00e3o, da tem\u00e1tica referente ao Mercosul e \u00e0s experi\u00eancias de integra\u00e7\u00e3o. Marco fundador do Mercosul, o Tratado de Assun\u00e7\u00e3o foi assinado em 1991 e desde a\u00ed a proposta de integra\u00e7\u00e3o passou por avan\u00e7os e recuos. Vinte anos depois tal realidade instiga muitas quest\u00f5es que merecem reflex\u00e3o.<\/p>\n<p style=\"text-align: justify;\">Os eixos tem\u00e1ticos sobre os quais se dar\u00e1 a discuss\u00e3o ser\u00e3o os seguintes:<\/p>\n<p style=\"text-align: justify;\">1)\u00a0\u00a0\u00a0 Projetos de Integra\u00e7\u00e3o: ontem e hoje na hist\u00f3ria<br \/>\n2)\u00a0\u00a0\u00a0 Estados Nacionais e Fronteiras<br \/>\n3)\u00a0\u00a0\u00a0 Migra\u00e7\u00f5es e Trabalho<br \/>\n4)\u00a0\u00a0\u00a0 Pol\u00edticas econ\u00f4micas e com\u00e9rcio internacional<br \/>\n5)\u00a0\u00a0\u00a0 Educa\u00e7\u00e3o no \u00e2mbito da Integra\u00e7\u00e3o<br \/>\n6)\u00a0\u00a0\u00a0 Cultura e Arte<br \/>\n7)\u00a0\u00a0\u00a0 Institui\u00e7\u00f5es Jur\u00eddicas no Mercosul<\/p>\n<p style=\"text-align: justify;\">Em torno destes eixos, o evento receber\u00e1 propostas de Simp\u00f3sios Tem\u00e1ticos at\u00e9 a data de 15 de maio. As propostas dever\u00e3o ser enviadas para a Coordena\u00e7\u00e3o do I CIHR atrav\u00e9s do e-mail historiaregional@upf.br<br \/>\nAt\u00e9 25 de maio ser\u00e3o divulgados os Simp\u00f3sios aprovados.<br \/>\nOs Simp\u00f3sios dever\u00e3o ter um m\u00ednimo de 10 inscritos para serem realizados e ter na coordena\u00e7\u00e3o dois docentes de IES diferentes.<br \/>\nA proposta dos Simp\u00f3sios deve conter o nome do ST, um resumo de at\u00e9 10 linhas, os nomes dos coordenadores e um link dos respectivos Curr\u00edculos Lattes, bem como informa\u00e7\u00f5es de contato (telefones e email).<\/p>\n<p style=\"text-align: justify;\"><strong>CRONOGRAMA<\/strong><br \/>\nProposi\u00e7\u00e3o de Simp\u00f3sios Tem\u00e1tico: at\u00e9 15 de maio<br \/>\nResultado dos Simp\u00f3sios Tem\u00e1ticos Aprovados: 25 de maio<br \/>\nInscri\u00e7\u00f5es de comunica\u00e7\u00e3o: de 01 de junho a 30 de agosto<br \/>\nEnvio do artigo completo: at\u00e9 10 de setembro<br \/>\nInscri\u00e7\u00f5es de ouvintes: a partir de junho (poder\u00e1 ser alterada)<\/p>\n<p style=\"text-align: justify;\"><strong>PROMO\u00c7\u00c3O<\/strong><br \/>\nN\u00facleo de Hist\u00f3ria Regional (NDH-PPGH\/UPF)<br \/>\nPrograma de P\u00f3s-Gradua\u00e7\u00e3o em Hist\u00f3ria\/UPF<br \/>\nCurso de Gradua\u00e7\u00e3o em Hist\u00f3ria \u2013 LP\/UPF<\/p>\n<p style=\"text-align: justify;\"><strong>INFORMA\u00c7\u00d5ES<\/strong><br \/>\nEmail: historiaregional@upf.br<br \/>\nFone: 55 (54) 3316-8339<\/p>\n<p style=\"text-align: justify;\"><strong>Comit\u00ea Executivo:<\/strong><\/p>\n<p style=\"text-align: justify;\">Adelar Heinsfeld\u00a0 (UPF)<br \/>\nAna Luiza Setti Reckziegel (UPF)<br \/>\nGerson Trombetta (UPF)<br \/>\nGizele Zanotto (UPF)<br \/>\nJana\u00edna Rigo Santin (UPF)<br \/>\nJo\u00e3o Carlos Tedesco (UPF)<\/p>\n<p style=\"text-align: justify;\"><strong>Comit\u00ea Cient\u00edfico:<\/strong><\/p>\n<p style=\"text-align: justify;\">Diego Buffa (UNC)<br \/>\nEduardo Svartman (UPF)<br \/>\nEduardo Palermo<br \/>\nIronita Policarpo Machado (UPF)<br \/>\nLuiz Carlos Tau Golin (UPF)<br \/>\nMar\u00eda Jos\u00e9 Becerra\u00a0 (CONICET-UNC)<br \/>\nMario Maestri (UPF)<br \/>\nPaulo Esselin (UFGD)<br \/>\nVictoria Barata (UBA)<\/p>\n<p style=\"text-align: justify;\"><strong>I CONGRESSO INTERNACIONAL DE HIST\u00d3RIA REGIONAL<\/strong><\/p>\n","protected":false},"excerpt":{"rendered":"<p>MERCOSUL: integra\u00e7\u00e3o e desencontros I CONGRESSO INTERNACIONAL DE HIST\u00d3RIA REGIONAL 28, 29 e 30 de setembro de 2011 PRIMEIRA CIRCULAR O Programa de P\u00f3s-Gradua\u00e7\u00e3o em Hist\u00f3ria da Universidade de Passo Fundo realizar\u00e1 de 28 a 30 de setembro de 2011 o I Congresso Internacional de Hist\u00f3ria Regional (I CIHR). O evento constitui um desdobramento dos [&hellip;]<\/p>\n","protected":false},"author":2,"featured_media":0,"comment_status":"closed","ping_status":"closed","sticky":false,"template":"","format":"standard","meta":{"_crdt_document":"","footnotes":""},"categories":[5,40],"tags":[38,166],"class_list":["post-3393","post","type-post","status-publish","format-standard","hentry","category-congresos","category-informaciones","tag-historia-regional","tag-mercosur"],"_links":{"self":[{"href":"https:\/\/adhilac.com.ar\/index.php?rest_route=\/wp\/v2\/posts\/3393","targetHints":{"allow":["GET"]}}],"collection":[{"href":"https:\/\/adhilac.com.ar\/index.php?rest_route=\/wp\/v2\/posts"}],"about":[{"href":"https:\/\/adhilac.com.ar\/index.php?rest_route=\/wp\/v2\/types\/post"}],"author":[{"embeddable":true,"href":"https:\/\/adhilac.com.ar\/index.php?rest_route=\/wp\/v2\/users\/2"}],"replies":[{"embeddable":true,"href":"https:\/\/adhilac.com.ar\/index.php?rest_route=%2Fwp%2Fv2%2Fcomments&post=3393"}],"version-history":[{"count":6,"href":"https:\/\/adhilac.com.ar\/index.php?rest_route=\/wp\/v2\/posts\/3393\/revisions"}],"predecessor-version":[{"id":3397,"href":"https:\/\/adhilac.com.ar\/index.php?rest_route=\/wp\/v2\/posts\/3393\/revisions\/3397"}],"wp:attachment":[{"href":"https:\/\/adhilac.com.ar\/index.php?rest_route=%2Fwp%2Fv2%2Fmedia&parent=3393"}],"wp:term":[{"taxonomy":"category","embeddable":true,"href":"https:\/\/adhilac.com.ar\/index.php?rest_route=%2Fwp%2Fv2%2Fcategories&post=3393"},{"taxonomy":"post_tag","embeddable":true,"href":"https:\/\/adhilac.com.ar\/index.php?rest_route=%2Fwp%2Fv2%2Ftags&post=3393"}],"curies":[{"name":"wp","href":"https:\/\/api.w.org\/{rel}","templated":true}]}}