{"id":3401,"date":"2011-04-06T14:30:27","date_gmt":"2011-04-06T17:30:27","guid":{"rendered":"https:\/\/adhilac.com.ar\/?p=3401"},"modified":"2012-07-13T12:27:58","modified_gmt":"2012-07-13T15:27:58","slug":"premio-libertador-al-pensamiento-critico-caracas-venezuela-convocatoria","status":"publish","type":"post","link":"https:\/\/adhilac.com.ar\/?p=3401","title":{"rendered":"Premio Libertador al Pensamiento Cr\u00edtico. Caracas. Venezuela. Convocatoria"},"content":{"rendered":"<h3><span style=\"color: #339966;\">Extendida convocatoria del Premio Libertador al Pensamiento Cr\u00edtico<\/span><\/h3>\n<p style=\"text-align: justify;\">Hasta el 15 de abril se recibir\u00e1n las obras<\/p>\n<p style=\"text-align: justify;\">El Ministerio del Poder Popular para Cultura anuncia que la convocatoria para la VI edici\u00f3n del Premio Libertador al Pensamiento Cr\u00edtico 2010, ha sido extendida hasta el pr\u00f3ximo 15 de abril de 2011.<\/p>\n<p style=\"text-align: justify;\">www.ministeriodelacultura.gob.ve <a title=\"(Ver)\" href=\"http:\/\/www.ministeriodelacultura.gob.ve\">(Ver)<\/a><\/p>\n<p style=\"text-align: justify;\"><a href=\"..\/wp-content\/uploads\/2011\/04\/boton-premio-libertador-2011.jpg\"><img loading=\"lazy\" decoding=\"async\" title=\"boton premio libertador 2011\" src=\"..\/wp-content\/uploads\/2011\/04\/boton-premio-libertador-2011.jpg\" alt=\"\" width=\"180\" height=\"300\" \/><\/a><a href=\"https:\/\/adhilac.com.ar\/wp-content\/uploads\/2011\/04\/bases-premio2011-01.jpg\"><img loading=\"lazy\" decoding=\"async\" class=\"alignnone size-medium wp-image-3405\" title=\"bases premio2011-01\" src=\"https:\/\/adhilac.com.ar\/wp-content\/uploads\/2011\/04\/bases-premio2011-01-145x300.jpg\" alt=\"\" width=\"145\" height=\"300\" srcset=\"https:\/\/adhilac.com.ar\/wp-content\/uploads\/2011\/04\/bases-premio2011-01-145x300.jpg 145w, https:\/\/adhilac.com.ar\/wp-content\/uploads\/2011\/04\/bases-premio2011-01-496x1024.jpg 496w, https:\/\/adhilac.com.ar\/wp-content\/uploads\/2011\/04\/bases-premio2011-01.jpg 1181w\" sizes=\"auto, (max-width: 145px) 100vw, 145px\" \/><\/a><a href=\"https:\/\/adhilac.com.ar\/wp-content\/uploads\/2011\/04\/bases-premio2011-02.jpg\"><img loading=\"lazy\" decoding=\"async\" class=\"alignnone size-medium wp-image-3406\" title=\"bases premio2011-02\" src=\"https:\/\/adhilac.com.ar\/wp-content\/uploads\/2011\/04\/bases-premio2011-02-144x300.jpg\" alt=\"\" width=\"144\" height=\"300\" srcset=\"https:\/\/adhilac.com.ar\/wp-content\/uploads\/2011\/04\/bases-premio2011-02-144x300.jpg 144w, https:\/\/adhilac.com.ar\/wp-content\/uploads\/2011\/04\/bases-premio2011-02-491x1024.jpg 491w, https:\/\/adhilac.com.ar\/wp-content\/uploads\/2011\/04\/bases-premio2011-02.jpg 1181w\" sizes=\"auto, (max-width: 144px) 100vw, 144px\" \/><\/a><!--more--><\/p>\n<p style=\"text-align: justify;\">Este evento de car\u00e1cter internacional\u00a0 busca reconocer a los autores  que analicen cr\u00edticamente la realidad del mundo contempor\u00e1neo, en forma  global o sectorial, en cualquiera de los campos de la actividad social.  \u00c9ste otorga al ganador una estatuilla, un diploma, 150 mil d\u00f3lares y la  publicaci\u00f3n de su obra.<\/p>\n<p style=\"text-align: justify;\">Con este premio el Gobierno Bolivariano de Venezuela trata de  reconocer a toda aquella obra escrita que, de una u otra manera, desde  una posici\u00f3n comprometida con la defensa de la humanidad, promueva la  perspectiva de que la construcci\u00f3n de otro mundo es necesaria.<\/p>\n<p style=\"text-align: justify;\">De este modo, la guerra, la econom\u00eda, la pol\u00edtica, la democracia, la  relaci\u00f3n con la naturaleza, los derechos humanos, los derechos de los  pueblos, la integraci\u00f3n de los pa\u00edses, el racismo, el imperialismo, son  temas, entre otros, que pueden ser objeto de ese ejercicio de  pensamiento cr\u00edtico.<\/p>\n<p style=\"text-align: justify;\">Podr\u00e1n participar obras editadas en castellano durante el primero de enero al 31 de diciembre del a\u00f1o 2010.<\/p>\n<p style=\"text-align: justify;\">La convocatoria admite libros originalmente escritos o publicados en  otros idiomas, siempre y cuando la edici\u00f3n original no anteceda en m\u00e1s  de tres a\u00f1os al de su publicaci\u00f3n en castellano.<\/p>\n<p style=\"text-align: justify;\">Las obras deber\u00e1n ser enviadas en n\u00famero de siete ejemplares al  Ministerio del Poder Popular para la Cultura de Venezuela, Foro  Libertador, edificio Archivo General de la Naci\u00f3n, Planta Baja, final  avenida Pante\u00f3n, Caracas, Venezuela, indicando claramente el objetivo de  participar en el Premio Libertador al Pensamiento Cr\u00edtico.<\/p>\n<p style=\"text-align: justify;\">En un sobre aparte se incluir\u00e1n los datos personales del autor:  nombre y apellido, direcci\u00f3n, tel\u00e9fono de contacto, correo electr\u00f3nico y  nota bibliogr\u00e1fica.<\/p>\n<p style=\"text-align: justify;\">El plazo para la admisi\u00f3n de obras participantes vence el 15 de abril  de 2011. Se admitir\u00e1n las obras que hayan sido enviadas por correo y  tengan matasellos de origen de esta fecha o anterior.<\/p>\n<p style=\"text-align: justify;\">La lista de participantes se har\u00e1 p\u00fablica en la p\u00e1gina Web del  Ministerio del Poder Popular para la Cultura. Finalmente, el Premio ser\u00e1  entregado al ganador en un acto p\u00fablico en la ciudad de Caracas el 24  de julio de 2011, fecha del natalicio del Libertador Sim\u00f3n Bol\u00edvar.<\/p>\n<p style=\"text-align: justify;\">Para ver las bases ingrese a: www.ministeriodelacultura.gob.ve. (FIN\/Prensa MPPC)<\/p>\n<p><strong>Publicado por ADHILAC Internacional \u00a9 www.adhilac.com.ar<\/strong><\/p>\n<p>Si Ud. desea asociarse de acuerdo a nuestros Estatutos\u00a0<a title=\"(ver)\" href=\"https:\/\/adhilac.com.ar\/?page_id=263\">(ver)<\/a> complete el siguiente formulario<a title=\"(ver)\" href=\"https:\/\/adhilac.com.ar\/?page_id=3194\">(ver)<\/a><\/p>\n<p>E-mail: info@adhilac.com.ar<strong><\/strong><\/p>\n<p>Twitter: @AdhilacInfo<\/p>\n","protected":false},"excerpt":{"rendered":"<p>Extendida convocatoria del Premio Libertador al Pensamiento Cr\u00edtico Hasta el 15 de abril se recibir\u00e1n las obras El Ministerio del Poder Popular para Cultura anuncia que la convocatoria para la VI edici\u00f3n del Premio Libertador al Pensamiento Cr\u00edtico 2010, ha sido extendida hasta el pr\u00f3ximo 15 de abril de 2011. www.ministeriodelacultura.gob.ve (Ver)<\/p>\n","protected":false},"author":2,"featured_media":0,"comment_status":"closed","ping_status":"closed","sticky":false,"template":"","format":"standard","meta":{"_crdt_document":"","footnotes":""},"categories":[40],"tags":[168,167],"class_list":["post-3401","post","type-post","status-publish","format-standard","hentry","category-informaciones","tag-pensamiento-critico","tag-premio-libertador"],"_links":{"self":[{"href":"https:\/\/adhilac.com.ar\/index.php?rest_route=\/wp\/v2\/posts\/3401","targetHints":{"allow":["GET"]}}],"collection":[{"href":"https:\/\/adhilac.com.ar\/index.php?rest_route=\/wp\/v2\/posts"}],"about":[{"href":"https:\/\/adhilac.com.ar\/index.php?rest_route=\/wp\/v2\/types\/post"}],"author":[{"embeddable":true,"href":"https:\/\/adhilac.com.ar\/index.php?rest_route=\/wp\/v2\/users\/2"}],"replies":[{"embeddable":true,"href":"https:\/\/adhilac.com.ar\/index.php?rest_route=%2Fwp%2Fv2%2Fcomments&post=3401"}],"version-history":[{"count":5,"href":"https:\/\/adhilac.com.ar\/index.php?rest_route=\/wp\/v2\/posts\/3401\/revisions"}],"predecessor-version":[{"id":6105,"href":"https:\/\/adhilac.com.ar\/index.php?rest_route=\/wp\/v2\/posts\/3401\/revisions\/6105"}],"wp:attachment":[{"href":"https:\/\/adhilac.com.ar\/index.php?rest_route=%2Fwp%2Fv2%2Fmedia&parent=3401"}],"wp:term":[{"taxonomy":"category","embeddable":true,"href":"https:\/\/adhilac.com.ar\/index.php?rest_route=%2Fwp%2Fv2%2Fcategories&post=3401"},{"taxonomy":"post_tag","embeddable":true,"href":"https:\/\/adhilac.com.ar\/index.php?rest_route=%2Fwp%2Fv2%2Ftags&post=3401"}],"curies":[{"name":"wp","href":"https:\/\/api.w.org\/{rel}","templated":true}]}}