{"id":3413,"date":"2011-04-09T07:05:53","date_gmt":"2011-04-09T10:05:53","guid":{"rendered":"https:\/\/adhilac.com.ar\/?p=3413"},"modified":"2012-07-13T12:27:11","modified_gmt":"2012-07-13T15:27:11","slug":"juan-paz-y-mino-cronista-de-la-ciudad-quito-ecuador-31-marzo-2011","status":"publish","type":"post","link":"https:\/\/adhilac.com.ar\/?p=3413","title":{"rendered":"Juan  Paz y Mi\u00f1o, Cronista de la Ciudad, Quito, Ecuador. 31 marzo 2011."},"content":{"rendered":"<h3><span style=\"color: #339966;\">Vicepresidente de ADHILAC recibe reconocimiento<\/span><strong><span style=\"color: #993300;\"><br \/>\n<\/span><\/strong><\/h3>\n<p><a href=\"..\/wp-content\/uploads\/2011\/04\/QuitoConf-4.jpg\"><img loading=\"lazy\" decoding=\"async\" class=\"alignleft\" title=\"QuitoConf 4\" src=\"..\/wp-content\/uploads\/2011\/04\/QuitoConf-4-292x300.jpg\" alt=\"\" width=\"308\" height=\"317\" \/><\/a><em>Izquierda: Juan\u00a0 Paz y Mi\u00f1o. Di\u00e1logos del Bicentenario. Quito. 2010<\/em><\/p>\n<p style=\"text-align: justify;\">El Vicepresidente de la Asociaci\u00f3n de Historiadores Latinoamericanos y del Caribe ha sido distiguido como Cronista de la Ciudad de Quito, Ecuador.<a title=\"(Ver)\" href=\"https:\/\/adhilac.com.ar\/?p=3413\"> <\/a><a title=\"(Ver)\" href=\"https:\/\/adhilac.com.ar\/?p=701\">(Ver) <\/a><\/p>\n<p style=\"text-align: justify;\"><!--more--><\/p>\n<p style=\"text-align: justify;\">Juan\u00a0 Paz y Mi\u00f1o, Vicepresidente de ADHILAC ha sido distiguido con el  nombramiento de Cronista de la Ciudad de Quito,  Ecuador. De este modo  ha sido puesto a cargo del Archivo Hist\u00f3rico Metropolitano de Quito que  consta de incunables como el Acta de Fundaci\u00f3n de la ciudad de 1534.<\/p>\n<p style=\"text-align: justify;\">La gacetilla de prensa que nos ha llegado informa:<\/p>\n<p style=\"padding-left: 30px; text-align: justify;\">En sesi\u00f3n del Concejo Metropolitano del 31 de marzo, el alcalde del Distrito Augusto Barrera present\u00f3 una terna para designar al nuevo cronista de la ciudad. El alcalde mencion\u00f3 la necesidad de designar a una persona para ocupar este cargo: Hoy presento una terna para sustituir el cargo que dejara Jorge Salvador Lara, quien fue cronista de la ciudad desde a\u00f1o de 1992, esta es una responsabilidad compleja\u201d.<\/p>\n<p style=\"padding-left: 30px; text-align: justify;\">La terna la encabezaba el historiador Juan Paz y Mi\u00f1o; Barrera dijo: \u201cYa que esta persona es un historiador de reconocid\u00edsima proyecci\u00f3n. El cronista debe dedicarse al cuidado del archivo, es un trabajo a tiempo exclusivo, creo que es la persona indicada, es un quite\u00f1o conocedor y profundo de la ciudad\u201d.<\/p>\n<p style=\"text-align: justify;\"><a href=\"https:\/\/adhilac.com.ar\/wp-content\/uploads\/2011\/04\/Quito-Festejos1.jpg\"><img loading=\"lazy\" decoding=\"async\" class=\"alignleft\" title=\"Quito-Festejos1\" src=\"https:\/\/adhilac.com.ar\/wp-content\/uploads\/2011\/04\/Quito-Festejos1-300x225.jpg\" alt=\"\" width=\"300\" height=\"225\" \/><\/a><\/p>\n<p style=\"text-align: justify;\"><em> A la izquierda: Festejos del Bicentenario. Quito. Ecuador. 2011<\/em><\/p>\n<p style=\"text-align: justify;\"><strong> Informe de prensa: <\/strong><\/p>\n<p style=\"text-align: justify;\">01\/abr\/2011.- En sesi\u00f3n del Concejo Metropolitano del 31 de marzo, el alcalde del Distrito Augusto Barrera present\u00f3 una terna para designar al nuevo cronista de la ciudad, los postulados fueron: Juan Paz y Mi\u00f1o, Guadalupe Soast\u00ed Toscano y Klever Antonio Bravo.<\/p>\n<p style=\"text-align: justify;\">El alcalde mencion\u00f3 la necesidad de designar a una persona para ocupar este cargo:<\/p>\n<p style=\"padding-left: 30px; text-align: justify;\">\u00abHoy presento una terna para sustituir el cargo que dej\u00f3 Jorge Salvador Lara, quien fue cronista de la ciudad desde a\u00f1o de 1992, esta es una responsabilidad compleja\u00bb.<\/p>\n<p style=\"text-align: justify;\">La terna la encabezaba Paz y Mi\u00f1o; Barrera solicit\u00f3 al Concejo que se acoja al primer nombre propuesto:<\/p>\n<p style=\"padding-left: 30px; text-align: justify;\">\u00abYa que esta persona es un historiador de reconocid\u00edsima proyecci\u00f3n. El cronista debe dedicarse al cuidado del archivo, es un trabajo a tiempo exclusivo, creo que es la persona indicada, es un quite\u00f1o conocedor y profundo de la ciudad\u00bb.<\/p>\n<p style=\"text-align: justify;\">Con el voto de los Concejales presentes fue aprobada la moci\u00f3n. En la pr\u00f3xima sesi\u00f3n del Concejo de manera formal y solemne se realizar\u00e1 la posesi\u00f3n al doctor Paz y Mi\u00f1o. \u00ab\u00c9ste es un cargo casi honor\u00edfico que le llevar\u00e1 el resto de la vida\u00bb, manifest\u00f3 el Alcalde.<\/p>\n<p style=\"text-align: justify;\">Para Miguel Mora, Secretario de Cultura, el cargo de cronista de la ciudad es importante:<\/p>\n<p style=\"padding-left: 30px; text-align: justify;\">\u00abPorque en la memoria hist\u00f3rica no s\u00f3lo est\u00e1 la conciencia, sino las manifestaciones que la ciudad ha producido y seguir\u00e1 haciendo. Su existencia es necesaria, ser un narrador oficial y la fuente de la enorme documentaci\u00f3n que existe en el archivo\u00bb.<\/p>\n<p style=\"text-align: justify;\"><a href=\"https:\/\/adhilac.com.ar\/wp-content\/uploads\/2011\/04\/Quito-Plaza-San-Francisco.jpg\"><img loading=\"lazy\" decoding=\"async\" class=\"alignright\" title=\"Quito-Plaza San Francisco\" src=\"https:\/\/adhilac.com.ar\/wp-content\/uploads\/2011\/04\/Quito-Plaza-San-Francisco-300x225.jpg\" alt=\"\" width=\"300\" height=\"225\" \/><\/a><em>A la derecha: Plaza de San Francisco. Bicentenario de Quito. 2010.<\/em><\/p>\n<p style=\"text-align: justify;\">Las funciones que desarrolla un cronista son varias, van desde generar estudios, publicaciones, investigaciones y una cr\u00f3nica de lo que ocurre en la ciudad, una propuesta desde el punto de vista hist\u00f3rico del transcurrir nacional y su forma de enfrentar la vida cotidiana de Quito.<\/p>\n<p style=\"text-align: justify;\">Antes, el trabajo del cronista se ve\u00eda reflejado en las publicaciones llamada Gaceta Municipal, para impulsar y visibilizar este trabajo se aspira a que desde ahora se empleen las tecnolog\u00edas de la informaci\u00f3n y comunicaci\u00f3n (TIC\u00b4s) y otras herramientas tecnol\u00f3gicas, para preservar de mejor manera la memoria.<\/p>\n<p style=\"text-align: justify;\">&nbsp;<\/p>\n<p style=\"text-align: justify;\"><strong>Rese\u00f1a de la actividad de Juan Paz y Mi\u00f1o<\/strong><br \/>\n<a href=\"..\/wp-content\/uploads\/2011\/04\/Juan-Paz-y-Mino.png\"><img loading=\"lazy\" decoding=\"async\" class=\"alignleft\" title=\"Juan-Paz-y-Mino\" src=\"..\/wp-content\/uploads\/2011\/04\/Juan-Paz-y-Mino.png\" alt=\"\" width=\"196\" height=\"200\" \/><\/a><\/p>\n<p style=\"text-align: justify;\"><em>A la izquierda: Juan\u00a0 Paz y Mi\u00f1o<\/em><\/p>\n<p style=\"text-align: justify;\">Es doctor en historia y licenciado en Ciencias Pol\u00edticas y Sociales. En cuanto a su actividad profesional ha desempe\u00f1ado cargos como profesor de la Pontificia Universidad Cat\u00f3lica del Ecuador, individuo de n\u00famero de la Academia Nacional de Historia, vicepresidente de la Asociaci\u00f3n De Historiadores Latinoamericanos y del Caribe (ADHILAC), representante en Ecuador de la Asociaci\u00f3n Internacional de Historia Actual (AHA), miembro del Comit\u00e9 Internacional de Historia a Debate (HaD).<\/p>\n<p style=\"text-align: justify;\">Adem\u00e1s, se ha desempe\u00f1ado como Director de Cultura del Consejo Provincial de Pichincha y Secretario del Comit\u00e9 Ejecutivo-Presidencial del Bicentenario del Ecuador. Tiene varias publicaciones, las m\u00e1s recientes son: Revoluci\u00f3n Juliana, Naci\u00f3n, Ejercito y bancocracia; Removiendo el Presente, Latinoamericanismo e Historia en Ecuador; Removiendo el presente; columnista en diario El Comercio, entre otros.<\/p>\n<p style=\"text-align: justify;\">Los cronistas son los relatores y guardianes de los documentos relacionados con los acontecimientos notables interpretados por los pueblos, que forman parte de un panorama hist\u00f3rico.<br \/>\nRTU noticias.<br \/>\nFuente: http:\/\/www.rtu.com.ec<\/p>\n<p style=\"text-align: justify;\"><strong>Publicado por ADHILAC Internacional \u00a9 www.adhilac.com.ar<\/strong><\/p>\n","protected":false},"excerpt":{"rendered":"<p>Vicepresidente de ADHILAC recibe reconocimiento Izquierda: Juan\u00a0 Paz y Mi\u00f1o. Di\u00e1logos del Bicentenario. Quito. 2010 El Vicepresidente de la Asociaci\u00f3n de Historiadores Latinoamericanos y del Caribe ha sido distiguido como Cronista de la Ciudad de Quito, Ecuador. (Ver)<\/p>\n","protected":false},"author":2,"featured_media":0,"comment_status":"closed","ping_status":"closed","sticky":false,"template":"","format":"standard","meta":{"_crdt_document":"","footnotes":""},"categories":[32,3,40],"tags":[169,27,170],"class_list":["post-3413","post","type-post","status-publish","format-standard","hentry","category-adhilac-ecuador","category-adhilac-inter","category-informaciones","tag-cronista-de-la-ciudad","tag-ecuador","tag-quito"],"_links":{"self":[{"href":"https:\/\/adhilac.com.ar\/index.php?rest_route=\/wp\/v2\/posts\/3413","targetHints":{"allow":["GET"]}}],"collection":[{"href":"https:\/\/adhilac.com.ar\/index.php?rest_route=\/wp\/v2\/posts"}],"about":[{"href":"https:\/\/adhilac.com.ar\/index.php?rest_route=\/wp\/v2\/types\/post"}],"author":[{"embeddable":true,"href":"https:\/\/adhilac.com.ar\/index.php?rest_route=\/wp\/v2\/users\/2"}],"replies":[{"embeddable":true,"href":"https:\/\/adhilac.com.ar\/index.php?rest_route=%2Fwp%2Fv2%2Fcomments&post=3413"}],"version-history":[{"count":12,"href":"https:\/\/adhilac.com.ar\/index.php?rest_route=\/wp\/v2\/posts\/3413\/revisions"}],"predecessor-version":[{"id":6104,"href":"https:\/\/adhilac.com.ar\/index.php?rest_route=\/wp\/v2\/posts\/3413\/revisions\/6104"}],"wp:attachment":[{"href":"https:\/\/adhilac.com.ar\/index.php?rest_route=%2Fwp%2Fv2%2Fmedia&parent=3413"}],"wp:term":[{"taxonomy":"category","embeddable":true,"href":"https:\/\/adhilac.com.ar\/index.php?rest_route=%2Fwp%2Fv2%2Fcategories&post=3413"},{"taxonomy":"post_tag","embeddable":true,"href":"https:\/\/adhilac.com.ar\/index.php?rest_route=%2Fwp%2Fv2%2Ftags&post=3413"}],"curies":[{"name":"wp","href":"https:\/\/api.w.org\/{rel}","templated":true}]}}