{"id":3488,"date":"2011-04-21T07:37:26","date_gmt":"2011-04-21T10:37:26","guid":{"rendered":"https:\/\/adhilac.com.ar\/?p=3488"},"modified":"2012-07-13T12:16:34","modified_gmt":"2012-07-13T15:16:34","slug":"presentacion-de-la-revista-chacmool-numero-vi","status":"publish","type":"post","link":"https:\/\/adhilac.com.ar\/?p=3488","title":{"rendered":"Presentaci\u00f3n de la revista Chacmool n\u00famero VI"},"content":{"rendered":"<h3 style=\"text-align: justify;\"><span style=\"color: #339966;\">Revista Chacmool: un puente entre Yucat\u00e1n y Cuba<\/span><\/h3>\n<p style=\"text-align: justify;\">Marina Men\u00e9ndez Quintero<\/p>\n<p style=\"text-align: justify;\"><a href=\"https:\/\/adhilac.com.ar\/wp-content\/uploads\/2011\/04\/Rev-Chacmool-2.jpg\"><img loading=\"lazy\" decoding=\"async\" class=\"alignleft\" title=\"Rev Chacmool-2\" src=\"https:\/\/adhilac.com.ar\/wp-content\/uploads\/2011\/04\/Rev-Chacmool-2-300x200.jpg\" alt=\"\" width=\"300\" height=\"200\" \/><\/a><\/p>\n<p style=\"text-align: justify;\"><em>Sergio Guerra, Pedro P. Rodr\u00edguez<\/em> y<em> Carlos Boj\u00f3rquez Urzaiz<\/em><\/p>\n<p style=\"text-align: justify;\">De \u201cacontecimiento feliz\u201d calific\u00f3 el cubano Pedro Pablo Rodr\u00edguez, Premio Nacional de Historia e investigador del Centro de Estudios Martianos, la presentaci\u00f3n en la capital cubana de la edici\u00f3n n\u00famero VI de los cuadernos Chacmool.<\/p>\n<p style=\"text-align: justify;\">Y, en efecto, el suceso fue, como los propios textos, una ocasi\u00f3n propicia para reunir a yucatecos y cubanos en el espacio brindado por la Sociedad Cultural Jos\u00e9 Mart\u00ed,<!--more--> que este mi\u00e9rcoles abri\u00f3 sus puertas a personalidades como Armando Hart, presidente de esa entidad en la Isla y director de la Oficina del Programa Martiano; el Doctor Sergio Guerra Vilaboy, secretario de la Asociaci\u00f3n de Historiadores de Latinoam\u00e9rica y el Caribe y jefe del Departamento de Historia de la Universidad de La Habana; el prestigioso antrop\u00f3logo y profesor de la Universidad Aut\u00f3noma de Yucat\u00e1n, Carlos Boj\u00f3rquez Urzaiz, as\u00ed como la se\u00f1ora Alicia Figueroa, Directora de Relaciones P\u00fablicas Internacionales de este diario y quien represent\u00f3 en la cita a su Director, Don Mario Renato Men\u00e9ndez.<\/p>\n<p style=\"text-align: justify;\">A \u00e9l, precisamente, est\u00e1 dedicado uno de los art\u00edculos del n\u00famero: \u201cMario Men\u00e9ndez y la utilidad de la virtud\u201d, escrito por Armando Hart y Elo\u00edsa Carreras a prop\u00f3sito de la entrega al Director de POR ESTO!, en el a\u00f1o 2009, de la distinci\u00f3n Utilidad de la Virtud, m\u00e1ximo galard\u00f3n que confiere la Sociedad Cultural Jos\u00e9 Mart\u00ed a las personalidades e instituciones destacadas en la promoci\u00f3n, divulgaci\u00f3n y defensa de los fundamentos de la naci\u00f3n cubana.<\/p>\n<p style=\"text-align: justify;\">Al abrir la presentaci\u00f3n, el Doctor Guerra Vilaboy recordar\u00eda el nacimiento de los cuadernos Chacmool en el a\u00f1o 2003 por iniciativa de cubanos y mexicanos (fundamentalmente yucatecos), como una v\u00eda de difusi\u00f3n de las relaciones entre los dos pa\u00edses y para dar a conocer los trabajos e investigaciones de intelectuales de ambos territorios. La iniciativa fue tomada en sus manos por Boj\u00f3rquez, quien tiene el prop\u00f3sito de que en el a\u00f1o 2013 sumen diez las ediciones. En sus n\u00fameros, la revista ha compendiado,\u00a0 fundamentalmente, estudios que reflejan las relaciones entre Cuba y Yucat\u00e1n \u2014de las cuales Boj\u00f3rquez es un tenaz y fruct\u00edfero investigador\u2014, teniendo como eje central a la<br \/>\nfigura de Jos\u00e9 Mart\u00ed.<\/p>\n<p style=\"text-align: justify;\">No obstante, explic\u00f3, autores de otras latitudes como Venezuela, Guatemala y Costa Rica se han sumado al empe\u00f1o.<\/p>\n<p style=\"text-align: justify;\">En declaraciones para este diario, Carlos Boj\u00f3rquez Urzaiz consider\u00f3 los cuadernos como \u201cun veh\u00edculo de interacci\u00f3n cultural e intelectual entre Cuba y M\u00e9xico (en especial, su regi\u00f3n Sureste), y una manera de garantizar los lazos hist\u00f3ricos que unen a la Isla y a Yucat\u00e1n\u201d. Al describir el contenido de esta edici\u00f3n, Pedro Pablo Rodr\u00edguez apuntar\u00eda los nexos de amistad que refrenda la revista, y se referir\u00eda a ella como \u201cancho puente de colaboraci\u00f3n e intercambio cultural\u201d.<\/p>\n<p style=\"text-align: justify;\">Dedicada al Bicentenario de la Independencia de Nuestra Am\u00e9rica, la publicaci\u00f3n de Chacmool. Cuadernos de trabajo cubano-mexicanos VI, recibi\u00f3 los auspicios del Instituto de Cultura de Yucat\u00e1n y, en especial, de su Director General, Ren\u00e1n Guillermo Gonz\u00e1lez, cuya colaboraci\u00f3n fue determinante para poner en circulaci\u00f3n la edici\u00f3n, as\u00ed reconocida y agradecida por Boj\u00f3rquez y Guerra Vilaboy en la p\u00e1gina de presentaci\u00f3n del t\u00edtulo.<\/p>\n<p style=\"text-align: justify;\">Con un empaque que no tiene nada que envidiar a otras publicaciones de su naturaleza, el n\u00famero muestra en su portada la suerte de autorretrato que hiciera Jos\u00e9 Mart\u00ed a partir de la figura del Chacmool y, en la contraportada, el bello cuadro alusivo a la efigie maya que realizara el laureado artista cubano Ren\u00e9 de la Nuez, Premio Nacional de Artes Pl\u00e1sticas de Cuba 2007, y cuyas caricaturas e ilustraciones son atractivo y motivo de reflexi\u00f3n permanente para los lectores de este diario.<\/p>\n<p style=\"text-align: justify;\">Fuente: http:\/\/www.poresto.net<\/p>\n<p style=\"text-align: justify;\"><a href=\"https:\/\/adhilac.com.ar\/wp-content\/uploads\/2011\/04\/SergGueRenNuez.jpg\"><img loading=\"lazy\" decoding=\"async\" class=\"alignnone size-medium wp-image-3491\" title=\"SergGueRenNuez\" src=\"https:\/\/adhilac.com.ar\/wp-content\/uploads\/2011\/04\/SergGueRenNuez-300x284.jpg\" alt=\"\" width=\"300\" height=\"284\" srcset=\"https:\/\/adhilac.com.ar\/wp-content\/uploads\/2011\/04\/SergGueRenNuez-300x284.jpg 300w, https:\/\/adhilac.com.ar\/wp-content\/uploads\/2011\/04\/SergGueRenNuez.jpg 567w\" sizes=\"auto, (max-width: 300px) 100vw, 300px\" \/><\/a><\/p>\n<p style=\"text-align: justify;\"><em>Ren\u00e9 de la Nuez (derecha) junto a <\/em><em>Sergio Guerra Vilaboy. La Habana. 2005<br \/>\n<\/em><\/p>\n<p style=\"text-align: justify;\"><span style=\"color: #000000;\"><strong>Presentaci\u00f3n de la revista Chacmool n\u00famero VI (1)<\/strong><\/span><\/p>\n<p style=\"text-align: justify;\">Pedro Pablo Rodr\u00edguez<br \/>\n19 de abril de 2011<\/p>\n<p style=\"text-align: justify;\">Un nuevo n\u00famero de la revista Chacmool es siempre acontecimiento feliz porque nos pone al alcance nuevos materiales que explican la larga amistad entre nuestros dos pueblos, porque permite que nos reunamos un grupo de amigos, y porque da lugar a una nueva visita de este mexicano descendiente de cubanos que es Carlos Boj\u00f3rquez Urzaiz, quien, junto con mi colega Sergio Guerra Vilaboy arma estos Cuadernos de Trabajo Cubano-Mexicanos.<br \/>\nDestaco la amistad entre pueblos y personas porque son los sentimientos y lazos que aquella provoca el sost\u00e9n de la publicaci\u00f3n. Amistad, lisa y llanamente, que no amiguismos, porque aunque en torno suyo se ha involucrado gente amiga de los dos pa\u00edses, esta no es revista de un grupo, de pi\u00f1itas, sino que ha estado abierta y estoy seguro que siempre ser\u00e1 as\u00ed, a cuanta persona tenga algo que decir a prop\u00f3sito de Cuba y de M\u00e9xico. Es la revista, pues, ancho puente de colaboraci\u00f3n e intercambio intelectual que contin\u00faa abriendo sus p\u00e1ginas a cuanto autor tenga algo valioso que decir acerca de sus temas.<br \/>\nComo dicen sus editores, el bicentenario de las independencias de nuestra Am\u00e9rica motiva a la publicaci\u00f3n, y al asunto se dedican entonces sus tres primeros textos. El acucioso investigador Enrique L\u00f3pez Mesa demuestra que en poco espacio se puede decir mucho y, sobre todo, bueno. \u00c9l lleva tiempo rastreando en los peri\u00f3dicos neoyorquinos en espa\u00f1ol y ello le ha permitido entregarnos informaci\u00f3n de primera mano acerca del discurso de Jos\u00e9 Mart\u00ed la noche del martes 15 de septiembre de 1891 ante el octog\u00e9simo primer aniversario del Grito de Dolores, oraci\u00f3n de la que no sab\u00edamos.<\/p>\n<p style=\"text-align: justify;\">Sergio Guerra Vilaboy, con esa buena man\u00eda que ha demostrado de historiar a trav\u00e9s de la comparaci\u00f3n lanza una mirada abarcadora acerca de la influencia de los sucesos espa\u00f1oles de 1808 en la regi\u00f3n, donde fueron recibidos con el rechazo a la invasi\u00f3n francesa de la Pen\u00ednsula. Ese alineamiento, demuestra el historiador, salvo muy contadas excepciones, todas fracasadas, como el formidable alzamiento revolucionario de Miguel Hidalgo seguido por Jos\u00e9 Mar\u00eda Morelos, fue manejado por las \u00e9lites locales que tendieron a mantener el status quo, y particularmente la esclavitud. De ah\u00ed, entonces, concluye Guerra, la importancia del estado haitiano, como permanente ejemplo de hasta d\u00f3nde pod\u00eda llegar una insurrecci\u00f3n de esclavos y como sistem\u00e1tico sost\u00e9n de muchos esfuerzos independentistas en las Antillas y en el propio continente.<\/p>\n<p style=\"text-align: justify;\">El trabajo de Jorge Enrique El\u00edas Caro incursiona por un tema escasamente conocido, al menos entre los cubanos: las relaciones pol\u00edticas y militares entre dos ciudades realistas: Santa Marta y La Habana. Es correcto que el historiador colombiano brinde luz sobre algo evidente, pero opacado una y otra vez por las miradas sobre su opuesto, es decir, sobre las relaciones entre los patriotas enemigos de Espa\u00f1a. Esta, antigua y experimentada potencia imperial, supo engarzar sus posesiones en la tenaz defensa de su dominaci\u00f3n americana. Con informaci\u00f3n extra\u00edda en parte del Archivo Nacional de Cuba, este texto demuestra que a ello se sum\u00f3 el inter\u00e9s de los grupos de comerciantes y productores de esas localidades, interesados en favorecer el intercambio entre ambos puertos.<\/p>\n<p style=\"text-align: justify;\">Carlos Boj\u00f3rquez Urzaiz entrega interesantes comentarios acerca del escrito de Jos\u00e9 Pe\u00f3n Contreras para el \u00e1lbum de bodas de Carmen Zayas Baz\u00e1n, la esposa de Mart\u00ed, texto que el dramaturgo mexicano publicara en la Revista de M\u00e9rida el 6 de enero de 1878. El profesor universitario cubano Arturo Sorhegui sondea las posturas de la historiograf\u00eda nacional ante la modernidad, asunto que hasta hora parece no hab\u00eda preocupado a estudioso alguno. Por eso el recorrido de Sorhegui por los escritos del siglo XVIII y un grupo del XIX incita a continuar y profundizar tal examen que, seguramente, ayudar\u00e1 a explicar mucho mejor c\u00f3mo fue recibida esa modernidad en Cuba desde entonces y c\u00f3mo se fue formando una idea acerca de ella.<\/p>\n<p style=\"text-align: justify;\">Creo que ninguno de los presentes sab\u00eda que hubo una representaci\u00f3n en Cuba de los constitucionalistas de Venustiano Carranza desde 1913 y 1920. Pues debemos leer el trabajo de la mexicana Indra Labardini Fragoso para enterarnos de las altas y las bajas de las relaciones diplom\u00e1ticas entre ambos pa\u00edses seriamente afectadas por la actitud proyanqui del gobierno de Mario Garc\u00eda Menocal, incapaz de comprender la neutralidad mexicana durante la Primera Guerra Mundial, y por el atentado a la inmunidad diplom\u00e1tica de Isidro Fabela a su paso por La Habana rumbo a Europa.<br \/>\nOtros dos textos cierran la secci\u00f3n de Art\u00edculos de Chacmool n\u00famero VI. De los mexicanos Rodrigo E. Ord\u00f3\u00f1ez Sosa y Crist\u00f3bal Le\u00f3n Campos se ocupan del poema titulado \u201cAm\u00e9rica\u201d, del escritor yucateco Carlos Moreno Medina (1913-1971), quien desde esta pieza literaria llam\u00f3 a la lucha antimperialista por la libertad del Continente. Y, finalmente, el texto del canadiense Jason Yaremko, traducido de ingl\u00e9s para este n\u00famero, que se refiere a la guerra de castas en Yucat\u00e1n y al comercio de indios mayas vendidos a los esclavistas cubanos.<\/p>\n<p style=\"text-align: justify;\">En la secci\u00f3n \u201cNotas y comentarios\u201d se incluyen textos de Miguel Le\u00f3n Portilla sobre Cuba y M\u00e9xico; el recuerdo de Celia Hart Santamar\u00eda en la memoria de Carlos Boj\u00f3rquez; de Elo\u00edsa Carreras y Armando Hart a prop\u00f3sito de la entrega a Mario Men\u00e9ndez de la distinci\u00f3n \u201cLa utilidad de la virtud\u201d que otorga la Sociedad Cultural Jos\u00e9 Mart\u00ed. Y las palabras de Sergio Guerra para el artista cubano Ren\u00e9 de la Nuez, en el homenaje que le fuera tributado en la Casa de M\u00e9xico, en La Habana Vieja. Mientras que el profesor santiaguero Luis A. Clerg\u00e9 Fabra entrega su recuerdo emocionado sobre Vilma Esp\u00edn. Por \u00faltimo, el tema caribe\u00f1o en la revista Arenas Blancas, publicaci\u00f3n de los estudiantes de la Maestr\u00eda en Lenguas y Ling\u00fc\u00edstica de la Universidad Estatal de Nuevo Le\u00f3n, es asunto que trata Tom\u00e1s Ramos Rodr\u00edguez.<\/p>\n<p style=\"text-align: justify;\">Varios libros son comentados en esta Chacmool. Los recuerdos de Gilberto Bosque como embajador mexicano en Cuba mueven al an\u00e1lisis de Wilfredo Padr\u00f3n Iglesias. La Obra reunida, en tres vol\u00famenes, del pedagogo cubano-mexicano Rodolfo Men\u00e9ndez de la Pe\u00f1a, gana el comentario de Faulo M. S\u00e1nchez Novelo. La Breve historia de Europa contempor\u00e1nea debida a Evelio D\u00edaz Lezcano recibe el criterio de Rolando L\u00f3pez del Amo. Y la profesora Eur\u00eddice Gonz\u00e1lez se refiere al libro de Jorge R. Berm\u00fadez titulado Chac Mol en Mart\u00ed.<\/p>\n<p style=\"text-align: justify;\">Y, por cierto, la cubierta de la revista reproduce facsimilarmente la hoja manuscrita con el dibujo de Chacmool de Jos\u00e9 Mart\u00ed, una especie de autorretrato en que la escultura yacente aparece con el rostro del cubano. El reverso, en consonancia con el dibujo martiano, copia un cuadro de Ren\u00e9 de la Nuez, parte de una colecci\u00f3n de doce, en que el artista actual recrea a su modo lo hecho por Mart\u00ed.<\/p>\n<p style=\"text-align: justify;\">Con sumo placer veo que los editores culminan este n\u00famero con mis palabras en el acto de entrega de la distinci\u00f3n \u201cPensar es servir\u201d, del Centro de Estudias Martianos, a Carlos Boj\u00f3rquez Urzaiz, por su sostenida obra en torno a Jos\u00e9 Mart\u00ed, siempre desde posiciones revolucionarias.<\/p>\n<p style=\"text-align: justify;\">Bienvenido pues, los mil ejemplares de Chacmool, que parece erguirse desde sus codos con este hermoso ejemplo de intercambio entre cubanos y mexicanos.<\/p>\n<p style=\"text-align: justify;\">Fuente: http:\/\/www.poresto.net<br \/>\n<strong>NOTA<\/strong><\/p>\n<p style=\"text-align: justify;\">(1) Presentada en la Sociedad Cultural Jos\u00e9 Mart\u00ed el 20 de abril de 2011.<\/p>\n<p style=\"text-align: justify;\"><strong>Publicado por ADHILAC Internacional \u00a9 www.adhilac.com.ar<\/strong><\/p>\n<p style=\"text-align: justify;\">Si Ud. desea asociarse de acuerdo a nuestros Estatutos\u00a0<a title=\"(ver)\" href=\"https:\/\/adhilac.com.ar\/?page_id=263\">(ver)<\/a> complete el siguiente formulario<a title=\"(ver)\" href=\"https:\/\/adhilac.com.ar\/?page_id=3194\">(ver)<\/a><\/p>\n<p style=\"text-align: justify;\">E-mail: info@adhilac.com.ar<strong> <\/strong><\/p>\n<p style=\"text-align: justify;\">Twitter: @AdhilacInfo<\/p>\n<p>&nbsp;<\/p>\n<p>&nbsp;<\/p>\n","protected":false},"excerpt":{"rendered":"<p>Revista Chacmool: un puente entre Yucat\u00e1n y Cuba Marina Men\u00e9ndez Quintero Sergio Guerra, Pedro P. Rodr\u00edguez y Carlos Boj\u00f3rquez Urzaiz De \u201cacontecimiento feliz\u201d calific\u00f3 el cubano Pedro Pablo Rodr\u00edguez, Premio Nacional de Historia e investigador del Centro de Estudios Martianos, la presentaci\u00f3n en la capital cubana de la edici\u00f3n n\u00famero VI de los cuadernos Chacmool. [&hellip;]<\/p>\n","protected":false},"author":2,"featured_media":0,"comment_status":"closed","ping_status":"closed","sticky":false,"template":"","format":"standard","meta":{"_crdt_document":"","footnotes":""},"categories":[18,40],"tags":[63,121,162,179],"class_list":["post-3488","post","type-post","status-publish","format-standard","hentry","category-adhilac-cuba","category-informaciones","tag-cuba","tag-mexico","tag-revista","tag-yucatan"],"_links":{"self":[{"href":"https:\/\/adhilac.com.ar\/index.php?rest_route=\/wp\/v2\/posts\/3488","targetHints":{"allow":["GET"]}}],"collection":[{"href":"https:\/\/adhilac.com.ar\/index.php?rest_route=\/wp\/v2\/posts"}],"about":[{"href":"https:\/\/adhilac.com.ar\/index.php?rest_route=\/wp\/v2\/types\/post"}],"author":[{"embeddable":true,"href":"https:\/\/adhilac.com.ar\/index.php?rest_route=\/wp\/v2\/users\/2"}],"replies":[{"embeddable":true,"href":"https:\/\/adhilac.com.ar\/index.php?rest_route=%2Fwp%2Fv2%2Fcomments&post=3488"}],"version-history":[{"count":5,"href":"https:\/\/adhilac.com.ar\/index.php?rest_route=\/wp\/v2\/posts\/3488\/revisions"}],"predecessor-version":[{"id":6096,"href":"https:\/\/adhilac.com.ar\/index.php?rest_route=\/wp\/v2\/posts\/3488\/revisions\/6096"}],"wp:attachment":[{"href":"https:\/\/adhilac.com.ar\/index.php?rest_route=%2Fwp%2Fv2%2Fmedia&parent=3488"}],"wp:term":[{"taxonomy":"category","embeddable":true,"href":"https:\/\/adhilac.com.ar\/index.php?rest_route=%2Fwp%2Fv2%2Fcategories&post=3488"},{"taxonomy":"post_tag","embeddable":true,"href":"https:\/\/adhilac.com.ar\/index.php?rest_route=%2Fwp%2Fv2%2Ftags&post=3488"}],"curies":[{"name":"wp","href":"https:\/\/api.w.org\/{rel}","templated":true}]}}