{"id":3496,"date":"2011-04-21T08:29:09","date_gmt":"2011-04-21T11:29:09","guid":{"rendered":"https:\/\/adhilac.com.ar\/?p=3496"},"modified":"2012-07-13T12:15:15","modified_gmt":"2012-07-13T15:15:15","slug":"insubordinacion-o-golpe-ecuador-la-trama-del-30s-juan-paz-y-mino-ecuador","status":"publish","type":"post","link":"https:\/\/adhilac.com.ar\/?p=3496","title":{"rendered":"\u00abInsubordinaci\u00f3n o golpe. Ecuador: la trama del 30S\u00bb, Juan Paz y Mi\u00f1o, Ecuador"},"content":{"rendered":"<h3><span style=\"color: #339966;\">Entrevista a Juan Paz y Mi\u00f1o<\/span><\/h3>\n<p><a href=\"https:\/\/adhilac.com.ar\/wp-content\/uploads\/2011\/04\/InsubJPMINO-01.jpg\"><img loading=\"lazy\" decoding=\"async\" class=\"size-full wp-image-3635 alignleft\" title=\"InsubJPMINO-01\" src=\"https:\/\/adhilac.com.ar\/wp-content\/uploads\/2011\/04\/InsubJPMINO-01.jpg\" alt=\"\" width=\"277\" height=\"388\" srcset=\"https:\/\/adhilac.com.ar\/wp-content\/uploads\/2011\/04\/InsubJPMINO-01.jpg 495w, https:\/\/adhilac.com.ar\/wp-content\/uploads\/2011\/04\/InsubJPMINO-01-214x300.jpg 214w\" sizes=\"auto, (max-width: 277px) 100vw, 277px\" \/><\/a><\/p>\n<p style=\"text-align: justify;\">Libro <em>Insubordinaci\u00f3n o golpe. Ecuador: la trama del 30S<\/em>, una \u00f3ptica distinta de la revuelta policial.<\/p>\n<p style=\"text-align: justify;\">Obra que busca dotar de datos para saber qu\u00e9 existi\u00f3 detr\u00e1s de aquel d\u00eda.<\/p>\n<p style=\"text-align: justify;\">El historiador Juan Paz y Mi\u00f1o presenta el libro \u201cInsubordinaci\u00f3n o  golpe. Ecuador: la trama del 30S\u201d, en el que relata lo que sucedi\u00f3 en el  d\u00eda que denominada \u201cproceso\u201d, pues, a decir de Paz y Mi\u00f1o, aquella  fecha no puede ser vista como \u201cun d\u00eda en el que hubo un acontecimiento  sino como un d\u00eda con fases\u201d.<\/p>\n<p style=\"text-align: justify;\">El libro que presenta Paz y Mi\u00f1o busca dar a conocer que el  enfrentamiento entre la Polic\u00eda Nacional y del jefe de Estado, Rafael  Correa, fue m\u00e1s all\u00e1 de eso, \u201cla insubordinaci\u00f3n fue ante todo contra  los ciudadanos\u201d.<\/p>\n<p style=\"text-align: justify;\"><em><br \/>\n<\/em><\/p>\n<p style=\"text-align: justify;\">&nbsp;<\/p>\n<p style=\"text-align: justify;\">\u201cAntes de que el llegue el Presidente de la Rep\u00fablica ya existi\u00f3 en   camino una cantidad de actos de la Polic\u00eda subordinada para no controlar   el tr\u00e1nsito, no controlar la seguridad, coordinar en todo el pa\u00eds para   paralizar las actividades, lo que el propio Presidente declar\u00f3 en un   momento determinado\u201d, dijo.<\/p>\n<p style=\"text-align: justify;\">Recuerda que el Primer Mandatario antes de llegar al Regimiento Quito  ten\u00eda la informaci\u00f3n de que lo que ah\u00ed ocurr\u00eda era una protesta de los  uniformados, pero al constatar la realidad se dio cuenta que era m\u00e1s que<\/p>\n<p style=\"text-align: justify;\">eso.<!--more--><\/p>\n<p style=\"text-align: justify;\"><img loading=\"lazy\" decoding=\"async\" class=\"alignleft\" src=\"https:\/\/adhilac.com.ar\/wp-content\/uploads\/2011\/04\/CorreaReeleccion.jpg\" alt=\"\" width=\"401\" height=\"384\" \/><\/p>\n<p style=\"text-align: justify;\">En el primer cap\u00edtulo del texto, Paz y Mi\u00f1o asegura que el 30 de septiembre tiene que ser visto como un d\u00eda proceso.<\/p>\n<p style=\"padding-left: 30px; text-align: justify;\">\u201cNo se puede ver al 30 de septiembre como un d\u00eda en el que hubo un  acontecimiento sino como un d\u00eda con fases de siete de la ma\u00f1ana a nueve  de la ma\u00f1ana ocurre algo, de nueve de la ma\u00f1ana a doce de la ma\u00f1ana pas\u00f3  otra cosa, y as\u00ed sucesivamente, as\u00ed esta la cronolog\u00eda que narr\u00f3 en el  libro\u201d, acot\u00f3.<\/p>\n<p style=\"text-align: justify;\">Con esta cronolog\u00eda se podr\u00e1 comprender, precis\u00f3, c\u00f3mo a las siete de  la ma\u00f1ana hay una insubordinaci\u00f3n en marcha, mucho antes de que llegue  el mandatario Correa.<\/p>\n<p style=\"text-align: justify;\">&nbsp;<\/p>\n<p style=\"padding-left: 30px; text-align: justify;\">\u201cSe comprender\u00e1 que ya desde ese momento hay una insubordinaci\u00f3n, un  atentado en contra de la ciudadan\u00eda, todav\u00eda no ha llegado el Presidente  al cuartel\u201d, mencion\u00f3.<\/p>\n<p style=\"text-align: justify;\">El momento en que el Jefe de Estado arriba al Regimiento, \u201cno es que el  Presidente va para enfrentarse como se ha dicho\u201d sino para dialogar.<\/p>\n<p style=\"text-align: justify;\">&nbsp;<\/p>\n<p style=\"padding-left: 30px; text-align: justify;\">\u201cNo le dejan entrar en la primera oportunidad, pongo un testimonio  ah\u00ed de los agentes de seguridad de c\u00f3mo al Presidente, incluso, por poco  no le aplastan contra la puerta al momento en que quer\u00edan ingresar, le  lanzan las primeras bombas. El Presidente sale por asunto de seguridad,  lo llevan los agentes, entonces, decide regresar\u201d, a\u00f1adi\u00f3.<\/p>\n<p style=\"text-align: justify;\">Posterior a ello, se da la intervenci\u00f3n del presidente Correa ante los  uniformados,<\/p>\n<p style=\"padding-left: 30px; text-align: justify;\">\u201cpero no es que eso lleva a la provocaci\u00f3n, la  insubordinaci\u00f3n est\u00e1 en marcha, eso es la que la gente se olvida,  independientemente del hospital\u201d.<\/p>\n<p style=\"padding-left: 30px; text-align: justify;\">\u00abPasada la primera fase de ese d\u00eda, en un segundo momento, desde que  llega el Presidente, se concentra todo en Quito y en el cuartel \u201cporque  hasta en Guayaquil a eso de la media ma\u00f1ana los polic\u00edas se han retirado  y se recupera, por ejemplo, el puente de la Unidad Nacional que estuvo  bloqueado\u201d.<\/p>\n<p style=\"text-align: justify;\"><a href=\"https:\/\/adhilac.com.ar\/wp-content\/uploads\/2011\/04\/EI-Libro_de_JPyM-Una_optica_distinta-20Abr2011_P\u00e1gina_1.jpg\"><img loading=\"lazy\" decoding=\"async\" class=\"alignright size-full wp-image-3519\" title=\"EI-Libro_de_JPyM-Una_optica_distinta-20Abr2011_P\u00e1gina_1\" src=\"https:\/\/adhilac.com.ar\/wp-content\/uploads\/2011\/04\/EI-Libro_de_JPyM-Una_optica_distinta-20Abr2011_P\u00e1gina_1.jpg\" alt=\"\" width=\"479\" height=\"251\" srcset=\"https:\/\/adhilac.com.ar\/wp-content\/uploads\/2011\/04\/EI-Libro_de_JPyM-Una_optica_distinta-20Abr2011_P\u00e1gina_1.jpg 479w, https:\/\/adhilac.com.ar\/wp-content\/uploads\/2011\/04\/EI-Libro_de_JPyM-Una_optica_distinta-20Abr2011_P\u00e1gina_1-300x157.jpg 300w\" sizes=\"auto, (max-width: 479px) 100vw, 479px\" \/><\/a><\/p>\n<p style=\"text-align: justify;\"><em>Izquierda: Juan Paz y Mi\u00f1o<\/em><\/p>\n<p style=\"text-align: justify;\">Asimismo, se refiri\u00f3 a la protesta que efectuaron algunos integrantes  de la FAE y del Ej\u00e9rcito, quienes, a criterio del historiador, estaban  coordinados de alguna manera con la Polic\u00eda Nacional.<\/p>\n<p style=\"padding-left: 30px; text-align: justify;\">\u201cNo hay que olvidarse que en la FAE tienen carteles absolutamente  bien impresos, dise\u00f1ados perfectamente y que gracias a la presencia del  Comandante General de la FAE y del Ministro de Defensa eso se logra  paralizar\u201d, record\u00f3 en \u201cEl poder de la palabra\u201d de  Ecuadorinmediato.com\/radio.<br \/>\nEn relaci\u00f3n con los hechos que se desencadenaron en la Asamblea  Nacional, Paz y Mi\u00f1o recalca que fue un escenario con su propia l\u00f3gica,  \u201ccuando comienza a actuar los pol\u00edticos es ahora s\u00ed para aprovechar de  la insubordinaci\u00f3n policial y dar el golpe de Estado\u201d.<\/p>\n<p style=\"padding-left: 30px; text-align: justify;\">\u201cDistinguir bien en lo que es la insubordinaci\u00f3n policial y lo que es  el golpe de Estado, no quiero decir que no haya polic\u00edas, oficiales,  probablemente comprometidos en el golpe, pero al mismo tiempo hay que  distinguir de esos pol\u00edticos que s\u00ed se movilizaron con el af\u00e1n de ver si  se cae el Gobierno\u201d, explic\u00f3.<\/p>\n<p style=\"text-align: justify;\">Cuestiona las razones por las que ciertos asamble\u00edstas pidieron amnist\u00eda para los involucrados en el 30-S. 3 de 4<\/p>\n<p style=\"padding-left: 30px; text-align: justify;\">\u201cC\u00f3mo as\u00ed el pedido de amnist\u00eda tan temprano antes de las cinco de la  tarde, para efectos de qu\u00e9, para salvar a aquellos ya comprometidos  entre los polic\u00edas y entre funcionarios p\u00fablicos y entre sectores  pol\u00edticos\u201d, se\u00f1al\u00f3.<br \/>\nAl avanzar el d\u00eda, el enfrentamiento se da entre la polic\u00eda sublevada  con los ciudadanos, \u201cd\u00f3nde est\u00e1 Correa ah\u00ed, Correa est\u00e1 en el hospital,  los ciudadanos est\u00e1n en otro lado, no solamente es en Quito, es en otras  ciudades tambi\u00e9n y en el extranjero que sale la comunidad a las  embajadas\u201d.<\/p>\n<p style=\"text-align: justify;\">Fuente: http:\/\/www.ecuadorinmediato.com<\/p>\n<p style=\"text-align: justify;\"><strong>NOTA<\/strong><br \/>\nEl libro se puede comprar por internet bien sea f\u00edsicamente o bien como archivo en pdf. Para ello hay que dirigirse a la editorial Abya Yala en: www.abyayala.org<\/p>\n<p style=\"text-align: justify;\"><strong>Publicado por ADHILAC Internacional \u00a9 www.adhilac.com.ar<\/strong><\/p>\n<p style=\"text-align: justify;\">Si Ud. desea asociarse de acuerdo a los Estatutos de ADHILAC\u00a0<a title=\"(ver)\" href=\"https:\/\/adhilac.com.ar\/?page_id=263\">(ver)<\/a> complete el siguiente formulario\u00a0<a title=\"(ver)\" href=\"https:\/\/adhilac.com.ar\/?page_id=3194\">(ver)<\/a><\/p>\n<p style=\"text-align: justify;\">E-mail: info@adhilac.com.ar<strong> <\/strong><\/p>\n<p style=\"text-align: justify;\">Twitter: @AdhilacInfo<\/p>\n","protected":false},"excerpt":{"rendered":"<p>Entrevista a Juan Paz y Mi\u00f1o Libro Insubordinaci\u00f3n o golpe. Ecuador: la trama del 30S, una \u00f3ptica distinta de la revuelta policial. Obra que busca dotar de datos para saber qu\u00e9 existi\u00f3 detr\u00e1s de aquel d\u00eda. El historiador Juan Paz y Mi\u00f1o presenta el libro \u201cInsubordinaci\u00f3n o golpe. Ecuador: la trama del 30S\u201d, en el [&hellip;]<\/p>\n","protected":false},"author":2,"featured_media":0,"comment_status":"closed","ping_status":"closed","sticky":false,"template":"","format":"standard","meta":{"_crdt_document":"","footnotes":""},"categories":[32,40,7],"tags":[27,128,180],"class_list":["post-3496","post","type-post","status-publish","format-standard","hentry","category-adhilac-ecuador","category-informaciones","category-publicac-info","tag-ecuador","tag-golpe-de-estado","tag-rafael-correa"],"_links":{"self":[{"href":"https:\/\/adhilac.com.ar\/index.php?rest_route=\/wp\/v2\/posts\/3496","targetHints":{"allow":["GET"]}}],"collection":[{"href":"https:\/\/adhilac.com.ar\/index.php?rest_route=\/wp\/v2\/posts"}],"about":[{"href":"https:\/\/adhilac.com.ar\/index.php?rest_route=\/wp\/v2\/types\/post"}],"author":[{"embeddable":true,"href":"https:\/\/adhilac.com.ar\/index.php?rest_route=\/wp\/v2\/users\/2"}],"replies":[{"embeddable":true,"href":"https:\/\/adhilac.com.ar\/index.php?rest_route=%2Fwp%2Fv2%2Fcomments&post=3496"}],"version-history":[{"count":9,"href":"https:\/\/adhilac.com.ar\/index.php?rest_route=\/wp\/v2\/posts\/3496\/revisions"}],"predecessor-version":[{"id":3498,"href":"https:\/\/adhilac.com.ar\/index.php?rest_route=\/wp\/v2\/posts\/3496\/revisions\/3498"}],"wp:attachment":[{"href":"https:\/\/adhilac.com.ar\/index.php?rest_route=%2Fwp%2Fv2%2Fmedia&parent=3496"}],"wp:term":[{"taxonomy":"category","embeddable":true,"href":"https:\/\/adhilac.com.ar\/index.php?rest_route=%2Fwp%2Fv2%2Fcategories&post=3496"},{"taxonomy":"post_tag","embeddable":true,"href":"https:\/\/adhilac.com.ar\/index.php?rest_route=%2Fwp%2Fv2%2Ftags&post=3496"}],"curies":[{"name":"wp","href":"https:\/\/api.w.org\/{rel}","templated":true}]}}