{"id":3586,"date":"2011-03-29T15:23:41","date_gmt":"2011-03-29T18:23:41","guid":{"rendered":"https:\/\/adhilac.com.ar\/?p=3586"},"modified":"2012-07-13T12:30:40","modified_gmt":"2012-07-13T15:30:40","slug":"revista-projeto-historia-nro-39-pucsp","status":"publish","type":"post","link":"https:\/\/adhilac.com.ar\/?p=3586","title":{"rendered":"Revista Projeto Hist\u00f3ria, Nro. 39. PUCSP"},"content":{"rendered":"<h3><span style=\"color: #339966;\">VIOL\u00caNCIA E PODER \u2013 criminaliza\u00e7\u00e3o das lutas sociais<\/span><\/h3>\n<p style=\"text-align: justify;\"><a href=\"https:\/\/adhilac.com.ar\/wp-content\/uploads\/2011\/04\/cover_issue_373_pt_BR.jpg\"><img loading=\"lazy\" decoding=\"async\" class=\"size-full wp-image-3485 alignleft\" title=\"cover_issue_373_pt_BR\" src=\"https:\/\/adhilac.com.ar\/wp-content\/uploads\/2011\/04\/cover_issue_373_pt_BR.jpg\" alt=\"\" width=\"250\" height=\"359\" srcset=\"https:\/\/adhilac.com.ar\/wp-content\/uploads\/2011\/04\/cover_issue_373_pt_BR.jpg 320w, https:\/\/adhilac.com.ar\/wp-content\/uploads\/2011\/04\/cover_issue_373_pt_BR-208x300.jpg 208w\" sizes=\"auto, (max-width: 250px) 100vw, 250px\" \/><\/a><br \/>\nN\u00ba 39 &#8211; JULHO A DEZEMBRO DE 2009<\/p>\n<p style=\"text-align: justify;\">TRADU\u00c7\u00c3O<\/p>\n<p style=\"text-align: justify;\">ARCHEOLOGIE DE L\u2019\u00ab\u00a0APACHISME\u00a0\u00bb\u00a0: Barbares et peaux-rouge au XIXe siecle.<br \/>\nDominique Kalifa (Univ. Paris)<\/p>\n<p style=\"text-align: justify;\">dominique.kalifa@univ-paris1.fr.<br \/>\ntradutor Ilka<\/p>\n<p style=\"text-align: justify;\">ARTIGOS<\/p>\n<p style=\"text-align: justify;\">INFLUENCIAS DE LA REVOLUCI\u00d3N MEXICANA EN LOS MOVIMIENTOS OBREROS Y SINDICALES EN COLOMBIA<br \/>\nPor: Jorge Enrique El\u00edas Caro<\/p>\n<p style=\"text-align: justify;\"><!--more-->HIST\u00d3RIA E VIOL\u00caNCIA COTIDIANA DE UM \u201cPOVO ARMADO\u201d<br \/>\nValmir Batista Corr\u00eaa<br \/>\nn\u00ba pg. 21 \u2013 tem resumo e palavras chaves<\/p>\n<p style=\"text-align: justify;\">VIGENCIA DEL PENSAMIENTO ECON\u00d3MICO DE ERNESTO \u201cCHE\u201d GUEVARA Y SU APORTE AL DESARROLLO ORGANIZACIONAL EN LATINOAM\u00c9RICA<br \/>\nElsa Petit Torres,<br \/>\nRoberto L\u00f3pez S\u00e1nchez.<br \/>\nn\u00ba pg. &#8211; tem resumo e palavras chaves<\/p>\n<p style=\"text-align: justify;\">O \u201cESTRONDO DAS ARMAS\u201d. VIOL\u00caNCIA, GUERRA E TRABALHO IND\u00cdGENA NA AMAZ\u00d4NIA (S\u00c9CULOS XVII E XVIII)<br \/>\nRafael Chambouleyron<br \/>\nFernanda Aires Bombardi<br \/>\nVanice Siqueira de Melo<br \/>\nn\u00ba pg. 26 \u2013 tem resumo e palavras chaves<\/p>\n<p style=\"text-align: justify;\">A FRONTEIRA COMO DOM\u00cdNIO DA VIOL\u00caNCIA: reportagens sobre o sul de Mato Grosso (1932)<br \/>\nThe boundary as field of violence: reports about the south of Mato Grosso (1932)<br \/>\nCarla Villamaina Centeno<\/p>\n<p style=\"text-align: justify;\">n\u00ba pg. 22 \u2013 tem resumo e palavras chaves<\/p>\n<p style=\"text-align: justify;\">A LEGISLA\u00c7\u00c3O DE 1890, M\u00c3ES SOLTEIRAS POBRES E O TRABALHO INFANTIL<br \/>\nThe decree number 181 of 1890. Poor single mothers and work exploration of the kids<br \/>\nMaria Aparecida C. R. Papali<br \/>\nn\u00ba pg. 09 &#8211;\u00a0 tem resumo e palavras chaves<\/p>\n<p style=\"text-align: justify;\">OS CADERNOS DO PEDRINHO: Li\u00e7\u00f5es, palmat\u00f3ria, memoriza\u00e7\u00f5es.<br \/>\nPedrinho\u2019s notebooks: Lessons, the beating stick, memorizations.<\/p>\n<p style=\"text-align: justify;\">Maria Zeneide Carneiro Magalh\u00e3es de Almeida<br \/>\nn\u00ba pg. &#8211; tem resumo e palavras chaves<\/p>\n<p style=\"text-align: justify;\">FRONTEIRAS E IDENTIDADES: OS POVOS IND\u00cdGENAS NA TR\u00cdPLICE FRONTEIRA BRASIL-BOL\u00cdVIA-PERU<br \/>\nRinaldo S. V. Arruda<br \/>\nfronteiras peru<\/p>\n<p style=\"text-align: justify;\">SENTIDOS DA VIOL\u00caNCIA CONJUGAL E AM\u00c1SIA EM BEL\u00c9M (D\u00c9CADAS DE 1920 E 1930)*<br \/>\nSenses the matrimonial violence and mistress in Bel\u00e9m (decades of 1920 and 1930)<br \/>\nIpojucan Dias Campos**<\/p>\n<p style=\"text-align: justify;\">LA REVOLUCI\u00d3N HAITIANA: legado y actualidad<br \/>\nDigna Casta\u00f1eda Fuertes<\/p>\n<p style=\"text-align: justify;\">LA DISCIPLINA ESCOLAR DESDE EL PENSAMIENTO PEDAG\u00d3GICO EN CUBA, 1793-1898: consideraciones metodol\u00f3gicas.<br \/>\nYoel Cordov\u00ed N\u00fa\u00f1ez<\/p>\n<p style=\"text-align: justify;\">DE ILHA DE PROSPERIDADE \u00c0 (DES) ORDEM URBANA: os menores infratores de Uberl\u00e2ndia- MG (1960-1990)<br \/>\nOf Island of Prosperity to (The urban des)order: the lesser infractors of Uberl\u00e2ndia-Mg (1960-1990)<br \/>\nCarlos Henrique de Carvalho*<br \/>\n(perguntar ao autor se j\u00e1 n\u00e3o foi publicado)<\/p>\n<p style=\"text-align: justify;\">POL\u00cdBIO CONTRA TIMEU, OU O DIREITO DE CRITICAR<br \/>\nBreno Battistin Sebastiani<\/p>\n<p style=\"text-align: justify;\">O MATRIM\u00d4NIO ENTRE OS PODERES TEMPORAL E ESPIRITUAL: o casamento civil e o processo de seculariza\u00e7\u00e3o da esfera jur\u00eddica no Brasil.<br \/>\nMatrimony between secular and spiritual powers: civil marriage and the process of secularization of the juridical sphere in Brazil.<br \/>\nGilson Ciarallo<br \/>\nn\u00ba pg. &#8211; tem resumo e palavras chaves<\/p>\n<p style=\"text-align: justify;\">NOTICIAS<\/p>\n<p style=\"text-align: justify;\">1 A ESQUERDA RADICAL DE OSASCO (S\u00c3O PAULO, BRASIL)<br \/>\nThe Radical Left of Osasco (S\u00e3o Paulo, Brasil).<br \/>\nS\u00e9rgio Luiz Santos de Oliveira<br \/>\nn\u00ba pg. 12<\/p>\n<p style=\"text-align: justify;\">3\u00a0 O processo de \u201cintegra\u00e7\u00e3o na produ\u00e7\u00e3o\u201d DA A\u00e7\u00e3o Popular: uma experi\u00eancia mao\u00edsta na Bahia. (1967-1970)<br \/>\nCristiane Soares de Santana<br \/>\nn\u00ba pg. 10<\/p>\n<p style=\"text-align: justify;\">5 DEFENDENDO A P\u00c1TRIA PARA DEFENDER AS ID\u00c9IAS: Narrativas e cria\u00e7\u00e3o de sentidos na Imprensa Cearense durante a \u201cGuerra do Paraguai\u201d (1865-1870).<br \/>\nMaria Regina Santos de Souza<br \/>\nn\u00ba pg.<\/p>\n<p style=\"text-align: justify;\">9 EM CENA: QUATRO HOMENS NUMA JANGADA. A LUTA POR DIREITOS DOS JANGADEIROS CEARENSES EM 1941.<br \/>\nM\u00e1rcia Juliana Santos<br \/>\nn\u00ba pg. 12<\/p>\n<p style=\"text-align: justify;\">RESENHA<\/p>\n<p style=\"text-align: justify;\">n\u00ba pg.<\/p>\n<p style=\"text-align: justify;\">A HIST\u00d3RIA OCULTA DOS ESTADOS UNIDOS<br \/>\nLivro:\u00a0 INN, Howard. La Otra Historia de los Estados Unidos. M\u00e9xico: Siglo XXI Editores, 2005, 520 p.<br \/>\nWaldir Jos\u00e9 Rampinelli<br \/>\nn\u00ba pg.<br \/>\nou<br \/>\nCOL\u00d4MBIA: UM ESTADO TERRORISTA?<br \/>\nLivro: OSPINA, Hernando Calvo. O Terrorismo de Estado na Col\u00f4mbia. Florian\u00f3polis: Editora Insular, 2010, 344 p.<br \/>\nWaldir Jos\u00e9 Rampinelli *<br \/>\npassar para patrimonio<\/p>\n<p style=\"text-align: justify;\">Livro: SAINT-PIERRE, H\u00e9ctor Luis (org); P. Carlos Guti\u00e9rres; WINAND, \u00c9rica; LOPEZ, Ernesto Justo; GUYER, Juli\u00e1n Gonz\u00e1les. Controle civil sobre os militares: e a pol\u00edtica de defesa na Argentina, no Brasil, no Chile e no Uruguai. Programa San Tiago Dantas de P\u00f3s gradua\u00e7\u00e3o em rela\u00e7\u00f5es internacionais: Universidade Paulista \u2013 UNESP; Unicamp; PUC\/SP. Ed. UNESP, S\u00e3o Paulo, 2007. 126p.<br \/>\nArleandra de Lima Ricardo<\/p>\n<p><strong>Publicado por ADHILAC Internacional \u00a9 www.adhilac.com.ar<\/strong><\/p>\n<p>Si Ud. desea asociarse de acuerdo a nuestros Estatutos\u00a0<a title=\"(ver)\" href=\"https:\/\/adhilac.com.ar\/?page_id=263\">(ver)<\/a> complete el siguiente formulario<a title=\"(ver)\" href=\"https:\/\/adhilac.com.ar\/?page_id=3194\">(ver)<\/a><\/p>\n<p>E-mail: info@adhilac.com.ar<strong><\/strong><\/p>\n<p>Twitter: @AdhilacInfo<\/p>\n","protected":false},"excerpt":{"rendered":"<p>VIOL\u00caNCIA E PODER \u2013 criminaliza\u00e7\u00e3o das lutas sociais N\u00ba 39 &#8211; JULHO A DEZEMBRO DE 2009 TRADU\u00c7\u00c3O ARCHEOLOGIE DE L\u2019\u00ab\u00a0APACHISME\u00a0\u00bb\u00a0: Barbares et peaux-rouge au XIXe siecle. Dominique Kalifa (Univ. Paris) dominique.kalifa@univ-paris1.fr. tradutor Ilka ARTIGOS INFLUENCIAS DE LA REVOLUCI\u00d3N MEXICANA EN LOS MOVIMIENTOS OBREROS Y SINDICALES EN COLOMBIA Por: Jorge Enrique El\u00edas Caro<\/p>\n","protected":false},"author":2,"featured_media":0,"comment_status":"closed","ping_status":"closed","sticky":false,"template":"","format":"standard","meta":{"_crdt_document":"","footnotes":""},"categories":[40],"tags":[13,181,177,178],"class_list":["post-3586","post","type-post","status-publish","format-standard","hentry","category-informaciones","tag-america-latina","tag-dictadura","tag-poder","tag-violencia"],"_links":{"self":[{"href":"https:\/\/adhilac.com.ar\/index.php?rest_route=\/wp\/v2\/posts\/3586","targetHints":{"allow":["GET"]}}],"collection":[{"href":"https:\/\/adhilac.com.ar\/index.php?rest_route=\/wp\/v2\/posts"}],"about":[{"href":"https:\/\/adhilac.com.ar\/index.php?rest_route=\/wp\/v2\/types\/post"}],"author":[{"embeddable":true,"href":"https:\/\/adhilac.com.ar\/index.php?rest_route=\/wp\/v2\/users\/2"}],"replies":[{"embeddable":true,"href":"https:\/\/adhilac.com.ar\/index.php?rest_route=%2Fwp%2Fv2%2Fcomments&post=3586"}],"version-history":[{"count":7,"href":"https:\/\/adhilac.com.ar\/index.php?rest_route=\/wp\/v2\/posts\/3586\/revisions"}],"predecessor-version":[{"id":6107,"href":"https:\/\/adhilac.com.ar\/index.php?rest_route=\/wp\/v2\/posts\/3586\/revisions\/6107"}],"wp:attachment":[{"href":"https:\/\/adhilac.com.ar\/index.php?rest_route=%2Fwp%2Fv2%2Fmedia&parent=3586"}],"wp:term":[{"taxonomy":"category","embeddable":true,"href":"https:\/\/adhilac.com.ar\/index.php?rest_route=%2Fwp%2Fv2%2Fcategories&post=3586"},{"taxonomy":"post_tag","embeddable":true,"href":"https:\/\/adhilac.com.ar\/index.php?rest_route=%2Fwp%2Fv2%2Ftags&post=3586"}],"curies":[{"name":"wp","href":"https:\/\/api.w.org\/{rel}","templated":true}]}}