{"id":3921,"date":"2011-06-02T10:38:12","date_gmt":"2011-06-02T13:38:12","guid":{"rendered":"https:\/\/adhilac.com.ar\/?p=3921"},"modified":"2012-07-13T11:35:46","modified_gmt":"2012-07-13T14:35:46","slug":"programa-x-encuentro-adhilac-santo-domingo-14-al-17-de-junio-de-2011","status":"publish","type":"post","link":"https:\/\/adhilac.com.ar\/?p=3921","title":{"rendered":"Programa X Encuentro ADHILAC. Santo Domingo.14 al 17 de junio de 2011"},"content":{"rendered":"<h3 style=\"text-align: justify;\"><span style=\"color: #339966;\">PROGRAMA<\/span><\/h3>\n<p style=\"text-align: justify;\"><a href=\"https:\/\/adhilac.com.ar\/wp-content\/uploads\/2010\/03\/afiche_ADHILAC_CORREG-chico.jpg\"><img loading=\"lazy\" decoding=\"async\" class=\"size-full wp-image-3289 alignleft\" title=\"afiche_ADHILAC_CORREG-chico\" src=\"https:\/\/adhilac.com.ar\/wp-content\/uploads\/2010\/03\/afiche_ADHILAC_CORREG-chico.jpg\" alt=\"\" width=\"248\" height=\"384\" \/><\/a><\/p>\n<p style=\"text-align: justify;\">X ENCUENTRO INTERNACIONAL DE LA ASOCIACION DE HISTORIADORES LATINOAMERICANOS Y DEL CARIBE ADHILAC<\/p>\n<p style=\"text-align: justify;\"><em>LAS REVOLUCIONES EN LA HISTORIA DE AMERICA LATINA Y EL CARIBE EN EL SIGLO XX <\/em><\/p>\n<p style=\"text-align: justify;\"><strong>14 DE JUNIO DE 2011<\/strong><br \/>\n08:00 a 18:00<br \/>\nRegistro de participantes y entrega de materiales<\/p>\n<p style=\"text-align: justify;\">10:00 a 12:00<br \/>\nReuni\u00f3n Junta Directiva Internacional de ADHILAC<\/p>\n<p style=\"text-align: justify;\">18:00 a 19:00<br \/>\nInauguraci\u00f3n del evento<br \/>\nSaludo y palabras de bienvenida del Dr. Sergio Guerra Vilaboy (Presidente ADHILAC)<br \/>\nSaludo y palabras de bienvenida del Dr. Leonel Fern\u00e1ndez Reina (Presidente de la Rep. Dominicana)<br \/>\nPalabras de la Autoridad Dominicana<\/p>\n<p style=\"text-align: justify;\"><!--more-->19:00 a 20:00<\/p>\n<p style=\"text-align: justify;\">Conferencia Magistral de Inauguraci\u00f3n<br \/>\nLas grandes revoluciones americanas del siglo XX: reflexiones sobre M\u00e9xico, Bolivia y Cuba<br \/>\nFranklin Knight (Universidad Johns Hopkins-Estados Unidos)<\/p>\n<p style=\"text-align: justify;\">20:00 a 20:15<br \/>\nMenci\u00f3n y enaltecimiento como<span style=\"text-decoration: underline;\"> miembro honorario de la ADHILAC internacional al Dr. Franklin Knight<\/span> de Estados Unidos<br \/>\nEntrega Sergio Guerra Vilaboy (Presidente ADHILAC)<br \/>\nEntrega Jorge Enrique El\u00edas Caro (Secretario Ejecutivo Internacional ADHILAC)<\/p>\n<p style=\"text-align: justify;\">20:15 a 21:30<br \/>\nActos culturales de Inauguraci\u00f3n y Coctel de bienvenida<\/p>\n<p style=\"text-align: justify;\"><strong>15 DE JUNIO DE 2011 <\/strong><\/p>\n<p style=\"text-align: justify;\">08:00 a 09:00<\/p>\n<p style=\"text-align: justify;\"><strong>Presentaci\u00f3n de la Enciclopedia Digital del Caribe (EnCaribe)<\/strong><\/p>\n<p style=\"text-align: justify;\"><strong>SALA 3\u00a0\u00a0\u00a0 Presentan: Luis Cespedes Espinosa y Rogelio Rodr\u00edguez Coronel<\/strong><\/p>\n<p style=\"text-align: justify;\">09:00 a 10:30<br \/>\n<strong>MESA 1:<\/strong><\/p>\n<p style=\"text-align: justify;\">Las revoluciones en el pensamiento y pr\u00e1ctica de Juan Bosch<br \/>\nSALA 1\u00a0\u00a0\u00a0 Coordina: Autoridad dominicana por definir.<\/p>\n<p style=\"text-align: justify;\">1.\u00a0\u00a0\u00a0 De la revoluci\u00f3n democr\u00e1tica a la liberaci\u00f3n nacional<br \/>\nMat\u00edas Bosch (Fundaci\u00f3n Juan Bosch-Rep. Dominicana)<br \/>\n2.\u00a0\u00a0\u00a0 La revoluci\u00f3n en el pensamiento de Juan Bosch<br \/>\nJusto Pedro Castellano (Universidad Apec-Rep. Dominicana)<br \/>\n3.\u00a0\u00a0\u00a0 De la Restauraci\u00f3n a la Revoluci\u00f3n de Abril: un an\u00e1lisis desde Bosch<br \/>\nAndr\u00e9s L. Mateo (Universidad Apec-Rep. Dominicana)<br \/>\n4.\u00a0\u00a0\u00a0 Testimonio \u00abJuan Bosch y la revoluci\u00f3n latinoamericana 1973-1990<br \/>\nFernando Morales Billini (Rep. Dominicana)<\/p>\n<p style=\"text-align: justify;\">09:00 a 10:30<br \/>\n<strong>MESA 2:<\/strong><\/p>\n<p style=\"text-align: justify;\">La Revoluci\u00f3n Sandinista<br \/>\nSALA 2\u00a0\u00a0\u00a0 Coordina: Rafael Cuevas Molina (Universidad Nacional de Costa Rica)<\/p>\n<p style=\"text-align: justify;\">1.\u00a0\u00a0\u00a0 Nicaragua. Dictadura y revolucion<br \/>\nRoberto Gonz\u00e1lez Arana (Universidad del Norte-Colombia)<br \/>\n2.\u00a0\u00a0\u00a0 O drama hist\u00f3rico de Nicar\u00e1gua: revolu\u00e7\u00e3o, contra-revolu\u00e7\u00e3o e a esc\u00f3ria imperial.<br \/>\nAntonio Rago Filho (Pontificia Universidad Cat\u00f3lica de Sao Paulo-Brasil)<br \/>\n3.\u00a0\u00a0\u00a0 La revoluci\u00f3n sandinista desde la contrarrevoluci\u00f3n. La visi\u00f3n de ex combatientes discapacitados 30 a\u00f1os despu\u00e9s.<br \/>\nVeronica Rueda Estrada (Universidad de Quintana Roo- M\u00e9xico)<\/p>\n<p style=\"text-align: justify;\">09:00 a 10:30<br \/>\n<strong>MESA 3:<\/strong><\/p>\n<p style=\"text-align: justify;\">La Revoluci\u00f3n Mexicana (Parte I)<br \/>\nSALA 3\u00a0\u00a0\u00a0 Coordina: Arturo Sorhegui D\u00b4mares (Universidad de la Habana-Cuba)<\/p>\n<p style=\"text-align: justify;\">1.\u00a0\u00a0\u00a0 La revoluci\u00f3n mexicana y la improbable avenencia de sus protagonistas<br \/>\nErick Salazar (Universidad Nacional Aut\u00f3noma de M\u00e9xico)<br \/>\n2.\u00a0\u00a0\u00a0 Discriminaci\u00f3n contra chinos durante la revoluci\u00f3n mexicana<br \/>\nCatalina Vel\u00e1squez Morales (Universidad Aut\u00f3noma de Baja California-M\u00e9xico)<br \/>\n3.\u00a0\u00a0\u00a0 Imaginarios, mitos y discurso sobre la revoluci\u00f3n mexicana<br \/>\nAlejo Maldonado Gallardo (Universidad Michoacana de San Nicol\u00e1s de Hidalgo-M\u00e9xico)<\/p>\n<p style=\"text-align: justify;\">10:30 a 11:00<br \/>\n<strong>REFRIGERIO<\/strong><\/p>\n<p style=\"text-align: justify;\">11:00 A 12:30<br \/>\n<strong>MESA 4:<\/strong><\/p>\n<p style=\"text-align: justify;\">La Revoluci\u00f3n Cubana (Parte I)<br \/>\nSALA 1\u00a0\u00a0\u00a0 Coordina: Alejo Maldonado Gallardo (Universidad Michoacana de San Nicol\u00e1s de Hidalgo-M\u00e9xico)<\/p>\n<p style=\"text-align: justify;\">1.\u00a0\u00a0\u00a0 Vivencias de la Revoluci\u00f3n Cubana<br \/>\nFernando Vecino Alegret (Ex-ministro de Cuba)<br \/>\n2.\u00a0\u00a0\u00a0 Cayo Confites 1947. Confluencia pre vanguardista en el Caribe<br \/>\nMario Mencia (Consejo de Estado Cubano)<br \/>\n3.\u00a0\u00a0\u00a0 La Revoluci\u00f3n Cubana, sus relaciones generacionales con la\u00a0 juventud y la\u00a0 continuidad hist\u00f3rica del proyecto social cubano<br \/>\nYohandra Rad Camay (Universidad de Oriente-Cuba)<\/p>\n<p style=\"text-align: justify;\">11:00 A 12:30<br \/>\n<strong>MESA 5:<\/strong><\/p>\n<p style=\"text-align: justify;\">La Revoluci\u00f3n Mexicana (Parte II)<br \/>\nSALA 2\u00a0\u00a0\u00a0 Coordina: Roberto Gonz\u00e1lez Arana (Universidad del Norte-Colombia)<\/p>\n<p style=\"text-align: justify;\">1.\u00a0\u00a0\u00a0 A prop\u00f3sito del bandolerismo en la Revoluci\u00f3n Mexicana<br \/>\nEduardo N. Mijangos D\u00edaz (Universidad Michoacana de San Nicol\u00e1s de Hidalgo-M\u00e9xico)<br \/>\n2.\u00a0\u00a0\u00a0 La revoluci\u00f3n mexicana de 1910<br \/>\nMurad Khan Ahamad (Jawaharlal Nehru University-India)<br \/>\n3.\u00a0\u00a0\u00a0 El sindicalismo en Orizaba durante la Revoluci\u00f3n mexicana<br \/>\nBernardo Garc\u00eda D\u00edaz (Universidad Veracruzana-M\u00e9xico)<br \/>\n4. \u00a0\u00a0\u00a0 Historia, Revoluci\u00f3n y Educaci\u00f3n en M\u00e9xico<br \/>\nJenaro Reynoso Jaime (Universidad Aut\u00f3noma del Estado de M\u00e9xico)<\/p>\n<p style=\"text-align: justify;\">11:00 A 12:30<br \/>\n<strong>MESA 6: <\/strong><\/p>\n<p style=\"text-align: justify;\">La Revoluci\u00f3n Dominicana de 1965 (Parte I)<br \/>\nSALA 3\u00a0\u00a0\u00a0 Coordina: Mat\u00edas Bosch (Fundaci\u00f3n Juan Bosch- Rep. Dominicana)<\/p>\n<p style=\"text-align: justify;\">1.\u00a0\u00a0\u00a0 La Revoluci\u00f3n de Abril en el Contexto Internacional<br \/>\nRam\u00f3n Paniagua (Universidad Aut\u00f3noma de Santo Domingo-Rep. Dominicana)<br \/>\n2.\u00a0\u00a0\u00a0 Bosch, su idea democratizadora, la revoluci\u00f3n de abril y el proceso de legitimaci\u00f3n de Balaguer<br \/>\nMar\u00eda Beatr\u00edz Torres Contreras (Univesidad Aut\u00f3noma del Estado de M\u00e9xico)<br \/>\nJos\u00e9 Juan Mendez Ramirez (Univesidad Aut\u00f3noma del Estado de M\u00e9xico)<br \/>\n3.\u00a0\u00a0\u00a0 El Alcance Nacional de la Revoluci\u00f3n de Abril de 1965: Caso San Francisco de Macor\u00eds, Santiago y otros pueblos<br \/>\nAngela Altagracia Fern\u00e1ndez (Universidad Aut\u00f3noma de Santo Domingo-Rep. Dominicana)<br \/>\n4.\u00a0\u00a0\u00a0 Los comandos constitucionalistas de abril de 1965: Espacios de poder del pueblo dominicano en armas<br \/>\nJuan De la Cruz (Universidad Aut\u00f3noma de Santo Domingo-Rep. Dominicana)<br \/>\n5.\u00a0\u00a0\u00a0 Las Expresiones Literarias y Culturales durante la Revoluci\u00f3n de Abril<br \/>\nAlejandro Paulino Ramos (Archivo General de la Naci\u00f3n-Rep. Dominicana)<\/p>\n<p style=\"text-align: justify;\">12:30 a 15:00<\/p>\n<p style=\"text-align: justify;\"><strong>ALMUERZO LIBRE<\/strong><\/p>\n<p style=\"text-align: justify;\">15:00 A 16:30<br \/>\n<strong>MESA 7:<\/strong><\/p>\n<p style=\"text-align: justify;\">La Revoluci\u00f3n Cubana (Parte II)<br \/>\nSALA 1\u00a0\u00a0\u00a0 Coordina: Yesenia Mart\u00ednez Garc\u00eda\u00a0 (Universidad Nacional de Agricultura-Honduras)<\/p>\n<p style=\"text-align: justify;\">1.\u00a0\u00a0\u00a0 La revoluci\u00f3n cubana &#8211; transici\u00f3n y transformaciones<br \/>\nMichael Zeuske (Universidad de Colonia-Alemania)<br \/>\n2.\u00a0\u00a0\u00a0 Revoluci\u00f3n cubana e im\u00e1genes. Iconolog\u00eda sobre la lucha por el poder (1953-1959)<br \/>\nEnrique Camacho Navarro (Universidad Nacional Aut\u00f3noma de M\u00e9xico)<br \/>\n3.\u00a0\u00a0\u00a0 La revoluci\u00f3n cubana vista desde Espa\u00f1a<br \/>\nGonzalo L\u00f3ez Nadal (Universidad Islas Baleares-Espa\u00f1a)<br \/>\n4.\u00a0\u00a0\u00a0 Presentaci\u00f3n de video: CASTRO Y FRANCO. Relaciones politicas entre Espa\u00f1a y Cuba entre 1959 y 1975 (Televisi\u00f3n de Catalu\u00f1a)<\/p>\n<p style=\"text-align: justify;\">15:00 A 16:30<br \/>\n<strong>MESA 8: <\/strong><\/p>\n<p style=\"text-align: justify;\">La Revoluci\u00f3n Mexicana (Parte III)<br \/>\nSALA 2\u00a0\u00a0\u00a0 Coordina: Elizet Payne Iglesias (Universidad de Costa Rica)<\/p>\n<p style=\"text-align: justify;\">1.\u00a0\u00a0\u00a0 Lucha agraria posrrevolucionaria en la Estaci\u00f3n de Xico, Chalco, Estado de M\u00e9xico, M\u00e9xico<br \/>\nMarco Antonio Anaya P\u00e9rez (Universidad Aut\u00f3noma de Chapingo-M\u00e9xico)<br \/>\nRefugio Bautista Zane\u00a0 (Universidad Aut\u00f3noma de Chapingo-M\u00e9xico)<br \/>\n2.\u00a0\u00a0\u00a0 El general Francisco J. M\u00fagica y la corriente derrotada de la revoluci\u00f3n mexicana<br \/>\nMarco Antonio Anaya P\u00e9rez (Universidad Aut\u00f3noma de Chapingo-M\u00e9xico)<br \/>\nRefugio Bautista Zane\u00a0 (Universidad Aut\u00f3noma de Chapingo-M\u00e9xico)<br \/>\n3.\u00a0\u00a0\u00a0 El determinismo biol\u00f3gico en la Revoluci\u00f3n mexicana<br \/>\nAlfredo Bueno Hern\u00e1ndez (Universidad Nacional Aut\u00f3noma de M\u00e9xico)<br \/>\nFabiola Juarez Barrera\u00a0 (Universidad Nacional Aut\u00f3noma de M\u00e9xico)<br \/>\n4.\u00a0\u00a0\u00a0 La Revoluci\u00f3n zapatista en el Estado de Guerrero, M\u00e9xico y sus protagonistas\u00a0 1910-1919<br \/>\nMarcelo Gonz\u00e1lez Bustos (Universidad Aut\u00f3noma de Chapingo-M\u00e9xico)<\/p>\n<p style=\"text-align: justify;\">15:00 A 16:30<br \/>\n<strong>MESA 9: <\/strong><\/p>\n<p style=\"text-align: justify;\">La Revoluci\u00f3n Dominicana de 1965 (Parte II)<br \/>\nSALA 3\u00a0\u00a0\u00a0 Coordina: Roberto Cass\u00e1 (Archivo General de la Naci\u00f3n-Rep. Dominicana)<\/p>\n<p style=\"text-align: justify;\">1.\u00a0\u00a0\u00a0 Abril de 1965. Arte y Revoluci\u00f3n<br \/>\nZoila Gutierrez Gonzalez (Universidad Iberoamericana-Rep. Dominicana)<br \/>\n2.\u00a0\u00a0\u00a0 Abril de 1965. \u201cConstrucci\u00f3n de un nuevo imaginario\u201d.<br \/>\nJaqueline Alvarez (Universidad Iberoamericana-Rep. Dominicana)<br \/>\n3.\u00a0\u00a0\u00a0 Abril de 1965. La izquierda dominicana, encuentros y desencuentros<br \/>\nSonia Nereyda Medina (Universidad Iberoamericana-Rep. Dominicana)<br \/>\n4.\u00a0\u00a0\u00a0 El momento desafiante de la Radio de Abril de 1965<br \/>\nFernando Casado (Rep. Dominicana)<\/p>\n<p style=\"text-align: justify;\">16:30 a 17:00<\/p>\n<p style=\"text-align: justify;\"><strong>REFRIGERIO<\/strong><\/p>\n<p style=\"text-align: justify;\">17:00 a 18:30<br \/>\n<strong>MESA 10: <\/strong><\/p>\n<p style=\"text-align: justify;\">Herencia y repercusiones de las revoluciones latinoamericanas y caribe\u00f1as del siglo XX. El caso de la Revoluci\u00f3n Cubana en el sur del continente<br \/>\nSALA 1\u00a0\u00a0\u00a0 Coordina: Felipe Macias Gloria (Universidad de Guanajuato-M\u00e9xico)<\/p>\n<p style=\"text-align: justify;\">1.\u00a0\u00a0\u00a0 La Revoluci\u00f3n Cubana y la cuesti\u00f3n de la dependencia. Su impacto en la vida pol\u00edtica y socio-cultural argentina.<br \/>\nCarolina Crisorio (Universidad de Buenos Aires &#8211; Argentina)<br \/>\n2.\u00a0\u00a0\u00a0 Ecos de la Revoluci\u00f3n cubana en la selva de Or\u00e1n, Salta, Argentina<br \/>\nJuan Carlos Wizny (Universidad de C\u00e1diz-Espa\u00f1a)<br \/>\nMar\u00eda Elina Tejerina (Universidad de Salta-Argentina)<br \/>\n3.\u00a0\u00a0\u00a0 Recepci\u00f3n e impacto de la Revoluci\u00f3n Cubana en la izquierda uruguaya (1959-1967)<br \/>\nJaime Yaff\u00e9 (Universidad de la Rep\u00fablicadel Uruguay)<\/p>\n<p style=\"text-align: justify;\">17:00 A 18:30<br \/>\n<strong>MESA 11: <\/strong><\/p>\n<p style=\"text-align: justify;\">Las ideolog\u00edas y su lugar en los movimientos revolucionarios de Am\u00e9rica Latina y el Caribe (Parte I)<br \/>\nSALA 2\u00a0\u00a0\u00a0 Coordina: Pedro Pablo Rodr\u00edguez (Centro de Estudios Martianos-Cuba)<\/p>\n<p style=\"text-align: justify;\">1.\u00a0\u00a0\u00a0 La Revoluci\u00f3n de Octubre de Guatemala (1944-1954) y el viaje de las ideas en el proyecto de las Reformas Sociales en Honduras (1949-1963)<br \/>\nYesenia Mart\u00ednez Garc\u00eda (Universidad Nacional de Agricultura-Honduras)<br \/>\n2.\u00a0\u00a0\u00a0 Latinoam\u00e9rica tan violentamente dulce. Estudio de relatos de viajes de intelectuales sobre las experiencias revolucionarios de Cuba y Nicaragua<br \/>\nRosa Meireles Magalhaes (Universidad Nacional Aut\u00f3noma de M\u00e9xico)<br \/>\n3.\u00a0\u00a0\u00a0 Influencia bolivariana en las guerrillas colombianas en el siglo XX<br \/>\nHamilton A. Suarez Betancur (Universidad Nacional de Colombia)<br \/>\n4.\u00a0\u00a0\u00a0 Los imaginarios de las revoluciones latinoamericanas y caribe\u00f1as: El nacionalismo revolucionario de izquierda<br \/>\nAntonio Gaztambide G. (Universidad de Puerto Rico)<\/p>\n<p style=\"text-align: justify;\">17:00 A 18:30<br \/>\n<strong>MESA 12: <\/strong><\/p>\n<p style=\"text-align: justify;\">Pueblos, etnias, clases sociales, \u00e9lites y h\u00e9roes: los actores sociales de las revoluciones (Parte I)<br \/>\nSALA 3\u00a0\u00a0\u00a0 Coordina: Feliciano Garc\u00eda Aguirre (Universidad Veracruzana-M\u00e9xico)<\/p>\n<p style=\"text-align: justify;\">1.\u00a0\u00a0\u00a0 El Movimiento Nacional Revolucionario y Rafael Garc\u00eda B\u00e1rcena: el primer liderazgo insurreccional de la Revoluci\u00f3n Cubana contra Fulgencio Batista<br \/>\nLuis Alberto P\u00e9rez Llody (Universidad de Oriente-Cuba)<br \/>\n2.\u00a0\u00a0\u00a0 \u00bfEntre dos fuegos? La neutralizaci\u00f3n de la lucha revolucionaria de ind\u00edgenas Ixiles en Guatemala (1970-1983)<br \/>\nSergio Palencia Frener (Universidad Auton\u00f3ma de Puebla)<br \/>\n3.\u00a0\u00a0\u00a0 Pol\u00edtica, Cultura e Ideolog\u00eda en Jos\u00e9 Cordero Michel, expedicionario de 1959<br \/>\nJos\u00e9 Guillermo Guerrero (Universidad Aut\u00f3noma de Santo Domingo-Rep. Dominicana)<\/p>\n<p style=\"text-align: justify;\">18:30 a 19:30<\/p>\n<p style=\"text-align: justify;\"><strong>Presentaci\u00f3n del libro \u00abLas Grandes Revoluciones Latinoamericanas del Siglo XX\u00bb<\/strong><br \/>\nSALA 3\u00a0\u00a0\u00a0 Autores: Sergio Guerra Vilaboy (Universidad de la Habana-Cuba), Alejo Maldonado Gallardo (Universidad Michoana San Nicol\u00e1s de Hidalgo-M\u00e9xico)<br \/>\ny Roberto Gonz\u00e1lez Arana (Universidad del Norte-Colombia)<br \/>\nModera: Jorge N\u00fa\u00f1ez S\u00e1nchez (Academia de Historia de Quito-Ecuador)<\/p>\n<p style=\"text-align: justify;\"><strong>16 DE JUNIO DE 2011 <\/strong><\/p>\n<p style=\"text-align: justify;\">09:00 a 10:30<br \/>\n<strong>MESA 13: <\/strong><\/p>\n<p style=\"text-align: justify;\">Herencia y repercusiones de las revoluciones latinoamericanas y caribe\u00f1as del siglo XX. El caso de Colombia<br \/>\nSALA 1\u00a0\u00a0\u00a0 Coordina: Carlos Sixirei Paredes (Universidad de Vigo-Espa\u00f1a)<\/p>\n<p style=\"text-align: justify;\">1.\u00a0\u00a0\u00a0 Repercusiones y herencia de la revoluci\u00f3n mexicana en Colombia<br \/>\nJorge Enrique El\u00edas Caro (Universidad del Magdalena &#8211; Colombia)<br \/>\n2.\u00a0\u00a0\u00a0 La revoluci\u00f3n cubana en el Imaginario de las izquierdas en Colombia. Pol\u00e9micas entre el rechazo a su intervencionismo o la identificaci\u00f3n total<br \/>\nMiguel Angel Urrego (Universidad Michoacana de San Nicol\u00e1s de Hidalgo &#8211; M\u00e9xico)<br \/>\n3.\u00a0\u00a0\u00a0 Iglesia y revoluci\u00f3n en Colombia en los a\u00f1os sesenta y setenta<br \/>\nCarlos Daniel Chaves Avellaneda (Universidad Javeriana &#8211; Colombia)<\/p>\n<p style=\"text-align: justify;\">09:00 a 10:30<br \/>\n<strong>MESA 14: <\/strong><\/p>\n<p style=\"text-align: justify;\">Las ideolog\u00edas y su lugar en los movimientos revolucionarios de Am\u00e9rica Latina y el Caribe (Parte II)<br \/>\nSALA 2\u00a0\u00a0\u00a0 Coordina: Juan Paz y Mi\u00f1o Cepeda (Taller de Historia PUCE-Ecuador)<\/p>\n<p style=\"text-align: justify;\">1.\u00a0\u00a0\u00a0 El impacto de la Comuna de Paris en la Am\u00e9rica Latina y el Caribe.<br \/>\nVera Luc\u00eda Vieira (Pontificia Universidad Cat\u00f3lica de Sao Paulo-Brasil)<br \/>\n2.\u00a0\u00a0\u00a0 Sa\u00fade e Cultura na Am\u00e9rica Latina: Entre Revolu\u00e7\u00f5es, Reformas, Disputas Institucionais e Simb\u00f3licas<br \/>\nNilson Alves de Moraes (Universidade Federal do Estado do Rio de Janeiro UNIRIO-Brasil)<br \/>\n3.\u00a0\u00a0\u00a0 R\u00f3mulo Betancourt. Evoluci\u00f3n pol\u00edtica- ideol\u00f3gica de un revolucionario<br \/>\nLisbeth K. Quintero D. (Universidad de los Andes-Venezuela)<br \/>\n4.\u00a0\u00a0\u00a0 Derechas e izquierdas en Colombia en los a\u00f1os 20 y 30 del siglo XX<br \/>\nCarlos Alirio Florez L\u00f3pez (Universidad de Medell\u00edn-Colombia)<br \/>\n5.\u00a0\u00a0\u00a0 Poder e domina\u00e7\u00e3o simb\u00f3licas: A imigra\u00e7\u00e3o do Nordeste Brasileiro<br \/>\nMar\u00eda Luzia Braga Lamdim (Universidade Estadual do Sudoeste da Bahia\/Jequi\u00e9-Brasil)<\/p>\n<p style=\"text-align: justify;\">09:00 a 10:30<br \/>\n<strong>MESA 15: <\/strong><\/p>\n<p style=\"text-align: justify;\">Pueblos, etnias, clases sociales, \u00e9lites y h\u00e9roes: los actores sociales de las revoluciones (Parte II)<br \/>\nSALA 3\u00a0\u00a0\u00a0 Coordina: Bernardo Garc\u00eda D\u00edaz (Universidad Veracruzana-M\u00e9xico)<\/p>\n<p style=\"text-align: justify;\">1.\u00a0\u00a0\u00a0 Jos\u00e9 C\u00e1ndido Navarro Serrano a cien a\u00f1os de\u00a0 la Revoluci\u00f3n de 1910<br \/>\nFelipe Macias Gloria (Universidad de Guanajuato-M\u00e9xico)<br \/>\n2.\u00a0\u00a0\u00a0 Jos\u00e9 Praxedis Gilberto Guerrero Hurtado, un luchador social en la Revoluci\u00f3n de 1910: San Felipe, Guanajuato. M\u00e9xico<br \/>\nPatricia Campos Rodriguez (Universidad de Guanajuato-M\u00e9xico)<br \/>\n3.\u00a0\u00a0\u00a0 Manuel Gamio y la Revoluci\u00f3n Mexicana<br \/>\nIgnacio Medina Alegr\u00eda (Universidad Aut\u00f3noma del Estado de M\u00e9xico)<\/p>\n<p style=\"text-align: justify;\">10:30 a 11:00<\/p>\n<p style=\"text-align: justify;\"><strong>REFRIGERIO<\/strong><\/p>\n<p style=\"text-align: justify;\">11:00 A 12:30<br \/>\n<strong>MESA 16: <\/strong><\/p>\n<p style=\"text-align: justify;\">Herencia y repercusiones de las revoluciones latinoamericanas y caribe\u00f1as del siglo XX<br \/>\nSALA 1\u00a0\u00a0\u00a0 Coordina: Rosario M\u00e1rquez Macias\u00a0 (Universidad de Huelva-Espa\u00f1a)<\/p>\n<p style=\"text-align: justify;\">1.\u00a0\u00a0\u00a0 Hacia un nuevo perfil de estado? implicaciones del neo-colonialismo, resistencia, crisis y transformaci\u00f3n del estado latinoamericano.<br \/>\nJos\u00e9 G. Vargas Hern\u00e1ndez (Universidad de Guadalajara-M\u00e9xico)<br \/>\n2.\u00a0\u00a0\u00a0 A literatura Brasileira p\u00f3s-revolu\u00e7\u00e3o modernista<br \/>\nRaimundo Matos (Universidade Estadual do Sudoeste da Bahia\/Jequi\u00e9)<br \/>\n3.\u00a0\u00a0\u00a0 Los modelos revolucionarios extranjeros en la pr\u00e1ctica pol\u00edtica de la izquierda dominicana<br \/>\nFranklin J. Franco (Rep. Dominicana)<br \/>\n4.\u00a0\u00a0\u00a0 \u00bfEstado Transnacional? &#8211;\u00a0 Desarrollo, retos y avances de un Nuevo Modelo de Estado para un Socialismo Salvadore\u00f1o,<br \/>\ndesde la tradici\u00f3n de la izquierda revolucionaria<br \/>\nErnie Zavaleta (Universidad de California Los \u00c1ngeles-UCLA)<br \/>\nJennifer Carcamo (Universidad de California Los \u00c1ngeles -UCLA)<\/p>\n<p style=\"text-align: justify;\">11:00 A 12:30<br \/>\n<strong>MESA 17: <\/strong><\/p>\n<p style=\"text-align: justify;\">Las ideolog\u00edas y su lugar en los movimientos revolucionarios de Am\u00e9rica Latina y el Caribe (Parte III)<br \/>\nSALA 2\u00a0\u00a0\u00a0 Coordina: Franklin Kgniht (Universidad Johns Hopkins-Estados Unidos)<\/p>\n<p style=\"text-align: justify;\">1.\u00a0\u00a0\u00a0 Expresiones pol\u00edticas e ideol\u00f3gicas en la Revoluci\u00f3n Mexicana.\u00a0 El caudillismo, herencia de la guerra civil agraria de 1910 en M\u00e9xico<br \/>\nLuz Gloria Alcira Soler Dur\u00e1n (Universidad Aut\u00f3noma del Estado de Morelos-M\u00e9xico)<br \/>\n2.\u00a0\u00a0\u00a0 Nuestra Am\u00e9rica e Sumak Kawsay: utopias de modernidade alternativa no capitalismo dependente<br \/>\nFabio Luis Barbosa Dos Santos (Universidad de Guarulhos-Brasil)<br \/>\n3.\u00a0\u00a0\u00a0 Redes pol\u00edticas del guevarismo en Am\u00e9rica Latina<br \/>\nM. Cristina Carnevale (Universidad de Buenos Aires-Argentina)<br \/>\n4.\u00a0\u00a0\u00a0 Aspetos socioculturales e ideol\u00f3gicos de la llamada D\u00e9cada Revolucionaria: Guatemala, 1944-1954.<br \/>\nArtemis Torres Valenzuela (Universidad de San Carlos-Guatemala)<br \/>\nJusto Adalberto Castillo Galindo (Universidad de San Carlos-Guatemala)<\/p>\n<p style=\"text-align: justify;\">11:00 A 12:30<br \/>\n<strong>MESA 18: <\/strong><\/p>\n<p style=\"text-align: justify;\">Pueblos, etnias, clases sociales, \u00e9lites y h\u00e9roes: los actores sociales de las revoluciones (Parte III)<br \/>\nSALA 3\u00a0\u00a0\u00a0 Coordina: Pilar Cagiao (Universidad de Santiago de Compostela-Espa\u00f1a)<\/p>\n<p style=\"text-align: justify;\">1.\u00a0\u00a0\u00a0 La Legi\u00f3n Caribe en Centroam\u00e9rica: organizaci\u00f3n, actividades e impacto<br \/>\nElizet Payne Iglesias (Universidad de Costa Rica)<br \/>\n2.\u00a0\u00a0\u00a0 El anticomunismo del General Fernando Landaz\u00e1bal Reyes<br \/>\nEdgar Val\u00e1squez Rivera (Universidad del Cauca-Colombia)<br \/>\n3.\u00a0\u00a0\u00a0 Joaqu\u00edn Crespo el enigma de una revoluci\u00f3n<br \/>\nCarmen Arenas Arenas (Universidad de los Andes- Venezuela)<br \/>\nGustavo Pimiento U. (Universidad de los Andes-Venezuela)<\/p>\n<p style=\"text-align: justify;\">12:30 A 15:00<\/p>\n<p style=\"text-align: justify;\"><strong>ALMUERZO LIBRE<\/strong><\/p>\n<p style=\"text-align: justify;\">15:00 a 16:30<br \/>\n<strong>MESA 19: <\/strong><\/p>\n<p style=\"text-align: justify;\">La ense\u00f1anza de la historia de los procesos revolucionarios latinoamericanos y caribe\u00f1os<br \/>\nSALA 1\u00a0\u00a0\u00a0 Coordina: Vera Luc\u00eda Vieira (Pontificia Universidad Cat\u00f3lica de Sao Paulo-Brasil)<\/p>\n<p style=\"text-align: justify;\">1.\u00a0\u00a0\u00a0 Estrategias de ense\u00f1anza de la Historia de las revoluciones: Uso de documentos<br \/>\nWanda Calzado Rodr\u00edguez (Rep. Dominicana)<br \/>\n2.\u00a0\u00a0\u00a0 Uso de las TICs en\u00a0la ense\u00f1anza de la historia de las revoluciones.<br \/>\nWanda Calzado Rodr\u00edguez (Rep. Dominicana)<br \/>\n3.\u00a0\u00a0\u00a0 Sinergia en las Ciencias Sociales. Ense\u00f1anza de la historia\u00a0de las revoluciones de Am\u00e9rica Latina y el Caribe. UCSD y UASD, un caso comparado.<br \/>\nReyna Mercedes Guzm\u00e1n Mart\u00ednez (Rep. Dominicana)<br \/>\n4.\u00a0\u00a0\u00a0 La ense\u00f1anza de las Revoluciones Latinoamericanas en los nuevos dise\u00f1os curriculares en la Provincia de Buenos Aires<br \/>\n\u00bfNuevos contenidos o nuevos abordajes? El caso de la Revoluci\u00f3n Cubana<br \/>\nJos\u00e9 Mar\u00eda Banfi (Universidad de Buenos Aires-Argentina)<br \/>\nMari\u00e1ngeles Zapata (Universidad de Buenos Aires-Argentina)<\/p>\n<p style=\"text-align: justify;\">15:00 a 16:30<br \/>\n<strong>MESA 20:<\/strong><\/p>\n<p style=\"text-align: justify;\">Las expresiones de los procesos revolucionarios en los valores patrimoniales: Rescate y Preservaci\u00f3n<br \/>\nSALA 2\u00a0\u00a0\u00a0 Coordina: Jorge N\u00fa\u00f1ez S\u00e1nchez (Academia de Historia de Quito-Ecuador)<\/p>\n<p style=\"text-align: justify;\">1.\u00a0\u00a0\u00a0 Influencia del proceso revolucionario cubano en la Nueva trova. Silvio Rodr\u00edguez, heraldo de una nueva realidad.<br \/>\nMartha Beart\u00edz Moya Cordies (Centro Provincial de la m\u00fasica \u201cMiguel Matamoros-Cuba)<br \/>\n2.\u00a0\u00a0\u00a0 Un medio de expresi\u00f3n de los exiliados de la Revoluci\u00f3n Mexicana: La Am\u00e9rica Espa\u00f1ola<br \/>\nClaudia G\u00f3nzalez G\u00f3mez (Universidad Michoacana de San Nicol\u00e1s de Hidalgo-M\u00e9xico)<br \/>\n3.\u00a0\u00a0\u00a0 El papel de la Revoluci\u00f3n Cubana en el coleccionismo, conservaci\u00f3n y exhibici\u00f3n del Patrimonio Art\u00edstico Nacional y Universal del pa\u00eds.<br \/>\nEl Museo Nacional de Bellas Artes de la Habana, Cuba: Cien a\u00f1os de vida<br \/>\nYanet Berto Serrano (Museo Nacional de Bellas Artes-Cuba)<br \/>\n4.\u00a0\u00a0\u00a0 La Historia local,\u00a0 aproximaci\u00f3n desde la Universidad de Cienfuegos en la preservaci\u00f3n de valores patrimoniales en el proceso revolucionario cubano del siglo XX<br \/>\nXiomara Cabrera F\u00e9rnandez (Universidad de Cienfuegos-Cuba)<\/p>\n<p style=\"text-align: justify;\">15:00 a 16:30<br \/>\n<strong>MESA 21: <\/strong><\/p>\n<p style=\"text-align: justify;\">La recuperaci\u00f3n de la memoria de los procesos revolucionarios y sus diversas expresiones (Parte I)<br \/>\nSALA 3\u00a0\u00a0\u00a0 Coordina: Gonzalo L\u00f3pez Nadal (Universidad Islas Baleares-Espa\u00f1a)<\/p>\n<p style=\"text-align: justify;\">1.\u00a0\u00a0\u00a0 Comunicaci\u00f3n, memoria y resiliencia. Un estudio de la memoria de las v\u00edctimas de la violencia en el departamento del Magdalena (Colombia)<br \/>\nEdimer Latorre Iglesias (Universidad Sergio Arboleda-Colombia)<br \/>\nSara Elena Giraldo Villegas (Universidad Sergio Arboleda-Colombia)<br \/>\n2.\u00a0\u00a0\u00a0 Reflexiones desde el exterminio de la rebeli\u00f3n ind\u00edgena en Guatemala\u00a0(1980-1982).<br \/>\nSergio Palencia Frener (Universidad Aut\u00f3noma de Puebla-M\u00e9xico)<br \/>\n3.\u00a0\u00a0\u00a0 Los pactos pol\u00edticos\u00a0 en los discursos\u00a0 del Partido Unificaci\u00f3n Nacional, durante la campa\u00f1a electoral de 1966 en Costa Rica: Una reconstrucci\u00f3n de la memoria de la Guerra Civil de 1948.<br \/>\nManuel Gamboa Brenes (Universidad de Costa Rica)<\/p>\n<p style=\"text-align: justify;\">16:30 a 17:00<\/p>\n<p style=\"text-align: justify;\"><strong>REFRIGERIO<\/strong><\/p>\n<p style=\"text-align: justify;\">17:00 a 18:30<br \/>\n<strong>MESA 22: <\/strong><\/p>\n<p style=\"text-align: justify;\">La recuperaci\u00f3n de la memoria de los procesos revolucionarios y sus diversas expresiones (Parte II)<br \/>\nSALA 1\u00a0\u00a0\u00a0 Coordina: Michael Zeuske (Universidad de Colonia-Alemania)<\/p>\n<p style=\"text-align: justify;\">1.\u00a0\u00a0\u00a0 La musica de la revoluci\u00f3n liberal ecuatoriana: un registro de la memoria colectiva<br \/>\nJorge N\u00fa\u00f1ez S\u00e1nchez (Academia de Historia de Quito-Ecuador)<br \/>\n2.\u00a0\u00a0\u00a0 La Revoluci\u00f3n Cubana y el Cine Liberaci\u00f3n en la Argentina<br \/>\nNatalia Fern\u00e1ndez Crisorio (Fundaci\u00f3n Universidad del Cine-Argentina)<br \/>\n3.\u00a0\u00a0\u00a0 Revoluciones en lo cotidiano y en lo dom\u00e9stico desde el interior de la vivienda bogotana a comienzos del siglo XXI<br \/>\nMar\u00eda Astrid R\u00edos Dur\u00e1n (Universidad Nacional de Colombia)<br \/>\n4.\u00a0\u00a0\u00a0 Disciplina militar y literatura testimonial: El arte de la guerra en los movimientos armados guatemaltecos<br \/>\nJos\u00e9 Domingo Carrillo Padilla (Univesidad Aut\u00f3noma de San Lu\u00eds de Potos\u00ed-M\u00e9xico)<\/p>\n<p style=\"text-align: justify;\">17:00 a 18:30<br \/>\n<strong>MESA 23:<\/strong><\/p>\n<p style=\"text-align: justify;\">Problemas te\u00f3ricos y metodol\u00f3gicos sobre las revoluciones en la historia de Am\u00e9rica Latina y el Caribe<br \/>\nSALA 2\u00a0\u00a0\u00a0 Coordina: Christian Cwik (Universidad de Colonia-Alemania)<\/p>\n<p style=\"text-align: justify;\">1.\u00a0\u00a0\u00a0 Revoluci\u00f3n y Utop\u00eda: Am\u00e9rica Latina en Debate<br \/>\nDejan Mihailovic (Instituto Tecnol\u00f3gico de Monterrey-M\u00e9xico)<br \/>\n2.\u00a0\u00a0\u00a0 Revoluci\u00f3n y cambio social<br \/>\nOscar Loyola Vega (Universidad de la Habana-Cuba)<br \/>\n3.\u00a0\u00a0\u00a0 Subjetividad en los procesos revolucionarios<br \/>\nSilvia Soriano Hern\u00e1ndez (Universidad Nacional Aut\u00f3noma de M\u00e9xico)<br \/>\n4.\u00a0\u00a0\u00a0 El uso restrigido y la aplicacion limitada del concepto de Revolucion en la historia dominicana<br \/>\nJos\u00e9 Mar\u00eda Padilla (Universidad Aut\u00f3noma de Santo Domingo-Rep. Dominicana)<br \/>\n5.\u00a0\u00a0\u00a0 La correlaci\u00f3n entre las revoluciones sociales, las cient\u00edfico-t\u00e9cnicas y las productivas.<br \/>\nPedro L. Sotolongo (Uni\u00f3n de Escritores y Artistas de Cuba)<\/p>\n<p style=\"text-align: justify;\">17:00 a 18:30<br \/>\n<strong>MESA 24: <\/strong><\/p>\n<p style=\"text-align: justify;\">Otros procesos revolucionarios de la historia de Am\u00e9rica Latina y el Caribe en el siglo XX (Parte I)<br \/>\nSALA 3\u00a0\u00a0\u00a0 Coordina: Yoel Cordov\u00ed\u00a0 N\u00fa\u00f1ez (Instituto de Historia de Cuba)<\/p>\n<p style=\"text-align: justify;\">1.\u00a0\u00a0\u00a0 La experiencia de la Revoluci\u00f3n Peronista (1945-1955)<br \/>\nJulio Cardoso (Universidad Nacional de Lan\u00fas)<br \/>\n2.\u00a0\u00a0\u00a0 Porqu\u00e9 el peronismo fue una revoluci\u00f3n en Am\u00e9rica<br \/>\nRafael Restaino (Argentina)<br \/>\n3.\u00a0\u00a0\u00a0 La revoluci\u00f3n de las Madres de la Plaza de Mayo. Identidad, memoria colectiva y subjetividad pol\u00edtica<br \/>\nAugusto Gutierrez P\u00e9rez (Universidad Nacional de Colombia)<br \/>\n4.\u00a0\u00a0\u00a0 La revoluci\u00f3n febrerista de Paraguay en 1936<br \/>\nV\u00edctor Jacinto Flecha (Comit\u00e9 Asesor de la Comisi\u00f3n Nacional del Bicentenario del Paraguay)<\/p>\n<p style=\"text-align: justify;\">18:30 a 19:30<br \/>\n<strong>Presentaci\u00f3n de los libros de la C\u00e1tedra Internacional Juan Bosch <\/strong><br \/>\nModeran: Luis Cespedes Espinosa y Rogelio Rodr\u00edguez Coronel (Universidad de la Habana-Cuba)<\/p>\n<p style=\"text-align: justify;\"><strong>17 DE JUNIO DE 2011 <\/strong><\/p>\n<p style=\"text-align: justify;\">09:00 a 10:30<br \/>\n<strong>MESA 25: <\/strong><\/p>\n<p style=\"text-align: justify;\">La recuperaci\u00f3n de la memoria de los procesos revolucionarios y sus diversas expresiones (Parte III)<br \/>\nSALA 1\u00a0\u00a0\u00a0 Coordina: Lionel Mu\u00f1oz Paz (Universidad Central de Venezuela)<\/p>\n<p style=\"text-align: justify;\">1.\u00a0\u00a0\u00a0 A Revolu\u00e7\u00e3o Mexicana e o retorno de Quetzalco\u00e1tlt \u2013 Mitos, imagin\u00e1rios e mem\u00f3ria<br \/>\nMar\u00eda Teresa Toribio Brittes Lemos (Universidade Estado do Rio de Janeiro-Brasil)<br \/>\nLos caminos de la memoria: cultura nacional, las mujeres y el campo en Puebla, 1920-1975<br \/>\n2.\u00a0\u00a0\u00a0 Josefina Manjarrez Rosa (Universidad Aut\u00f3noma de Puebla-M\u00e9xico)<br \/>\nAcerca de los centenarios de las revoluciones de la independencia<br \/>\n3.\u00a0\u00a0\u00a0 Pilar Cagiao (Universidad de Santiago de Compostela-Espa\u00f1a)<br \/>\nRosario M\u00e1rquez Macias (Universidad de Huelva-Espa\u00f1a)<br \/>\n4.\u00a0\u00a0\u00a0 Aportes de la Teolog\u00eda de la Liberaci\u00f3n al Proceso Democratizador y Revolucionario Latinoamericano en la Segunda Mitad del Siglo XX<br \/>\nRoberto Santos Hern\u00e1ndez (Rep. Dominicana)<\/p>\n<p style=\"text-align: justify;\">09:00 a 10:30<br \/>\nMESA 26:<\/p>\n<p style=\"text-align: justify;\">Otros procesos revolucionarios de la historia de Am\u00e9rica Latina y el Caribe en el siglo XX (Parte II)<br \/>\nSALA 2\u00a0\u00a0\u00a0 Coordina: Oscar Loyola Vega (Universidad de La Habana-Cuba)<\/p>\n<p style=\"text-align: justify;\">1.\u00a0\u00a0\u00a0 Las FARC en los 90 a trav\u00e9s de la prensa espa\u00f1ola<br \/>\nCarlos Sixirei Paredes (Univesidad de Vigo-Espa\u00f1a)<br \/>\n2.\u00a0\u00a0\u00a0 Descolonizaci\u00f3n y Afrorevoluci\u00f3n en la isla de Grenada: El camino socialista 1979-1983<br \/>\nChristian Cwik (Universidad de Colonia-Alemania)<br \/>\n3.\u00a0\u00a0\u00a0 La revoluci\u00f3n zapatista de 1994<br \/>\nMurad Khan Ahamad (Jawaharlal Nehru University-India)<br \/>\n5.\u00a0\u00a0\u00a0 Revoluci\u00f3n del 30 e Historiograf\u00eda en Cuba<br \/>\nArturo Sorhegui D\u00b4Mares (Universidad de la Habana-Cuba)<\/p>\n<p style=\"text-align: justify;\">09:00 a 10:30<br \/>\n<strong>MESA 27: <\/strong><\/p>\n<p style=\"text-align: justify;\">Estudios de g\u00e9nero en la historiograf\u00eda latinoamericana y caribe\u00f1a sobre las revoluciones<br \/>\nSALA 3\u00a0\u00a0\u00a0 Coordina: Mar\u00eda Elina Tejerina (Universidad Nacional de Salta-Argentina)<\/p>\n<p style=\"text-align: justify;\">1.\u00a0\u00a0\u00a0 La Revoluci\u00f3n de Abril y la participaci\u00f3n de las mujeres: el caso de Aniana Vargas.<br \/>\nReina Cristina Rosario Fern\u00e1ndez (Univesidad Aut\u00f3noma de Santo Domingo-Rep. Dominicana)<br \/>\n2.\u00a0\u00a0\u00a0 La Revoluci\u00f3n Guatemalteca y la participaci\u00f3n de las mujeres<br \/>\nGuadalupe Rodriguez de Ita (Instituto Mora-M\u00e9xico)<br \/>\n3.\u00a0\u00a0\u00a0 Las mujeres y la revoluci\u00f3n liberal: el sufragio femenino<br \/>\nJenny Londo\u00f1o (Academia de Historia de Quito-Ecuador)<br \/>\n4.\u00a0\u00a0\u00a0 La guerra de abril de 1965: La vida de las mujeres en los comandos, algunas historias de vida.<br \/>\nGladys Mart\u00ednez P\u00e9rez (Universidad Aut\u00f3noma de Santo Domingo-Rep. Dominicana)<br \/>\n5.\u00a0\u00a0\u00a0 Las mujeres caribe\u00f1as en los procesos revolucionarios del siglo XX<br \/>\nCarm\u00e9n Dur\u00e1n (Universidad Aut\u00f3noma de Santo Domingo-Rep. Dominicana)<\/p>\n<p style=\"text-align: justify;\">10:30 A 11:00<\/p>\n<p style=\"text-align: justify;\"><strong>REFRIGERIO<\/strong><\/p>\n<p style=\"text-align: justify;\">11:00 A 12:30<br \/>\n<strong>MESA 28: <\/strong><\/p>\n<p style=\"text-align: justify;\">Otros procesos revolucionarios de la historia de Am\u00e9rica Latina y el Caribe en el siglo XX (Parte III)<br \/>\nSALA 1\u00a0\u00a0\u00a0 Coordina: Antonio Gaztambide G. (Universidad de Puerto Rico)<\/p>\n<p style=\"text-align: justify;\">1.\u00a0\u00a0\u00a0 La utop\u00eda armada. Los J\u00f3venes contra la Dictadura Brasile\u00f1a: un estudio sobre el COLINA &#8211; Comando de Liberaci\u00f3n Nacional (1966\/1969)<br \/>\nAnderson C. F. Brettas (Instituto Federal de Educa\u00e7\u00e3o, Ci\u00eancia e Tecnologia do Tri\u00e2ngulo Mineiro-Brasil).<br \/>\n2.\u00a0\u00a0\u00a0 La d\u00e9cada de 1940 en Centroam\u00e9rica. La Revoluci\u00f3n de 1944 en Guatemala y la Guerra Civil Costarricense de 1948: Dos formas de abrir la segunda mitad del siglo XX<br \/>\nRafael Cuevas Molina (Universidad Nacional de Costa Rica)<br \/>\n3.\u00a0\u00a0\u00a0 La Fruta Amarga de la Primavera Guatemalteca: 1944-1954<br \/>\nPatricia Britto Camacho (Instituto de Estudios Diplomaticos de Venezuela)<br \/>\n4.\u00a0\u00a0\u00a0 Golconda. Una Historia Revolucionaria\u00a0de un Cristo sin\u00a0Rostro<br \/>\nYebrail Casta\u00f1eda Lozano (Universidad de la Salle-Colombia)<\/p>\n<p style=\"text-align: justify;\">11:00 A 12:30<br \/>\n<strong>MESA 29: <\/strong><\/p>\n<p style=\"text-align: justify;\">El impacto econ\u00f3mico de las revoluciones de Am\u00e9rica Latina y el Caribe (Parte I)<br \/>\nSALA 2\u00a0\u00a0\u00a0 Coordina: Sergio Grez Toso (Universidad de Chile)<\/p>\n<p style=\"text-align: justify;\">1.\u00a0\u00a0\u00a0 Econom\u00eda y Revoluci\u00f3n en el Noroeste Mexicano, 1910-1920<br \/>\nAlonso Mart\u00ednez Barreda (Universidad Aut\u00f3noma de Sinaloa-M\u00e9xico)<br \/>\n2.\u00a0\u00a0\u00a0 La revoluci\u00f3n mexicana 100\u00a0a\u00f1os despu\u00e9s: impacto econ\u00f3mico, pol\u00edtico y social en el M\u00e9xico de hoy<br \/>\nMar\u00eda Cristina Rosas (Universidad Nacional Aut\u00f3noma de M\u00e9xico)<br \/>\n3.\u00a0\u00a0\u00a0 Pol\u00edtica econ\u00f3mica e distribui\u00e7\u00e3o de renda no Brasil: movimentos recentes<br \/>\nAlexis T. Dantas (Universidade Estado do Rio de Janeiro-Brasil)<\/p>\n<p style=\"text-align: justify;\">11:00 A 12:30<br \/>\n<strong>MESA 30: <\/strong><\/p>\n<p style=\"text-align: justify;\">Antecedentes hist\u00f3ricos de las revoluciones latinoamericanas y del Caribe en el siglo XX (Parte I)<br \/>\nSALA 3\u00a0\u00a0\u00a0 Coordina: Diomedes N\u00fa\u00f1ez Polanco (Biblioteca Nacional &#8211; Rep. Dominicana)<\/p>\n<p style=\"text-align: justify;\">1.\u00a0\u00a0\u00a0 Preliminares de la Revoluci\u00f3n Boliviana de 1952<br \/>\nMart\u00edn Alonso Rubio D\u00edaz (Universidad Cat\u00f3lica de Cali-Colombia)<br \/>\n2.\u00a0\u00a0\u00a0 Alzamientos, montoneras y caudillos en las Revoluciones de la Venezuela del Siglo XX<br \/>\nJaika Tejada Soria (Ministerio de Relaciones Exteriores de Venezuela)<br \/>\n3.\u00a0\u00a0\u00a0 De las tendencias a los partidos; Dios y federaci\u00f3n y el ocaso del Liberalismo<br \/>\nMar\u00eda Helena Saldarriaga (Universidad Nacional de Colombia)<\/p>\n<p style=\"text-align: justify;\">12:30 A 15:00<\/p>\n<p style=\"text-align: justify;\"><strong>ALMUERZO LIBRE<\/strong><br \/>\n15:00 a 16:30<br \/>\n<strong>MESA 31: <\/strong><\/p>\n<p style=\"text-align: justify;\">El impacto econ\u00f3mico de las revoluciones de Am\u00e9rica Latina y el Caribe (Parte II)<br \/>\nSALA 1\u00a0\u00a0\u00a0 Coordina: V\u00edctor Jacinto Flecha (Comit\u00e9 Asesor de la Comisi\u00f3n Nacional del Bicentenario del Paraguay)<\/p>\n<p style=\"text-align: justify;\">1.\u00a0\u00a0\u00a0 Las cuentas de un r\u00e9gimen. La econom\u00eda mexicana postrevolucionaria 1910-1960<br \/>\nFeliciano Garc\u00eda Aguirre (Universidad Veracruzana-M\u00e9xico)<br \/>\n2.\u00a0\u00a0\u00a0 El aspecto econ\u00f3mico de la Revoluci\u00f3n cubana<br \/>\nArmando Lazaro Mayeta Hechavarria (Universidad de Oriente-Cuba)<br \/>\n3.\u00a0\u00a0\u00a0 Evaluci\u00f3n de los costes de la Revoluci\u00f3n Mexicana en los intereses econ\u00f3micos de la minor\u00eda espa\u00f1ola<br \/>\nJavier Moreno L\u00e1zaro (Universidad de Valladolid-Espa\u00f1a)<br \/>\nMar\u00eda Eugenia Romero Ibarra (Universidad Nacional Aut\u00f3noma de M\u00e9xico)<\/p>\n<p style=\"text-align: justify;\">15:00 a 16:30<br \/>\n<strong>MESA 32: <\/strong><\/p>\n<p style=\"text-align: justify;\">Antecedentes hist\u00f3ricos de las revoluciones latinoamericanas y del Caribe en el siglo XX (Parte II)<br \/>\nSALA 2\u00a0\u00a0\u00a0 Coordina: Carolina Crisorio (Universidad de Buenos Aires-Agentina)<\/p>\n<p style=\"text-align: justify;\">1.\u00a0\u00a0\u00a0 1891 en Chile \u00bfrevoluci\u00f3n frustrada, contrarevoluci\u00f3n victoriosa o guerra civil\u00a0 de las clases dirigentes?<br \/>\nSergio Grez Toso (Universidad de Chile)<br \/>\n2.\u00a0\u00a0\u00a0 La revoluci\u00f3n\u00a0de Jos\u00e9 Mart\u00ed: un proyecto para el siglo XX<br \/>\nPedro Pablo Rodr\u00edguez (Centro de Estudios Martianos-Cuba)<br \/>\n3.\u00a0\u00a0\u00a0 El culto al\u00a0 progreso, el orden y la heroicidad durante el gobierno de Porfirio D\u00edaz.<br \/>\nLeonardo Bastida Aguilar (Universidad Nacional Aut\u00f3noma de M\u00e9xico)<br \/>\n4.\u00a0\u00a0\u00a0 \u00c9tica y revoluci\u00f3n en el pensamiento de M\u00e1ximo G\u00f3mez durante la posguerra, 1899-1905<br \/>\nYoel Cordov\u00ed N\u00fa\u00f1ez (Instituto de Historia de Cuba)<\/p>\n<p style=\"text-align: justify;\">15:00 a 16:30<br \/>\n<strong>MESA 33:<\/strong><\/p>\n<p style=\"text-align: justify;\">Temas Hist\u00f3ricos Diversos y Contempor\u00e1neos (Parte I)<br \/>\nSALA 1\u00a0\u00a0\u00a0 Coordina: Alejandro Paulino Ramos (Archivo General de la Naci\u00f3n &#8211; Rep. Dominicana)<\/p>\n<p style=\"text-align: justify;\">1.\u00a0\u00a0\u00a0 Destellos y penumbras de la democracia representativa en Venezuela. 1958 \u2013 1998.<br \/>\nLionel Mu\u00f1oz Paz (Universidad Central de Venezuela)<br \/>\n2.\u00a0\u00a0\u00a0 Cultura Pol\u00edtica na Venezuela de Hugo Ch\u00e1vez<br \/>\nTiago Santos Delgado (Pontificia Universidad Cat\u00f3lica de Sao Paulo-Brasil)<br \/>\n3.\u00a0\u00a0\u00a0 El 30 de septiembre. Historia inmediata en Ecuador<br \/>\nJuan Paz y Mi\u00f1o Cepeda (Taller de Historia PUCE-Ecuador)<br \/>\n4.\u00a0\u00a0\u00a0 An\u00e1lisis del Caso Sucumb\u00edos Ecuador. La Relaci\u00f3n M\u00e9xico- Sucumb\u00edos- Colombia<br \/>\n\u00c1lvaro Gonz\u00e1lez P\u00e9rez (Universidad Aut\u00f3noma de Chapingo-M\u00e9xico)<br \/>\n5.\u00a0\u00a0\u00a0 Entre a tradi\u00e7\u00e3o e a biotecnologia: obst\u00e1culos na sa\u00fade brasileira<br \/>\nTiago Landim D\u00b4avila (Instituto Osvaldo Cruz-Brasil)<\/p>\n<p style=\"text-align: justify;\">16:30 A 17:00<\/p>\n<p style=\"text-align: justify;\"><strong>REFRIGERIO<\/strong><\/p>\n<p style=\"text-align: justify;\">17:00 a 18:30<br \/>\n<strong>MESA 34: <\/strong><\/p>\n<p style=\"text-align: justify;\">Temas Hist\u00f3ricos Diversos y Contempor\u00e1neos (Parte II)<br \/>\nSALA 1\u00a0\u00a0\u00a0 Coordina: Jenny Londo\u00f1o (Academia de Historia de Quito-Ecuador)<\/p>\n<p style=\"text-align: justify;\">1.\u00a0\u00a0\u00a0 As institui\u00e7\u00f5es jur\u00eddicas e prisionais no brasi: higieniza\u00e7\u00e3o e criminaliza\u00e7\u00e3o da mis\u00e9ria social<br \/>\nAndr\u00e9 Luis Toribio Dantas (Universidade Estado do Rio de Janeiro-Brasil)<br \/>\n2.\u00a0\u00a0\u00a0 El acceso a la tierra en la Rep\u00fablica Dominicana, sus formas tradicionales y los esfuerzos de modernizaci\u00f3n.<br \/>\nUn estudio de caso: la provincia de Saman\u00e1 y el desarrollo tur\u00edstico sustentable<br \/>\nMercedes Muro de Nadal (Universidad de Buenos Aires-Argentina)<br \/>\nRaul Ponce Corona (Santiago-Chile)<br \/>\n3.\u00a0\u00a0\u00a0 Atividades da Opera\u00e7\u00e3o Condor: uma discuss\u00e3o dos seus limites de a\u00e7\u00e3o<br \/>\nJussaramar Da Silva (Pontif\u00edcia Universidad Cat\u00f3lica de S\u00e3o Paulo-Brasil)<\/p>\n<p style=\"text-align: justify;\">17:00 a 17:30<br \/>\nSALA 2\u00a0\u00a0\u00a0 Presentaci\u00f3n del libro \u00abDerechas e izquierdas en Colombia en los a\u00f1os 20 y 30 del siglo XX\u00bb<br \/>\nModera: Carlos Alirio Florez L\u00f3pez (Universidad de Medell\u00edn-Colombia)<\/p>\n<p style=\"text-align: justify;\">17:00 a 17:30<br \/>\nSALA 3\u00a0\u00a0\u00a0 Presentaci\u00f3n de los libros de la Fundaci\u00f3n Juan Bosch<br \/>\nModera: Mat\u00edas Bosch (Fundaci\u00f3n Juan Bosch)<\/p>\n<p style=\"text-align: justify;\">17:30 a 18:00<br \/>\nSALA 2\u00a0\u00a0\u00a0 Presentaci\u00f3n del libro \u00abIzquierdas y sociedad. Hacia una historia social en Am\u00e9rica Latina\u00bb<br \/>\nModera: Jos\u00e9 Domingo Carrillo Padilla (Univesidad Aut\u00f3noma de San Lu\u00eds de Potos\u00ed-M\u00e9xico)<\/p>\n<p style=\"text-align: justify;\">17:30 a 18:30\u00a0\u00a0\u00a0 <strong><\/strong><\/p>\n<p style=\"text-align: justify;\"><strong>Conversatorio sobre documental y libro relacionado con EL GOLPE DE ESTADO EN ECUADOR por Juan Paz y Mi\u00f1o Cepeda (Taller de Historia Econ\u00f3mica PUCE-Ecuador)<\/strong><br \/>\nSALA 3\u00a0\u00a0\u00a0 Moderan: Carolina Crisorio (Universidad de Buenos Aires-Argentina) y Lionel Mu\u00f1oz Paz (Universidad Central de Venezuela)<\/p>\n<p style=\"text-align: justify;\">19:30 A 21:00\u00a0\u00a0\u00a0 <strong>Actos culturales de Clausura <\/strong><\/p>\n<p style=\"text-align: justify;\"><strong>Publicado por ADHILAC Internacional \u00a9 www.adhilac.com.ar<\/strong><\/p>\n<p style=\"text-align: justify;\">Si Ud. desea asociarse de acuerdo a nuestros Estatutos <a title=\"(Ver)\" href=\"https:\/\/adhilac.com.ar\/?page_id=263\">(ver)<\/a> complete el siguiente formulario <a title=\"(Ver)\" href=\"https:\/\/adhilac.com.ar\/?page_id=3194\">(ver)<\/a><\/p>\n<p style=\"text-align: justify;\">E-mail: info@adhilac.com.ar<\/p>\n<p style=\"text-align: justify;\">Twitter: @AdhilacInfo<\/p>\n","protected":false},"excerpt":{"rendered":"<p>PROGRAMA X ENCUENTRO INTERNACIONAL DE LA ASOCIACION DE HISTORIADORES LATINOAMERICANOS Y DEL CARIBE ADHILAC LAS REVOLUCIONES EN LA HISTORIA DE AMERICA LATINA Y EL CARIBE EN EL SIGLO XX 14 DE JUNIO DE 2011 08:00 a 18:00 Registro de participantes y entrega de materiales 10:00 a 12:00 Reuni\u00f3n Junta Directiva Internacional de ADHILAC 18:00 a [&hellip;]<\/p>\n","protected":false},"author":2,"featured_media":0,"comment_status":"closed","ping_status":"closed","sticky":false,"template":"","format":"standard","meta":{"_crdt_document":"","footnotes":""},"categories":[3,5,40],"tags":[83,20,138],"class_list":["post-3921","post","type-post","status-publish","format-standard","hentry","category-adhilac-inter","category-congresos","category-informaciones","tag-revolucion-cubana","tag-revolucion-mexicana","tag-revoluciones"],"_links":{"self":[{"href":"https:\/\/adhilac.com.ar\/index.php?rest_route=\/wp\/v2\/posts\/3921","targetHints":{"allow":["GET"]}}],"collection":[{"href":"https:\/\/adhilac.com.ar\/index.php?rest_route=\/wp\/v2\/posts"}],"about":[{"href":"https:\/\/adhilac.com.ar\/index.php?rest_route=\/wp\/v2\/types\/post"}],"author":[{"embeddable":true,"href":"https:\/\/adhilac.com.ar\/index.php?rest_route=\/wp\/v2\/users\/2"}],"replies":[{"embeddable":true,"href":"https:\/\/adhilac.com.ar\/index.php?rest_route=%2Fwp%2Fv2%2Fcomments&post=3921"}],"version-history":[{"count":5,"href":"https:\/\/adhilac.com.ar\/index.php?rest_route=\/wp\/v2\/posts\/3921\/revisions"}],"predecessor-version":[{"id":3924,"href":"https:\/\/adhilac.com.ar\/index.php?rest_route=\/wp\/v2\/posts\/3921\/revisions\/3924"}],"wp:attachment":[{"href":"https:\/\/adhilac.com.ar\/index.php?rest_route=%2Fwp%2Fv2%2Fmedia&parent=3921"}],"wp:term":[{"taxonomy":"category","embeddable":true,"href":"https:\/\/adhilac.com.ar\/index.php?rest_route=%2Fwp%2Fv2%2Fcategories&post=3921"},{"taxonomy":"post_tag","embeddable":true,"href":"https:\/\/adhilac.com.ar\/index.php?rest_route=%2Fwp%2Fv2%2Ftags&post=3921"}],"curies":[{"name":"wp","href":"https:\/\/api.w.org\/{rel}","templated":true}]}}