{"id":3952,"date":"2011-06-22T10:28:06","date_gmt":"2011-06-22T13:28:06","guid":{"rendered":"https:\/\/adhilac.com.ar\/?p=3952"},"modified":"2012-07-13T11:27:11","modified_gmt":"2012-07-13T14:27:11","slug":"informacion-de-prensa-sobre-el-x-encuentro-internacional-de-adhilac-santo-domingo-junio-de-2011-parte-ii","status":"publish","type":"post","link":"https:\/\/adhilac.com.ar\/?p=3952","title":{"rendered":"Informaci\u00f3n de prensa sobre el X Encuentro Internacional de ADHILAC. Santo Domingo, junio de 2011. Parte II"},"content":{"rendered":"<h3><span style=\"color: #339966;\">Diario dominicano LISTIN<\/span><\/h3>\n<ul>\n<li style=\"text-align: justify;\"><strong>110 Historiadores debatir\u00e1n revoluciones<\/strong><\/li>\n<\/ul>\n<p style=\"text-align: justify;\"><strong>EL CONGRESO ESTAR\u00c1 DIVIDIDO EN 30 MESAS CON TRES SESIONES SIMULT\u00c1NEAS EN FUNGLODE <\/strong><br \/>\n13 junio de 2011<\/p>\n<p style=\"text-align: justify;\">Abel Guzm\u00e1n Then<br \/>\nabel.guzman@listindiario.com<br \/>\nSanto Domingo<\/p>\n<p style=\"text-align: justify;\"><a href=\"https:\/\/adhilac.com.ar\/wp-content\/uploads\/2011\/06\/Listin03.jpeg\"><img loading=\"lazy\" decoding=\"async\" class=\"alignright size-full wp-image-3953\" title=\"Listin03\" src=\"https:\/\/adhilac.com.ar\/wp-content\/uploads\/2011\/06\/Listin03.jpeg\" alt=\"\" width=\"294\" height=\"161\" \/><\/a><em><strong>Evento. <\/strong>Ilustraci\u00f3n que promociona el X Encuentro Internacional  de la Asociaci\u00f3n de Historiadores Latinoamericanos y del Caribe que ser\u00e1  inagurado hoy en Bellas Artes y se desarrollar\u00e1 en Funglode.<\/em><\/p>\n<p style=\"text-align: justify;\">Ciento diez historiadores de Europa, Asia y Am\u00e9rica Latina se dar\u00e1n cita desde hoy en Santo Domingo para exponer en el X Encuentro Internacional de la Asociaci\u00f3n de Historiadores Latinoamericanos y del Caribe, que ser\u00e1 inaugurado esta noche y se desarrollar\u00e1 hasta el viernes 17 de junio.<br \/>\n<!--more-->El acto inaugural de hoy est\u00e1 pautado para las seis de la tarde en el Palacio de Bellas Artes, pero las conferencias, presentaciones de libros, audiovisuales, exposiciones fotogr\u00e1fi cas y debates se realizar\u00e1n en la sede de la Fundaci\u00f3n Global Democracia y Desarrollo (Funglode).<\/p>\n<p style=\"text-align: justify;\">El tema principal de debate del Congreso ser\u00e1 \u201cLas revoluciones en la historia de Am\u00e9rica Latina y el Caribe en el siglo XX\u201d.<\/p>\n<p style=\"text-align: justify;\">Los discursos inaugurales ser\u00e1n del presidente Leonel Fern\u00e1ndez y de Sergio Guerra Vilaboy, presidente de la Asociaci\u00f3n de Historiadores Latinoamericanos y del Caribe (ADHILAC) y director del Departamento de Historia de la Universidad de La Habana.<\/p>\n<p style=\"text-align: justify;\">Los detalles del congreso fueron dados a conocer en el Desayuno del LIST\u00cdN DIARIO.<\/p>\n<p style=\"text-align: justify;\">Participaron tambi\u00e9n los directivos de la ADHILAC, Jorge El\u00edas Caro, secretario ejecutivo y profesor de la Universidad de Magdalena, y Luis C\u00e9spedes, miembro del comit\u00e9 organizador del Congreso y presidente de la C\u00e1tedra Juan Bosch de la Universidad de La Habana.<\/p>\n<p style=\"text-align: justify;\"><strong>Treinta mesas<\/strong><br \/>\nExpusieron que el evento estar\u00e1 dividido en 30 mesas con tres sesiones simult\u00e1neas en las tres plantas del edifi cio de Funglode, en donde se tocar\u00e1n las repercusiones de las revoluciones, el impacto econ\u00f3mico, la forma en que se ense\u00f1an en las aulas, estudios comparados y los actores sociales que participaron.<\/p>\n<p style=\"text-align: justify;\">\u201cEn las ponencias se van a dar enfrentamientos de diferentes matices y opiniones, es muy importante que los historiadores de la regi\u00f3n nos reunamos junto a los de la India, Alemania, Espa\u00f1a que estudian a Am\u00e9rica Latina, y hay ponencias hasta de la Revoluci\u00f3n de Abril de Rep\u00fablica Dominicana\u201d, expres\u00f3 C\u00e9spedes.<\/p>\n<p style=\"text-align: justify;\">Considera que para la historiograf\u00eda de la regi\u00f3n es importante confrontar esos criterios porque se profundiza el conocimiento y se expanden los puntos de vista que no han sido tocados de diferentes hechos hist\u00f3ricos.<\/p>\n<p style=\"text-align: justify;\">\u201cAh\u00ed no vamos a sacar una proclama diciendo que tuvimos de acuerdo con unos congresos tradicionales y un programa de acci\u00f3n \u2018todos los reunidos aqu\u00ed levantamos la mano\u2019, no va a ser as\u00ed, all\u00ed las ideas van a fl orecer, las vamos a tener todas en varios CD y la vamos a hacer circular pero ah\u00ed va a estar la opini\u00f3n de todo el mundo\u201d, enfatiz\u00f3.<\/p>\n<p style=\"text-align: justify;\">Tambi\u00e9n se abordar\u00e1n temas sobre las revoluciones \u201cque no triunfaron\u201d como la de las Fuerzas Armadas Revolucionarias de Colombia (FARC).<\/p>\n<p style=\"text-align: justify;\">Un tema que ser\u00e1 de los m\u00e1s interesantes es el de la Revoluci\u00f3n Cubana y su impacto en las selvas argentinas y el movimiento gestado a trav\u00e9s del Guevarismo y las revoluciones que se generaron.<\/p>\n<p style=\"text-align: justify;\">La ADHILAC le da importancia a los temas latinoamericanos, por ello ha llegado al punto de abrirse a los \u201clatinoamericanistas no latinoamericanos\u201d de otros pa\u00edses fuera del continente, y se cre\u00f3 una vicepresidencia que representa a las otras \u00e1reas del mundo.<\/p>\n<p style=\"text-align: justify;\">EL PROGRAMA DE LOS DEBATES\u00a0 Entre las conferencias y actividades que se dar\u00e1n este mi\u00e9rcoles 15 de junio en el Congreso de la Asociaci\u00f3n de Historiadores Latinoamericanos y del Caribe est\u00e1 la presentaci\u00f3n de la Enciclopedia Digital del Caribe (EnCaribe.org), a las 8 de la ma\u00f1ana, a cargo de Luis C\u00e9spedes Espinosa y Rogelio Rodr\u00edguez Coronel.<\/p>\n<p style=\"text-align: justify;\">A las 9 de la ma\u00f1ana en la mesa 1 se debatir\u00e1 el tema \u201cLas revoluciones en el pensamiento y pr\u00e1ctica de Juan Bosch\u201d.<\/p>\n<p style=\"text-align: justify;\">En la mesa 2 se debatir\u00e1 \u201cLa Revoluci\u00f3n Sandinista\u201d bajo la coordinaci\u00f3n de Rafael Cuevas Molina (Universidad Nacional de Costa Rica).<\/p>\n<p style=\"text-align: justify;\">En la mesa 3, sala 1, el tema ser\u00e1 la Revoluci\u00f3n Mexicana, que coordinar\u00e1 Arturo Sorhegui D\u00b4Mares (Universidad de La Habana- Cuba).<\/p>\n<p style=\"text-align: justify;\">A las 11 de la ma\u00f1ana se tocar\u00e1 la Revoluci\u00f3n Cubana en la mesa 4, sala 1, bajo la coordinaci\u00f3n de Alejo Maldonado Gallardo, de la Universidad Michoacana de San Nicol\u00e1s de Hidalgo- M\u00e9xico.<\/p>\n<p style=\"text-align: justify;\">En la mesa 5, sala 2, se debatir\u00e1 la segunda parte de la Revoluci\u00f3n Mexicana, con la coordinaci\u00f3n de Roberto Gonz\u00e1lez Arana, de la Universidad del Norte- Colombia.<\/p>\n<p style=\"text-align: justify;\">En la mesa 6, sala 3, el tema ser\u00e1 la Revoluci\u00f3n Dominicana de 1965 en su primera parte, bajo la conducci\u00f3n de Mat\u00edas Bosch, de la Fundaci\u00f3n Juan Bosch.<\/p>\n<p style=\"text-align: justify;\">A las 4:30 se reanudar\u00e1n las actividades en la mesa 7, sala 1, con la segunda parte del debate sobre la Revoluci\u00f3n Cubana, con la coordinaci\u00f3n de Yesenia Mart\u00ednez Garc\u00eda, de la Universidad Nacional de Agricultura, de Honduras.<\/p>\n<p style=\"text-align: justify;\">En la mesa 8 , sala 2, se continuar\u00e1 la tercera parte que coordinar\u00e1 Elizet Payne Iglesias, de la Universidad de Costa Rica.<\/p>\n<p style=\"text-align: justify;\">Siguen los debates en la mesa 9, sala 3, con la segunda parte del tema de la Revoluci\u00f3n Dominicana de 1965, con la coordinaci\u00f3n de Roberto Cass\u00e1, director del Archivo General de la Naci\u00f3n. A las cinco de la tarde en la mesa 10, sala 1, se debatir\u00e1 La herencia y repercusiones de las revoluciones latinoamericanas y caribe\u00f1as del siglo XX, El caso de la Revoluci\u00f3n Cubana en el sur del continente, que la corrdinar\u00e1 Felipe Mac\u00edas Gloria, de la Universidad de Guanajuato, M\u00e9xico.<\/p>\n<p style=\"text-align: justify;\"><strong>VIAJE<\/strong><br \/>\n<strong>SERGIO GUERRA VILABOY<\/strong><br \/>\nEl presidente de la Asociaci\u00f3n de Historiadores Latinoamericanos y del Caribe dijo que conferencistas que vienen al Congreso se autofinancian su viaje, e incluso pagan una inscripci\u00f3n y obtienen s\u00f3lo el transporte.<\/p>\n<p style=\"text-align: justify;\"><strong>TRUNCAS<\/strong><br \/>\n<strong>JORGE EL\u00cdAS CARO<\/strong><br \/>\nLas revoluciones truncas, o que no triunfaron en sus prop\u00f3sitos ser\u00e1n tema de debate en el X Encuentro de la Asociaci\u00f3n de Historiadores Latinoamericanos y el Caribe.<\/p>\n<p style=\"text-align: justify;\"><strong>OPINI\u00d3N<\/strong><br \/>\n<strong>LUIS C\u00c9SPEDES<\/strong><br \/>\nEl presidente de la c\u00e1tedra Juan Bosch de la Universidad de La Habana asegur\u00f3 que en el Congreso se expresar\u00e1n todos los puntos de vista sobre las revoluciones latinoamericanas, por lo que \u201cflorecer\u00e1n todas las ideas, no habr\u00e1 una proclama\u201d.<\/p>\n<p style=\"text-align: justify;\"><strong>\u201cBosch es vital en la historia de AL\u201d<\/strong><br \/>\n\u201cJuan Bosch es una figura imprescindible en la historiograf\u00eda de Am\u00e9rica Latina\u201d, estima el historiador Luis C\u00e9spedes, quien preside la C\u00e1tedra que lleva el nombre del escritor y pol\u00edtico dominicano en la Univesidad de La Habana.<\/p>\n<p style=\"text-align: justify;\">\u201cEs uno de los grandes \u00edconos en nuestra historiograf\u00eda y pol\u00edtica caribe\u00f1a, y fue el primero en plantear que el Caribe iba m\u00e1s all\u00e1 de las islas\u201d, dijo.<\/p>\n<p style=\"text-align: justify;\">La figura de Bosch ser\u00e1 analizada en el Congreso \u201cLas revoluciones en la historia de Am\u00e9rica Latina y el Caribe en el siglo XX\u201d que realizar\u00e1 la Asociaci\u00f3n de Historiadores Latinoamericanos y del Caribe (ADHILAC) en la sede de la Fundaci\u00f3n Global Democracia y Desarrollo (Funglode), del 14 al 17 de junio.<\/p>\n<p style=\"text-align: justify;\">En el Congreso se presentar\u00e1 un libro sobre toda la obra de Bosch escrita en Cuba, en dos tomos en los que hay escritos in\u00e9ditos que fueron recogidos en la prensa cubana de la \u00e9poca.<\/p>\n<p style=\"text-align: justify;\">Una parte de la obra abarca su visi\u00f3n sobre Centroam\u00e9rica en los a\u00f1os 40, tambi\u00e9n la cuent\u00edstica, sus an\u00e1lisis pol\u00edticos y literarios.<\/p>\n<p style=\"text-align: justify;\">\u201cEse libro abre con una fotocopia del registro de la fecha de llegada de Bosch a Cuba, para que no se discuta m\u00e1s cu\u00e1ndo lleg\u00f3 a Cuba\u201d, asever\u00f3 Sergio Guerra, presidente de ADHILAC.<\/p>\n<p style=\"text-align: justify;\">En el encuentro habr\u00e1 una mesa que la coordina la Fundaci\u00f3n Juan Bosch con el tema \u201cBosch y su pensamiento sobre la Revolu-\u00a0 ci\u00f3n\u201d. Las obras de Bosch est\u00e1n siendo debatidas y recopiladas en Colombia.<\/p>\n<p style=\"text-align: justify;\">El X Encuentro Internacional de la ADHILAC es organizado por la Fundaci\u00f3n Global Democracia y Desarrollo (Funglode), con el coauspicio de la Academia Dominicana de la Historia, la C\u00e1tedra Juan Bosch de la Universidad de La Habana, la Universidad Aut\u00f3noma de Santo Domingo (UASD), el Archivo General de la Naci\u00f3n y la Biblioteca Nacional.<\/p>\n<p style=\"text-align: justify;\">http:\/\/www.listin.com.do\/la-republica\/2011\/6\/13\/192032\/110-Historiadores-debatiran-revoluciones<\/p>\n<ul style=\"text-align: justify;\">\n<li><strong>Descr\u00e9dito de partidos podr\u00eda ser detonante<\/strong><\/li>\n<\/ul>\n<p style=\"text-align: justify;\">UNA DE LAS CARACTER\u00cdSTICAS DE LAS REVOLUCIONES ES QUE SON COMO LOS TERREMOTOS, PORQUE SE DESATAN CUANDO MENOS SE ESPERAN<br \/>\n14 de junio de 2011<\/p>\n<p style=\"text-align: justify;\">Fernando Quiroz<br \/>\nfernando.quiroz@listindiario.com<br \/>\nSanto Domingo<\/p>\n<p style=\"text-align: justify;\"><a href=\"https:\/\/adhilac.com.ar\/wp-content\/uploads\/2011\/06\/Listin031.jpeg\"><img loading=\"lazy\" decoding=\"async\" class=\"alignleft size-full wp-image-3955\" title=\"Listin03\" src=\"https:\/\/adhilac.com.ar\/wp-content\/uploads\/2011\/06\/Listin031.jpeg\" alt=\"\" width=\"460\" height=\"306\" srcset=\"https:\/\/adhilac.com.ar\/wp-content\/uploads\/2011\/06\/Listin031.jpeg 460w, https:\/\/adhilac.com.ar\/wp-content\/uploads\/2011\/06\/Listin031-300x199.jpg 300w\" sizes=\"auto, (max-width: 460px) 100vw, 460px\" \/><\/a><em>Directivos de la Asociaci\u00f3n de Historiadores de Am\u00e9rica Latina [Sergio Guerra Vilaboy y Jorge El\u00edas Caro, junto a Luis C\u00e9spedes] al ser entrevistados por el director y subdirector del LIST\u00cdN DIARIO, Miguel Franjul y Fabio Cabral; los periodistas Fernando Quiroz y Abel Guzm\u00e1n Then. Tambi\u00e9n particip\u00f3 Elina Mar\u00eda Cruz, de Funglode.<\/em><\/p>\n<p style=\"text-align: justify;\">El descr\u00e9dito de los partidos pol\u00edticos en Am\u00e9rica Latina, sumado a la crisis econ\u00f3mica y a la corrupci\u00f3n podr\u00edan ser los detonantes de movimientos de protestas en la regi\u00f3n, contrario a lo sucedido recientemente en pa\u00edses \u00e1rabes como Egipto y Siria, donde gran parte de la poblaci\u00f3n se ha levantado en contra de sus dictaduras.<!--more-->La reflexi\u00f3n la hace el presidente de la Asociaci\u00f3n de Historiadores de Latinoamericanos y del Caribe (ADHILAC), Sergio Guerra Vilaboy, quien advirti\u00f3 que no hay un mecanismo que resuelva los problemas porque hay un sistema pol\u00edtico que se recicla y es corrupto.<\/p>\n<p style=\"text-align: justify;\">La historia da giros sorpresivos, dijo, y precisamente, agreg\u00f3, una de las caracter\u00edsticas de las revoluciones es que son como los terremotos, porque se desatan cuando menos se esperan.<\/p>\n<p style=\"text-align: justify;\">La ADHILAC realiza en el pa\u00eds desde hoy y hasta el viernes, con el apoyo de la Fundaci\u00f3n Global Democracia y Desarrollo (Funglode) el X Congreso Las Revoluciones en la Historia de Am\u00e9rica Latina y el Caribe en el Siglo XX.<\/p>\n<p style=\"text-align: justify;\">El evento cuenta con el auspicio de la Academia Dominicana de la Historia, la C\u00e1tedra Juan Bosch de la Universidad de La Habana y la Universidad Aut\u00f3noma de Santo Domingo (UASD).<\/p>\n<p style=\"text-align: justify;\"><a href=\"https:\/\/adhilac.com.ar\/wp-content\/uploads\/2011\/06\/Listin-04.jpeg\"><img loading=\"lazy\" decoding=\"async\" class=\"alignleft size-full wp-image-3956\" title=\"Listin-04\" src=\"https:\/\/adhilac.com.ar\/wp-content\/uploads\/2011\/06\/Listin-04.jpeg\" alt=\"\" width=\"460\" height=\"322\" srcset=\"https:\/\/adhilac.com.ar\/wp-content\/uploads\/2011\/06\/Listin-04.jpeg 460w, https:\/\/adhilac.com.ar\/wp-content\/uploads\/2011\/06\/Listin-04-300x210.jpg 300w\" sizes=\"auto, (max-width: 460px) 100vw, 460px\" \/><\/a><em>Luis C\u00e9spedes junto a los directivos de ADHILAC <\/em><em>Sergio Guerra Vilaboy y Jorge El\u00edas Caro<\/em>.<\/p>\n<p style=\"text-align: justify;\">El doctor Guerra Vilaboy, quien es director del Departamento de Historia de la Universidad de La Habana, y premio Casa de las Am\u00e9ricas 2010, se refiri\u00f3 a que los movimientos que expresan el descontento de la gente en Espa\u00f1a son s\u00edntomas de algo que est\u00e1 fallando en la clase pol\u00edtica, sumado a la crisis econ\u00f3mica mundial.<\/p>\n<p style=\"text-align: justify;\">Expuso sus opiniones en el Desayuno de LIST\u00cdN DIARIO junto al profesor Luis C\u00e9spedes, miembro coordinador del X Congreso de ADHILAC y presidente de la C\u00e1tedra Juan Bosch de la Universidad de La Habana, y a Jorge El\u00edas Caro, secretario ejecutivo de la ADHILAC y profesor de la Universidad del Magdalena, Colombia.<\/p>\n<p style=\"text-align: justify;\">Cree que la historia de Am\u00e9rica Latina siempre ha sido convulsa, pues se naci\u00f3 de una convulsi\u00f3n, que fue la conquista, hace cinco siglos.\u00a0 Ve que los primeros diez a\u00f1os del siglo XXI son m\u00e1s agresivos que los primeros diez del siglo XX.<\/p>\n<p style=\"text-align: justify;\">No obstante, resalta que el siglo XX estuvo plagado de revoluciones, que abri\u00f3 con la mexicana. En muchos pa\u00edses, en los a\u00f1os treinta, hubo muchas revoluciones frustradas.<\/p>\n<p style=\"text-align: justify;\">En 1944 se produjo la revoluci\u00f3n guatelmateca, la boliviana en 1952, en 1959 la cubana, en abril de 1965 la dominicana y en 1979 la sandinista, en Nicaragua.<\/p>\n<p style=\"text-align: justify;\">\u201cEl tema de las revoluciones, que parec\u00eda era cosa del pasado se est\u00e1 poniendo a la orden del d\u00eda\u201d, dijo Guerra Vilaboy.<\/p>\n<p style=\"text-align: justify;\"><strong>Parecidos<\/strong><br \/>\nEl presidente de la ADHILAC observa ciertos parecidos en las revoluciones, mexicanas, cubanas y sandinistas porque surgen contra largas dictaduras: la de Porfirio D\u00edaz, de Fulgencio Batista y la de Anastasio Somoza Debayle.<\/p>\n<p style=\"text-align: justify;\">\u201cTienen expresi\u00f3n por situaciones sociales tensas, crisis econ\u00f3micas, todo eso mezclado\u201d, precis\u00f3 Guerra Vilaboy. En algunas es m\u00e1s predominante el componente pol\u00edtico, en otras el social-econ\u00f3mico, puntualiz\u00f3, pero sostiene tambi\u00e9n que a veces se combinan.<\/p>\n<p style=\"text-align: justify;\">Estas revoluciones del siglo XX fueron contra gobiernos entreguistas a los intereses extranjeros por lo que se destaca el elemento nacionalista. Han tenido como base movimientos obreros, estudiantiles, campesinos.<\/p>\n<p style=\"text-align: justify;\"><strong>Triunfo<\/strong><br \/>\nTradicionalmente se ha medido el triunfo de una revoluci\u00f3n en funci\u00f3n de que alcancen la toma del poder para hacer los cambios programados.<\/p>\n<p style=\"text-align: justify;\">Asi opin\u00f3 el profesor Luis C\u00e9spedes, miembro coordinador del X Congreso de ADHILAC y presidente de la C\u00e1tedra Juan Bosch de la Universidad de La Habana.<\/p>\n<p style=\"text-align: justify;\">Cree que en Am\u00e9rica Latina se est\u00e1n creando por primera vez movimientos independientes de los norteamericanos.<\/p>\n<p style=\"text-align: justify;\">Sobre las intervenciones dijo que han concitado un repudio en la regi\u00f3n. \u201cUna intervenci\u00f3n en cualquiera de estos\u00a0 pa\u00edses concita una solidaridad tremenda\u00d6 cada vez\u00a0 que nos hemos visto en peligro viene la protesta y entonces se forma un rollo que no es tan f\u00e1cil&#8230;\u201d, puntaliz\u00f3 C\u00e9spedes.<\/p>\n<p style=\"text-align: justify;\"><strong>\u00bfPOR QU\u00c9 EEUU NO INTERVINO A CUBA?<\/strong><br \/>\nEl presidente de la Asociaci\u00f3n de Historiadores de Am\u00e9rica Latina y del Caribe piensa que Cuba no ha sido intervenida militarmente por los Estados Unidos a causa de su revoluci\u00f3n, por varios factores.<\/p>\n<p style=\"text-align: justify;\">Primero, dijo Guerra Vilaboy, menospreciaron un poco el proceso revolucionario, pues no le vieron los alcances y profundidad que ten\u00edan.<br \/>\n\u201cY un poco se sorprendieron de la magnitud y por la radicalizaci\u00f3n del proceso\u201d, agreg\u00f3.<\/p>\n<p style=\"text-align: justify;\">Los Estados Unidos pens\u00f3 que pod\u00edan aplicar la misma receta de Guatemala a Cuba, donde armaron a los enemigos del gobierno y fracturaron el ej\u00e9rcito.<br \/>\nEn Cuba, explic\u00f3, era diferente. Era una revoluci\u00f3n que hab\u00eda salido de abajo, que ten\u00eda un ej\u00e9rcito diferente y al radicalizarse y producir grandes beneficios sociales ten\u00eda un respaldo popular muy grande.<\/p>\n<p style=\"text-align: justify;\">Por eso qued\u00f3 demostrado que la intervenci\u00f3n de Bah\u00eda de Cochino dur\u00f3 menos de 72 horas para ser derrotada por las fuerzas lideradas por Fidel Castro.<br \/>\n\u201cEso provoc\u00f3 una crisis pr\u00e1cticamente en los Estados Unidos, la famosa frase del presidente Keneddy: \u2018La victoria tiene muchos padres, la derrota es hu\u00e9rfana\u201d, record\u00f3.<\/p>\n<p style=\"text-align: justify;\">Esa situaci\u00f3n, a\u00f1adi\u00f3, produjo un desconcierto en los Estados Unidos y agudiz\u00f3 el enfrentamiento con Cuba, que culmina con la llamada crisis de los misiles tras la isla buscar alianzar militar con la Uni\u00f3n de Rep\u00fablicas Socialistas Sovi\u00e9ticas (Rusia).<\/p>\n<p style=\"text-align: justify;\">Al convertirse en un conflicto de superpotencias, hubo un pacto entre la Uni\u00f3n Sovi\u00e9tica y los Estados Unidos. Mientras que el profesor Luis C\u00e9spedes cree que uno de los factores esenciales que hacen meditar mucho a los Estados Unidos es el rechazo a las intervenciones que hay en el Caribe y en Am\u00e9rica Latina.<\/p>\n<p style=\"text-align: justify;\"><strong>\u201cAbril\u201d fue una revoluci\u00f3n frustrada<\/strong><br \/>\nLa revuelta de abril de 1965 en el pa\u00eds para demandar el reestablecimiento en el poder del presidente constitucional Juan Bosch, derrocado el 25 de septiembre de 1963 por un golpe de Estado, es considerada por el historiador Guerra Vilaboy como una revoluci\u00f3n frustrada por la intervenci\u00f3n militar de los Estados Unidos.<\/p>\n<p style=\"text-align: justify;\">Sergio Guerra Vilaboy, presidente de la Asociaci\u00f3n de Historiadores de Am\u00e9rica Latina y el Caribe, dijo que se trat\u00f3 de una revoluci\u00f3n que naci\u00f3 con contenidos democr\u00e1ticos.<\/p>\n<p style=\"text-align: justify;\">Sostuvo que igual pas\u00f3 con la Revoluci\u00f3n Cubana, que se origin\u00f3 con contenido democr\u00e1tico y social, y que fue la presi\u00f3n de los Estados Unidos que la llev\u00f3 a un proceso de radicalizaci\u00f3n vertiginoso.<\/p>\n<p style=\"text-align: justify;\">Asimismo, Estados Unidos intervino, con el temor de que en Rep\u00fablica Dominicana fuera una \u201csegunda Cuba\u201d, en una revoluci\u00f3n que pretend\u00eda restablecer la democracia y el gobierno de Juan Bosch.<\/p>\n<p style=\"text-align: justify;\">\u201cSi en Cuba hubieren intervenido, quiz\u00e1s la revoluci\u00f3n cubana tambi\u00e9n ser\u00eda frustrada\u201d, dijo Guerra Vilaboy.<\/p>\n<p style=\"text-align: justify;\"><strong>Objetivos<\/strong><br \/>\n\u201cPero su contenido original era una revoluci\u00f3n que buscaba fundamentalmente restablecer el r\u00e9gimen democr\u00e1tico, la constituci\u00f3n de 1940 y lograr un mejoramiento social\u201d,\u00a0 manifest\u00f3.<\/p>\n<p style=\"text-align: justify;\">En el congreso, los historiadores tendr\u00e1n mesas exclusivas para el debate del tema militar de las revoluciones.<\/p>\n<p style=\"text-align: justify;\">Hablar\u00e1n del concepto te\u00f3rico de revoluci\u00f3n.<\/p>\n<p style=\"text-align: justify;\">Sergio Guerra Vilaboy, presidente de la Asociaci\u00f3n de Historiadores de Am\u00e9rica Latina y el Caribe, dijo que el concepto de revoluci\u00f3n se inici\u00f3 en Europa en el siglo XVII, asociado a los astros, no a las ciencias sociales ni a la historia.<\/p>\n<p style=\"text-align: justify;\">listin diario.com<\/p>\n<p style=\"text-align: justify;\"><strong>Publicado por ADHILAC Internacional \u00a9 www.adhilac.com.ar<\/strong><\/p>\n<p style=\"text-align: justify;\">Si Ud. desea asociarse de acuerdo a los Estatutos de ADHILAC <a title=\"(ver)\" href=\"..\/?page_id=263\">(ver)<\/a> complete el siguiente formulario <a title=\"(ver)\" href=\"..\/?page_id=3194\">(ver)<\/a><\/p>\n<p style=\"text-align: justify;\">E-mail: info@adhilac.com.ar<strong> <\/strong><\/p>\n<p style=\"text-align: justify;\">Twitter: @AdhilacInfo<\/p>\n","protected":false},"excerpt":{"rendered":"<p>Diario dominicano LISTIN 110 Historiadores debatir\u00e1n revoluciones EL CONGRESO ESTAR\u00c1 DIVIDIDO EN 30 MESAS CON TRES SESIONES SIMULT\u00c1NEAS EN FUNGLODE 13 junio de 2011 Abel Guzm\u00e1n Then abel.guzman@listindiario.com Santo Domingo Evento. Ilustraci\u00f3n que promociona el X Encuentro Internacional de la Asociaci\u00f3n de Historiadores Latinoamericanos y del Caribe que ser\u00e1 inagurado hoy en Bellas Artes y [&hellip;]<\/p>\n","protected":false},"author":2,"featured_media":0,"comment_status":"closed","ping_status":"closed","sticky":false,"template":"","format":"standard","meta":{"_crdt_document":"","footnotes":""},"categories":[3,5,40],"tags":[13,83,200,20,138],"class_list":["post-3952","post","type-post","status-publish","format-standard","hentry","category-adhilac-inter","category-congresos","category-informaciones","tag-america-latina","tag-revolucion-cubana","tag-revolucion-dominicana","tag-revolucion-mexicana","tag-revoluciones"],"_links":{"self":[{"href":"https:\/\/adhilac.com.ar\/index.php?rest_route=\/wp\/v2\/posts\/3952","targetHints":{"allow":["GET"]}}],"collection":[{"href":"https:\/\/adhilac.com.ar\/index.php?rest_route=\/wp\/v2\/posts"}],"about":[{"href":"https:\/\/adhilac.com.ar\/index.php?rest_route=\/wp\/v2\/types\/post"}],"author":[{"embeddable":true,"href":"https:\/\/adhilac.com.ar\/index.php?rest_route=\/wp\/v2\/users\/2"}],"replies":[{"embeddable":true,"href":"https:\/\/adhilac.com.ar\/index.php?rest_route=%2Fwp%2Fv2%2Fcomments&post=3952"}],"version-history":[{"count":5,"href":"https:\/\/adhilac.com.ar\/index.php?rest_route=\/wp\/v2\/posts\/3952\/revisions"}],"predecessor-version":[{"id":6068,"href":"https:\/\/adhilac.com.ar\/index.php?rest_route=\/wp\/v2\/posts\/3952\/revisions\/6068"}],"wp:attachment":[{"href":"https:\/\/adhilac.com.ar\/index.php?rest_route=%2Fwp%2Fv2%2Fmedia&parent=3952"}],"wp:term":[{"taxonomy":"category","embeddable":true,"href":"https:\/\/adhilac.com.ar\/index.php?rest_route=%2Fwp%2Fv2%2Fcategories&post=3952"},{"taxonomy":"post_tag","embeddable":true,"href":"https:\/\/adhilac.com.ar\/index.php?rest_route=%2Fwp%2Fv2%2Ftags&post=3952"}],"curies":[{"name":"wp","href":"https:\/\/api.w.org\/{rel}","templated":true}]}}