{"id":3984,"date":"2011-06-22T08:17:56","date_gmt":"2011-06-22T11:17:56","guid":{"rendered":"https:\/\/adhilac.com.ar\/?p=3984"},"modified":"2012-11-14T14:58:50","modified_gmt":"2012-11-14T17:58:50","slug":"informacion-de-prensa-sobre-el-x-encuentro-internacional-de-adhilac-santo-domingo-junio-de-2011-parte-iv","status":"publish","type":"post","link":"https:\/\/adhilac.com.ar\/?p=3984","title":{"rendered":"Informaci\u00f3n de prensa sobre el X Encuentro Internacional de ADHILAC. Santo Domingo, junio de 2011. Parte IV"},"content":{"rendered":"<h3><span style=\"color: #339966;\"><strong>Revoluciones Latinoamericanas<\/strong><\/span><\/h3>\n<p><em><span style=\"color: #000000;\">El  Tel\u00e9grafo. Primer Diario  P\u00fablico<\/span><\/em><br \/>\nEcuador, lunes 20 de junio de  2011<br \/>\n<span style=\"text-align: left;\">Juan J. Paz y Mi\u00f1o Cepeda<\/span><\/p>\n<p>La semana pasada se realiz\u00f3 en Santo Domingo, Rep\u00fablica Dominicana, el X Congreso Internacional de la Asociaci\u00f3n de Historiadores Latinoamericanos y del Caribe (ADHILAC), bajo el titulo \u201cLas revoluciones en la historia de Am\u00e9rica Latina y el Caribe. Siglo XX\u201d.<\/p>\n<p style=\"text-align: left;\"><a href=\"https:\/\/adhilac.com.ar\/wp-content\/uploads\/2011\/06\/Ballet-03.jpg\"><img loading=\"lazy\" decoding=\"async\" class=\"aligncenter size-full wp-image-3986\" title=\"Ballet-03\" src=\"https:\/\/adhilac.com.ar\/wp-content\/uploads\/2011\/06\/Ballet-03.jpg\" alt=\"\" width=\"624\" height=\"365\" srcset=\"https:\/\/adhilac.com.ar\/wp-content\/uploads\/2011\/06\/Ballet-03.jpg 624w, https:\/\/adhilac.com.ar\/wp-content\/uploads\/2011\/06\/Ballet-03-300x175.jpg 300w\" sizes=\"auto, (max-width: 624px) 100vw, 624px\" \/><\/a><\/p>\n<p style=\"text-align: left;\"><em>El Ballet Folklorico de Turismo en el Palacio de Bellas Artes de Santo Domingo. Foto: Carolina Crisorio<!--more--><\/em><\/p>\n<p style=\"text-align: left;\">Fue la oportunidad para examinar, ante todo, los procesos revolucionarios que se vivieron en M\u00e9xico (1910), Bolivia (1952), Cuba (1959) y Nicaragua (1979), pero tambi\u00e9n para reflexionar sobre los cambios que se imponen hoy en varios pa\u00edses de la regi\u00f3n (Bolivia, Ecuador y Venezuela a la cabeza), cuyos gobiernos asumen estar desarrollando aut\u00e9nticas revoluciones, distintas a las del pasado, pues se realizan en el marco de la democracia y del propio capitalismo.<\/p>\n<p><a href=\"https:\/\/adhilac.com.ar\/wp-content\/uploads\/2011\/06\/Leonel-03.jpg\"><img loading=\"lazy\" decoding=\"async\" class=\"aligncenter size-large wp-image-3985\" title=\"Leonel-03\" src=\"https:\/\/adhilac.com.ar\/wp-content\/uploads\/2011\/06\/Leonel-03-579x1024.jpg\" alt=\"\" width=\"579\" height=\"1024\" srcset=\"https:\/\/adhilac.com.ar\/wp-content\/uploads\/2011\/06\/Leonel-03-579x1024.jpg 579w, https:\/\/adhilac.com.ar\/wp-content\/uploads\/2011\/06\/Leonel-03-169x300.jpg 169w, https:\/\/adhilac.com.ar\/wp-content\/uploads\/2011\/06\/Leonel-03.jpg 624w\" sizes=\"auto, (max-width: 579px) 100vw, 579px\" \/><\/a><\/p>\n<p><em>El presidente dominicano Leonel Fern\u00e1ndez en el acto de apertura. Foto: Carolina Crisorio<\/em><\/p>\n<p style=\"text-align: left;\">El presidente dominicano Leonel Fern\u00e1ndez, en un importante y magistral discurso, hizo un repaso acad\u00e9mico sobre el significado de las revoluciones latinoamericanas nombradas y tambi\u00e9n asumi\u00f3 que su gobierno est\u00e1 desarrollando una revoluci\u00f3n contempor\u00e1nea, pac\u00edfica, que respeta la democracia.<\/p>\n<p>Para los historiadores latinoamericanistas asistentes est\u00e1 muy claro que Am\u00e9rica Latina se halla en una era distinta a la del pasado, en la que los cambios revolucionarios han significado, sobre todo, la introducci\u00f3n de la dimensi\u00f3n social para el desarrollo econ\u00f3mico, la intervenci\u00f3n del Estado para regular los abusos y excesos que siempre generan los modelos empresariales con mercado libre, y un renovado nacionalismo, que valora la soberan\u00eda y la identidad propia, incluso confrontando tesis y posiciones frente a los pa\u00edses capitalistas centrales, que siguen practicando viejas pol\u00edticas imperialistas.<\/p>\n<p>Adicionalmente, el congreso ha servido para intercambiar criterios y experiencias sobre la vida pol\u00edtica de Am\u00e9rica Latina en la coyuntura. Con respecto a Ecuador, entre los historiadores existi\u00f3 un amplio inter\u00e9s por conocer\u00a0 la marcha del pa\u00eds. Sorprendi\u00f3 a los acad\u00e9micos, que est\u00e1n informados sobre los acontecimientos del 30 de septiembre de 2010, que un evidente intento de golpe de Estado, que incluso deriv\u00f3 en un intento de magnicidio, vaya quedando en la impunidad. Los historiadores constataron que en Ecuador, tanto como en los otros pa\u00edses con reg\u00edmenes definidos por cambios \u201crevolucionarios\u201d, los opositores y enemigos pol\u00edticos obran como en el viejo pasado, intentando detener y revertir los cambios, a\u00fan sin descartar la confabulaci\u00f3n que conduzca finalmente al ansiado golpe de Estado exitoso.<\/p>\n<p><strong>Publicado por ADHILAC Internacional \u00a9 www.adhilac.com.ar<\/strong><\/p>\n<p>Si Ud. desea asociarse de acuerdo a los Estatutos de ADHILAC <a title=\"(ver)\" href=\"..\/?page_id=263\">(ver)<\/a> complete el siguiente formulario <a title=\"(ver)\" href=\"..\/?page_id=3194\">(ver)<\/a><\/p>\n<p>E-mail: info@adhilac.com.ar<strong> <\/strong><\/p>\n<p>Twitter: @AdhilacInfo<\/p>\n","protected":false},"excerpt":{"rendered":"<p>Revoluciones Latinoamericanas El Tel\u00e9grafo. Primer Diario P\u00fablico Ecuador, lunes 20 de junio de 2011 Juan J. Paz y Mi\u00f1o Cepeda La semana pasada se realiz\u00f3 en Santo Domingo, Rep\u00fablica Dominicana, el X Congreso Internacional de la Asociaci\u00f3n de Historiadores Latinoamericanos y del Caribe (ADHILAC), bajo el titulo \u201cLas revoluciones en la historia de Am\u00e9rica Latina [&hellip;]<\/p>\n","protected":false},"author":37,"featured_media":0,"comment_status":"closed","ping_status":"closed","sticky":false,"template":"","format":"standard","meta":{"_crdt_document":"","footnotes":""},"categories":[3,5,40],"tags":[13,83,200,20,138],"class_list":["post-3984","post","type-post","status-publish","format-standard","hentry","category-adhilac-inter","category-congresos","category-informaciones","tag-america-latina","tag-revolucion-cubana","tag-revolucion-dominicana","tag-revolucion-mexicana","tag-revoluciones"],"_links":{"self":[{"href":"https:\/\/adhilac.com.ar\/index.php?rest_route=\/wp\/v2\/posts\/3984","targetHints":{"allow":["GET"]}}],"collection":[{"href":"https:\/\/adhilac.com.ar\/index.php?rest_route=\/wp\/v2\/posts"}],"about":[{"href":"https:\/\/adhilac.com.ar\/index.php?rest_route=\/wp\/v2\/types\/post"}],"author":[{"embeddable":true,"href":"https:\/\/adhilac.com.ar\/index.php?rest_route=\/wp\/v2\/users\/37"}],"replies":[{"embeddable":true,"href":"https:\/\/adhilac.com.ar\/index.php?rest_route=%2Fwp%2Fv2%2Fcomments&post=3984"}],"version-history":[{"count":6,"href":"https:\/\/adhilac.com.ar\/index.php?rest_route=\/wp\/v2\/posts\/3984\/revisions"}],"predecessor-version":[{"id":7342,"href":"https:\/\/adhilac.com.ar\/index.php?rest_route=\/wp\/v2\/posts\/3984\/revisions\/7342"}],"wp:attachment":[{"href":"https:\/\/adhilac.com.ar\/index.php?rest_route=%2Fwp%2Fv2%2Fmedia&parent=3984"}],"wp:term":[{"taxonomy":"category","embeddable":true,"href":"https:\/\/adhilac.com.ar\/index.php?rest_route=%2Fwp%2Fv2%2Fcategories&post=3984"},{"taxonomy":"post_tag","embeddable":true,"href":"https:\/\/adhilac.com.ar\/index.php?rest_route=%2Fwp%2Fv2%2Ftags&post=3984"}],"curies":[{"name":"wp","href":"https:\/\/api.w.org\/{rel}","templated":true}]}}