{"id":4032,"date":"2011-06-29T10:41:02","date_gmt":"2011-06-29T13:41:02","guid":{"rendered":"https:\/\/adhilac.com.ar\/?p=4032"},"modified":"2012-11-14T14:57:55","modified_gmt":"2012-11-14T17:57:55","slug":"x-encuentro-internacional-de-adhilac-14-al-17-de-junio-de-2011-galeria-de-imagenes-ii","status":"publish","type":"post","link":"https:\/\/adhilac.com.ar\/?p=4032","title":{"rendered":"X Encuentro Internacional de ADHILAC. 14 al 17 de junio de 2011. GALERIA DE IMAGENES II"},"content":{"rendered":"<h3><span style=\"color: #339966;\">Apertura del X Encuentro de ADHILAC. Auditorio Principal del Palacio de Bellas Artes<\/span><\/h3>\n<p><em>14 de junio de 2011<\/em><\/p>\n<p><strong>GALERIA DE IMAGENES II<\/strong><br \/>\nLAS REVOLUCIONES EN LA HISTORIA DE AMERICA LATINA Y EL CARIBE. SIGLO XX.<\/p>\n<p><a href=\"https:\/\/adhilac.com.ar\/wp-content\/uploads\/2011\/06\/Ballet-031.jpg\"><img loading=\"lazy\" decoding=\"async\" class=\"alignnone size-full wp-image-4039\" title=\"Ballet-03\" src=\"https:\/\/adhilac.com.ar\/wp-content\/uploads\/2011\/06\/Ballet-031.jpg\" alt=\"\" width=\"624\" height=\"365\" srcset=\"https:\/\/adhilac.com.ar\/wp-content\/uploads\/2011\/06\/Ballet-031.jpg 624w, https:\/\/adhilac.com.ar\/wp-content\/uploads\/2011\/06\/Ballet-031-300x175.jpg 300w\" sizes=\"auto, (max-width: 624px) 100vw, 624px\" \/><\/a><\/p>\n<p><em>1. Ballet Folkl\u00f3rico del Ministerio de Turismo, a cargo del maestro Oscar Batista. Foto: Carolina Crisorio<!--more--><\/em><\/p>\n<p><a href=\"https:\/\/adhilac.com.ar\/wp-content\/uploads\/2011\/06\/Apertura-02.jpg\"><img loading=\"lazy\" decoding=\"async\" class=\"alignnone size-full wp-image-4033\" title=\"Apertura-02\" src=\"https:\/\/adhilac.com.ar\/wp-content\/uploads\/2011\/06\/Apertura-02.jpg\" alt=\"\" width=\"624\" height=\"468\" srcset=\"https:\/\/adhilac.com.ar\/wp-content\/uploads\/2011\/06\/Apertura-02.jpg 624w, https:\/\/adhilac.com.ar\/wp-content\/uploads\/2011\/06\/Apertura-02-300x225.jpg 300w\" sizes=\"auto, (max-width: 624px) 100vw, 624px\" \/><\/a><\/p>\n<p><em>2. Orquesta de C\u00e1mara de la Facultad de Arte de la UASD dirigida por Hip\u00f3lito Javier. Foto: Carolina Crisorio<\/em><\/p>\n<p><a href=\"https:\/\/adhilac.com.ar\/wp-content\/uploads\/2011\/06\/Apertura-03.jpg\"><img loading=\"lazy\" decoding=\"async\" class=\"alignnone size-full wp-image-4035\" title=\"Apertura-03\" src=\"https:\/\/adhilac.com.ar\/wp-content\/uploads\/2011\/06\/Apertura-03.jpg\" alt=\"\" width=\"624\" height=\"468\" srcset=\"https:\/\/adhilac.com.ar\/wp-content\/uploads\/2011\/06\/Apertura-03.jpg 624w, https:\/\/adhilac.com.ar\/wp-content\/uploads\/2011\/06\/Apertura-03-300x225.jpg 300w\" sizes=\"auto, (max-width: 624px) 100vw, 624px\" \/><\/a><\/p>\n<p><em>3. Orquesta de C\u00e1mara de la Facultad de Arte de la UASD dirigida por Hip\u00f3lito Javier. Foto: Carolina Crisorio<\/em><\/p>\n<p><a href=\"https:\/\/adhilac.com.ar\/wp-content\/uploads\/2011\/06\/Ballet-01.jpg\"><img loading=\"lazy\" decoding=\"async\" class=\"alignnone size-full wp-image-4038\" title=\"Ballet-01\" src=\"https:\/\/adhilac.com.ar\/wp-content\/uploads\/2011\/06\/Ballet-01.jpg\" alt=\"\" width=\"624\" height=\"468\" srcset=\"https:\/\/adhilac.com.ar\/wp-content\/uploads\/2011\/06\/Ballet-01.jpg 624w, https:\/\/adhilac.com.ar\/wp-content\/uploads\/2011\/06\/Ballet-01-300x225.jpg 300w\" sizes=\"auto, (max-width: 624px) 100vw, 624px\" \/><\/a><\/p>\n<p><em>4. Ballet Folkl\u00f3rico del Ministerio de Turismo, a cargo del maestro Oscar Batista. Foto: Carolina Crisorio<\/em><\/p>\n<p><a href=\"https:\/\/adhilac.com.ar\/wp-content\/uploads\/2011\/06\/Ballet-02.jpg\"><img loading=\"lazy\" decoding=\"async\" class=\"alignnone size-full wp-image-4043\" title=\"Ballet-02\" src=\"https:\/\/adhilac.com.ar\/wp-content\/uploads\/2011\/06\/Ballet-02.jpg\" alt=\"\" width=\"624\" height=\"468\" srcset=\"https:\/\/adhilac.com.ar\/wp-content\/uploads\/2011\/06\/Ballet-02.jpg 624w, https:\/\/adhilac.com.ar\/wp-content\/uploads\/2011\/06\/Ballet-02-300x225.jpg 300w\" sizes=\"auto, (max-width: 624px) 100vw, 624px\" \/><\/a><\/p>\n<p><em>5. Ballet Folkl\u00f3rico del Ministerio de Turismo, a cargo del maestro Oscar Batista. Foto: Carolina Crisorio<\/em><\/p>\n<p><em><a href=\"https:\/\/adhilac.com.ar\/wp-content\/uploads\/2011\/06\/Ballet-04.jpg\"><img loading=\"lazy\" decoding=\"async\" class=\"alignnone size-full wp-image-4040\" title=\"Ballet-04\" src=\"https:\/\/adhilac.com.ar\/wp-content\/uploads\/2011\/06\/Ballet-04.jpg\" alt=\"\" width=\"624\" height=\"408\" srcset=\"https:\/\/adhilac.com.ar\/wp-content\/uploads\/2011\/06\/Ballet-04.jpg 624w, https:\/\/adhilac.com.ar\/wp-content\/uploads\/2011\/06\/Ballet-04-300x196.jpg 300w\" sizes=\"auto, (max-width: 624px) 100vw, 624px\" \/><\/a><\/em><\/p>\n<p><em>6. Ballet Folkl\u00f3rico del Ministerio de Turismo, a cargo del maestro Oscar Batista. Foto: Carolina Crisorio<\/em><\/p>\n<p><em><a href=\"https:\/\/adhilac.com.ar\/wp-content\/uploads\/2011\/06\/Apertura-08.jpg\"><img loading=\"lazy\" decoding=\"async\" class=\"size-full wp-image-4045 aligncenter\" title=\"Apertura-08\" src=\"https:\/\/adhilac.com.ar\/wp-content\/uploads\/2011\/06\/Apertura-08.jpg\" alt=\"\" width=\"567\" height=\"750\" srcset=\"https:\/\/adhilac.com.ar\/wp-content\/uploads\/2011\/06\/Apertura-08.jpg 567w, https:\/\/adhilac.com.ar\/wp-content\/uploads\/2011\/06\/Apertura-08-226x300.jpg 226w\" sizes=\"auto, (max-width: 567px) 100vw, 567px\" \/><\/a>7. \u00abRomance del General Nazarito\u00bb de Juan Bosch. Int\u00e9rpretes: C\u00e9sar Olmos (declamaci\u00f3n) y Miguel Fr\u00edas (guitarra). Foto: Carolina Crisorio<\/em><\/p>\n<p><em><a href=\"https:\/\/adhilac.com.ar\/wp-content\/uploads\/2011\/06\/Apertura-01.jpg\">.<img loading=\"lazy\" decoding=\"async\" class=\"alignnone size-full wp-image-4044\" title=\"Apertura-01\" src=\"https:\/\/adhilac.com.ar\/wp-content\/uploads\/2011\/06\/Apertura-01.jpg\" alt=\"\" width=\"631\" height=\"405\" \/><\/a><br \/>\n<\/em><\/p>\n<p><em>8. El Sr. Presidente de la Rep\u00fablica Dominicana, Dr. Leonel Fern\u00e1ndez Reyna, la directiva de ADHILAC y los invitados especiales. Foto: Carolina Crisorio<\/em>.<\/p>\n<p><a href=\"https:\/\/adhilac.com.ar\/wp-content\/uploads\/2011\/06\/Apertura-07.jpg\"><img loading=\"lazy\" decoding=\"async\" class=\"size-full wp-image-4046 aligncenter\" title=\"Apertura-07\" src=\"https:\/\/adhilac.com.ar\/wp-content\/uploads\/2011\/06\/Apertura-07.jpg\" alt=\"\" width=\"567\" height=\"425\" srcset=\"https:\/\/adhilac.com.ar\/wp-content\/uploads\/2011\/06\/Apertura-07.jpg 567w, https:\/\/adhilac.com.ar\/wp-content\/uploads\/2011\/06\/Apertura-07-300x224.jpg 300w\" sizes=\"auto, (max-width: 567px) 100vw, 567px\" \/><\/a><em>9. El Dr. Jos\u00e9 Luis Balc\u00e1rcel, Dr. Franklin Knight de la John Hopkins University, Marco Herrera Director Ejecutivo de FUNGLODE, El Dr. Sergio Guerra Vilaboy, Presidente de ADHILAC (Universidad de La Habana), la Primera Dama Dominicana, Dra. Margarita Cede\u00f1o de Fern\u00e1ndez, el Excelentisimo Sr. Presidente de la Rep\u00fablica Dominicana Dr. Leonel Fern\u00e1ndez Reyna, el Dr. Mateo Frebillet rector de la Universidad Aut\u00f3noma de Santo Domingo (UASD),\u00a0 Dra.Angela Altagracia Vicepresidente de ADHILAC (UASD),\u00a0 el Dr. Luis C\u00e9spedes Espinosa de la Universidad de La Habana, la Sra Minou Tav\u00e1rez Mirabal, Diputada del Congreso Nacional y el Dr. Jorge El\u00edas Caro Secretario de ADHILAC (Universidad de Santa Marta, Colombia). Foto: Carolina  Crisorio<\/em>.<\/p>\n<p><a href=\"https:\/\/adhilac.com.ar\/wp-content\/uploads\/2011\/06\/Apertura-06.jpg\"><img loading=\"lazy\" decoding=\"async\" class=\"size-full wp-image-4048 aligncenter\" title=\"Apertura-06\" src=\"https:\/\/adhilac.com.ar\/wp-content\/uploads\/2011\/06\/Apertura-06.jpg\" alt=\"\" width=\"567\" height=\"425\" srcset=\"https:\/\/adhilac.com.ar\/wp-content\/uploads\/2011\/06\/Apertura-06.jpg 567w, https:\/\/adhilac.com.ar\/wp-content\/uploads\/2011\/06\/Apertura-06-300x224.jpg 300w\" sizes=\"auto, (max-width: 567px) 100vw, 567px\" \/><\/a><em>10. De izquierda a derecha: el Sr. Marco Herrera, Director Ejecutivo de FUNGLODE, el Dr. Sergio Guerra Vilaboy, Presidente de ADHILAC\/ Universidad de La Habana, la Primera Dama Dominicana, Dra. Margarita Cede\u00f1o de Fern\u00e1ndez, el Sr. Presidente <\/em><em>de la Rep\u00fablica Dominicana<\/em><em> Dr. Leonel Fern\u00e1ndez Reyna y <\/em><em>el Dr. Mateo Frebillet rector de la UASD<\/em><em>. Foto: Carolina Crisorio.<\/em><\/p>\n<p><a href=\"https:\/\/adhilac.com.ar\/wp-content\/uploads\/2011\/06\/Apertura-05.jpg\"><img loading=\"lazy\" decoding=\"async\" class=\"size-full wp-image-4049 aligncenter\" title=\"Apertura-05\" src=\"https:\/\/adhilac.com.ar\/wp-content\/uploads\/2011\/06\/Apertura-05.jpg\" alt=\"\" width=\"567\" height=\"425\" srcset=\"https:\/\/adhilac.com.ar\/wp-content\/uploads\/2011\/06\/Apertura-05.jpg 567w, https:\/\/adhilac.com.ar\/wp-content\/uploads\/2011\/06\/Apertura-05-300x224.jpg 300w\" sizes=\"auto, (max-width: 567px) 100vw, 567px\" \/><\/a><em>11. De izquierda a derecha: <\/em><em>el Sr. Marco Herrera, Director Ejecutivo de FUNGLODE, <\/em><em>el Dr. Sergio Guerra Vilaboy, Presidente  de ADHILAC (Universidad de La Habana), la Primera Dama Dominicana, Dra.  Margarita Cede\u00f1o de Fern\u00e1ndez, el Sr. Presidente <\/em><em>de la Rep\u00fablica Dominicana<\/em><em> Dr. Leonel Fern\u00e1ndez Reyna y <\/em><em>el Dr. Mateo Frebillet rector de la UASD<\/em><em>. Foto: Carolina Crisorio.<br \/>\n<\/em><\/p>\n<p style=\"text-align: left;\"><em><a href=\"https:\/\/adhilac.com.ar\/wp-content\/uploads\/2011\/06\/Apertura-09.jpg\"><img loading=\"lazy\" decoding=\"async\" class=\"size-full wp-image-4050 aligncenter\" title=\"Apertura-09\" src=\"https:\/\/adhilac.com.ar\/wp-content\/uploads\/2011\/06\/Apertura-09.jpg\" alt=\"\" width=\"567\" height=\"425\" srcset=\"https:\/\/adhilac.com.ar\/wp-content\/uploads\/2011\/06\/Apertura-09.jpg 567w, https:\/\/adhilac.com.ar\/wp-content\/uploads\/2011\/06\/Apertura-09-300x224.jpg 300w\" sizes=\"auto, (max-width: 567px) 100vw, 567px\" \/><\/a><\/em><em>12. El Sr. Marco Herrera, Director Ejecutivo de FUNGLODE. Foto: Carolina Crisorio<\/em><\/p>\n<p style=\"text-align: left;\"><a href=\"https:\/\/adhilac.com.ar\/wp-content\/uploads\/2011\/06\/Apertura-10.jpg\"><img loading=\"lazy\" decoding=\"async\" class=\"aligncenter size-full wp-image-4053\" title=\"Apertura-10\" src=\"https:\/\/adhilac.com.ar\/wp-content\/uploads\/2011\/06\/Apertura-10.jpg\" alt=\"\" width=\"567\" height=\"425\" srcset=\"https:\/\/adhilac.com.ar\/wp-content\/uploads\/2011\/06\/Apertura-10.jpg 567w, https:\/\/adhilac.com.ar\/wp-content\/uploads\/2011\/06\/Apertura-10-300x224.jpg 300w\" sizes=\"auto, (max-width: 567px) 100vw, 567px\" \/><\/a>13. <em>Dr. Sergio Guerra Vilaboy, Presidente  de ADHILAC\/ Universidad de La Habana. Foto: Carolina Crisorio<\/em><\/p>\n<p style=\"text-align: left;\"><em><a href=\"https:\/\/adhilac.com.ar\/wp-content\/uploads\/2011\/06\/Apertura-11.jpg\"><img loading=\"lazy\" decoding=\"async\" class=\"aligncenter size-full wp-image-4054\" title=\"Apertura-11\" src=\"https:\/\/adhilac.com.ar\/wp-content\/uploads\/2011\/06\/Apertura-11.jpg\" alt=\"\" width=\"567\" height=\"425\" srcset=\"https:\/\/adhilac.com.ar\/wp-content\/uploads\/2011\/06\/Apertura-11.jpg 567w, https:\/\/adhilac.com.ar\/wp-content\/uploads\/2011\/06\/Apertura-11-300x224.jpg 300w\" sizes=\"auto, (max-width: 567px) 100vw, 567px\" \/><\/a>14. La Sra. Minou Tav\u00e1rez Mirabal, Diputada del Congreso Nacional. Foto: Carolina Crisorio<\/em><\/p>\n<p style=\"text-align: left;\"><em><a href=\"https:\/\/adhilac.com.ar\/wp-content\/uploads\/2011\/06\/Apertura-12.jpg\"><img loading=\"lazy\" decoding=\"async\" class=\"aligncenter size-full wp-image-4055\" title=\"Apertura-12\" src=\"https:\/\/adhilac.com.ar\/wp-content\/uploads\/2011\/06\/Apertura-12.jpg\" alt=\"\" width=\"567\" height=\"425\" srcset=\"https:\/\/adhilac.com.ar\/wp-content\/uploads\/2011\/06\/Apertura-12.jpg 567w, https:\/\/adhilac.com.ar\/wp-content\/uploads\/2011\/06\/Apertura-12-300x224.jpg 300w\" sizes=\"auto, (max-width: 567px) 100vw, 567px\" \/><\/a>15. La Sra. Minou Tav\u00e1rez Mirabal, Diputada del Congreso Nacional. Foto: Carolina Crisorio<\/em><br \/>\n<a href=\"https:\/\/adhilac.com.ar\/wp-content\/uploads\/2011\/06\/Apertura-13.jpg\"><img loading=\"lazy\" decoding=\"async\" class=\"aligncenter size-full wp-image-4056\" title=\"Apertura-13\" src=\"https:\/\/adhilac.com.ar\/wp-content\/uploads\/2011\/06\/Apertura-13.jpg\" alt=\"\" width=\"567\" height=\"425\" srcset=\"https:\/\/adhilac.com.ar\/wp-content\/uploads\/2011\/06\/Apertura-13.jpg 567w, https:\/\/adhilac.com.ar\/wp-content\/uploads\/2011\/06\/Apertura-13-300x224.jpg 300w\" sizes=\"auto, (max-width: 567px) 100vw, 567px\" \/><\/a><em>16. El Dr. Sergio Guerra Vilaboy, presidente de ADHILAC (derecha) y el Dr. Jorge El\u00edas Caro, Secretario de ADHILAC (izquierda), distinguen al Dr. Franklin Knight (centro) como Miembro de Honor. Foto: Carolina Crisorio<\/em><\/p>\n<p style=\"text-align: left;\"><em><a href=\"https:\/\/adhilac.com.ar\/wp-content\/uploads\/2011\/06\/Apertura-14.jpg\"><img loading=\"lazy\" decoding=\"async\" class=\"aligncenter size-full wp-image-4057\" title=\"Apertura-14\" src=\"https:\/\/adhilac.com.ar\/wp-content\/uploads\/2011\/06\/Apertura-14.jpg\" alt=\"\" width=\"567\" height=\"719\" srcset=\"https:\/\/adhilac.com.ar\/wp-content\/uploads\/2011\/06\/Apertura-14.jpg 567w, https:\/\/adhilac.com.ar\/wp-content\/uploads\/2011\/06\/Apertura-14-236x300.jpg 236w\" sizes=\"auto, (max-width: 567px) 100vw, 567px\" \/><\/a>17. El Dr. Sergio Guerra Vilaboy, presidente de ADHILAC y el Dr. Jorge El\u00edas Caro, Secretario de ADHILAC, distinguen al Dr. Franklin Knight como Miembro de Honor. Foto: Carolina Crisorio<\/em><\/p>\n<p style=\"text-align: left;\"><a href=\"https:\/\/adhilac.com.ar\/wp-content\/uploads\/2011\/06\/Apertura-15.jpg\"><img loading=\"lazy\" decoding=\"async\" class=\"aligncenter size-full wp-image-4058\" title=\"Apertura-15\" src=\"https:\/\/adhilac.com.ar\/wp-content\/uploads\/2011\/06\/Apertura-15.jpg\" alt=\"\" width=\"567\" height=\"425\" srcset=\"https:\/\/adhilac.com.ar\/wp-content\/uploads\/2011\/06\/Apertura-15.jpg 567w, https:\/\/adhilac.com.ar\/wp-content\/uploads\/2011\/06\/Apertura-15-300x224.jpg 300w\" sizes=\"auto, (max-width: 567px) 100vw, 567px\" \/><\/a><em>18. El Dr. Sergio Guerra Vilaboy, presidente de ADHILAC y el Dr. Jorge El\u00edas Caro, Secretario de ADHILAC, distinguen al Dr. Franklin Knight como Miembro de Honor. Foto: Carolina Crisorio<\/em><\/p>\n<p style=\"text-align: left;\"><em><a href=\"https:\/\/adhilac.com.ar\/wp-content\/uploads\/2011\/06\/Leonel-01.jpg\"><img loading=\"lazy\" decoding=\"async\" class=\"aligncenter size-full wp-image-4059\" title=\"Leonel-01\" src=\"https:\/\/adhilac.com.ar\/wp-content\/uploads\/2011\/06\/Leonel-01.jpg\" alt=\"\" width=\"567\" height=\"767\" srcset=\"https:\/\/adhilac.com.ar\/wp-content\/uploads\/2011\/06\/Leonel-01.jpg 567w, https:\/\/adhilac.com.ar\/wp-content\/uploads\/2011\/06\/Leonel-01-221x300.jpg 221w\" sizes=\"auto, (max-width: 567px) 100vw, 567px\" \/><\/a>19. Palabras del Excelentisimo<\/em><em> Sr. Presidente <\/em><em>de la Rep\u00fablica Dominicana<\/em><em> Dr. Leonel Fern\u00e1ndez Reyna. Foto: Carolina Crisorio.<\/em><\/p>\n<p style=\"text-align: left;\"><em><a href=\"https:\/\/adhilac.com.ar\/wp-content\/uploads\/2011\/06\/Leonel-021.jpg\"><img loading=\"lazy\" decoding=\"async\" class=\"aligncenter size-full wp-image-4060\" title=\"Leonel-02\" src=\"https:\/\/adhilac.com.ar\/wp-content\/uploads\/2011\/06\/Leonel-021.jpg\" alt=\"\" width=\"567\" height=\"369\" srcset=\"https:\/\/adhilac.com.ar\/wp-content\/uploads\/2011\/06\/Leonel-021.jpg 567w, https:\/\/adhilac.com.ar\/wp-content\/uploads\/2011\/06\/Leonel-021-300x195.jpg 300w\" sizes=\"auto, (max-width: 567px) 100vw, 567px\" \/><\/a><\/em><em>20. El Excelentisimo<\/em><em> Sr. Presidente <\/em><em>de la Rep\u00fablica Dominicana<\/em><em> Dr. Leonel Fern\u00e1ndez Reyna. Foto: Carolina Crisorio.<\/em><\/p>\n<p style=\"text-align: left;\"><em><a href=\"https:\/\/adhilac.com.ar\/wp-content\/uploads\/2011\/06\/Leonel-031.jpg\"><img loading=\"lazy\" decoding=\"async\" class=\"aligncenter size-large wp-image-4061\" title=\"Leonel-03\" src=\"https:\/\/adhilac.com.ar\/wp-content\/uploads\/2011\/06\/Leonel-031-579x1024.jpg\" alt=\"\" width=\"579\" height=\"1024\" srcset=\"https:\/\/adhilac.com.ar\/wp-content\/uploads\/2011\/06\/Leonel-031-579x1024.jpg 579w, https:\/\/adhilac.com.ar\/wp-content\/uploads\/2011\/06\/Leonel-031-169x300.jpg 169w, https:\/\/adhilac.com.ar\/wp-content\/uploads\/2011\/06\/Leonel-031.jpg 624w\" sizes=\"auto, (max-width: 579px) 100vw, 579px\" \/><\/a><\/em><em>21. El Excelentisimo<\/em><em> Sr. Presidente <\/em><em>de la Rep\u00fablica Dominicana<\/em><em> Dr. Leonel Fern\u00e1ndez Reyna. Foto: Carolina Crisorio.<\/em><\/p>\n<p style=\"text-align: left;\"><em><\/em><em><\/em><em><\/em><em><a href=\"https:\/\/adhilac.com.ar\/wp-content\/uploads\/2011\/06\/Leonel-04.jpg\"><img loading=\"lazy\" decoding=\"async\" class=\"aligncenter size-full wp-image-4062\" title=\"Leonel-04\" src=\"https:\/\/adhilac.com.ar\/wp-content\/uploads\/2011\/06\/Leonel-04.jpg\" alt=\"\" width=\"612\" height=\"816\" srcset=\"https:\/\/adhilac.com.ar\/wp-content\/uploads\/2011\/06\/Leonel-04.jpg 624w, https:\/\/adhilac.com.ar\/wp-content\/uploads\/2011\/06\/Leonel-04-224x300.jpg 224w\" sizes=\"auto, (max-width: 612px) 100vw, 612px\" \/><\/a><\/em><em>22. El Excelentisimo<\/em><em> Sr. Presidente <\/em><em>de la Rep\u00fablica Dominicana<\/em><em> Dr. Leonel Fern\u00e1ndez Reyna<\/em><em>. Foto: Carolina Crisorio.<\/em><\/p>\n<p><strong>Publicado por ADHILAC Internacional \u00a9 www.adhilac.com.ar<\/strong><\/p>\n<p>Si Ud. desea asociarse de acuerdo a los Estatutos de ADHILAC <a title=\"(ver)\" href=\"..\/?page_id=263\">(ver)<\/a> complete el siguiente formulario <a title=\"(ver)\" href=\"..\/?page_id=3194\">(ver)<\/a><\/p>\n<p>E-mail: info@adhilac.com.ar<strong> <\/strong><\/p>\n<p>Twitter: @AdhilacInfo<\/p>\n","protected":false},"excerpt":{"rendered":"<p>Apertura del X Encuentro de ADHILAC. Auditorio Principal del Palacio de Bellas Artes 14 de junio de 2011 GALERIA DE IMAGENES II LAS REVOLUCIONES EN LA HISTORIA DE AMERICA LATINA Y EL CARIBE. SIGLO XX. 1. Ballet Folkl\u00f3rico del Ministerio de Turismo, a cargo del maestro Oscar Batista. Foto: Carolina Crisorio<\/p>\n","protected":false},"author":37,"featured_media":0,"comment_status":"closed","ping_status":"closed","sticky":false,"template":"","format":"standard","meta":{"_crdt_document":"","footnotes":""},"categories":[3,5,202,40],"tags":[201,203],"class_list":["post-4032","post","type-post","status-publish","format-standard","hentry","category-adhilac-inter","category-congresos","category-imagenes-audio-video","category-informaciones","tag-galeria-de-imagenes","tag-republica-dominicana"],"_links":{"self":[{"href":"https:\/\/adhilac.com.ar\/index.php?rest_route=\/wp\/v2\/posts\/4032","targetHints":{"allow":["GET"]}}],"collection":[{"href":"https:\/\/adhilac.com.ar\/index.php?rest_route=\/wp\/v2\/posts"}],"about":[{"href":"https:\/\/adhilac.com.ar\/index.php?rest_route=\/wp\/v2\/types\/post"}],"author":[{"embeddable":true,"href":"https:\/\/adhilac.com.ar\/index.php?rest_route=\/wp\/v2\/users\/37"}],"replies":[{"embeddable":true,"href":"https:\/\/adhilac.com.ar\/index.php?rest_route=%2Fwp%2Fv2%2Fcomments&post=4032"}],"version-history":[{"count":16,"href":"https:\/\/adhilac.com.ar\/index.php?rest_route=\/wp\/v2\/posts\/4032\/revisions"}],"predecessor-version":[{"id":7337,"href":"https:\/\/adhilac.com.ar\/index.php?rest_route=\/wp\/v2\/posts\/4032\/revisions\/7337"}],"wp:attachment":[{"href":"https:\/\/adhilac.com.ar\/index.php?rest_route=%2Fwp%2Fv2%2Fmedia&parent=4032"}],"wp:term":[{"taxonomy":"category","embeddable":true,"href":"https:\/\/adhilac.com.ar\/index.php?rest_route=%2Fwp%2Fv2%2Fcategories&post=4032"},{"taxonomy":"post_tag","embeddable":true,"href":"https:\/\/adhilac.com.ar\/index.php?rest_route=%2Fwp%2Fv2%2Ftags&post=4032"}],"curies":[{"name":"wp","href":"https:\/\/api.w.org\/{rel}","templated":true}]}}