{"id":4073,"date":"2011-06-29T08:12:31","date_gmt":"2011-06-29T11:12:31","guid":{"rendered":"https:\/\/adhilac.com.ar\/?p=4073"},"modified":"2012-11-14T14:58:13","modified_gmt":"2012-11-14T17:58:13","slug":"x-encuentro-internacional-de-adhilac-14-al-17-de-junio-de-2011-galeria-de-imagenes-iii","status":"publish","type":"post","link":"https:\/\/adhilac.com.ar\/?p=4073","title":{"rendered":"X Encuentro Internacional de ADHILAC. 14 al 17 de junio de 2011. GALERIA DE IMAGENES III"},"content":{"rendered":"<p><a href=\"https:\/\/adhilac.com.ar\/wp-content\/uploads\/2011\/06\/Congreso04.jpg\"><img loading=\"lazy\" decoding=\"async\" class=\"alignnone size-full wp-image-4077\" title=\"Congreso04\" src=\"https:\/\/adhilac.com.ar\/wp-content\/uploads\/2011\/06\/Congreso04.jpg\" alt=\"\" width=\"567\" height=\"436\" srcset=\"https:\/\/adhilac.com.ar\/wp-content\/uploads\/2011\/06\/Congreso04.jpg 567w, https:\/\/adhilac.com.ar\/wp-content\/uploads\/2011\/06\/Congreso04-300x230.jpg 300w\" sizes=\"auto, (max-width: 567px) 100vw, 567px\" \/><\/a><\/p>\n<p>1. <em>Angela Altagracia Fern\u00e1ndez, Sergio Guerra Vilaboy y Jorge El\u00edas Caro de ADHILAC distinguen al Dr. Emilio Cordero Michel como Miembro de Honor de ADHILAC. Foto: Carolina Crisorio<!--more--><\/em><\/p>\n<p><a href=\"https:\/\/adhilac.com.ar\/wp-content\/uploads\/2011\/06\/Congreso01.jpg\"><img loading=\"lazy\" decoding=\"async\" class=\"alignnone size-full wp-image-4074\" title=\"Congreso01\" src=\"https:\/\/adhilac.com.ar\/wp-content\/uploads\/2011\/06\/Congreso01.jpg\" alt=\"\" width=\"567\" height=\"425\" srcset=\"https:\/\/adhilac.com.ar\/wp-content\/uploads\/2011\/06\/Congreso01.jpg 567w, https:\/\/adhilac.com.ar\/wp-content\/uploads\/2011\/06\/Congreso01-300x224.jpg 300w\" sizes=\"auto, (max-width: 567px) 100vw, 567px\" \/><\/a><\/p>\n<p><em>2. Roberto Gonz\u00e1lez Arana, Alejo Maldonado Gallardo, Jorge Nu\u00f1ez S\u00e1nchez y Sergio Guerra Vilaboy. Foto: Carolina Crisorio.<\/em><\/p>\n<p><em><a href=\"https:\/\/adhilac.com.ar\/wp-content\/uploads\/2011\/06\/Congreso02.jpg\"><img loading=\"lazy\" decoding=\"async\" class=\"alignnone size-full wp-image-4075\" title=\"Congreso02\" src=\"https:\/\/adhilac.com.ar\/wp-content\/uploads\/2011\/06\/Congreso02.jpg\" alt=\"\" width=\"567\" height=\"425\" srcset=\"https:\/\/adhilac.com.ar\/wp-content\/uploads\/2011\/06\/Congreso02.jpg 567w, https:\/\/adhilac.com.ar\/wp-content\/uploads\/2011\/06\/Congreso02-300x224.jpg 300w\" sizes=\"auto, (max-width: 567px) 100vw, 567px\" \/><\/a><\/em><\/p>\n<p><em>3. Angela Altagracia Fern\u00e1ndez, Sergio Guerra Vilaboy y Jorge El\u00edas Caro. Foto: Carolina Crisorio<\/em><\/p>\n<p><em><a href=\"https:\/\/adhilac.com.ar\/wp-content\/uploads\/2011\/06\/Congreso03.jpg\"><img loading=\"lazy\" decoding=\"async\" class=\"alignnone size-full wp-image-4076\" title=\"Congreso03\" src=\"https:\/\/adhilac.com.ar\/wp-content\/uploads\/2011\/06\/Congreso03.jpg\" alt=\"\" width=\"567\" height=\"472\" srcset=\"https:\/\/adhilac.com.ar\/wp-content\/uploads\/2011\/06\/Congreso03.jpg 567w, https:\/\/adhilac.com.ar\/wp-content\/uploads\/2011\/06\/Congreso03-300x249.jpg 300w\" sizes=\"auto, (max-width: 567px) 100vw, 567px\" \/><\/a><br \/>\n<\/em><\/p>\n<p><em>4. Angela Altagracia Fern\u00e1ndez, Sergio Guerra Vilaboy y Jorge El\u00edas  Caro de ADHILAC distinguen al Dr. Emilio Cordero Michel como Miembro de  Honor de ADHILAC. Foto: Carolina Crisorio.<\/em><\/p>\n<p><em><a href=\"https:\/\/adhilac.com.ar\/wp-content\/uploads\/2011\/06\/Congreso05.jpg\"><img loading=\"lazy\" decoding=\"async\" class=\"alignnone size-full wp-image-4078\" title=\"Congreso05\" src=\"https:\/\/adhilac.com.ar\/wp-content\/uploads\/2011\/06\/Congreso05.jpg\" alt=\"\" width=\"567\" height=\"425\" srcset=\"https:\/\/adhilac.com.ar\/wp-content\/uploads\/2011\/06\/Congreso05.jpg 567w, https:\/\/adhilac.com.ar\/wp-content\/uploads\/2011\/06\/Congreso05-300x224.jpg 300w\" sizes=\"auto, (max-width: 567px) 100vw, 567px\" \/><\/a><br \/>\n<\/em><\/p>\n<p><em>5. Angela Altagracia Fern\u00e1ndez, Sergio Guerra Vilaboy y Jorge El\u00edas   Caro. Foto: Carolina Crisorio.<\/em><\/p>\n<p><em><a href=\"https:\/\/adhilac.com.ar\/wp-content\/uploads\/2011\/06\/Congreso12.jpg\"><img loading=\"lazy\" decoding=\"async\" class=\"alignnone size-full wp-image-4087\" title=\"Congreso12\" src=\"https:\/\/adhilac.com.ar\/wp-content\/uploads\/2011\/06\/Congreso12.jpg\" alt=\"\" width=\"567\" height=\"480\" srcset=\"https:\/\/adhilac.com.ar\/wp-content\/uploads\/2011\/06\/Congreso12.jpg 567w, https:\/\/adhilac.com.ar\/wp-content\/uploads\/2011\/06\/Congreso12-300x253.jpg 300w\" sizes=\"auto, (max-width: 567px) 100vw, 567px\" \/><\/a><\/em><\/p>\n<p><em>6. Angela Altagracia Fern\u00e1ndez, Sergio Guerra Vilaboy y Jorge El\u00edas Caro entregan a Antonio Gastambide la distinci\u00f3n como Miembro de Honor de ADHILAC para el Dr. Ricardo Alegr\u00eda de Puerto Rico. Foto: Carolina Crisorio<\/em><\/p>\n<p><em><a href=\"https:\/\/adhilac.com.ar\/wp-content\/uploads\/2011\/06\/Congreso11.jpg\"><img loading=\"lazy\" decoding=\"async\" class=\"alignnone size-full wp-image-4088\" title=\"Congreso11\" src=\"https:\/\/adhilac.com.ar\/wp-content\/uploads\/2011\/06\/Congreso11.jpg\" alt=\"\" width=\"567\" height=\"425\" srcset=\"https:\/\/adhilac.com.ar\/wp-content\/uploads\/2011\/06\/Congreso11.jpg 567w, https:\/\/adhilac.com.ar\/wp-content\/uploads\/2011\/06\/Congreso11-300x224.jpg 300w\" sizes=\"auto, (max-width: 567px) 100vw, 567px\" \/><\/a><\/em><\/p>\n<p><em>7. Angela Altagracia Fern\u00e1ndez, Sergio Guerra Vilaboy y Jorge El\u00edas Caro entregan a Antonio Gastambide la distinci\u00f3n como Miembro de Honor de ADHILAC para el Dr. Ricardo Alegr\u00eda de Puerto Rico. Foto: Carolina Crisorio<\/em><\/p>\n<p><em><a href=\"https:\/\/adhilac.com.ar\/wp-content\/uploads\/2011\/06\/Congreso06.jpg\"><img loading=\"lazy\" decoding=\"async\" class=\"alignnone size-full wp-image-4080\" title=\"Congreso06\" src=\"https:\/\/adhilac.com.ar\/wp-content\/uploads\/2011\/06\/Congreso06.jpg\" alt=\"\" width=\"567\" height=\"366\" srcset=\"https:\/\/adhilac.com.ar\/wp-content\/uploads\/2011\/06\/Congreso06.jpg 567w, https:\/\/adhilac.com.ar\/wp-content\/uploads\/2011\/06\/Congreso06-300x193.jpg 300w\" sizes=\"auto, (max-width: 567px) 100vw, 567px\" \/><\/a><\/em><\/p>\n<p><em>8. Acto de cierre del X Encuentro de ADHILAC. Foto: Carolina Crisorio.<\/em><\/p>\n<p><em><a href=\"https:\/\/adhilac.com.ar\/wp-content\/uploads\/2011\/06\/Congreso14.jpg\"><img loading=\"lazy\" decoding=\"async\" class=\"alignnone size-full wp-image-4086\" title=\"Congreso14\" src=\"https:\/\/adhilac.com.ar\/wp-content\/uploads\/2011\/06\/Congreso14.jpg\" alt=\"\" width=\"567\" height=\"425\" srcset=\"https:\/\/adhilac.com.ar\/wp-content\/uploads\/2011\/06\/Congreso14.jpg 567w, https:\/\/adhilac.com.ar\/wp-content\/uploads\/2011\/06\/Congreso14-300x224.jpg 300w\" sizes=\"auto, (max-width: 567px) 100vw, 567px\" \/><\/a><\/em><\/p>\n<p><em>9. Acto de cierre del X Encuentro de ADHILAC. Foto: Carolina Crisorio.<\/em><\/p>\n<p><em><a href=\"https:\/\/adhilac.com.ar\/wp-content\/uploads\/2011\/06\/Congreso07.jpg\"><img loading=\"lazy\" decoding=\"async\" class=\"alignnone size-full wp-image-4081\" title=\"Congreso07\" src=\"https:\/\/adhilac.com.ar\/wp-content\/uploads\/2011\/06\/Congreso07.jpg\" alt=\"\" width=\"567\" height=\"408\" srcset=\"https:\/\/adhilac.com.ar\/wp-content\/uploads\/2011\/06\/Congreso07.jpg 567w, https:\/\/adhilac.com.ar\/wp-content\/uploads\/2011\/06\/Congreso07-300x215.jpg 300w\" sizes=\"auto, (max-width: 567px) 100vw, 567px\" \/><\/a><\/em><\/p>\n<p><em>10. Acto de cierre del X Encuentro de ADHILAC. Foto: Carolina Crisorio.<\/em><\/p>\n<p><a href=\"https:\/\/adhilac.com.ar\/wp-content\/uploads\/2011\/06\/Congreso08.jpg\"><img loading=\"lazy\" decoding=\"async\" class=\"alignnone size-full wp-image-4082\" title=\"Congreso08\" src=\"https:\/\/adhilac.com.ar\/wp-content\/uploads\/2011\/06\/Congreso08.jpg\" alt=\"\" width=\"567\" height=\"365\" srcset=\"https:\/\/adhilac.com.ar\/wp-content\/uploads\/2011\/06\/Congreso08.jpg 567w, https:\/\/adhilac.com.ar\/wp-content\/uploads\/2011\/06\/Congreso08-300x193.jpg 300w\" sizes=\"auto, (max-width: 567px) 100vw, 567px\" \/><\/a><\/p>\n<p><em>11. Acto de cierre del X Encuentro de ADHILAC. Foto: Carolina Crisorio.<\/em><\/p>\n<p><em><a href=\"https:\/\/adhilac.com.ar\/wp-content\/uploads\/2011\/06\/Congreso13.jpg\"><img loading=\"lazy\" decoding=\"async\" class=\"alignnone size-full wp-image-4085\" title=\"Congreso13\" src=\"https:\/\/adhilac.com.ar\/wp-content\/uploads\/2011\/06\/Congreso13.jpg\" alt=\"\" width=\"567\" height=\"425\" srcset=\"https:\/\/adhilac.com.ar\/wp-content\/uploads\/2011\/06\/Congreso13.jpg 567w, https:\/\/adhilac.com.ar\/wp-content\/uploads\/2011\/06\/Congreso13-300x224.jpg 300w\" sizes=\"auto, (max-width: 567px) 100vw, 567px\" \/><\/a><\/em><\/p>\n<p><em>12. Acto de cierre del X Encuentro de ADHILAC. Foto: Carolina Crisorio.<\/em><\/p>\n<p><em><a href=\"https:\/\/adhilac.com.ar\/wp-content\/uploads\/2011\/06\/Congreso09jpg.jpg\"><img loading=\"lazy\" decoding=\"async\" class=\"alignnone size-full wp-image-4083\" title=\"Congreso09jpg\" src=\"https:\/\/adhilac.com.ar\/wp-content\/uploads\/2011\/06\/Congreso09jpg.jpg\" alt=\"\" width=\"567\" height=\"425\" srcset=\"https:\/\/adhilac.com.ar\/wp-content\/uploads\/2011\/06\/Congreso09jpg.jpg 567w, https:\/\/adhilac.com.ar\/wp-content\/uploads\/2011\/06\/Congreso09jpg-300x224.jpg 300w\" sizes=\"auto, (max-width: 567px) 100vw, 567px\" \/><\/a><\/em><\/p>\n<p><em>13. Acto de cierre del X Encuentro de ADHILAC. Foto: Carolina Crisorio.<\/em><\/p>\n<p><em><a href=\"https:\/\/adhilac.com.ar\/wp-content\/uploads\/2011\/06\/Congreso10jpg.jpg\"><img loading=\"lazy\" decoding=\"async\" class=\"alignnone size-full wp-image-4084\" title=\"Congreso10jpg\" src=\"https:\/\/adhilac.com.ar\/wp-content\/uploads\/2011\/06\/Congreso10jpg.jpg\" alt=\"\" width=\"567\" height=\"425\" srcset=\"https:\/\/adhilac.com.ar\/wp-content\/uploads\/2011\/06\/Congreso10jpg.jpg 567w, https:\/\/adhilac.com.ar\/wp-content\/uploads\/2011\/06\/Congreso10jpg-300x224.jpg 300w\" sizes=\"auto, (max-width: 567px) 100vw, 567px\" \/><\/a><\/em><\/p>\n<p><em>14. Acto de cierre del X Encuentro de ADHILAC. Foto: Carolina Crisorio.<\/em><\/p>\n<p><strong>Publicado por ADHILAC Internacional \u00a9 www.adhilac.com.ar<\/strong><\/p>\n<p>Si Ud. desea asociarse de acuerdo a los Estatutos de ADHILAC <a title=\"(ver)\" href=\"..\/?page_id=263\">(ver)<\/a> complete el siguiente formulario <a title=\"(ver)\" href=\"..\/?page_id=3194\">(ver)<\/a><\/p>\n<p>E-mail: info@adhilac.com.ar<strong> <\/strong><\/p>\n<p>Twitter: @AdhilacInfo<\/p>\n","protected":false},"excerpt":{"rendered":"<p>1. Angela Altagracia Fern\u00e1ndez, Sergio Guerra Vilaboy y Jorge El\u00edas Caro de ADHILAC distinguen al Dr. Emilio Cordero Michel como Miembro de Honor de ADHILAC. Foto: Carolina Crisorio<\/p>\n","protected":false},"author":37,"featured_media":0,"comment_status":"closed","ping_status":"closed","sticky":false,"template":"","format":"standard","meta":{"_crdt_document":"","footnotes":""},"categories":[3,5,202,40],"tags":[204,203],"class_list":["post-4073","post","type-post","status-publish","format-standard","hentry","category-adhilac-inter","category-congresos","category-imagenes-audio-video","category-informaciones","tag-galeria-imagenes","tag-republica-dominicana"],"_links":{"self":[{"href":"https:\/\/adhilac.com.ar\/index.php?rest_route=\/wp\/v2\/posts\/4073","targetHints":{"allow":["GET"]}}],"collection":[{"href":"https:\/\/adhilac.com.ar\/index.php?rest_route=\/wp\/v2\/posts"}],"about":[{"href":"https:\/\/adhilac.com.ar\/index.php?rest_route=\/wp\/v2\/types\/post"}],"author":[{"embeddable":true,"href":"https:\/\/adhilac.com.ar\/index.php?rest_route=\/wp\/v2\/users\/37"}],"replies":[{"embeddable":true,"href":"https:\/\/adhilac.com.ar\/index.php?rest_route=%2Fwp%2Fv2%2Fcomments&post=4073"}],"version-history":[{"count":7,"href":"https:\/\/adhilac.com.ar\/index.php?rest_route=\/wp\/v2\/posts\/4073\/revisions"}],"predecessor-version":[{"id":7339,"href":"https:\/\/adhilac.com.ar\/index.php?rest_route=\/wp\/v2\/posts\/4073\/revisions\/7339"}],"wp:attachment":[{"href":"https:\/\/adhilac.com.ar\/index.php?rest_route=%2Fwp%2Fv2%2Fmedia&parent=4073"}],"wp:term":[{"taxonomy":"category","embeddable":true,"href":"https:\/\/adhilac.com.ar\/index.php?rest_route=%2Fwp%2Fv2%2Fcategories&post=4073"},{"taxonomy":"post_tag","embeddable":true,"href":"https:\/\/adhilac.com.ar\/index.php?rest_route=%2Fwp%2Fv2%2Ftags&post=4073"}],"curies":[{"name":"wp","href":"https:\/\/api.w.org\/{rel}","templated":true}]}}