{"id":4123,"date":"2011-06-22T06:47:47","date_gmt":"2011-06-22T09:47:47","guid":{"rendered":"https:\/\/adhilac.com.ar\/?p=4123"},"modified":"2012-11-14T14:59:08","modified_gmt":"2012-11-14T17:59:08","slug":"informacion-de-prensa-sobre-el-x-encuentro-internacional-de-adhilac-santo-domingo-junio-2011-parte-vi","status":"publish","type":"post","link":"https:\/\/adhilac.com.ar\/?p=4123","title":{"rendered":"Informaci\u00f3n de prensa sobre el X Encuentro Internacional de ADHILAC. Santo Domingo. junio 2011. Parte VI"},"content":{"rendered":"<h3><span style=\"color: #339966;\">Dominicanos hoy<\/span><\/h3>\n<ul>\n<li style=\"text-align: justify;\"><strong>\u201cADHILAC: donde el coraz\u00f3n sigue latiendo del lado izquierdo\u201d<\/strong><\/li>\n<\/ul>\n<p style=\"text-align: justify;\">Entrevistas<br \/>\nS\u00e1bado 25 de junio<br \/>\nPor: Mercedes Alonso<\/p>\n<p style=\"text-align: justify;\"><a href=\"https:\/\/adhilac.com.ar\/wp-content\/uploads\/2011\/06\/dominicanos-hoy-02.jpg\"><img loading=\"lazy\" decoding=\"async\" class=\"size-full wp-image-4107 alignleft\" title=\"dominicanos-hoy 02\" src=\"https:\/\/adhilac.com.ar\/wp-content\/uploads\/2011\/06\/dominicanos-hoy-02.jpg\" alt=\"\" width=\"320\" height=\"214\" srcset=\"https:\/\/adhilac.com.ar\/wp-content\/uploads\/2011\/06\/dominicanos-hoy-02.jpg 320w, https:\/\/adhilac.com.ar\/wp-content\/uploads\/2011\/06\/dominicanos-hoy-02-300x200.jpg 300w\" sizes=\"auto, (max-width: 320px) 100vw, 320px\" \/><\/a><em>Izquierda: Doctor Sergio Guerra Vilaboy. <\/em><\/p>\n<p style=\"text-align: justify;\"><em>Foto: Dionny Matos <\/em><br \/>\n<em> <\/em><br \/>\nDurante los d\u00edas 14 al 17 de junio, Santo Domingo fue sede del X Congreso Internacional de la Asociaci\u00f3n de Historiadores Latinoamericanos y del Caribe (ADHILAC). Sergio Guerra Vilaboy, presidente de dicha organizaci\u00f3n, catedr\u00e1tico de Historia de Am\u00e9rica Latina, jefe del Departamento de Historia y presidente de la C\u00e1tedra Eloy Alfaro de la Universidad de La Habana, accedi\u00f3 a conversar con el equipo de DominicanosHoy, pese a las m\u00faltiples actividades que le manten\u00edan enfrascado en el desarrollo del trascendental evento.<!--more-->-Doctor, \u00bfen qu\u00e9 momento se encuentran la Am\u00e9rica Latina en su desarrollo hist\u00f3rico?<\/p>\n<p style=\"text-align: justify;\">\u201cAm\u00e9rica Latina atraviesa por una etapa de su historia en la que se destacan una serie de cambios en distintos pa\u00edses. Venezuela abri\u00f3 el siglo XXI con el proceso de Hugo Ch\u00e1vez; Brasil, tras el gobierno de Lula, se presenta como una verdadera potencia mundial, seguido ahora por la nueva presidenta Dilma Rouseff. Es el caso tambi\u00e9n de Bolivia, con Evo Morales; Ecuador, con Rafael Correa; Paraguay, con un antiguo obispo, Fernando Lugo M\u00e9ndez\u2026O sea, las condiciones son muy diferentes, muchas de ellas se auto declaran como revoluciones y eso entronca con lo que se ha debatido en este Congreso.<\/p>\n<p style=\"text-align: justify;\">\u201cAunque no ten\u00edamos como punto de mira el siglo XXI, que trataremos en un pr\u00f3ximo encuentro internacional en 2012, sobre historia inmediata y que abordar\u00e1 los acontecimientos en dicho per\u00edodo; de todos modos la definici\u00f3n de las revoluciones desde el punto de vista conceptual y los convulsos procesos que sacudieron a la Am\u00e9rica Latina durante el siglo XX, sirven para reflexionar sobre la situaci\u00f3n actual\u201d.<\/p>\n<p style=\"text-align: justify;\">-\u00bfEn particular, c\u00f3mo ve en este sentido a Rep\u00fablica Dominicana?<\/p>\n<p style=\"text-align: justify;\">\u201cUna de las caracter\u00edsticas que hemos notado en este X Congreso Internacional es la presencia de docentes y estudiantes dominicanos que son de nuevas generaciones. No es que no est\u00e9n aqu\u00ed las figuras m\u00e1s importantes: por ejemplo, tenemos con esa valiosa figura que es Emilio Cordero Michel, a quien le otorgamos la condici\u00f3n de Miembro de Honor de la ADHILAC, por considerarlo una gloria, no s\u00f3lo de la historia e historiograf\u00eda de Rep\u00fablica Dominicana, sino de todo el continente. Pero, no hay duda que se siente una presencia muy importante de profesores e historiadores j\u00f3venes, a quienes no se les ha visto habitualmente en los foros acad\u00e9micos del pa\u00eds. Eso demuestra que se va adquiriendo una nueva dimensi\u00f3n de los estudios historiogr\u00e1ficos en la naci\u00f3n dominicana, en mi opini\u00f3n\u201d.<\/p>\n<p style=\"text-align: justify;\">-La ense\u00f1anza de la historia y su importancia no se tienen en cuenta en todos los pa\u00edses de la regi\u00f3n \u00bfqu\u00e9 papel desarrolla la ADHILAC en este sentido?<\/p>\n<p style=\"text-align: justify;\">\u201cLa ADHILAC surgi\u00f3 en 1974, en M\u00e9xico, en momentos en los cuales exist\u00edan dictaduras en el continente: la de Pinochet en Chile; la de Argentina, Bolivia, Brasil. Ni hablar de las que imperaban en Centro Am\u00e9rica. Eso motiv\u00f3 que en M\u00e9xico se refugiaran muchos cientistas sociales, historiadores, soci\u00f3logos.<\/p>\n<p style=\"text-align: justify;\">\u201cEse a\u00f1o 1974, dentro de toda una m\u00edstica de integraci\u00f3n latinoamericana se decidi\u00f3 crear una organizaci\u00f3n que impulsara el rescate de la historia de nuestros pueblos desde una perspectiva de integraci\u00f3n y con un sentido antimperialista. Fue entonces que naci\u00f3 ADHILAC y hasta la fecha hemos desarrollado 10 Congresos, agrupando docentes, historiadores e impulsando los estudios de la investigaci\u00f3n hist\u00f3rica.<\/p>\n<p style=\"text-align: justify;\">\u201cEs una tradici\u00f3n que ADHILAC conserva desde su fundaci\u00f3n y la mantiene hasta nuestros d\u00edas. Una asociaci\u00f3n donde el coraz\u00f3n de los historiadores sigue latiendo del lado izquierdo\u201d.<\/p>\n<p style=\"text-align: justify;\">-Usted recibi\u00f3 el Premio Extraordinario por el Bicentenario de la Emancipaci\u00f3n Hispanoamericana, otorgado por Casa de Las Am\u00e9ricas en 2010\u2026<\/p>\n<p style=\"text-align: justify;\">\u201cS\u00ed, el libro titulado <em>Jugar con fuego. Guerra social y utop\u00eda en la independencia de Am\u00e9rica Latina<\/em> fue premio extraordinario en Casa de las Am\u00e9ricas, 2010. Aborda el bicentenario de la independencia latinoamericana e integra todo el proceso continental visto desde la historia comparada. Eval\u00faa desde la Revoluci\u00f3n haitiana hasta la muerte de Bol\u00edvar; incluye, adem\u00e1s, los acontecimientos cubanos e intenta rescatar la presencia de Cuba en la causa liberadora continental. Se tiene la idea falsa de que la Mayor de las Antillas no tuvo nada que ver con cu\u00e1nto ocurr\u00eda en el continente y eso no es cierto, pues estuvo y est\u00e1 junto a todos los pa\u00edses latinoamericanos e hispanoamericanos en general. Esta investigaci\u00f3n incluye sus peculiaridades insertadas en ese todo\u201d.<\/p>\n<p style=\"text-align: justify;\">-En esta cita en Rep\u00fablica Dominicana, \u00bfcu\u00e1nto considera que se ha avanzado, o no, en los estudios historiogr\u00e1ficos?<\/p>\n<p style=\"text-align: justify;\">\u201cEntre los cien ponentes e inscritos en general, contamos con alrededor de 300 personas participantes en este X Congreso Internacional de la ADHILAC. Esto dice bastante porque, adem\u00e1s, el debate ha resultado enriquecedor en las diferentes mesas y paneles, aun cuando fueran temas muy te\u00f3ricos de la historia referidos, por ejemplo, al concepto de las revoluciones, lo cual refleja el alto nivel que tiene la historiograf\u00eda latinoamericana. Pienso que hemos avanzado much\u00edsimo. Estamos muy satisfechos con los resultados. Han sido intensos, de mucho trabajo\u201d.<\/p>\n<p style=\"text-align: justify;\">-\u00bfCu\u00e1n lejos queda la propuesta del llamado \u201cfin de la historia\u201d?<\/p>\n<p style=\"text-align: justify;\">\u201cPrecisamente, cuando comenzamos a preparar este congreso y mientras se mencionaba el t\u00edtulo de las revoluciones, muchos planteaban que no era ya un tema actual, sino del pasado. El fin de la historia, justamente, esbozaba que ya no exist\u00edan. Pero, nos lanzamos en esta cruzada porque est\u00e1bamos convencidos como historiadores de que las revoluciones estallan cuando menos se piensa: cuando hay problemas no resueltos y postergados, ellas surgen. Tampoco hace falta que haya un Congreso para demostrarlo. S\u00f3lo con leer los peri\u00f3dicos cada d\u00eda vemos, por ejemplo, lo que ocurre en el medio oriente\u2026S\u00ed, el tema de las revoluciones est\u00e1 cada d\u00eda presente.\u201d<\/p>\n<p style=\"text-align: justify;\">&#8211; \u00bfProp\u00f3sitos inmediatos de la ADHILAC\u2026?<\/p>\n<p style=\"text-align: justify;\">\u201cMuchas cosas, sobre todo consolidar esta asociaci\u00f3n que, aunque ha avanzado y logrado presencia, creo que todav\u00eda puede crecer m\u00e1s. Aqu\u00ed, en Rep\u00fablica Dominicana, no hemos podido constituir una sesi\u00f3n de base. La m\u00e1s fuerte es la cubana, algunas han desaparecido, como la de M\u00e9xico, que era la m\u00e1s din\u00e1mica y aunque existen grupos, no est\u00e1n asociados nacionalmente. El sue\u00f1o mayor ser\u00eda alcanzar una nueva etapa de desarrollo con sesiones nacionales fortalecidas\u201d.<\/p>\n<p style=\"text-align: justify;\">-En Rep\u00fablica Dominicana, \u00bfser\u00e1 inmediato este fortalecimiento y la creaci\u00f3n de una asociaci\u00f3n de base de ADHILAC?<\/p>\n<p style=\"text-align: justify;\">\u201cNo, no lo creo, esto tiene que nacer desde adentro para que existan bases firmes y aunque aboguemos por eso y le demos apoyo, ello responde a circunstancias nacionales\u201d.<\/p>\n<p style=\"text-align: justify;\">-\u00bfEst\u00e1 optimista, no obstante, porque tenga lugar esta organizaci\u00f3n de los historiadores dominicanos?<\/p>\n<p style=\"text-align: justify;\">\u201cMe gustar\u00eda mucho que eso sucediera y que fuera lo m\u00e1s pronto posible\u201d.<\/p>\n<p style=\"text-align: justify;\">-A m\u00ed tambi\u00e9n. Gracias doctor Sergio Guerra, por sus palabras y sus ense\u00f1anzas.<br \/>\nhttp:\/\/dominicanoshoy.com\/articulos\/articulo\/adhilac-donde-el-corazon-sigue-latiendo-del-lado-izquierdo\/<\/p>\n<p style=\"text-align: justify;\"><strong>Publicado por ADHILAC Internacional \u00a9 www.adhilac.com.ar<\/strong><\/p>\n<p style=\"text-align: justify;\">Si Ud. desea asociarse de acuerdo a los Estatutos de ADHILAC <a title=\"(ver)\" href=\"..\/?page_id=263\">(ver)<\/a> complete el siguiente formulario <a title=\"(ver)\" href=\"..\/?page_id=3194\">(ver)<\/a><\/p>\n<p style=\"text-align: justify;\">E-mail: info@adhilac.com.ar<strong> <\/strong><\/p>\n<p style=\"text-align: justify;\">Twitter: @AdhilacInfo<\/p>\n","protected":false},"excerpt":{"rendered":"<p>Dominicanos hoy \u201cADHILAC: donde el coraz\u00f3n sigue latiendo del lado izquierdo\u201d Entrevistas S\u00e1bado 25 de junio Por: Mercedes Alonso Izquierda: Doctor Sergio Guerra Vilaboy. Foto: Dionny Matos Durante los d\u00edas 14 al 17 de junio, Santo Domingo fue sede del X Congreso Internacional de la Asociaci\u00f3n de Historiadores Latinoamericanos y del Caribe (ADHILAC). Sergio Guerra [&hellip;]<\/p>\n","protected":false},"author":37,"featured_media":0,"comment_status":"closed","ping_status":"closed","sticky":false,"template":"","format":"standard","meta":{"_crdt_document":"","footnotes":""},"categories":[3,5,40],"tags":[13,83,200,20,138],"class_list":["post-4123","post","type-post","status-publish","format-standard","hentry","category-adhilac-inter","category-congresos","category-informaciones","tag-america-latina","tag-revolucion-cubana","tag-revolucion-dominicana","tag-revolucion-mexicana","tag-revoluciones"],"_links":{"self":[{"href":"https:\/\/adhilac.com.ar\/index.php?rest_route=\/wp\/v2\/posts\/4123","targetHints":{"allow":["GET"]}}],"collection":[{"href":"https:\/\/adhilac.com.ar\/index.php?rest_route=\/wp\/v2\/posts"}],"about":[{"href":"https:\/\/adhilac.com.ar\/index.php?rest_route=\/wp\/v2\/types\/post"}],"author":[{"embeddable":true,"href":"https:\/\/adhilac.com.ar\/index.php?rest_route=\/wp\/v2\/users\/37"}],"replies":[{"embeddable":true,"href":"https:\/\/adhilac.com.ar\/index.php?rest_route=%2Fwp%2Fv2%2Fcomments&post=4123"}],"version-history":[{"count":8,"href":"https:\/\/adhilac.com.ar\/index.php?rest_route=\/wp\/v2\/posts\/4123\/revisions"}],"predecessor-version":[{"id":7344,"href":"https:\/\/adhilac.com.ar\/index.php?rest_route=\/wp\/v2\/posts\/4123\/revisions\/7344"}],"wp:attachment":[{"href":"https:\/\/adhilac.com.ar\/index.php?rest_route=%2Fwp%2Fv2%2Fmedia&parent=4123"}],"wp:term":[{"taxonomy":"category","embeddable":true,"href":"https:\/\/adhilac.com.ar\/index.php?rest_route=%2Fwp%2Fv2%2Fcategories&post=4123"},{"taxonomy":"post_tag","embeddable":true,"href":"https:\/\/adhilac.com.ar\/index.php?rest_route=%2Fwp%2Fv2%2Ftags&post=4123"}],"curies":[{"name":"wp","href":"https:\/\/api.w.org\/{rel}","templated":true}]}}