{"id":4133,"date":"2011-06-22T05:56:50","date_gmt":"2011-06-22T08:56:50","guid":{"rendered":"https:\/\/adhilac.com.ar\/?p=4133"},"modified":"2012-11-14T14:59:19","modified_gmt":"2012-11-14T17:59:19","slug":"informacion-de-prensa-sobre-el-x-encuentro-internacional-de-adhilac-santo-domingo-junio-2011-parte-vii","status":"publish","type":"post","link":"https:\/\/adhilac.com.ar\/?p=4133","title":{"rendered":"Informaci\u00f3n de prensa sobre el X Encuentro Internacional de ADHILAC. Santo Domingo. junio 2011. Parte VII"},"content":{"rendered":"<h3><span style=\"color: #339966;\">El nacional<\/span><\/h3>\n<p style=\"text-align: justify;\">15 Junio 2011<br \/>\nLeonel afirma RD lucha por Estado democr\u00e1tico<br \/>\nAsegura revoluci\u00f3n del 65 no planteaba programa socialista<\/p>\n<p style=\"text-align: justify;\"><a href=\"https:\/\/adhilac.com.ar\/wp-content\/uploads\/2011\/06\/Elnacional-Leonelafirma.jpeg\"><img loading=\"lazy\" decoding=\"async\" class=\"alignleft size-full wp-image-4135\" title=\"Elnacional-Leonelafirma\" src=\"https:\/\/adhilac.com.ar\/wp-content\/uploads\/2011\/06\/Elnacional-Leonelafirma.jpeg\" alt=\"\" width=\"209\" height=\"140\" \/><\/a>El presidente Leonel Fern\u00e1ndez afirm\u00f3 este martes que Rep\u00fablica Dominicana lucha por establecer un Estado democr\u00e1tico y social de derecho, lo cual est\u00e1 consagrado en la\u00a0 Constituci\u00f3n promulgada en enero del\u00a0 2010.<\/p>\n<p style=\"text-align: justify;\">Fern\u00e1ndez dijo que\u00a0 el Gobierno\u00a0 trabaja por establecer un modelo de desarrollo incluyente, que establezca la cohesi\u00f3n social, que promueva la solidaridad y la cooperaci\u00f3n, que garantice el crecimiento econ\u00f3mico, y que sea sobre la base de un progreso sostenible, que provea oportunidades y satisfaga una educaci\u00f3n de calidad y\u00a0 que permita la inserci\u00f3n de\u00a0 Rep\u00fablica Dominicana en el marco internacional, entre otros aspectos.<!--more--><\/p>\n<p style=\"text-align: justify;\">Al hablar en el acto de apertura del X Congreso Internacional de la\u00a0 Asociaci\u00f3n de Historiadores Latinoamericanos y del Caribe (Adhilac) \u201cLas revoluciones en la historia de Am\u00e9rica Latina y el Caribe\u00bb, desarrollado en el auditorio del Palacio de Bellas Artes, el mandatario compar\u00f3\u00a0 una revoluci\u00f3n con un movimiento s\u00edsmico en una sociedad.<\/p>\n<p style=\"text-align: justify;\">\u201cUna revoluci\u00f3n es un terremoto pol\u00edtico, que s\u00f3lo tiene lugar en la medida en que ha habido una negaci\u00f3n en aceptar las reformas inevitables que tienen que producirse en una sociedad y en la medida en que se niega constantemente por los poderes establecidos, la inevitabilidad del cambio permanente, entonces, surge este cambio tel\u00farico en la historia que llamamos revoluci\u00f3n\u201d, indic\u00f3.<\/p>\n<p style=\"text-align: justify;\">Al referirse a la Revoluci\u00f3n de Abril del 65, dijo que este movimiento no se plante\u00f3 un programa socialista, sino la vuelta a la democracia y a la constitucionalidad.<\/p>\n<p style=\"text-align: justify;\">Explic\u00f3 que el siglo XX en Am\u00e9rica\u00a0 Latina fue un per\u00edodo de revoluciones inevitables que se produjeron por la negativa a la introducci\u00f3n de reformas que le diesen prioridad a la problem\u00e1tica social de la equidad,\u00a0 igualdad de oportunidades y a la incorporaci\u00f3n de la mujer al ejercicio de los derechos pol\u00edticos y a mejorar las condiciones materiales de existencia.<\/p>\n<p style=\"text-align: justify;\">Adem\u00e1s las revoluciones de independencia en Am\u00e9rica Latina y el Caribe dejaron sin resolver el acceso al poder pol\u00edtico.<\/p>\n<p style=\"text-align: justify;\">La actividad fue inaugurada con la conferencia\u00a0 \u201cLas Grandes Revoluciones Americanas del siglo XX: M\u00e9xico, Bolivia y Cuba\u201d, a cargo del doctor Frankyn Knight, de la Universidad John Hopkins de Estados Unidos.15 Junio 2011, 1:14 PM<br \/>\nLeonel afirma RD lucha por Estado democr\u00e1tico<\/p>\n<p style=\"text-align: justify;\">Asegura revoluci\u00f3n del 65 no planteaba programa socialista<\/p>\n<p style=\"text-align: justify;\">El presidente Leonel Fern\u00e1ndez afirm\u00f3 este martes que Rep\u00fablica Dominicana lucha por establecer un Estado democr\u00e1tico y social de derecho, lo cual est\u00e1 consagrado en la\u00a0 Constituci\u00f3n promulgada en enero del\u00a0 2010.<\/p>\n<p style=\"text-align: justify;\">Fern\u00e1ndez dijo que\u00a0 el Gobierno\u00a0 trabaja por establecer un modelo de desarrollo incluyente, que establezca la cohesi\u00f3n social, que promueva la solidaridad y la cooperaci\u00f3n, que garantice el crecimiento econ\u00f3mico, y que sea sobre la base de un progreso sostenible, que provea oportunidades y satisfaga una educaci\u00f3n de calidad y\u00a0 que permita la inserci\u00f3n de\u00a0 Rep\u00fablica Dominicana en el marco internacional, entre otros aspectos.<\/p>\n<p style=\"text-align: justify;\">Al hablar en el acto de apertura del X Congreso Internacional de la\u00a0 Asociaci\u00f3n de Historiadores Latinoamericanos y del Caribe (Adhilac) \u201cLas revoluciones en la historia de Am\u00e9rica Latina y el Caribe\u00bb, desarrollado en el auditorio del Palacio de Bellas Artes, el mandatario compar\u00f3\u00a0 una revoluci\u00f3n con un movimiento s\u00edsmico en una sociedad.<\/p>\n<p style=\"text-align: justify;\">\u201cUna revoluci\u00f3n es un terremoto pol\u00edtico, que s\u00f3lo tiene lugar en la medida en que ha habido una negaci\u00f3n en aceptar las reformas inevitables que tienen que producirse en una sociedad y en la medida en que se niega constantemente por los poderes establecidos, la inevitabilidad del cambio permanente, entonces, surge este cambio tel\u00farico en la historia que llamamos revoluci\u00f3n\u201d, indic\u00f3.<\/p>\n<p style=\"text-align: justify;\">Al referirse a la Revoluci\u00f3n de Abril del 65, dijo que este movimiento no se plante\u00f3 un programa socialista, sino la vuelta a la democracia y a la constitucionalidad.<\/p>\n<p style=\"text-align: justify;\">Explic\u00f3 que el siglo XX en Am\u00e9rica\u00a0 Latina fue un per\u00edodo de revoluciones inevitables que se produjeron por la negativa a la introducci\u00f3n de reformas que le diesen prioridad a la problem\u00e1tica social de la equidad,\u00a0 igualdad de oportunidades y a la incorporaci\u00f3n de la mujer al ejercicio de los derechos pol\u00edticos y a mejorar las condiciones materiales de existencia.<\/p>\n<p style=\"text-align: justify;\">Adem\u00e1s las revoluciones de independencia en Am\u00e9rica Latina y el Caribe dejaron sin resolver el acceso al poder pol\u00edtico.<\/p>\n<p style=\"text-align: justify;\">La actividad fue inaugurada con la conferencia\u00a0 \u201cLas Grandes Revoluciones Americanas del siglo XX: M\u00e9xico, Bolivia y Cuba\u201d, a cargo del doctor Frankyn Knight, de la Universidad John Hopkins de Estados Unidos.<br \/>\nhttp:\/\/www.elnacional.com.do<\/p>\n<p style=\"text-align: justify;\"><strong>Publicado por ADHILAC Internacional \u00a9 www.adhilac.com.ar<\/strong><\/p>\n<p style=\"text-align: justify;\">Si Ud. desea asociarse de acuerdo a los Estatutos de ADHILAC <a title=\"(ver)\" href=\"..\/?page_id=263\">(ver)<\/a> complete el siguiente formulario <a title=\"(ver)\" href=\"..\/?page_id=3194\">(ver)<\/a><\/p>\n<p style=\"text-align: justify;\">E-mail: info@adhilac.com.ar<strong> <\/strong><\/p>\n<p style=\"text-align: justify;\">Twitter: @AdhilacInfo<\/p>\n","protected":false},"excerpt":{"rendered":"<p>El nacional 15 Junio 2011 Leonel afirma RD lucha por Estado democr\u00e1tico Asegura revoluci\u00f3n del 65 no planteaba programa socialista El presidente Leonel Fern\u00e1ndez afirm\u00f3 este martes que Rep\u00fablica Dominicana lucha por establecer un Estado democr\u00e1tico y social de derecho, lo cual est\u00e1 consagrado en la\u00a0 Constituci\u00f3n promulgada en enero del\u00a0 2010. Fern\u00e1ndez dijo que\u00a0 [&hellip;]<\/p>\n","protected":false},"author":37,"featured_media":0,"comment_status":"closed","ping_status":"closed","sticky":false,"template":"","format":"standard","meta":{"_crdt_document":"","footnotes":""},"categories":[3,5,40],"tags":[13,83,200,20,138],"class_list":["post-4133","post","type-post","status-publish","format-standard","hentry","category-adhilac-inter","category-congresos","category-informaciones","tag-america-latina","tag-revolucion-cubana","tag-revolucion-dominicana","tag-revolucion-mexicana","tag-revoluciones"],"_links":{"self":[{"href":"https:\/\/adhilac.com.ar\/index.php?rest_route=\/wp\/v2\/posts\/4133","targetHints":{"allow":["GET"]}}],"collection":[{"href":"https:\/\/adhilac.com.ar\/index.php?rest_route=\/wp\/v2\/posts"}],"about":[{"href":"https:\/\/adhilac.com.ar\/index.php?rest_route=\/wp\/v2\/types\/post"}],"author":[{"embeddable":true,"href":"https:\/\/adhilac.com.ar\/index.php?rest_route=\/wp\/v2\/users\/37"}],"replies":[{"embeddable":true,"href":"https:\/\/adhilac.com.ar\/index.php?rest_route=%2Fwp%2Fv2%2Fcomments&post=4133"}],"version-history":[{"count":7,"href":"https:\/\/adhilac.com.ar\/index.php?rest_route=\/wp\/v2\/posts\/4133\/revisions"}],"predecessor-version":[{"id":7345,"href":"https:\/\/adhilac.com.ar\/index.php?rest_route=\/wp\/v2\/posts\/4133\/revisions\/7345"}],"wp:attachment":[{"href":"https:\/\/adhilac.com.ar\/index.php?rest_route=%2Fwp%2Fv2%2Fmedia&parent=4133"}],"wp:term":[{"taxonomy":"category","embeddable":true,"href":"https:\/\/adhilac.com.ar\/index.php?rest_route=%2Fwp%2Fv2%2Fcategories&post=4133"},{"taxonomy":"post_tag","embeddable":true,"href":"https:\/\/adhilac.com.ar\/index.php?rest_route=%2Fwp%2Fv2%2Ftags&post=4133"}],"curies":[{"name":"wp","href":"https:\/\/api.w.org\/{rel}","templated":true}]}}