{"id":4140,"date":"2011-06-22T04:02:31","date_gmt":"2011-06-22T07:02:31","guid":{"rendered":"https:\/\/adhilac.com.ar\/?p=4140"},"modified":"2012-11-14T14:59:25","modified_gmt":"2012-11-14T17:59:25","slug":"informacion-de-prensa-sobre-el-x-encuentro-internacional-de-adhilac-santo-domingo-junio-2011-parte-viii","status":"publish","type":"post","link":"https:\/\/adhilac.com.ar\/?p=4140","title":{"rendered":"Informaci\u00f3n de prensa sobre el X Encuentro Internacional de ADHILAC. Santo Domingo. junio 2011. Parte VIII"},"content":{"rendered":"<h3><span style=\"color: #339966;\">El dia<\/span><\/h3>\n<ul>\n<li style=\"text-align: justify;\"><strong>En el evento analizar\u00e1n las revoluciones del siglo XX en la regi\u00f3n <\/strong><a href=\"https:\/\/adhilac.com.ar\/wp-content\/uploads\/2011\/06\/Eldia02-.jpeg\"><img loading=\"lazy\" decoding=\"async\" class=\"alignright size-full wp-image-4141\" title=\"Eldia02-\" src=\"https:\/\/adhilac.com.ar\/wp-content\/uploads\/2011\/06\/Eldia02-.jpeg\" alt=\"\" width=\"209\" height=\"117\" \/><\/a><\/li>\n<\/ul>\n<p style=\"text-align: justify;\">Educativa. El evento se desarrollar\u00e1 hasta el pr\u00f3ximo viernes en el local de la Funglode<br \/>\n13 Junio 2011, 8:07 PM<br \/>\nLeonel inaugura encuentro historiadores<br \/>\nLos investigadores analizar\u00e1n \u201cLas revoluciones en la historia de Am\u00e9rica Latina y el Caribe en el siglo XX\u201d<br \/>\nEscrito por: Hillman Pimentel<!--more-->Santo Domingo.-El presidente Leonel Fern\u00e1ndez inaugurar\u00e1 hoy el X Encuentro Internacional de la Asociaci\u00f3n de Historiadores Latinoamericanos y del Caribe (ADHILAC), el cual analizar\u00e1 las revoluciones de Am\u00e9rica Latina y el Caribe en el siglo XX.<\/p>\n<p style=\"text-align: justify;\">La inauguraci\u00f3n ser\u00e1 realizada en el Palacio de Bellas Artes a las 7:00 de la noche, mientras que las mesas de trabajo ser\u00e1n desarrolladas a partir de ma\u00f1ana en la Fundaci\u00f3n Global Democracia y Desarrollo (Funglode).<\/p>\n<p style=\"text-align: justify;\">Los historiadores latinoamericanos analizar\u00e1n el impacto que tuvieron en Am\u00e9rica Latina y el Caribe las revoluciones mexicana, cubana, sandinista, la de Abril de 1965, y los movimientos sociales como el Tupac Amaru, los Zapatistas y\u00a0 el Farabundo Mart\u00ed, entre otros.<\/p>\n<p style=\"text-align: justify;\">Adem\u00e1s de Fern\u00e1ndez, participar\u00e1n en el acto de apertura el presidente de la ADHILAC, Sergio Guerra Vilaboy,\u00a0 quien tendr\u00e1 un discurso; Franklin Knight, de la John Hopkins University, conferencista principal de la noche; Marco Herrera, director ejecutivo de Funglode, y la diputada Minou Tav\u00e1rez Mirabal.\u00a0 En el evento\u00a0 habr\u00e1 presentaciones de actos culturales.<\/p>\n<p style=\"text-align: justify;\">El c\u00f3nclave internacional es auspiciado por la Funglode, la ADHILAC, la Academia Dominicana de la Historia, la C\u00e1tedra Juan Bosch de la Universidad de La Habana, la Universidad Aut\u00f3noma de Santo Domingo (UASD), el Archivo General de la Naci\u00f3n y la Biblioteca Nacional.<\/p>\n<p style=\"text-align: justify;\">El presidente Fern\u00e1ndez enfatiz\u00f3 que la revoluci\u00f3n democr\u00e1tica institucional es ofrecer mejores condiciones de vida a la poblaci\u00f3n.<\/p>\n<ul style=\"text-align: justify;\">\n<li><strong>Congreso. El Mandatario encabez\u00f3 inauguraci\u00f3n de un congreso internacional de Historia<\/strong><\/li>\n<\/ul>\n<p style=\"text-align: justify;\">14 Junio 2011, 10:25 PM<br \/>\nLeonel afirma pa\u00eds vive una revoluci\u00f3n institucional<br \/>\nAsegura trabajan para conciliar la aspiraci\u00f3n democr\u00e1tica con el avance social<br \/>\nEscrito por: Hillman Pimentel<\/p>\n<p style=\"text-align: justify;\">Santo Domingo.-El presidente Leonel Fern\u00e1ndez afirm\u00f3 anoche que la Rep\u00fablica Dominicana vive en la actualidad una \u201crevoluci\u00f3n democr\u00e1tica institucional\u201d que busca establecer\u00a0\u00a0 un modelo de desarrollo incluyente para solucionar los problemas econ\u00f3micos y sociales.<\/p>\n<p style=\"text-align: justify;\">El Mandatario se expres\u00f3 en esos t\u00e9rminos al pronunciar el discurso de clausura que dej\u00f3 inaugurado el X Encuentro Internacional de la Asociaci\u00f3n de Historiadores Latinoamericanos y del Caribe (ADHILAC), en el cual investigadores sociales analizaran desde hoy las revoluciones de Am\u00e9rica Latina y el Caribe en el siglo XX.<\/p>\n<p style=\"text-align: justify;\">Fern\u00e1ndez enfatiz\u00f3 que en el pa\u00eds trabajan para establecer \u201cun modelo incluyente que establezca la cohesi\u00f3n social de la poblaci\u00f3n, que promueva la solidaridad\u201d.<\/p>\n<p style=\"text-align: justify;\">\u201cHablamos aqu\u00ed en la Rep\u00fablica Dominicana de que en estos momentos llevamos a cabo una revoluci\u00f3n democr\u00e1tica institucional, que por vez primera en la historia nacional pueda conciliar una aspiraci\u00f3n democr\u00e1tica de libertad, de participaci\u00f3n, con un proyecto modernizador de reformas profundas en el \u00e1mbito econ\u00f3mico, social, pol\u00edtico, cultural, cient\u00edfico y tecnol\u00f3gico\u201d, enfatiz\u00f3.<\/p>\n<p style=\"text-align: justify;\">Congreso historiadores<\/p>\n<p style=\"text-align: justify;\">El presidente Fern\u00e1ndez tambi\u00e9n fue uno de los oradores principales de la apertura del Congreso Internacional de Historiadores, cuyas mesas de trabajo inician en la ma\u00f1ana de hoy en la Fundaci\u00f3n Global Democracia y Desarrollo (Funglode), una de las entidades auspiciadoras.<\/p>\n<p style=\"text-align: justify;\">Las palabras de bienvenidas estuvieron a cargo del director ejecutivo de Funglode, Marco Herrera, quien resalt\u00f3 que el evento podr\u00e1 situar en su justa dimensi\u00f3n las revoluciones de la regi\u00f3n en el paso siglo.<\/p>\n<p style=\"text-align: justify;\">En tanto que el presidente de la ADHILAC, Sergio Guerra Vilaboy, expres\u00f3 que los historiadores analizar\u00e1n las revoluciones mexicana, cubana, sandinista, la de Abril del 1965, y los movimientos sociales como el Tupac Amaru, los Zapatistas y Farabundo Mart\u00ed entre otros.<\/p>\n<p style=\"text-align: justify;\">En el acto reconocieron al historiador Franklin Knight.<\/p>\n<p style=\"text-align: justify;\">\n<blockquote class=\"wp-embedded-content\" data-secret=\"KZwmoYQCLn\"><p><a href=\"https:\/\/eldia.com.do\/\">Inicio | Cobertura Especial<\/a><\/p><\/blockquote>\n<p><iframe loading=\"lazy\" class=\"wp-embedded-content\" sandbox=\"allow-scripts\" security=\"restricted\" style=\"position: absolute; clip: rect(1px, 1px, 1px, 1px);\" title=\"\u00abInicio | Cobertura Especial\u00bb \u2014 El D\u00eda\" src=\"https:\/\/eldia.com.do\/embed\/#?secret=K9RS4uKRb1#?secret=KZwmoYQCLn\" data-secret=\"KZwmoYQCLn\" width=\"600\" height=\"338\" frameborder=\"0\" marginwidth=\"0\" marginheight=\"0\" scrolling=\"no\"><\/iframe><\/p>\n<p style=\"text-align: justify;\"><strong>Publicado por ADHILAC Internacional \u00a9 www.adhilac.com.ar<\/strong><\/p>\n<p style=\"text-align: justify;\">Si Ud. desea asociarse de acuerdo a los Estatutos de ADHILAC <a title=\"(ver)\" href=\"..\/?page_id=263\">(ver)<\/a> complete el siguiente formulario <a title=\"(ver)\" href=\"..\/?page_id=3194\">(ver)<\/a><\/p>\n<p style=\"text-align: justify;\">E-mail: info@adhilac.com.ar<strong> <\/strong><\/p>\n<p style=\"text-align: justify;\">Twitter: @AdhilacInfo<\/p>\n","protected":false},"excerpt":{"rendered":"<p>El dia En el evento analizar\u00e1n las revoluciones del siglo XX en la regi\u00f3n Educativa. El evento se desarrollar\u00e1 hasta el pr\u00f3ximo viernes en el local de la Funglode 13 Junio 2011, 8:07 PM Leonel inaugura encuentro historiadores Los investigadores analizar\u00e1n \u201cLas revoluciones en la historia de Am\u00e9rica Latina y el Caribe en el siglo [&hellip;]<\/p>\n","protected":false},"author":37,"featured_media":0,"comment_status":"closed","ping_status":"closed","sticky":false,"template":"","format":"standard","meta":{"_crdt_document":"","footnotes":""},"categories":[3,6,40],"tags":[13,83,200,20,138],"class_list":["post-4140","post","type-post","status-publish","format-standard","hentry","category-adhilac-inter","category-biblioteca","category-informaciones","tag-america-latina","tag-revolucion-cubana","tag-revolucion-dominicana","tag-revolucion-mexicana","tag-revoluciones"],"_links":{"self":[{"href":"https:\/\/adhilac.com.ar\/index.php?rest_route=\/wp\/v2\/posts\/4140","targetHints":{"allow":["GET"]}}],"collection":[{"href":"https:\/\/adhilac.com.ar\/index.php?rest_route=\/wp\/v2\/posts"}],"about":[{"href":"https:\/\/adhilac.com.ar\/index.php?rest_route=\/wp\/v2\/types\/post"}],"author":[{"embeddable":true,"href":"https:\/\/adhilac.com.ar\/index.php?rest_route=\/wp\/v2\/users\/37"}],"replies":[{"embeddable":true,"href":"https:\/\/adhilac.com.ar\/index.php?rest_route=%2Fwp%2Fv2%2Fcomments&post=4140"}],"version-history":[{"count":7,"href":"https:\/\/adhilac.com.ar\/index.php?rest_route=\/wp\/v2\/posts\/4140\/revisions"}],"predecessor-version":[{"id":7346,"href":"https:\/\/adhilac.com.ar\/index.php?rest_route=\/wp\/v2\/posts\/4140\/revisions\/7346"}],"wp:attachment":[{"href":"https:\/\/adhilac.com.ar\/index.php?rest_route=%2Fwp%2Fv2%2Fmedia&parent=4140"}],"wp:term":[{"taxonomy":"category","embeddable":true,"href":"https:\/\/adhilac.com.ar\/index.php?rest_route=%2Fwp%2Fv2%2Fcategories&post=4140"},{"taxonomy":"post_tag","embeddable":true,"href":"https:\/\/adhilac.com.ar\/index.php?rest_route=%2Fwp%2Fv2%2Ftags&post=4140"}],"curies":[{"name":"wp","href":"https:\/\/api.w.org\/{rel}","templated":true}]}}