{"id":4153,"date":"2011-06-22T02:31:50","date_gmt":"2011-06-22T05:31:50","guid":{"rendered":"https:\/\/adhilac.com.ar\/?p=4153"},"modified":"2012-11-14T14:59:51","modified_gmt":"2012-11-14T17:59:51","slug":"4153","status":"publish","type":"post","link":"https:\/\/adhilac.com.ar\/?p=4153","title":{"rendered":"Informaci\u00f3n de prensa sobre el X Encuentro Internacional de ADHILAC. Santo Domingo. junio 2011. Parte X"},"content":{"rendered":"<h3><span style=\"color: #339966;\">El Caribe<\/span><\/h3>\n<ul>\n<li style=\"text-align: justify;\"><strong>LF dice gobierno lucha por Estado democr\u00e1tico y social de derecho<\/strong><\/li>\n<\/ul>\n<p style=\"text-align: justify;\">14\/6\/2011<a href=\"https:\/\/adhilac.com.ar\/wp-content\/uploads\/2011\/06\/El-caribe-04.jpg\"><img loading=\"lazy\" decoding=\"async\" class=\"size-full wp-image-4156 alignright\" title=\"El caribe 04\" src=\"https:\/\/adhilac.com.ar\/wp-content\/uploads\/2011\/06\/El-caribe-04.jpg\" alt=\"\" width=\"346\" height=\"260\" srcset=\"https:\/\/adhilac.com.ar\/wp-content\/uploads\/2011\/06\/El-caribe-04.jpg 346w, https:\/\/adhilac.com.ar\/wp-content\/uploads\/2011\/06\/El-caribe-04-300x225.jpg 300w\" sizes=\"auto, (max-width: 346px) 100vw, 346px\" \/><\/a><\/p>\n<p style=\"text-align: justify;\">El presidente Leonel Fern\u00e1ndez dijo este martes que la Rep\u00fablica Dominicana lucha por establecer un Estado democr\u00e1tico y social de derecho, lo cual est\u00e1 consagrado en la nueva Constituci\u00f3n promulgada en enero del a\u00f1o pasado.<\/p>\n<p style=\"text-align: justify;\">El primer mandatario habl\u00f3 en esos t\u00e9rminos al encabezar la apertura del X Congreso Internacional de la Asociaci\u00f3n de Historiadores Latinoamericanos y del Caribe (ADHILAC) \u201cLas revoluciones en la historia de Am\u00e9rica Latina y el Caribe\u00bb, en el auditorio del Palacio de Bellas Artes.<br \/>\n<!--more--><br \/>\nAsegur\u00f3 que en el pa\u00eds el gobierno est\u00e1 trabajando por establecer un modelo de desarrollo que sea incluyente, que establezca la cohesi\u00f3n social, que promueva la solidaridad y la cooperaci\u00f3n, que garantice el crecimiento econ\u00f3mico, y que el mismo sea sobre la base de un progreso sostenible, que provea oportunidades y que satisfaga una educaci\u00f3n de calidad y que permita la inserci\u00f3n de la Rep\u00fablica Dominicana en el marco internacional, entre otros aspectos.<\/p>\n<p style=\"text-align: justify;\">\u201cHablamos aqu\u00ed en la Rep\u00fablica Dominicana de que en estos momentos llevamos a cabo una revoluci\u00f3n democr\u00e1tica institucional, que por vez primera en la historia nacional pueda conciliar una aspiraci\u00f3n democr\u00e1tica de libertad y de participaci\u00f3n, con un proyecto modernizador de reformas profundas en el \u00e1mbito econ\u00f3mico, social, pol\u00edtico, cultural, cient\u00edfico y tecnol\u00f3gico\u201d, puntualiz\u00f3 el gobernante.<\/p>\n<p style=\"text-align: justify;\">En ese sentido, asever\u00f3 que una revoluci\u00f3n es como un movimiento s\u00edsmico en una sociedad.<\/p>\n<p style=\"text-align: justify;\">\u201cUna revoluci\u00f3n es un terremoto pol\u00edtico, que s\u00f3lo tiene lugar en la medida en que ha habido una negaci\u00f3n en aceptar las reformas inevitables que tienen que producirse en una sociedad y en la medida en que se niega constantemente por los poderes establecidos, la inevitabilidad del cambio permanente, entonces, surge este cambio tel\u00farico en la historia que llamamos revoluci\u00f3n\u201d, indic\u00f3.<\/p>\n<p style=\"text-align: justify;\">Tambi\u00e9n habl\u00f3 de la Revoluci\u00f3n de Abril del a\u00f1o de 1965, movimiento del que dijo no se plante\u00f3 un programa socialista en la Rep\u00fablica Dominicana, sino la vuelta a la democracia y a la constitucionalidad.<\/p>\n<p style=\"text-align: justify;\">Explic\u00f3 que el siglo XX en Am\u00e9rica Latina fue un per\u00edodo de revoluciones inevitables que se produjeron por la negativa a la introducci\u00f3n de reformas, que le diesen prioridad a la problem\u00e1tica social de la equidad, igualdad de oportunidades y a la incorporaci\u00f3n de la mujer al ejercicio de los derechos pol\u00edticos y a mejorar las condiciones materiales de existencia.<\/p>\n<p style=\"text-align: justify;\">El doctor Fern\u00e1ndez explic\u00f3 que las revoluciones de independencia en Am\u00e9rica Latina y el Caribe dejaron sin resolver el acceso al poder pol\u00edtico.<\/p>\n<p style=\"text-align: justify;\">El evento fue inaugurado con la conferencia \u201cLas Grandes Revoluciones Americanas del siglo XX: M\u00e9xico, Bolivia y Cuba\u201d, a cargo del doctor Franklin Knight, de la Universidad John Hopkins de Estados Unidos, quien abord\u00f3 los procesos revolucionarios de Bolivia, M\u00e9xico y Estados Unidos.<\/p>\n<p style=\"text-align: justify;\">Dijo que la revoluci\u00f3n de Hait\u00ed fue la m\u00e1s inclusiva de todas y que los movimientos revolucionarios en Cuba transformaron el poder pol\u00edtico en esa naci\u00f3n.<\/p>\n<p style=\"text-align: justify;\">(Franklin) Knight, quien fuera reconocido por ADHILAC por sus aportes a la historiograf\u00eda latinoamericana, dijo que todas las revoluciones reflejan la situaci\u00f3n del momento.<br \/>\n<a href=\"https:\/\/adhilac.com.ar\/wp-content\/uploads\/2011\/06\/El-caribe-03.jpg\"><img loading=\"lazy\" decoding=\"async\" class=\"size-full wp-image-4154 alignright\" title=\"El caribe 03\" src=\"https:\/\/adhilac.com.ar\/wp-content\/uploads\/2011\/06\/El-caribe-03.jpg\" alt=\"\" width=\"346\" height=\"260\" srcset=\"https:\/\/adhilac.com.ar\/wp-content\/uploads\/2011\/06\/El-caribe-03.jpg 346w, https:\/\/adhilac.com.ar\/wp-content\/uploads\/2011\/06\/El-caribe-03-300x225.jpg 300w\" sizes=\"auto, (max-width: 346px) 100vw, 346px\" \/><\/a><br \/>\nDe su lado, el presidente de la ADHILAC, Sergio Guerra Vilaboy, al dar las gracias al presidente Fern\u00e1ndez por su colaboraci\u00f3n para que pudiese celebrarse en el pa\u00eds dicho evento, se\u00f1al\u00f3 que previo a este encuentro fueron realizadas otras dos reuniones de historiadores latinoamericanos como fueron el \u201cSeminario Internacional Repensando la Independencia desde el Caribe en el Bicentenario de la Revoluci\u00f3n Espa\u00f1ola\u00bb, y el \u00abColoquio Internacional Relaciones de los Estados Unidos con el Gran Caribe 1870-1945\u00bb.<\/p>\n<p style=\"text-align: justify;\">Las palabras de bienvenida estuvieron a cargo de Marco Herrera, director de FUNGLODE. Tambi\u00e9n habl\u00f3 la diputada Min\u00fa Tav\u00e1rez Mirabal.<\/p>\n<p style=\"text-align: justify;\">La actividad, que se extender\u00e1 hasta el d\u00eda 17 del presente mes, adem\u00e1s de FUNGLODE es organizada por la Academia Dominicana de la Historia, ADHILAC, el Archivo General de la Naci\u00f3n, Comisi\u00f3n Permanente de Efem\u00e9rides Patrias, Direcci\u00f3n General de Aduanas, Ministerio de Cultura, MINERD, MESCYT, Superintendencia de Seguros y la Universidad Aut\u00f3noma de Santo Domingo (UASD).<\/p>\n<p style=\"text-align: justify;\">Los expertos tratar\u00e1n en las mesas trabajo los temas sobre los problemas te\u00f3ricos y metodol\u00f3gicos de las revoluciones en la historia, las corrientes y tendencias historiogr\u00e1ficas en la historia comparada de las revoluciones, las revoluciones y su papel en la historia de Am\u00e9rica Latina y el Caribe en el siglo XX, as\u00ed como los antecedentes hist\u00f3ricos de las revoluciones latinoamericanas y del Caribe en el siglo XX, la revoluci\u00f3n mexicana de 1910, la guatemalteca durante el per\u00edodo 1944-1954, boliviana de 1952 y la cubana.<\/p>\n<p style=\"text-align: justify;\">Adem\u00e1s, la revoluci\u00f3n dominicana de 1965, la sandinista de 1979, las revoluciones frustradas en la historia de Am\u00e9rica Latina y el Caribe, tambi\u00e9n pueblos, etnias, clases sociales, \u00e9lites y h\u00e9roes: los actores sociales de las revoluciones, el legado de las revoluciones de Am\u00e9rica Latina y el Caribe del siglo XX, la ense\u00f1anza de la historia de los procesos revolucionarios latinoamericanos y caribe\u00f1os, el impacto econ\u00f3mico de las revoluciones, entre otros aspectos.<\/p>\n<p style=\"text-align: justify;\"><strong>Santo domingo<\/strong><\/p>\n<p style=\"text-align: justify;\">En estos momentos en Rep\u00fablica Dominicana se lleva a cabo una \u00abrevoluci\u00f3n democr\u00e1tica institucional\u00bb, que por vez primera en la historia nacional podr\u00eda conciliar una aspiraci\u00f3n democr\u00e1tica de libertad y de participaci\u00f3n con un proyecto modernizador y de reformas profundas en el \u00e1mbito econ\u00f3mico, social, pol\u00edtico- cultural, cient\u00edfico y t\u00e9cnico.<\/p>\n<p style=\"text-align: justify;\">La afirmaci\u00f3n la hizo anoche el presidente Leonel Fern\u00e1ndez al pronunciar un discurso en el acto de inauguraci\u00f3n del X Congreso Internacional de la Asociaci\u00f3n de Historiadores Latinoamericanos y del Caribe (Adhilac), realizado en el auditorio principal del Palacio de Bellas Artes.<\/p>\n<p style=\"text-align: justify;\">El mandatario reiter\u00f3 que el pa\u00eds lucha por establecer un estado democr\u00e1tico y social de derecho, que est\u00e1 consagrado en la nueva Constituci\u00f3n promulgada en enero de 2010.<\/p>\n<p style=\"text-align: justify;\">\u00abEl Gobierno trabaja por establecer un modelo de desarrollo que sea incluyente y que establezca la cohesi\u00f3n social y promueva la solidaridad y la cooperaci\u00f3n y garantice el crecimiento econ\u00f3mico\u00bb, expres\u00f3 el Jefe de Estado, ante un p\u00fablico integrado por acad\u00e9micos, representantes del cuerpo diplom\u00e1tico, funcionarios, estudiantes y directivos de la Adhilac.<\/p>\n<p style=\"text-align: justify;\">En la ceremonia, el doctor Franklin Knight, de la Universidad John Hopkins, de Estados Unidos, pronunci\u00f3 la conferencia magistral \u00abLas grandes revoluciones americanas del Siglo XX: M\u00e9xico, Bolivia y Cuba\u00bb.<\/p>\n<p style=\"text-align: justify;\">En su disertaci\u00f3n, el acad\u00e9mico estadounidense dijo que pocas regiones en el mundo son tan revolucionarias como el Caribe y que la historia de esta regi\u00f3n puede verse \u00abcomo una historia continua de revoluci\u00f3n, desde la experiencia colonial de Nicol\u00e1s de Ovando, hasta el intento de los habitantes de la isla de Granada, de cambiar su gobierno y sociedad en 1979\u00bb.<\/p>\n<p style=\"text-align: justify;\"><strong>El Congreso<\/strong><\/p>\n<p style=\"text-align: justify;\">El Congreso concluir\u00e1 el viernes 17 y los debates tendr\u00e1n de escenario a la Fundaci\u00f3n Global Democracia y Desarrollo (Funglode), y es coauspiciado por la Academia Dominicana de la Historia, la C\u00e1tedra Juan Bosch de la Universidad de La Habana, la Universidad Aut\u00f3noma de Santo Domingo (UASD), el Archivo General de la Naci\u00f3n, y la Biblioteca Nacional. El tema central de an\u00e1lisis es \u00abLas revoluciones en la historia de Am\u00e9rica Latina y el Caribe en el Siglo XX\u00bb.<\/p>\n<p style=\"text-align: justify;\">En la actividad adem\u00e1s de Fern\u00e1ndez y Knight, hablaron Marco Herrera, director ejecutivo de Funglode, quien pronunci\u00f3 las palabras de bienvenida, Sergio Guerra Vilaboy, presidente de la Adhilac y la diputada Minou Tav\u00e1rez Mirabal.<\/p>\n<p style=\"text-align: justify;\">Estuvieron presentes la primera dama, Margarita Cede\u00f1o de Fern\u00e1ndez y el rector de la UASD, Mateo Aquino Febrillet, entre otras personalidades.<\/p>\n<ul style=\"text-align: justify;\">\n<li><strong>Historiadores debatir\u00e1n revoluciones de Am\u00e9rica<\/strong><\/li>\n<\/ul>\n<p style=\"text-align: justify;\">Por Redacci\u00f3n<br \/>\n12 de Jun 2011<\/p>\n<p style=\"text-align: justify;\">El pa\u00eds acoger\u00e1 este mes el X Encuentro Internacional de la Asociaci\u00f3n de Historiadores Latinoamericanos y del Caribe, que tendr\u00e1 como tema central \u201cLas revoluciones en la historia de Am\u00e9rica Latina y el Caribe en el siglo XX\u201d, auspiciado por la Fundaci\u00f3n Global Democracia y Desarrollo (FUNGLODE).<\/p>\n<p style=\"text-align: justify;\">Este congreso internacional se desarrollar\u00e1 entre el 14 y el 17 de junio del 2011, teniendo como sede la ciudad de Santo Domingo; y los d\u00edas 18 y 19 de junio en San Juan de la Maguana y en Santiago de los Caballeros, respectivamente.<\/p>\n<p style=\"text-align: justify;\">Analizar\u00e1n la Revoluci\u00f3n Mexicana, Revoluci\u00f3n Cubana, Revoluci\u00f3n Sandinista, Revoluci\u00f3n de Abril del 1965 y Movimientos Sociales como lo Tupac Amaru, Zapatistas y Farabundo Mart\u00ed.<\/p>\n<p style=\"text-align: justify;\">La actividad cient\u00edfica cuenta con el co-auspicio de la Academia Dominicana de la Historia, la C\u00e1tedra Juan Bosch de la Universidad de La Habana, la Universidad Aut\u00f3noma de Santo Domingo (UASD) y el Archivo General de la Naci\u00f3n y la Biblioteca Nacional.<\/p>\n<p style=\"text-align: justify;\">el acto inaugural ser\u00e1 a las 6:00 de la tarde en el Palacio de Bellas Artes y las conferencias tendr\u00e1n lugar en la biblioteca Pedro Mir, de la UASD.<\/p>\n<ul style=\"text-align: justify;\">\n<li><strong>Funglode reunir\u00e1 historiadores<\/strong><\/li>\n<\/ul>\n<p style=\"text-align: justify;\">13 de Jun 2011 12:00 AM<a href=\"https:\/\/adhilac.com.ar\/wp-content\/uploads\/2011\/06\/El-Caribe01.jpg\"><img loading=\"lazy\" decoding=\"async\" class=\"alignright size-full wp-image-4155\" title=\"El Caribe01\" src=\"https:\/\/adhilac.com.ar\/wp-content\/uploads\/2011\/06\/El-Caribe01.jpg\" alt=\"\" width=\"346\" height=\"260\" srcset=\"https:\/\/adhilac.com.ar\/wp-content\/uploads\/2011\/06\/El-Caribe01.jpg 346w, https:\/\/adhilac.com.ar\/wp-content\/uploads\/2011\/06\/El-Caribe01-300x225.jpg 300w\" sizes=\"auto, (max-width: 346px) 100vw, 346px\" \/><\/a><\/p>\n<p style=\"text-align: justify;\">\u201cLas revoluciones en la historia de Am\u00e9rica Latina y el Caribe en el siglo XX\u201d es el tema que analizar\u00e1n historiadores de la regi\u00f3n en un congreso que se iniciar\u00e1 ma\u00f1ana y se extender\u00e1 durante esta semana en el pa\u00eds.<\/p>\n<p style=\"text-align: justify;\">El encuentro es organizado por la Fundaci\u00f3n Global Democracia y Desarrollo (Funglode), con el co-auspicio de la Academia Dominicana de la Historia, la C\u00e1tedra Juan Bosch de la Universidad de La Habana, la Universidad Aut\u00f3noma de Santo Domingo (UASD), el Archivo General de la Naci\u00f3n y la Biblioteca Nacional.<\/p>\n<p style=\"text-align: justify;\">Se trata del X Encuentro Internacional de la Asociaci\u00f3n de Historiadores Latinoamericanos y del Caribe, que se iniciar\u00e1 ma\u00f1ana martes 14 y se extender\u00e1 hasta el pr\u00f3ximo viernes 17 en la ciudad de Santo Domingo, y los d\u00edas 18 y 19 de este mes en San Juan de la Maguana y en Santiago, respectivamente.<\/p>\n<p style=\"text-align: justify;\">Durante el pasado siglo Am\u00e9rica Latina y el Caribe fueron escenarios de movimientos sociales y revoluciones que cambiaron el curso de la historia en la regi\u00f3n. La Revoluci\u00f3n Mexicana, Revoluci\u00f3n Cubana, Revoluci\u00f3n Sandinista, Revoluci\u00f3n de Abril del 1965 y movimientos sociales como Tupac Amaru, Zapatistas y Farabundo Mart\u00ed son algunos ejemplos que ser\u00e1n objeto de an\u00e1lisis en el encuentro.<\/p>\n<p style=\"text-align: justify;\">El acto inaugural del evento ser\u00e1 en el Palacio de Bellas Artes a las 6:00 de la tarde del martes, pero desde las 8:00 de la ma\u00f1ana iniciar\u00e1 el registro de participantes. Los debates y conferencias ser\u00e1n en la Biblioteca Pedro Mir de la Universidad Aut\u00f3noma de Santo Domingo (UASD).<\/p>\n<p style=\"text-align: justify;\">Programa de actividades<\/p>\n<p style=\"text-align: justify;\">El martes 14 inicia el registro de participantes y a las 6:00 de la tarde ser\u00e1 la inauguraci\u00f3n, con las palabras de Sergio Guerra Vilaboy, presidente de ADHILAC, y del presidente Leonel Fern\u00e1ndez. M\u00e1s tarde ser\u00e1 la conferencia: Las grandes revoluciones americanas del siglo XX: reflexiones sobre M\u00e9xico, Bolivia y Cuba, a cargo de Franklin Knight, de la Universidad Johns Hopkins, Estados Unidos.<\/p>\n<p style=\"text-align: justify;\">Informaci\u00f3n en: xencuentroadhilac@gmail.co y\/o info@adhilac.com.ar<\/p>\n<ul style=\"text-align: justify;\">\n<li><strong>Dice que Cuba tiene el desaf\u00edo de cambiar<\/strong><\/li>\n<\/ul>\n<p style=\"text-align: justify;\">Por Felivia Mej\u00eda<br \/>\n14 de Junio de 2011<\/p>\n<p style=\"text-align: justify;\">Cuba tiene el desaf\u00edo de enfrentar el enorme gasto social que tiene para lograr que su econom\u00eda genere la riqueza que necesita su poblaci\u00f3n, expuso el historiador cubano Sergio Guerra Vilaboy.<\/p>\n<p style=\"text-align: justify;\">El presidente de la Asociaci\u00f3n de Historiadores Latinoamericanos y del Caribe consider\u00f3 que la revoluci\u00f3n logr\u00f3 una serie de cambios importantes: resolvi\u00f3 el problema de la injusticia social del pa\u00eds y la falta de educaci\u00f3n en amplios sectores de la sociedad, pero que ya es tiempo de que cambie. \u201cLa revoluci\u00f3n debe ponerse a tono con los nuevos tiempos y eso obliga a una serie de transformaciones importantes a lo interno, que en estos momentos se debaten en la sociedad cubana, y algunas de las cuales ya se est\u00e1n implantando\u201d, sostuvo.<\/p>\n<p style=\"text-align: justify;\">Guerra Vilaboy visita el pa\u00eds para debatir el tema de la revoluci\u00f3n cubana y de otras acontecidas en pa\u00edses latinoamericanos en siglo XX, en el X Encuentro Internacional de la Asociaci\u00f3n de Historiadores Latinoamericanos y del Caribe, que se celebra desde hoy hasta el viernes, en la Fundaci\u00f3n Global Democracia y Desarrollo.<\/p>\n<p style=\"text-align: justify;\">La actividad cuenta con el apoyo de la Universidad Aut\u00f3noma de Santo Domingo (UASD), la Academia Dominicana de la Historia, el Archivo General de la Naci\u00f3n, la Comisi\u00f3n Nacional de Efem\u00e9rides Patrias. Hoy a las 7:00 p.m.,\u00a0 en el Palacio de Bellas Artes quedar\u00e1 inaugurado el evento.<\/p>\n<p style=\"text-align: justify;\">Entrevistado por el director de Multimedios del Caribe, Osvaldo Santana, y el director de El Caribe, Manuel A. Quiroz, Guerra Vilaboy dijo que todav\u00eda no se tiene la certeza de que las nuevas medidas que tom\u00f3 el gobierno cubano puedan propiciar los cambios que espera en la econom\u00eda. \u201cEl primer problema que tiene nuestra econom\u00eda, creo, es el enorme gasto social que tiene: la seguridad y la salud gratuitas, la seguridad social de los jubilados. Eso consume una parte importante de los recursos del Estado\u201d, enfatiz\u00f3.<\/p>\n<p style=\"text-align: justify;\">El reto est\u00e1 en mantener los patrones fundamentales del socialismo. Si no se logra, la soluci\u00f3n que resta, advirti\u00f3, es hundirse, como dijo en una ocasi\u00f3n el propio presidente Ra\u00fal Castro.<\/p>\n<p style=\"text-align: justify;\">\u201cLas reformas avanzan lentamente, porque hay todo un \u2018establishment\u2019 que resiste a pesar de todos los problemas. Hay intereses creados hay miedos de que muchas de estas reformas a pesar de que son hechas por la dirigencia de la revoluci\u00f3n puedan conducir por los caminos de la uni\u00f3n sovi\u00e9tica y se desplome todo el sistema\u201d, afirm\u00f3.<\/p>\n<p style=\"text-align: justify;\"><strong>Contra la dictadura<\/strong><\/p>\n<p style=\"text-align: justify;\">Guerra Vilaboy, premio Casa de Las Am\u00e9ricas 2010 y director del Departamento de Historia de Universidad de La Habana, expuso que casi todas las revoluciones de Am\u00e9rica Latina ocurridas en el siglo XX surgieron para combatir una dictadura y que detr\u00e1s de eso se escond\u00eda una situaci\u00f3n de explotaci\u00f3n y de injusticia social que apoy\u00f3 la insurgencia popular.<\/p>\n<p style=\"text-align: justify;\">No descart\u00f3 que en este siglo se mantengan esas demandas, tomando en cuenta lo que ocurre en pa\u00edses de oriente medio, donde las protestas tienen un trasfondo de gobiernos antidemocr\u00e1tico. \u201cLas revoluciones no son como los ciclones, que los meteor\u00f3logos pueden decir m\u00e1s o menos por donde va. Si la podemos comparar, ser\u00eda con los terremotos, porque no se pueden predecir\u201d, opin\u00f3.<\/p>\n<p style=\"text-align: justify;\">Consider\u00f3 que actualmente hay otros temas, como la crisis global, desde el punto de vista econ\u00f3mico, que no duda que va a generar inestabilidad en muchas sociedades, la crisis de muchos sistemas pol\u00edticos y de partidos pol\u00edticos, como ha ocurrido en Espa\u00f1a. Se expres\u00f3 en desacuerdo con el periodista latinoamericano Andr\u00e9s Oppenheimer, cuando el periodista argentino se\u00f1ala en su libro \u201cBasta de Historias\u201d que los pa\u00edses deben dejar de mirar tanto al pasado y concentrarse en el futuro, en innovar.<\/p>\n<p style=\"text-align: justify;\"><strong>Inauguran evento hoy<\/strong><\/p>\n<p style=\"text-align: justify;\">El seminario inicia hoy a partir de las 8:00 de la ma\u00f1ana con el registro de los participantes y la entrega de los materiales de estudio. A las 10:00 a.m. habr\u00e1 una reuni\u00f3n de la junta directiva internacional de la Asociaci\u00f3n de Historiadores Latinoamericanos y del Caribe (Adhilac). Mientras que la inauguraci\u00f3n formal en Bellas Artes, en horas de la noche, contar\u00e1 con la presencia del presidente de la Rep\u00fablica, Leonel Fern\u00e1ndez, quien dar\u00e1 la bienvenida a los participantes.<\/p>\n<p style=\"text-align: justify;\">En el mismo acto, Franklin Knight, de la Universidad Johns Hopkins, de Estados Unidos, disertar\u00e1 sobre las grandes revoluciones americanas del siglo XX: reflexiones sobre M\u00e9xico, Bolivia y Cuba. Knight ser\u00e1 recibido como miembro de la Adhilac por el presidente de la entidad, Guerra Vilaboy, y por Jorge Enrique El\u00edas Caro, secretario ejecutivo internacional de la asociaci\u00f3n. Los participantes tambi\u00e9n disfrutar\u00e1n de presentaciones culturales y un coctel preparado para la ocasi\u00f3n.<\/p>\n<p style=\"text-align: justify;\"><strong>Detalles de la asociaci\u00f3n<\/strong><\/p>\n<p style=\"text-align: justify;\">La Asociaci\u00f3n de Historiadores Latinoamericanos y del Caribe surgi\u00f3 en M\u00e9xico en el a\u00f1o 1974. Se reunieron para estudiar la historia del continente y procurar la uni\u00f3n de sus pa\u00edses.<\/p>\n<p style=\"text-align: justify;\">En el congreso participar\u00e1n cerca de 101 exponentes extranjeros y observadores que debatir\u00e1n en distintas mesas las revoluciones latinoamericanas.<\/p>\n<ul style=\"text-align: justify;\">\n<li><strong>Inauguran foro sobre las revoluciones en AL<\/strong><\/li>\n<\/ul>\n<p style=\"text-align: justify;\">Por Darlenny Mart\u00ednez<br \/>\n15 de Junio de 2011<\/p>\n<p style=\"text-align: justify;\">Fue inaugurado anoche el X Encuentro Internacional de la Asociaci\u00f3n de Historiadores Latinoamericanos y del Caribe (ADHILAC), titulado \u201cLas revoluciones en la historia de Am\u00e9rica Latina y el Caribe en el siglo XX\u201d.<\/p>\n<p style=\"text-align: justify;\">El acto de inauguraci\u00f3n cont\u00f3 con la presencia del presidente Leonel Fern\u00e1ndez. El evento se realizar\u00e1 desde hoy hasta pasado ma\u00f1ana en la sede de la Fundaci\u00f3n Global Democracia y Desarrollo (Funglode) y congregar\u00e1 m\u00e1s de 100 especialistas latinoamericanos que debatir\u00e1n sobre los procesos revolucionarios de Am\u00e9rica Latina y el Caribe y los escenarios que han cambiado el curso de la historia en la regi\u00f3n.<\/p>\n<p style=\"text-align: justify;\">Luego de hacer un recorrido hist\u00f3rico de las revoluciones de Hait\u00ed, M\u00e9xico, Rep\u00fablica Dominicana y otras, el presidente Fern\u00e1ndez dijo que en el pa\u00eds estamos en \u201cuna revoluci\u00f3n democr\u00e1tica institucional que por vez primera en la historia nacional logra conciliar una aspiraci\u00f3n democr\u00e1tica de libertad y de participaci\u00f3n con un proyecto modernizador de reformas profundas en el \u00e1mbito econ\u00f3mico, pol\u00edtico, social, cultural, cient\u00edfico y tecnol\u00f3gico\u201d.<\/p>\n<p style=\"text-align: justify;\">Expres\u00f3 que est\u00e1 trabajando por establecer un modelo de desarrollo que sea incluyente, que establezca la cohesi\u00f3n social, que promueva la solidaridad\u00a0 y la cooperaci\u00f3n y que garantice el crecimiento econ\u00f3mico.<\/p>\n<p style=\"text-align: justify;\">Sostuvo, adem\u00e1s, que ese crecimiento sea la base de un desarrollo sostenible, econ\u00f3micamente sustentado, que provea oportunidades y que satisfaga las necesidades de una educaci\u00f3n de calidad, que permita la inserci\u00f3n de Rep\u00fablica Dominicana en el marco internacional y que d\u00e9 soluci\u00f3n a los problemas de salud, de seguridad social, de seguridad ciudadana, de vivienda, de acceso a todas las comodidades.<\/p>\n<p style=\"text-align: justify;\">Marco Herrera, director Ejecutivo de Funglode, al pronunciar las palabras de bienvenida, dijo que en el congreso se analizar\u00e1n y se discutir\u00e1n sobre la Revoluci\u00f3n Mexicana, Cubana, Sandinista, Revoluci\u00f3n de Abril del 1965 y los movimientos sociales como Tupac Amaru, Zapatistas, Farabundo Mart\u00ed\u00a0 y otros. Indic\u00f3 que es motivo de satisfacci\u00f3n que el d\u00eda 14 de junio se le haya dado apertura al congreso, por la coincidencia de la conmemoraci\u00f3n del 52 aniversario de la expedici\u00f3n revolucionaria del 14 de junio.<\/p>\n<p style=\"text-align: justify;\">Al acto inaugural realizado en el Palacio de Bellas Artes, asistieron, adem\u00e1s, la primera dama Margarita Cede\u00f1o, el rector de la UASD, Mateo Aquino; Juan Daniel Balc\u00e1cer, Sergio Guerra Vilaboy,\u00a0 presidente de ADHILAC, la diputada Minou Tav\u00e1rez y el profesor de la Universidad John Hopkins.<\/p>\n<p style=\"text-align: justify;\">www.elcaribe.com.do<\/p>\n<ul style=\"text-align: justify;\">\n<li><strong>Historiador pronostica revoluciones<\/strong><\/li>\n<\/ul>\n<p style=\"text-align: justify;\">Por Laura Rojas<br \/>\n17 de Junio de 2011<\/p>\n<p style=\"text-align: justify;\">Historiadores e investigadores que participaron en la segunda jornada del X Congreso de la Asociaci\u00f3n de Historiadores Latinoamericanos y del Caribe (ADHILAC) coincidieron en que los procesos y pensamientos revolucionarios siempre han llegado tarde a Rep\u00fablica Dominicana, raz\u00f3n que ha mantenido al pa\u00eds pasos atr\u00e1s de los que se viven en el contexto internacional.<\/p>\n<p style=\"text-align: justify;\">El secretario general de ADHILAC, Jorge\u00a0 Enrique\u00a0 El\u00edas Caro, consider\u00f3 que la tendencia que se viene marcando en Am\u00e9rica Latina pronostica una posible actividad revolucionaria. El investigador aclar\u00f3 que no puede determinar cu\u00e1ndo suceder\u00eda, sin embargo, dijo \u201cque se est\u00e1n moviendo las cosas como el terremoto, eso s\u00ed est\u00e1 pasando\u201d.<\/p>\n<p style=\"text-align: justify;\">Caro dijo que si se comparan los diez primeros a\u00f1os del siglo XX, con los diez del siglo XXI, solo el hecho de que hayan ocurrido tres golpes de Estado en Am\u00e9rica Latina es una noci\u00f3n de los procesos que podr\u00edan desatarse.<\/p>\n<p style=\"text-align: justify;\">En el congreso de historiadores se discuten las repercusiones de las revoluciones sandinista, mexicana, cubana y otras en Am\u00e9rica Latina.<\/p>\n<p style=\"text-align: justify;\">Participaron tambi\u00e9n el\u00a0 dominicano Franklin Franco, Erni Sabaleta, y otros.<\/p>\n<p style=\"text-align: justify;\"><strong>Publicado por ADHILAC Internacional \u00a9 www.adhilac.com.ar<\/strong><\/p>\n<p style=\"text-align: justify;\">Si Ud. desea asociarse de acuerdo a los Estatutos de ADHILAC <a title=\"(ver)\" href=\"..\/?page_id=263\">(ver)<\/a> complete el siguiente formulario <a title=\"(ver)\" href=\"..\/?page_id=3194\">(ver)<\/a><\/p>\n<p style=\"text-align: justify;\">E-mail: info@adhilac.com.ar<strong> <\/strong><\/p>\n<p style=\"text-align: justify;\">Twitter: @AdhilacInfo<\/p>\n","protected":false},"excerpt":{"rendered":"<p>El Caribe LF dice gobierno lucha por Estado democr\u00e1tico y social de derecho 14\/6\/2011 El presidente Leonel Fern\u00e1ndez dijo este martes que la Rep\u00fablica Dominicana lucha por establecer un Estado democr\u00e1tico y social de derecho, lo cual est\u00e1 consagrado en la nueva Constituci\u00f3n promulgada en enero del a\u00f1o pasado. El primer mandatario habl\u00f3 en esos [&hellip;]<\/p>\n","protected":false},"author":37,"featured_media":0,"comment_status":"closed","ping_status":"closed","sticky":false,"template":"","format":"standard","meta":{"_crdt_document":"","footnotes":""},"categories":[3,5,40],"tags":[13,83,200,20,138],"class_list":["post-4153","post","type-post","status-publish","format-standard","hentry","category-adhilac-inter","category-congresos","category-informaciones","tag-america-latina","tag-revolucion-cubana","tag-revolucion-dominicana","tag-revolucion-mexicana","tag-revoluciones"],"_links":{"self":[{"href":"https:\/\/adhilac.com.ar\/index.php?rest_route=\/wp\/v2\/posts\/4153","targetHints":{"allow":["GET"]}}],"collection":[{"href":"https:\/\/adhilac.com.ar\/index.php?rest_route=\/wp\/v2\/posts"}],"about":[{"href":"https:\/\/adhilac.com.ar\/index.php?rest_route=\/wp\/v2\/types\/post"}],"author":[{"embeddable":true,"href":"https:\/\/adhilac.com.ar\/index.php?rest_route=\/wp\/v2\/users\/37"}],"replies":[{"embeddable":true,"href":"https:\/\/adhilac.com.ar\/index.php?rest_route=%2Fwp%2Fv2%2Fcomments&post=4153"}],"version-history":[{"count":9,"href":"https:\/\/adhilac.com.ar\/index.php?rest_route=\/wp\/v2\/posts\/4153\/revisions"}],"predecessor-version":[{"id":7349,"href":"https:\/\/adhilac.com.ar\/index.php?rest_route=\/wp\/v2\/posts\/4153\/revisions\/7349"}],"wp:attachment":[{"href":"https:\/\/adhilac.com.ar\/index.php?rest_route=%2Fwp%2Fv2%2Fmedia&parent=4153"}],"wp:term":[{"taxonomy":"category","embeddable":true,"href":"https:\/\/adhilac.com.ar\/index.php?rest_route=%2Fwp%2Fv2%2Fcategories&post=4153"},{"taxonomy":"post_tag","embeddable":true,"href":"https:\/\/adhilac.com.ar\/index.php?rest_route=%2Fwp%2Fv2%2Ftags&post=4153"}],"curies":[{"name":"wp","href":"https:\/\/api.w.org\/{rel}","templated":true}]}}