{"id":4189,"date":"2011-06-29T16:37:41","date_gmt":"2011-06-29T19:37:41","guid":{"rendered":"https:\/\/adhilac.com.ar\/?p=4189"},"modified":"2012-07-13T07:53:24","modified_gmt":"2012-07-13T10:53:24","slug":"creacion-del-grupo-de-trabajo-de-mexico-de-adhilac","status":"publish","type":"post","link":"https:\/\/adhilac.com.ar\/?p=4189","title":{"rendered":"Creaci\u00f3n del Grupo de Trabajo de M\u00e9xico de ADHILAC"},"content":{"rendered":"<h3><span style=\"color: #339966;\">BOLETIN. Junio de 2011.<\/span><\/h3>\n<p><em>ADHILAC \u2013 Grupo de Trabajo de M\u00e9xico<\/em><\/p>\n<p style=\"text-align: justify;\"><a href=\"https:\/\/adhilac.com.ar\/wp-content\/uploads\/2011\/06\/Congreso17.jpg\"><img loading=\"lazy\" decoding=\"async\" class=\"size-full wp-image-4190 aligncenter\" title=\"Congreso17\" src=\"https:\/\/adhilac.com.ar\/wp-content\/uploads\/2011\/06\/Congreso17.jpg\" alt=\"\" width=\"567\" height=\"425\" srcset=\"https:\/\/adhilac.com.ar\/wp-content\/uploads\/2011\/06\/Congreso17.jpg 567w, https:\/\/adhilac.com.ar\/wp-content\/uploads\/2011\/06\/Congreso17-300x224.jpg 300w\" sizes=\"auto, (max-width: 567px) 100vw, 567px\" \/><\/a><em>Foto: Carolina Crisorio<\/em><br \/>\nEn el marco del X Congreso Internacional de la Asociaci\u00f3n de historiadores Latinoamericanos y del Caribe (ADHILAC), se integr\u00f3 el Grupo de Trabajo de M\u00e9xico. El mismo est\u00e1 conformado por un grupo de acad\u00e9micos de varias instituciones de Educaci\u00f3n Superior, entre ellas: la Universidad Michoacana de San Nicol\u00e1s de Hidalgo, la Universidad de Guanajuato, la Universidad Aut\u00f3noma del Estado de M\u00e9xico, la Universidad Veracruzana\u00a0 y la Universidad Aut\u00f3noma de Chapingo.<!--more--><\/p>\n<p style=\"text-align: justify;\">El comit\u00e9 ejecutivo lo integran:<\/p>\n<p style=\"padding-left: 30px; text-align: justify;\">Dr. Alejo Maldonado Gallardo (Presidente) Universidad Michoacana de San Nicol\u00e1s de Hidalgo.<br \/>\nDr. Felipe Mac\u00edas Gloria (Secretario) Universidad de Guanajuato.<br \/>\nDra. Patricia Campos Rodr\u00edguez (Tesorera) Universidad de Guanajuato.<br \/>\nDr. Feliciano Garc\u00eda Aguirre (Vocal) Universidad Veracruzana<br \/>\nM.C. Marcelo Gonz\u00e1lez Bustos (Vocal) Universidad Aut\u00f3noma de Chapingo<\/p>\n<p style=\"text-align: justify;\">Quienes junto con los asistentes a la reuni\u00f3n donde se erigi\u00f3 en Grupo de Trabajo de M\u00e9xico, elaboraron un plan de actividades para el a\u00f1o 2011, que incluye:<\/p>\n<p style=\"padding-left: 30px; text-align: justify;\">1)\u00a0\u00a0\u00a0 El\u00a0 Seminario: Pr\u00e1cticas sociales: un ensayo pluricultural, con la tem\u00e1tica: sociedad cultura y desarrollo, a celebrarse el 18 y 19 de agosto en el Departamento de Estudios de Cultura y Sociedad de la Divisi\u00f3n de Ciencias Sociales de la Universidad de Guanajuato.<\/p>\n<p style=\"padding-left: 30px; text-align: justify;\">2)\u00a0\u00a0\u00a0 El\u00a0 II Congreso Internacional sobre Reflexiones Cr\u00edticas de la Independencia y de la Revoluci\u00f3n: luchas revolucionarias en Am\u00e9rica Latina y el Caribe siglos XIX y XX, que se llevar\u00e1 a cabo en la Universidad Aut\u00f3noma de Chapingo del 14 al 16 de octubre.<\/p>\n<p style=\"padding-left: 30px; text-align: justify;\">3)\u00a0\u00a0\u00a0 El VIII Congreso Internacional Multidisciplinario que anualmente convoca la Unidad Profesional del Balsas de la Universidad Michoacana de San Nicol\u00e1s de Hidalgo, en la ciudad de Hu\u00e9tamo, donde se ubica esta dependencia universitaria, del 29 de noviembre al 2 de diciembre.<\/p>\n<p style=\"text-align: justify;\">La ADHILAC\u00a0 Internacional y los Comit\u00e9s Nacionales felicitan a este grupo de colegas que han integrado al Grupo de Trabajo de M\u00e9xico, por lo que representa este pa\u00eds para la historia de la ADHILAC.<\/p>\n<p style=\"text-align: justify;\"><strong>E-mail d<span style=\"color: #000000;\">e contacto: <\/span><a href=\"mailto:malejo@umich.mx\"><span style=\"color: #000000;\">malejo@umich.mx<\/span><\/a><\/strong><\/p>\n<p style=\"text-align: justify;\">&nbsp;<\/p>\n<p style=\"text-align: justify;\"><a href=\"https:\/\/adhilac.com.ar\/wp-content\/uploads\/2011\/06\/Congreso16.jpg\"><img loading=\"lazy\" decoding=\"async\" class=\"size-full wp-image-4194\" title=\"Congreso16\" src=\"https:\/\/adhilac.com.ar\/wp-content\/uploads\/2011\/06\/Congreso16.jpg\" alt=\"\" width=\"567\" height=\"443\" srcset=\"https:\/\/adhilac.com.ar\/wp-content\/uploads\/2011\/06\/Congreso16.jpg 567w, https:\/\/adhilac.com.ar\/wp-content\/uploads\/2011\/06\/Congreso16-300x234.jpg 300w\" sizes=\"auto, (max-width: 567px) 100vw, 567px\" \/><\/a><\/p>\n<p style=\"text-align: justify;\"><em>Foto: Carolina Crisorio<\/em><\/p>\n<p style=\"text-align: justify;\">De izquierda a derecha:<br \/>\nAtr\u00e1s<br \/>\nDr. Feliciano Garc\u00eda Aguirre, Universidad Veracruzana.<br \/>\nDr. Felipe Mac\u00edas Gloria, Universidad de Guanajuato.<br \/>\nDr. Bernardo Garc\u00eda D\u00edaz, Universidad Veracruzana.<\/p>\n<p style=\"text-align: justify;\">Centro<br \/>\nLic. \u00c1lvaro Gonz\u00e1lez P\u00e9rez<br \/>\nDra. Patricia Campos Rodr\u00edguez, Universidad de Guanajuato.<br \/>\nLic. Refugio Bautista Zane, Universidad Aut\u00f3noma de Chapingo.<br \/>\nDr. Alejo Maldonado Gallardo, Universidad Michoacana de San Nicol\u00e1s de Hidalgo.<\/p>\n<p style=\"text-align: justify;\">Abajo:<br \/>\nMtro: Marcelo Gonz\u00e1lez Bustos, Universidad Aut\u00f3noma de Chapingo.<br \/>\nDr. Marco Antonio Anaya P\u00e9rez, Universidad Aut\u00f3noma de Chapingo.<\/p>\n<p style=\"text-align: justify;\"><strong><a href=\"https:\/\/adhilac.com.ar\/wp-content\/uploads\/2011\/06\/Congreso15.jpg\"><img loading=\"lazy\" decoding=\"async\" class=\"size-full wp-image-4192 aligncenter\" title=\"Congreso15\" src=\"https:\/\/adhilac.com.ar\/wp-content\/uploads\/2011\/06\/Congreso15.jpg\" alt=\"\" width=\"567\" height=\"422\" srcset=\"https:\/\/adhilac.com.ar\/wp-content\/uploads\/2011\/06\/Congreso15.jpg 567w, https:\/\/adhilac.com.ar\/wp-content\/uploads\/2011\/06\/Congreso15-300x223.jpg 300w\" sizes=\"auto, (max-width: 567px) 100vw, 567px\" \/><\/a><\/strong><\/p>\n<p style=\"text-align: justify;\"><em>Foto: Carolina Crisorio<\/em><\/p>\n<p style=\"text-align: justify;\"><strong>Publicado por ADHILAC Internacional \u00a9 www.adhilac.com.ar<\/strong><\/p>\n<p style=\"text-align: justify;\">Si Ud. desea asociarse de acuerdo a los Estatutos de ADHILAC <a title=\"(ver)\" href=\"..\/?page_id=263\">(ver)<\/a> complete el siguiente formulario <a title=\"(ver)\" href=\"..\/?page_id=3194\">(ver)<\/a><\/p>\n<p style=\"text-align: justify;\">E-mail: info@adhilac.com.ar<strong> <\/strong><\/p>\n<p style=\"text-align: justify;\">Twitter: @AdhilacInfo<\/p>\n","protected":false},"excerpt":{"rendered":"<p>BOLETIN. Junio de 2011. ADHILAC \u2013 Grupo de Trabajo de M\u00e9xico Foto: Carolina Crisorio En el marco del X Congreso Internacional de la Asociaci\u00f3n de historiadores Latinoamericanos y del Caribe (ADHILAC), se integr\u00f3 el Grupo de Trabajo de M\u00e9xico. El mismo est\u00e1 conformado por un grupo de acad\u00e9micos de varias instituciones de Educaci\u00f3n Superior, entre [&hellip;]<\/p>\n","protected":false},"author":2,"featured_media":0,"comment_status":"closed","ping_status":"closed","sticky":false,"template":"","format":"standard","meta":{"_crdt_document":"","footnotes":""},"categories":[3,76,5,40],"tags":[206,121],"class_list":["post-4189","post","type-post","status-publish","format-standard","hentry","category-adhilac-inter","category-adhilac-mexico","category-congresos","category-informaciones","tag-grupo-de-trabajo-adhilac","tag-mexico"],"_links":{"self":[{"href":"https:\/\/adhilac.com.ar\/index.php?rest_route=\/wp\/v2\/posts\/4189","targetHints":{"allow":["GET"]}}],"collection":[{"href":"https:\/\/adhilac.com.ar\/index.php?rest_route=\/wp\/v2\/posts"}],"about":[{"href":"https:\/\/adhilac.com.ar\/index.php?rest_route=\/wp\/v2\/types\/post"}],"author":[{"embeddable":true,"href":"https:\/\/adhilac.com.ar\/index.php?rest_route=\/wp\/v2\/users\/2"}],"replies":[{"embeddable":true,"href":"https:\/\/adhilac.com.ar\/index.php?rest_route=%2Fwp%2Fv2%2Fcomments&post=4189"}],"version-history":[{"count":8,"href":"https:\/\/adhilac.com.ar\/index.php?rest_route=\/wp\/v2\/posts\/4189\/revisions"}],"predecessor-version":[{"id":6044,"href":"https:\/\/adhilac.com.ar\/index.php?rest_route=\/wp\/v2\/posts\/4189\/revisions\/6044"}],"wp:attachment":[{"href":"https:\/\/adhilac.com.ar\/index.php?rest_route=%2Fwp%2Fv2%2Fmedia&parent=4189"}],"wp:term":[{"taxonomy":"category","embeddable":true,"href":"https:\/\/adhilac.com.ar\/index.php?rest_route=%2Fwp%2Fv2%2Fcategories&post=4189"},{"taxonomy":"post_tag","embeddable":true,"href":"https:\/\/adhilac.com.ar\/index.php?rest_route=%2Fwp%2Fv2%2Ftags&post=4189"}],"curies":[{"name":"wp","href":"https:\/\/api.w.org\/{rel}","templated":true}]}}