{"id":4204,"date":"2011-06-28T19:43:56","date_gmt":"2011-06-28T22:43:56","guid":{"rendered":"https:\/\/adhilac.com.ar\/?p=4204"},"modified":"2012-07-13T11:11:28","modified_gmt":"2012-07-13T14:11:28","slug":"chile-la-lucha-por-la-educacion-publica-junio-de-2011","status":"publish","type":"post","link":"https:\/\/adhilac.com.ar\/?p=4204","title":{"rendered":"Chile. La lucha por la educaci\u00f3n p\u00fablica. Junio de 2011"},"content":{"rendered":"<h3><span style=\"color: #339966;\">Movilizaciones en Chile <\/span><\/h3>\n<p style=\"text-align: justify;\"><a href=\"https:\/\/adhilac.com.ar\/wp-content\/uploads\/2011\/06\/GEDC9167.jpg\"><img loading=\"lazy\" decoding=\"async\" class=\"alignleft size-large wp-image-4220\" title=\"GEDC9167\" src=\"https:\/\/adhilac.com.ar\/wp-content\/uploads\/2011\/06\/GEDC9167-1024x768.jpg\" alt=\"\" width=\"600\" height=\"450\" srcset=\"https:\/\/adhilac.com.ar\/wp-content\/uploads\/2011\/06\/GEDC9167-1024x768.jpg 1024w, https:\/\/adhilac.com.ar\/wp-content\/uploads\/2011\/06\/GEDC9167-300x225.jpg 300w\" sizes=\"auto, (max-width: 600px) 100vw, 600px\" \/><\/a>Este el jueves 29 de junio de 2011, encabezados por estudiantes y docentes una parte significativa de la sociedad chilena se moviliza\u00a0 por una una educaci\u00f3n p\u00fablica laica, gratuita, democr\u00e1tica e igualitaria.<\/p>\n<p style=\"text-align: justify;\">Pueden ver las declaraciones de los los acad\u00e9micos de la Facultad de Filosof\u00eda y Humanidades de la Universidad de Chile.<!--more--><\/p>\n<div id=\"watch-headline-user-info\" style=\"text-align: justify;\"><a id=\"watch-username\" rel=\"author\" href=\"http:\/\/www.youtube.com\/user\/Briareously\"><strong> <\/strong><\/a><strong>Razones para rechazar la propuesta hecha por el Ministerio de Educaci\u00f3n (MINEDUC) a las Universidades del CRUCH<\/strong><\/div>\n<div style=\"text-align: justify;\"><strong><br \/>\n<\/strong><\/div>\n<p style=\"text-align: justify;\"><a href=\"http:\/\/www.youtube.com\/watch?v=Ta-eQQYALwc\">\\\u00bbRazones para rechazar&#8230;\\\u00bb<\/a><\/p>\n<p style=\"text-align: justify;\"><a href=\"https:\/\/adhilac.com.ar\/wp-content\/uploads\/2011\/06\/GEDC9168.jpg\"><img loading=\"lazy\" decoding=\"async\" class=\"size-large wp-image-4221 aligncenter\" title=\"GEDC9168\" src=\"https:\/\/adhilac.com.ar\/wp-content\/uploads\/2011\/06\/GEDC9168-1024x768.jpg\" alt=\"\" width=\"600\" height=\"450\" srcset=\"https:\/\/adhilac.com.ar\/wp-content\/uploads\/2011\/06\/GEDC9168-1024x768.jpg 1024w, https:\/\/adhilac.com.ar\/wp-content\/uploads\/2011\/06\/GEDC9168-300x225.jpg 300w\" sizes=\"auto, (max-width: 600px) 100vw, 600px\" \/><\/a><\/p>\n<p style=\"text-align: justify;\">&nbsp;<\/p>\n<p style=\"text-align: justify;\"><a href=\"https:\/\/adhilac.com.ar\/wp-content\/uploads\/2011\/06\/GEDC9168.jpg\"><\/a><a href=\"https:\/\/adhilac.com.ar\/wp-content\/uploads\/2011\/06\/GEDC9169.jpg\"><img loading=\"lazy\" decoding=\"async\" class=\"size-large wp-image-4222 aligncenter\" title=\"GEDC9169\" src=\"https:\/\/adhilac.com.ar\/wp-content\/uploads\/2011\/06\/GEDC9169-1024x768.jpg\" alt=\"\" width=\"600\" height=\"450\" srcset=\"https:\/\/adhilac.com.ar\/wp-content\/uploads\/2011\/06\/GEDC9169-1024x768.jpg 1024w, https:\/\/adhilac.com.ar\/wp-content\/uploads\/2011\/06\/GEDC9169-300x225.jpg 300w\" sizes=\"auto, (max-width: 600px) 100vw, 600px\" \/><\/a><\/p>\n<p style=\"text-align: justify;\"><a href=\"https:\/\/adhilac.com.ar\/wp-content\/uploads\/2011\/06\/GEDC9171.jpg\"><img loading=\"lazy\" decoding=\"async\" class=\"aligncenter size-large wp-image-4223\" title=\"GEDC9171\" src=\"https:\/\/adhilac.com.ar\/wp-content\/uploads\/2011\/06\/GEDC9171-1024x768.jpg\" alt=\"\" width=\"600\" height=\"450\" srcset=\"https:\/\/adhilac.com.ar\/wp-content\/uploads\/2011\/06\/GEDC9171-1024x768.jpg 1024w, https:\/\/adhilac.com.ar\/wp-content\/uploads\/2011\/06\/GEDC9171-300x225.jpg 300w\" sizes=\"auto, (max-width: 600px) 100vw, 600px\" \/><\/a><\/p>\n<ul style=\"text-align: justify;\">\n<li> <strong>Declaraci\u00f3n J\u00f3venes Tehuelches frente al Paro Nacional del 30 de junio<\/strong><\/li>\n<\/ul>\n<p style=\"text-align: justify;\">Este modelo de desarrollo econ\u00f3mico es insustentable dadas las capacidades de nuestro planeta por tratarse de un modelo que no est\u00e1 acorde a las potencialidades de los territorios, por lo que es necesario plantear alternativas de desarrollo social local con identidad, vinculado a un proyecto pa\u00eds, donde las personas y los medios donde viven sean consideradas de manera activa en estos procesos para que logremos un desarrollo que sea ecol\u00f3gicamente sostenible, socialmente aceptable y econ\u00f3micamente viable.<\/p>\n<p style=\"text-align: justify;\">El hecho que no seamos considerados\/as crea esta situaci\u00f3n actual de descontento, de movilizaci\u00f3n y participaci\u00f3n activa, debido a que como ciudadanos no hemos sido parte en decisiones trascendentales para el pa\u00eds. Que Chile no tenga procesos de participaci\u00f3n ciudadana VINCULANTE con mega proyectos como HidroAys\u00e9n, que las autoridades de este pa\u00eds hayan pasado por alto la posici\u00f3n del 74% de los ciudadanos de Chile* , que hayan entregado las semillas de los campesinos a transnacionales, que seamos criminalizados porque estamos exigiendo nuestros derechos fundamentales, nos lleva a la acci\u00f3n de hoy, bajo el escenario de organizaci\u00f3n y construcci\u00f3n social que hemos generado como movimiento ciudadano, y es por todo lo anterior que hoy DENUNCIAMOS Y EXIGIMOS lo siguiente:<\/p>\n<p style=\"padding-left: 30px; text-align: justify;\">1) La anulaci\u00f3n del proyecto HidroAys\u00e9n y Energ\u00eda Austral en la regi\u00f3n de Ays\u00e9n, porque han sido procesos ilegales y anti democr\u00e1ticos.<\/p>\n<p style=\"text-align: justify;\">2) As\u00ed tambi\u00e9n, exigimos la renuncia, as\u00ed como la inhabilitaci\u00f3n para ejercer funciones o cargos p\u00fablicos, de las autoridades de quienes favorecieron la aprobaci\u00f3n de HidroAys\u00e9n, y de todos aquellos que han faltado a su responsabilidad pol\u00edtica con el pueblo chileno.<\/p>\n<p style=\"text-align: justify;\">3) Consideramos que los movimientos sociales que se han manifestado han sido desvalidados por la manipulaci\u00f3n medi\u00e1tica de medios de comunicaci\u00f3n y que est\u00e1n en funci\u00f3n de la criminalizaci\u00f3n de los movimientos ciudadanos, que actualmente est\u00e1n siendo avalados por este pa\u00eds con la actual la ley anti-terrorista. Esto se fundamenta porque los grandes consorcios econ\u00f3micos que controlan Chile manipulan lo que se nos comunica.<\/p>\n<p style=\"text-align: justify;\">4) Nuestro Derecho a decidir en pol\u00edticas de desarrollo del pa\u00eds, por ejemplo: c\u00f3mo queremos educarnos frente a las condiciones de nuestros territorios e identidad, qu\u00e9 condiciones laborales son las apropiadas para los trabajadores y que apunten a terminar la precarizaci\u00f3n del trabajo que sustenta la acumulaci\u00f3n de riquezas de grandes grupos econ\u00f3micos. En lo fundamental, decidir c\u00f3mo nos desarrollamos.<\/p>\n<p style=\"text-align: justify;\">5) Para la continuidad de procesos de desarrollo a escalas locales, exigimos la recuperaci\u00f3n de nuestros bienes comunes: el agua, el bosque, las semillas, la tierra, el cobre, el mar, y el poder en las decisiones de c\u00f3mo los manejamos.<\/p>\n<p style=\"text-align: justify;\">Finalmente, hacemos el llamado a continuar con la participaci\u00f3n activa de todos nosotros y nosotras en c\u00f3mo se dirige Chile, para que seamos un pa\u00eds que se desarrolle con equidad social.<\/p>\n<p style=\"text-align: justify;\">Un gobierno que no escucha a su pueblo enciende la mecha de la movilizaci\u00f3n.<\/p>\n<p style=\"text-align: justify;\">&nbsp;<\/p>\n<ul style=\"text-align: justify;\">\n<li><strong>Medio mill\u00f3n de personas a lo largo de Chile en hist\u00f3rica jornada por la educaci\u00f3n<\/strong><\/li>\n<\/ul>\n<p style=\"text-align: justify;\">&nbsp;<\/p>\n<p style=\"text-align: justify;\"><a href=\"https:\/\/adhilac.com.ar\/wp-content\/uploads\/2011\/06\/Marcha-30-de-junio_1.jpg\"><img loading=\"lazy\" decoding=\"async\" class=\"alignleft size-full wp-image-4246\" title=\"Marcha-30-de-junio_1\" src=\"https:\/\/adhilac.com.ar\/wp-content\/uploads\/2011\/06\/Marcha-30-de-junio_1.jpg\" alt=\"\" width=\"600\" height=\"374\" srcset=\"https:\/\/adhilac.com.ar\/wp-content\/uploads\/2011\/06\/Marcha-30-de-junio_1.jpg 600w, https:\/\/adhilac.com.ar\/wp-content\/uploads\/2011\/06\/Marcha-30-de-junio_1-300x187.jpg 300w\" sizes=\"auto, (max-width: 600px) 100vw, 600px\" \/><\/a>Medio mill\u00f3n de personas salieron a las calles en diferentes ciudades del pa\u00eds en defensa de la educaci\u00f3n p\u00fablica. En Santiago 200 mil personas marcharon por la Alameda, entre los que estaban estudiantes, docentes, dirigentes sindicales, apoderados, rectores de universidades y religiosas. En Valpara\u00edso un grupo de diputados se sum\u00f3 a la petici\u00f3n de que el ministro Lav\u00edn renuncie.<\/p>\n<p style=\"text-align: justify;\">\u2018Y va a caer, y va a caer la educaci\u00f3n de Pinochet\u2019 era uno de los tantos gritos que se escuch\u00f3 en la multitudinaria manifestaci\u00f3n ocurrida este jueves en Santiago.<\/p>\n<p style=\"text-align: justify;\">No pudo ni la desesperada arremetida de Lav\u00edn de adelantar las vacaciones ni las truchas encuestas publicadas por El Mercurio en su edici\u00f3n dominical ni el relato sensacionalista de los reporteros de Mega. Lo cierto es que en la jornada de hoy, pese al intenso fr\u00edo tras una noche de lluvia, medio mill\u00f3n de personas protestaron a lo largo del pa\u00eds.<\/p>\n<p style=\"text-align: justify;\">En la marcha realizada en Santiago llegaron 200 mil personas, el doble que la manifestaci\u00f3n celebrada hace dos semanas. En el norte hubo marchas en Iquique, donde salieron a la calle seis mil estudiantes y docentes; Antofagasta, que se cuadr\u00f3 con 10 mil personas y Copiap\u00f3, donde otros ocho mil salieron a protestar.<\/p>\n<p style=\"text-align: justify;\">En Valpara\u00edso se cifra en m\u00e1s de 25 mil los estudiantes, profesores y adherentes que ocuparon Pedro Montt.<\/p>\n<p style=\"text-align: justify;\">Al sur del pa\u00eds hubo convocatorias en Talca, con ocho mil personas; Concepci\u00f3n, donde una hist\u00f3rica marea humana de 25 mil personas protest\u00f3 en el centro de la ciudad; Temuco, con cerca de 15 mil manifestantes; Valdivia y Puerto Montt, ciudades que congregaron a m\u00e1s de 10 mil personas.<\/p>\n<p style=\"text-align: justify;\">Los estudiantes, profesores e integrantes de sindicatos y organizaciones sociales concentran su demanda en el fin del lucro en la educaci\u00f3n y la superaci\u00f3n de la crisis de la educaci\u00f3n superior p\u00fablica. Adem\u00e1s se pide una TNE que sirva todo el a\u00f1o y en todo el pa\u00eds que sea gratuita, el fin de los colegios municipales y su estatizaci\u00f3n, adem\u00e1s de reformas a la educaci\u00f3n t\u00e9cnico profesional.<\/p>\n<p style=\"text-align: justify;\">Tom\u00e1s Armico, estudiante universitario, coment\u00f3 que \u201cla base de todos los problemas estructurales de nuestra sociedad se dan por dentro de la Constituci\u00f3n dictatorial del general Augusto Pinochet. Para que podamos tener una democracia representativa y real en el pa\u00eds, necesitamos abolir la Constituci\u00f3n del Dictador y tener una Constituci\u00f3n que sea en base a la sociedad actual\u201d.<\/p>\n<p style=\"text-align: justify;\">&nbsp;<\/p>\n<p style=\"text-align: justify;\"><strong>Publicado por ADHILAC Internacional \u00a9 www.adhilac.com.ar<\/strong><\/p>\n<p style=\"text-align: justify;\">Si Ud. desea asociarse de acuerdo a los Estatutos de ADHILAC <a title=\"(ver)\" href=\"..\/?page_id=263\">(ver)<\/a> complete el siguiente formulario <a title=\"(ver)\" href=\"..\/?page_id=3194\">(ver)<\/a><\/p>\n<p style=\"text-align: justify;\">E-mail: info@adhilac.com.ar<strong> <\/strong><\/p>\n<p style=\"text-align: justify;\">Twitter: @AdhilacInfo<\/p>\n<p style=\"text-align: justify;\">&nbsp;<\/p>\n","protected":false},"excerpt":{"rendered":"<p>Movilizaciones en Chile Este el jueves 29 de junio de 2011, encabezados por estudiantes y docentes una parte significativa de la sociedad chilena se moviliza\u00a0 por una una educaci\u00f3n p\u00fablica laica, gratuita, democr\u00e1tica e igualitaria. Pueden ver las declaraciones de los los acad\u00e9micos de la Facultad de Filosof\u00eda y Humanidades de la Universidad de Chile.<\/p>\n","protected":false},"author":2,"featured_media":0,"comment_status":"closed","ping_status":"closed","sticky":false,"template":"","format":"standard","meta":{"_crdt_document":"","footnotes":""},"categories":[8,202,40],"tags":[77,207,82],"class_list":["post-4204","post","type-post","status-publish","format-standard","hentry","category-fuentes-testimonios","category-imagenes-audio-video","category-informaciones","tag-chile","tag-educacion-publica","tag-movimientos-sociales"],"_links":{"self":[{"href":"https:\/\/adhilac.com.ar\/index.php?rest_route=\/wp\/v2\/posts\/4204","targetHints":{"allow":["GET"]}}],"collection":[{"href":"https:\/\/adhilac.com.ar\/index.php?rest_route=\/wp\/v2\/posts"}],"about":[{"href":"https:\/\/adhilac.com.ar\/index.php?rest_route=\/wp\/v2\/types\/post"}],"author":[{"embeddable":true,"href":"https:\/\/adhilac.com.ar\/index.php?rest_route=\/wp\/v2\/users\/2"}],"replies":[{"embeddable":true,"href":"https:\/\/adhilac.com.ar\/index.php?rest_route=%2Fwp%2Fv2%2Fcomments&post=4204"}],"version-history":[{"count":9,"href":"https:\/\/adhilac.com.ar\/index.php?rest_route=\/wp\/v2\/posts\/4204\/revisions"}],"predecessor-version":[{"id":4206,"href":"https:\/\/adhilac.com.ar\/index.php?rest_route=\/wp\/v2\/posts\/4204\/revisions\/4206"}],"wp:attachment":[{"href":"https:\/\/adhilac.com.ar\/index.php?rest_route=%2Fwp%2Fv2%2Fmedia&parent=4204"}],"wp:term":[{"taxonomy":"category","embeddable":true,"href":"https:\/\/adhilac.com.ar\/index.php?rest_route=%2Fwp%2Fv2%2Fcategories&post=4204"},{"taxonomy":"post_tag","embeddable":true,"href":"https:\/\/adhilac.com.ar\/index.php?rest_route=%2Fwp%2Fv2%2Ftags&post=4204"}],"curies":[{"name":"wp","href":"https:\/\/api.w.org\/{rel}","templated":true}]}}