{"id":4258,"date":"2011-07-09T09:24:35","date_gmt":"2011-07-09T12:24:35","guid":{"rendered":"https:\/\/adhilac.com.ar\/?p=4258"},"modified":"2012-07-13T07:49:25","modified_gmt":"2012-07-13T10:49:25","slug":"ii-congreso-internacional-de-viena-nomadas-y-nomadismo-en-america-continental-y-el-caribe-15-a-17-de-febrero-de-2012","status":"publish","type":"post","link":"https:\/\/adhilac.com.ar\/?p=4258","title":{"rendered":"II Congreso Internacional de Viena. \u00abN\u00f3madas y nomadismo en Am\u00e9rica Continental y el Caribe\u00bb. 15 a 17 de febrero de 2012."},"content":{"rendered":"<h3 style=\"text-align: justify;\"><span style=\"color: #339966;\">CONVOCATORIA<\/span><\/h3>\n<p style=\"text-align: justify;\">II Congreso Internacional de Viena<br \/>\n<strong> \u00abN\u00f3madas y nomadismo en Am\u00e9rica Continental y el Caribe\u00bb<\/strong><\/p>\n<p style=\"text-align: justify;\"><a href=\"https:\/\/adhilac.com.ar\/wp-content\/uploads\/2010\/06\/Konak-2.jpg\"><img loading=\"lazy\" decoding=\"async\" class=\"alignleft size-full wp-image-1743\" title=\"Konak 2\" src=\"https:\/\/adhilac.com.ar\/wp-content\/uploads\/2010\/06\/Konak-2.jpg\" alt=\"\" width=\"262\" height=\"125\" \/><\/a> 15 hasta 17 de febrero de 2012<\/p>\n<p style=\"text-align: justify;\">Urania Viena<\/p>\n<p style=\"text-align: justify;\">Plazo e inscripci\u00f3n: 30 de noviembre de 2012<br \/>\nE-mail: <a href=\"mailto:konak-wien@chello.at\">konak-wien@chello.at<\/a><\/p>\n<p style=\"text-align: justify;\">Organizaci\u00f3n:<\/p>\n<p style=\"text-align: justify;\">Asociaci\u00f3n de Investigaci\u00f3n y Cultura sobre Am\u00e9rica Continental y el Caribe (KonaK Wien).<\/p>\n<p style=\"text-align: justify;\">Patrocinador:<\/p>\n<p style=\"text-align: justify;\">Asociaci\u00f3n de Historiadores Latinoamericanos y del Caribe , (ADHILAC Internacional)<!--more--><\/p>\n<p style=\"text-align: justify;\">Convocatoria: 11 de julio hasta 31 de agosto de 2011<\/p>\n<p style=\"text-align: justify;\">Informaciones: Dr. Christian Cwik <a href=\"mailto:ccwik@unicartagena.edu.co\">ccwik@unicartagena.edu.co<\/a><\/p>\n<p style=\"text-align: justify;\">&nbsp;<\/p>\n<p style=\"text-align: justify;\"><strong>Publicado por ADHILAC Internacional \u00a9 www.adhilac.com.ar<\/strong><\/p>\n<p style=\"text-align: justify;\">Si Ud. desea asociarse de acuerdo a los Estatutos de ADHILAC <a title=\"(ver)\" href=\"..\/?page_id=263\">(ver)<\/a> complete el siguiente formulario <a title=\"(ver)\" href=\"..\/?page_id=3194\">(ver)<\/a><\/p>\n<p style=\"text-align: justify;\">E-mail: info@adhilac.com.ar<strong> <\/strong><\/p>\n<p style=\"text-align: justify;\">Twitter: @AdhilacInfo<\/p>\n","protected":false},"excerpt":{"rendered":"<p>CONVOCATORIA II Congreso Internacional de Viena \u00abN\u00f3madas y nomadismo en Am\u00e9rica Continental y el Caribe\u00bb 15 hasta 17 de febrero de 2012 Urania Viena Plazo e inscripci\u00f3n: 30 de noviembre de 2012 E-mail: konak-wien@chello.at Organizaci\u00f3n: Asociaci\u00f3n de Investigaci\u00f3n y Cultura sobre Am\u00e9rica Continental y el Caribe (KonaK Wien). Patrocinador: Asociaci\u00f3n de Historiadores Latinoamericanos y del [&hellip;]<\/p>\n","protected":false},"author":2,"featured_media":0,"comment_status":"closed","ping_status":"closed","sticky":false,"template":"","format":"standard","meta":{"_crdt_document":"","footnotes":""},"categories":[3,5,40],"tags":[56,209,210,211],"class_list":["post-4258","post","type-post","status-publish","format-standard","hentry","category-adhilac-inter","category-congresos","category-informaciones","tag-congreso","tag-migraciones","tag-nomadas","tag-nomadismo"],"_links":{"self":[{"href":"https:\/\/adhilac.com.ar\/index.php?rest_route=\/wp\/v2\/posts\/4258","targetHints":{"allow":["GET"]}}],"collection":[{"href":"https:\/\/adhilac.com.ar\/index.php?rest_route=\/wp\/v2\/posts"}],"about":[{"href":"https:\/\/adhilac.com.ar\/index.php?rest_route=\/wp\/v2\/types\/post"}],"author":[{"embeddable":true,"href":"https:\/\/adhilac.com.ar\/index.php?rest_route=\/wp\/v2\/users\/2"}],"replies":[{"embeddable":true,"href":"https:\/\/adhilac.com.ar\/index.php?rest_route=%2Fwp%2Fv2%2Fcomments&post=4258"}],"version-history":[{"count":5,"href":"https:\/\/adhilac.com.ar\/index.php?rest_route=\/wp\/v2\/posts\/4258\/revisions"}],"predecessor-version":[{"id":6041,"href":"https:\/\/adhilac.com.ar\/index.php?rest_route=\/wp\/v2\/posts\/4258\/revisions\/6041"}],"wp:attachment":[{"href":"https:\/\/adhilac.com.ar\/index.php?rest_route=%2Fwp%2Fv2%2Fmedia&parent=4258"}],"wp:term":[{"taxonomy":"category","embeddable":true,"href":"https:\/\/adhilac.com.ar\/index.php?rest_route=%2Fwp%2Fv2%2Fcategories&post=4258"},{"taxonomy":"post_tag","embeddable":true,"href":"https:\/\/adhilac.com.ar\/index.php?rest_route=%2Fwp%2Fv2%2Ftags&post=4258"}],"curies":[{"name":"wp","href":"https:\/\/api.w.org\/{rel}","templated":true}]}}