{"id":4352,"date":"2011-07-05T15:12:46","date_gmt":"2011-07-05T18:12:46","guid":{"rendered":"https:\/\/adhilac.com.ar\/?p=4352"},"modified":"2012-07-13T07:50:49","modified_gmt":"2012-07-13T10:50:49","slug":"segundo-workshop-2011-guerra-violencia-y-construccion-del-estado-america-latina-siglo-xix-san-jose-de-costa-rica-16-y-17-de-agosto-de-2011","status":"publish","type":"post","link":"https:\/\/adhilac.com.ar\/?p=4352","title":{"rendered":"Segundo Workshop 2011: Guerra, violencia y construcci\u00f3n del Estado. Am\u00e9rica Latina, siglo XIX, San Jos\u00e9 de Costa Rica. 16 y 17 de agosto de 2011"},"content":{"rendered":"<h3><span style=\"color: #339966;\">PROGRAMA<\/span><\/h3>\n<p style=\"text-align: justify;\">Segundo Workshop 2011<\/p>\n<p style=\"text-align: justify;\"><strong>Guerra, violencia y construcci\u00f3n del Estado. Am\u00e9rica Latina, siglo XIX.<\/strong><\/p>\n<p style=\"text-align: justify;\"><a href=\"https:\/\/adhilac.com.ar\/wp-content\/uploads\/2011\/07\/StateBuilding.jpg\"><img loading=\"lazy\" decoding=\"async\" class=\"size-full wp-image-4353 alignnone\" title=\"StateBuilding\" src=\"https:\/\/adhilac.com.ar\/wp-content\/uploads\/2011\/07\/StateBuilding.jpg\" alt=\"\" width=\"554\" height=\"82\" srcset=\"https:\/\/adhilac.com.ar\/wp-content\/uploads\/2011\/07\/StateBuilding.jpg 865w, https:\/\/adhilac.com.ar\/wp-content\/uploads\/2011\/07\/StateBuilding-300x44.jpg 300w\" sizes=\"auto, (max-width: 554px) 100vw, 554px\" \/><\/a><\/p>\n<p style=\"text-align: justify;\">San Jos\u00e9 de Costa Rica<br \/>\nState Building in Latin America (ERC), CIAPA.<br \/>\nSan Jos\u00e9, Costa Rica, 16 y 17 de agosto de 2011<!--more--><\/p>\n<p style=\"text-align: justify;\"><strong>CIAPA:<\/strong><br \/>\nLugar:\u00a0Centro de Investigaci\u00f3n y Adiestramiento Pol\u00edtico Administrativo.\u00a050 mts . norte de Hiperm\u00e1s , Curridabat , Costa Rica<\/p>\n<p style=\"text-align: justify;\"><strong> <\/strong><\/p>\n<p style=\"text-align: justify;\">&nbsp;<\/p>\n<p style=\"padding-left: 30px; text-align: justify;\">Martes 16 de agosto<\/p>\n<p style=\"text-align: justify;\">9.00hs: Inauguraci\u00f3n<\/p>\n<p style=\"text-align: justify;\">9.30-11.00:<br \/>\nAlejandro Rabinovich (Conicet\/State Building):<br \/>\n\u201cLa m\u00e1quina de guerra y el Estado: el Ejercito de los Andes tras la ca\u00edda del Estado central del R\u00edo de la Plata en 1820\u201d<\/p>\n<p style=\"text-align: justify;\">Ra\u00fal Fradkin (UNLU\/UBA):<br \/>\n\u201cGuerra y sociedad en el litoral rioplatense en la primera mitad del siglo XIX\u201d<\/p>\n<p style=\"text-align: justify;\">11.00-11.30: Pausa<br \/>\n11.30 a 12.15:<\/p>\n<p style=\"text-align: justify;\">Silvia Ratto (UNQ\/CONICET):<br \/>\n\u201cLa Guardia Nacional de Buenos Aires en la d\u00e9cada de 1850\u201d<\/p>\n<p style=\"text-align: justify;\">12.30 a 14.00: Almuerzo<br \/>\n14.00 a 16.00:<\/p>\n<p style=\"text-align: justify;\">Evangelina de los R\u00edos (UPF\/ State Building Proyect) &#8211; Carolina A. Piazzi (ISHIR\/CESOR-CONICET):<br \/>\n\u201cApuntes sobre las funciones policiales en el departamento Rosario (Santa Fe, Argentina): denominaciones y distribuci\u00f3n de obligaciones (1852-1864)\u201d<\/p>\n<p style=\"text-align: justify;\">Juan Carlos Garavaglia (UPF\/ICREA\/EHESS):<br \/>\n\u201cFuerzas de guerra y construcci\u00f3n estatal: de la Confederaci\u00f3n a la Naci\u00f3n Argentina (1856-1865)\u201d<\/p>\n<p style=\"text-align: justify;\">16.00 \u2013 16.30: Pausa<br \/>\n16.30 \u2013 17.30:<\/p>\n<p style=\"text-align: justify;\">Comentario y debate:<\/p>\n<p style=\"text-align: justify;\">Eduardo Zimmermann (Universidad de San Andr\u00e9s)<\/p>\n<p style=\"text-align: justify;\">Mi\u00e9rcoles 17 de agosto:<\/p>\n<p style=\"text-align: justify;\">9.30 \u2013 11.30:<\/p>\n<p style=\"text-align: justify;\">Viviana Velasco Herrera (UPF\/State Building):<br \/>\n\u00abEj\u00e9rcito y milicias del Estado ecuatoriano, 1830-1861. Una aproximaci\u00f3n a su conformaci\u00f3n y aprovisionamiento\u00bb<\/p>\n<p style=\"text-align: justify;\">Pilar L\u00f3pez Bejarano (UPF\/State Building):<br \/>\n\u201cEmpr\u00e9stitos para la guerra. Los agiotistas y la Guerra de los Supremos. Nueva Granada 1839-1842\u201d<\/p>\n<p style=\"text-align: justify;\">Mario Etchechury (UPF\/State Building):<br \/>\n\u201cGanar en la guerra, perder en la pol\u00edtica. El Gobierno de Montevideo y la formaci\u00f3n de la segunda coalici\u00f3n antirrosista 1847-1852\u201d<\/p>\n<p style=\"text-align: justify;\">11.30-12.00: Pausa<br \/>\n12.00- 12.45:<\/p>\n<p style=\"text-align: justify;\">Juan Carlos Saraz\u00faa (UPF\/State building):<br \/>\n\u201cFuerzas guerreras para defender al Estado: Guatemala 1826-1863\u201d<\/p>\n<p style=\"text-align: justify;\">12.45-14.15: Almuerzo<\/p>\n<p style=\"text-align: justify;\">14.15 \u2013 15.45:<\/p>\n<p style=\"text-align: justify;\">Natalia Sobrevilla (University of Kent):<br \/>\n\u201cCiudadanos en armas: el ej\u00e9rcito y la creaci\u00f3n del estado, Per\u00fa (1821-1861)\u201d<\/p>\n<p style=\"text-align: justify;\">Esteban Corella (Universidad de Costa Rica):<br \/>\n\u201cEjercito, guerra y formaci\u00f3n del Estado en Costa Rica\u201d<\/p>\n<p style=\"text-align: justify;\">15.45 -16.15: Pausa<br \/>\n16.15 a 17.00:<\/p>\n<p style=\"text-align: justify;\">V\u00edctor Hugo Acu\u00f1a (Universidad Centroamericana, Managua\/Universidad de Costa Rica):<br \/>\n\u201cLa guerra como trabajo y como oficio en Centroam\u00e9rica en el siglo XIX\u201d<\/p>\n<p style=\"text-align: justify;\">17.00 -18.00:<br \/>\nComentario y debate:<br \/>\nJuan Pro Ruiz<\/p>\n<p style=\"text-align: justify;\">http:\/\/statebglat.upf.edu\/spip.php?article105<\/p>\n<p style=\"text-align: justify;\"><strong>Publicado por ADHILAC Internacional \u00a9 www.adhilac.com.ar<\/strong><\/p>\n<p style=\"text-align: justify;\">Si Ud. desea asociarse de acuerdo a los Estatutos de ADHILAC\u00a0<a title=\"(ver)\" href=\"https:\/\/adhilac.com.ar\/?page_id=263\">(ver)<\/a> complete el siguiente formulario\u00a0<a title=\"(ver)\" href=\"https:\/\/adhilac.com.ar\/?page_id=3194\">(ver)<\/a><\/p>\n<p style=\"text-align: justify;\">E-mail: info@adhilac.com.ar<strong> <\/strong><\/p>\n<p style=\"text-align: justify;\">Twitter: @AdhilacInfo<\/p>\n","protected":false},"excerpt":{"rendered":"<p>PROGRAMA Segundo Workshop 2011 Guerra, violencia y construcci\u00f3n del Estado. Am\u00e9rica Latina, siglo XIX. San Jos\u00e9 de Costa Rica State Building in Latin America (ERC), CIAPA. San Jos\u00e9, Costa Rica, 16 y 17 de agosto de 2011<\/p>\n","protected":false},"author":2,"featured_media":0,"comment_status":"closed","ping_status":"closed","sticky":false,"template":"","format":"standard","meta":{"_crdt_document":"","footnotes":""},"categories":[5,40],"tags":[171,316,178],"class_list":["post-4352","post","type-post","status-publish","format-standard","hentry","category-congresos","category-informaciones","tag-estado","tag-guerra","tag-violencia"],"_links":{"self":[{"href":"https:\/\/adhilac.com.ar\/index.php?rest_route=\/wp\/v2\/posts\/4352","targetHints":{"allow":["GET"]}}],"collection":[{"href":"https:\/\/adhilac.com.ar\/index.php?rest_route=\/wp\/v2\/posts"}],"about":[{"href":"https:\/\/adhilac.com.ar\/index.php?rest_route=\/wp\/v2\/types\/post"}],"author":[{"embeddable":true,"href":"https:\/\/adhilac.com.ar\/index.php?rest_route=\/wp\/v2\/users\/2"}],"replies":[{"embeddable":true,"href":"https:\/\/adhilac.com.ar\/index.php?rest_route=%2Fwp%2Fv2%2Fcomments&post=4352"}],"version-history":[{"count":5,"href":"https:\/\/adhilac.com.ar\/index.php?rest_route=\/wp\/v2\/posts\/4352\/revisions"}],"predecessor-version":[{"id":6042,"href":"https:\/\/adhilac.com.ar\/index.php?rest_route=\/wp\/v2\/posts\/4352\/revisions\/6042"}],"wp:attachment":[{"href":"https:\/\/adhilac.com.ar\/index.php?rest_route=%2Fwp%2Fv2%2Fmedia&parent=4352"}],"wp:term":[{"taxonomy":"category","embeddable":true,"href":"https:\/\/adhilac.com.ar\/index.php?rest_route=%2Fwp%2Fv2%2Fcategories&post=4352"},{"taxonomy":"post_tag","embeddable":true,"href":"https:\/\/adhilac.com.ar\/index.php?rest_route=%2Fwp%2Fv2%2Ftags&post=4352"}],"curies":[{"name":"wp","href":"https:\/\/api.w.org\/{rel}","templated":true}]}}