{"id":4423,"date":"2011-08-04T12:57:24","date_gmt":"2011-08-04T15:57:24","guid":{"rendered":"https:\/\/adhilac.com.ar\/?p=4423"},"modified":"2012-07-13T07:14:05","modified_gmt":"2012-07-13T10:14:05","slug":"dialogos-revista-electronica-de-historia-costa-rica","status":"publish","type":"post","link":"https:\/\/adhilac.com.ar\/?p=4423","title":{"rendered":"Di\u00e1logos Revista Electr\u00f3nica de Historia. Costa Rica"},"content":{"rendered":"<h3><span style=\"color: #339966;\">Di\u00e1logos<\/span><span style=\"color: #339966;\"> Revista <\/span><span style=\"color: #339966;\">Electr\u00f3nica<\/span><span style=\"color: #339966;\"> de Historia <\/span><\/h3>\n<p>ISSN 1409-469X<\/p>\n<p><a href=\"https:\/\/adhilac.com.ar\/wp-content\/uploads\/2011\/08\/ANUNCIO_TAPADialogo.jpg\"><img loading=\"lazy\" decoding=\"async\" class=\"size-full wp-image-4424 alignleft\" title=\"ANUNCIO_TAPADialogo\" src=\"https:\/\/adhilac.com.ar\/wp-content\/uploads\/2011\/08\/ANUNCIO_TAPADialogo.jpg\" alt=\"\" width=\"242\" height=\"346\" srcset=\"https:\/\/adhilac.com.ar\/wp-content\/uploads\/2011\/08\/ANUNCIO_TAPADialogo.jpg 336w, https:\/\/adhilac.com.ar\/wp-content\/uploads\/2011\/08\/ANUNCIO_TAPADialogo-209x300.jpg 209w\" sizes=\"auto, (max-width: 242px) 100vw, 242px\" \/><\/a><\/p>\n<p style=\"text-align: justify;\">Presenta<\/p>\n<p style=\"text-align: justify;\">http:\/\/www.historia.fcs.ucr.ac.cr\/index.php\/numero-vigente.html\u00a0<strong><br \/>\n<\/strong><\/p>\n<p style=\"text-align: justify;\"><strong>voL. 12, n\u00ba 1 (FeBReRo &#8211; agoSto 2011)<br \/>\n<\/strong><\/p>\n<p style=\"text-align: justify;\"><strong>Secci\u00f3n Costa Rica<\/strong><\/p>\n<p style=\"text-align: justify;\"><em>\u201cQuiero que la gimn\u00e1stica tome bastante incremento\u201d Los or\u00edgenes de la gimnasia como actividad f\u00edsica en costa Rica (1855 &#8211; 1949).<\/em> Ronald E. D\u00edaz. Investigador de la C\u00e1tedra de Historia de la Universidad de Costa Rica y Tutor de la C\u00e1tedra de Historia de Universidad Estatal a Distancia.<\/p>\n<p style=\"text-align: justify;\"><em>Rentismo y modelo liberalizador en costa Rica. el caso de la fundaci\u00f3n omar Dengo: 1987-2009.<\/em> Randall Blanco Lizano, docente e investigador Escuela de Sociolog\u00eda, Universidad de Costa Rica. Magister Scientia en Sociolog\u00eda y Doctor en Gobierno y Pol\u00edticas P\u00fablicas de la Universidad de Costa Rica.<\/p>\n<p style=\"text-align: justify;\"><strong>Secci\u00f3n Am\u00e9rica Latina <\/strong><\/p>\n<p style=\"text-align: justify;\"><strong><!--more--><\/strong><em>La econom\u00eda de enclave forestal: la configuraci\u00f3n capitalista del paisaje en Puerto Morelos, Quintana Roo (1902 &#8211; 1936). <\/em>Erika Cruz-Coria, Becaria del Doctorado en Ciencias Ambien\u00adtales de la Universidad Aut\u00f3noma del Estado de M\u00e9xico. Facultad de Qu\u00edmica de la UAEMex.\u00a0Email: ecoria84@hotmail.com.<\/p>\n<p style=\"text-align: justify;\">Lilia Zizumbo-Villarre, Doctora en Sociolog\u00eda por la Universidad Nacional Aut\u00f3noma del M\u00e9xico. Profesora-Investigadora de Tiempo Completo, Centro de Investigaci\u00f3n en Estudios Tur\u00edsticos UAEMex. Email: lzv04@hotmail.com<\/p>\n<p style=\"text-align: justify;\"><em>Impacto de los ciclones tropicales del Atl\u00e1ntico en Am\u00e9rica Central 1868 &#8211; 1869. <\/em>Flora J. Solano; Centro de Investigaciones Geof\u00edsicas, Universidad de Costa Rica, 2060-Ciudad Universitaria\u00a0Rodrigo Facio, San Jos\u00e9, Costa Rica.<\/p>\n<p style=\"text-align: justify;\">Eric J. Alfaro; Centro de Investigaciones Geof\u00edsicas, Escuela de F\u00edsica y Centro de Investigaciones en Ciencias del Mar y Limnolog\u00eda, Universidad de Costa Rica, 2060-Ciudad Universi\u00adtaria Rodrigo Facio, San Jos\u00e9, Costa Rica.<\/p>\n<p style=\"text-align: justify;\">Adolfo Quesada; Centro de Investigaciones Geof\u00edsicas, 2060-Ciudad\u00a0Universitaria Rodrigo Facio, San Jos\u00e9, Costa Rica.<\/p>\n<p style=\"text-align: justify;\"><em>Mujeres trabajo y educaci\u00f3n a principios del siglo XX: las maestras en la prensa cat\u00f3lica del sodoeste bonaerense argentino. <\/em>Luc\u00eda Bracamontes, Doctora en Historia. Auxiliar do\u00adcente en el Departamento de Humanidades de la Universidad Nacional del Sur (Bah\u00eda Blanca, Argentina). In\u00adtegrante del proyecto \u201cCultura pol\u00edtica y representaciones en Bah\u00eda Blanca durante el siglo XX\u201d, PIP\/CONICET\u00a0(Consejo Nacional de Investigaciones Cient\u00edficas y T\u00e9cnicas)<\/p>\n<p style=\"text-align: justify;\"><strong>Bases de Datos, Fuentes y Entrevistas (Antiguos Cuadernos Digitales)<\/strong><\/p>\n<p style=\"text-align: justify;\"><em>Rentas eclesi\u00e1sticas del Obispado de Nicaragua y Costa Rica en 1704. <\/em>Rodolfo Aguirre Salvador, Instituto de Investigaciones sobre la Universidad y la Educaci\u00f3n. Universidad Nacional Au\u00adt\u00f3noma de M\u00e9xico. Correo electr\u00f3nico: roagusal@servidor.unam.mx<\/p>\n<p style=\"text-align: justify;\"><em>Bases de datos for\u00e1neos en costa Rica, 1824 &#8211; 1850. <\/em> IIv\u00e1n Molina Jim\u00e9nez<\/p>\n<p style=\"text-align: justify;\"><em>Maestros y profesores en la Costa Rica del per\u00edodo 1923 &#8211; 1933: Tres bases de datos. <\/em>Autor: Iv\u00e1n Molina Jim\u00e9nez<\/p>\n<p style=\"text-align: justify;\"><em>Base de datos de los contenidos de la Revista del archivo nacional de costa Rica. <\/em>IIv\u00e1n Molina Jim\u00e9nez<\/p>\n<p style=\"text-align: justify;\"><em>Impacto de los ciclones tropicales del Atl\u00e1ntico en Am\u00e9rica Central 1868 &#8211; 1869. <\/em>Flora J. Solano; Centro de Investigaciones Geof\u00edsicas, Universidad de Costa Rica, 2060-Ciudad Universitaria Rodrigo Facio, San Jos\u00e9, Costa Rica.<\/p>\n<p style=\"text-align: justify;\">Eric J. Alfaro; Centro de Investigaciones Geof\u00edsicas, Escuela de F\u00edsica y Centro de Investigaciones en Ciencias del Mar y Limnolog\u00eda, Universidad de Costa Rica, 2060-Ciudad Universi\u00adtaria Rodrigo Facio, San Jos\u00e9, Costa Rica. Adolfo Quesada; Centro de Investigaciones Geof\u00edsicas, 2060-Ciudad\u00a0Universitaria Rodrigo Facio, San Jos\u00e9, Costa Rica.<\/p>\n<p style=\"text-align: justify;\"><em>Mujeres trabajo y educaci\u00f3n a principios del siglo XX: las maestras en la prensa cat\u00f3lica del sudoeste bonaerense argentino<\/em><strong>. <\/strong>Autora: Luc\u00eda Bracamontes, Doctora en Historia. Auxiliar do\u00adcente en el Departamento de Humanidades de la Universidad Nacional del Sur (Bah\u00eda Blanca, Argentina). In\u00adtegrante del proyecto \u201cCultura pol\u00edtica y representaciones en Bah\u00eda Blanca durante el siglo XX\u201d, PIP\/CONICET\u00a0(Consejo Nacional de Investigaciones Cient\u00edficas y T\u00e9cnicas)<\/p>\n<p style=\"text-align: justify;\"><strong>Publicado por ADHILAC Internacional \u00a9 www.adhilac.com.ar<\/strong><\/p>\n<p style=\"text-align: justify;\">Si Ud. desea asociarse de acuerdo a los Estatutos de ADHILAC\u00a0<a title=\"(ver)\" href=\"https:\/\/adhilac.com.ar\/?page_id=263\">(ver)<\/a> complete el siguiente formulario\u00a0<a title=\"(ver)\" href=\"https:\/\/adhilac.com.ar\/?page_id=3194\">(ver)<\/a><\/p>\n<p style=\"text-align: justify;\">E-mail: info@adhilac.com.ar<strong><\/strong><\/p>\n<p style=\"text-align: justify;\">Twitter: @AdhilacInfo<\/p>\n","protected":false},"excerpt":{"rendered":"<p>Di\u00e1logos Revista Electr\u00f3nica de Historia ISSN 1409-469X Presenta http:\/\/www.historia.fcs.ucr.ac.cr\/index.php\/numero-vigente.html\u00a0 voL. 12, n\u00ba 1 (FeBReRo &#8211; agoSto 2011) Secci\u00f3n Costa Rica \u201cQuiero que la gimn\u00e1stica tome bastante incremento\u201d Los or\u00edgenes de la gimnasia como actividad f\u00edsica en costa Rica (1855 &#8211; 1949). Ronald E. D\u00edaz. Investigador de la C\u00e1tedra de Historia de la Universidad de Costa [&hellip;]<\/p>\n","protected":false},"author":2,"featured_media":0,"comment_status":"closed","ping_status":"closed","sticky":false,"template":"","format":"standard","meta":{"_crdt_document":"","footnotes":""},"categories":[40,7],"tags":[13,148,224],"class_list":["post-4423","post","type-post","status-publish","format-standard","hentry","category-informaciones","category-publicac-info","tag-america-latina","tag-caribe","tag-costa-rica"],"_links":{"self":[{"href":"https:\/\/adhilac.com.ar\/index.php?rest_route=\/wp\/v2\/posts\/4423","targetHints":{"allow":["GET"]}}],"collection":[{"href":"https:\/\/adhilac.com.ar\/index.php?rest_route=\/wp\/v2\/posts"}],"about":[{"href":"https:\/\/adhilac.com.ar\/index.php?rest_route=\/wp\/v2\/types\/post"}],"author":[{"embeddable":true,"href":"https:\/\/adhilac.com.ar\/index.php?rest_route=\/wp\/v2\/users\/2"}],"replies":[{"embeddable":true,"href":"https:\/\/adhilac.com.ar\/index.php?rest_route=%2Fwp%2Fv2%2Fcomments&post=4423"}],"version-history":[{"count":12,"href":"https:\/\/adhilac.com.ar\/index.php?rest_route=\/wp\/v2\/posts\/4423\/revisions"}],"predecessor-version":[{"id":4432,"href":"https:\/\/adhilac.com.ar\/index.php?rest_route=\/wp\/v2\/posts\/4423\/revisions\/4432"}],"wp:attachment":[{"href":"https:\/\/adhilac.com.ar\/index.php?rest_route=%2Fwp%2Fv2%2Fmedia&parent=4423"}],"wp:term":[{"taxonomy":"category","embeddable":true,"href":"https:\/\/adhilac.com.ar\/index.php?rest_route=%2Fwp%2Fv2%2Fcategories&post=4423"},{"taxonomy":"post_tag","embeddable":true,"href":"https:\/\/adhilac.com.ar\/index.php?rest_route=%2Fwp%2Fv2%2Ftags&post=4423"}],"curies":[{"name":"wp","href":"https:\/\/api.w.org\/{rel}","templated":true}]}}