{"id":4434,"date":"2011-08-07T17:28:01","date_gmt":"2011-08-07T20:28:01","guid":{"rendered":"https:\/\/adhilac.com.ar\/?p=4434"},"modified":"2012-11-14T14:24:06","modified_gmt":"2012-11-14T17:24:06","slug":"el-secreto-del-doctor-gaspar-rodriguez-de-francia","status":"publish","type":"post","link":"https:\/\/adhilac.com.ar\/?p=4434","title":{"rendered":"El secreto del Doctor Gaspar Rodr\u00edguez de Francia"},"content":{"rendered":"<h3 style=\"text-align: justify;\"><span style=\"color: #339966;\">Entrevista a\u00a0Alan Richard White<\/span><\/h3>\n<p style=\"text-align: justify;\"><a href=\"https:\/\/adhilac.com.ar\/wp-content\/uploads\/2011\/08\/Gaspar_Francia-03.jpg\"><img loading=\"lazy\" decoding=\"async\" class=\"size-large wp-image-4444 alignright\" title=\"OLYMPUS DIGITAL CAMERA\" src=\"https:\/\/adhilac.com.ar\/wp-content\/uploads\/2011\/08\/Gaspar_Francia-03-774x1024.jpg\" alt=\"\" width=\"302\" height=\"400\" srcset=\"https:\/\/adhilac.com.ar\/wp-content\/uploads\/2011\/08\/Gaspar_Francia-03-774x1024.jpg 774w, https:\/\/adhilac.com.ar\/wp-content\/uploads\/2011\/08\/Gaspar_Francia-03-226x300.jpg 226w, https:\/\/adhilac.com.ar\/wp-content\/uploads\/2011\/08\/Gaspar_Francia-03.jpg 1236w\" sizes=\"auto, (max-width: 302px) 100vw, 302px\" \/><\/a><\/p>\n<p style=\"text-align: justify;\"><em>\u00c1pe Paraguay<\/em> Por F\u00e1tima E. \u00a0Rodr\u00edguez<br \/>\n1 marzo 2011<\/p>\n<p style=\"text-align: justify;\"><em>Gaspar\u00a0Rodr\u00edguez de Francia (1816-1840)<\/em><\/p>\n<p style=\"text-align: justify;\">El 30 de setiembre de 1813, en el templo de la Merced se inaugur\u00f3 el Congreso de 1813 con la participaci\u00f3n de m\u00e1s de mil diputados. El Paraguay asum\u00eda su independencia p\u00fablicamente, decidiendo no enviar representantes a la Asamblea de Buenos Aires. El 10 de octubre, se produjo la crisis pol\u00edtica y se encomend\u00f3 a Francia y Cavallero que redactasen un reglamento, que signific\u00f3 la famosa Nota del 12 de Octubre. Fulgencio Yegros y Gaspar Rodr\u00edguez de Francia se consagraban \u00a0\u201cC\u00f3nsules de la Rep\u00fablica del Paraguay\u201d, con la obligaci\u00f3n de cuidar \u201cla conservaci\u00f3n, seguridad y defensa de la Rep\u00fablica con toda la vigilancia, esmero y actividad que exigen las presentes circunstancias\u201d.<\/p>\n<p style=\"text-align: justify;\">As\u00ed \u00a0se proclamaba la Rep\u00fablica, la primera en Sudam\u00e9rica, y se creaba un nuevo sistema de gobierno.<!--more--> Abandonada, desde tiempo atr\u00e1s, la farsa de gobernar en nombre de Fernando VII, el Paraguay romp\u00eda, esta vez definitivamente todo lazo de uni\u00f3n con Espa\u00f1a.*<\/p>\n<p style=\"text-align: justify;\">Es esta historia la que hizo que Richard Alan White**, un historiador estadounidense se interesara en investigar el proceso de independencia del Paraguay.<\/p>\n<p style=\"text-align: justify;\">\u00bfQui\u00e9nes eran los diputados? \u00bfC\u00f3mo fue consagr\u00e1ndose Francia como Dictador? \u00bfQu\u00e9 coincidencias tiene la historia del Paraguay con la de Estados Unidos? White escribi\u00f3 un libro \u201cLa Primera Revoluci\u00f3n Popular en Am\u00e9rica. Paraguay 1810-1840\u201d.<\/p>\n<p style=\"text-align: justify;\">En esta conversaci\u00f3n con \u00c1pe Paraguay refiere a su trabajo y aclara que no es pol\u00edtico, pero que un pa\u00eds debe asumir los costos si es que entiende que puede evitar una generaci\u00f3n de ni\u00f1os deformados en un contexto de utilizaci\u00f3n indiscriminada de agrot\u00f3xico. Se refiere al Paraguay de hoy y al del Doctor Jos\u00e9 Gaspar Rodr\u00edguez de Francia.<\/p>\n<p style=\"text-align: justify;\"><em>-Existen varias especulaciones sobre una supuesta red de esp\u00edas que hab\u00eda montado el Doctor Francia. \u00bfQu\u00e9 dicen los documentos?<\/em><\/p>\n<p style=\"text-align: justify;\">&nbsp;<\/p>\n<p style=\"padding-left: 30px; text-align: justify;\">-Yo he examinado el presupuesto, aqu\u00ed tiene los presupuesto del doctor Francia (abre el libro y muestra los detalles del presupuesto del gobierno de Francia). No hay ning\u00fan centavo para esp\u00edas. Entonces, \u00bfqui\u00e9n prove\u00eda de informaci\u00f3n a Francia? \u00bfQui\u00e9nes eran esos esp\u00edas? La gente, el pueblo reportando sobre las actividades subversivas de la clase alta. Y esto fue durante una \u00e9poca de crisis. Una \u00e9poca de guerras de sediciones en todo el R\u00edo de la Plata.<a href=\"https:\/\/adhilac.com.ar\/wp-content\/uploads\/2011\/08\/Richard-Alan-White.jpg\"><img loading=\"lazy\" decoding=\"async\" class=\"size-full wp-image-4451 alignright\" title=\"Richard Alan White\" src=\"https:\/\/adhilac.com.ar\/wp-content\/uploads\/2011\/08\/Richard-Alan-White.jpg\" alt=\"\" width=\"510\" height=\"340\" srcset=\"https:\/\/adhilac.com.ar\/wp-content\/uploads\/2011\/08\/Richard-Alan-White.jpg 510w, https:\/\/adhilac.com.ar\/wp-content\/uploads\/2011\/08\/Richard-Alan-White-300x200.jpg 300w\" sizes=\"auto, (max-width: 510px) 100vw, 510px\" \/><\/a><\/p>\n<p style=\"text-align: justify;\"><em>-Una de las cosas que los detractores de Francia suelen utilizar como argumento contra \u00e9l, es el tema de las ejecuciones.<\/em><\/p>\n<p style=\"padding-left: 30px; text-align: justify;\">-Yo he encontrado un m\u00e1ximo de 40 ejecuciones en 27 a\u00f1os, por sedici\u00f3n o conspiraci\u00f3n para derrotar el Estado. Mientras que en 10 a\u00f1os, el Gobernador L\u00e1zaro de Rivera -entre 1796 hasta 1806, para el mantenimiento normal, no durante un Estado de Sitio, sino en \u00e9poca de paz; insisto: estamos hablando de 10 a\u00f1os y no 27 a\u00f1os; \u00a0en 10 a\u00f1os, en \u00e9poca de paz, con L\u00e1zaro de Rivera fueron ejecutadas 260 personas. Y Francia\u2026 S\u00ed, \u00e9l no permit\u00eda a extranjeros la libertad de pasar por el Paraguay.<\/p>\n<p style=\"text-align: justify;\"><em>-\u00bfPor qu\u00e9?<\/em><\/p>\n<p style=\"padding-left: 30px; text-align: justify;\">-Porque \u00e9l ten\u00eda un secreto. \u00c9l estuvo guardando un secreto. Los porte\u00f1os, igual que los federales, los espa\u00f1oles y los portugueses, todos los enemigos del Paraguay ten\u00edan miedo de un \u201cGran Ej\u00e9rcito\u201d que ten\u00eda Francia. Ellos hablaban de un ej\u00e9rcito de 20 mil soldados con la habilidad de llamar a otros 70 mil milicianos. Y la verdad, .en todos los documentos, miles y miles de documentos que le\u00ed para escribir el libro, nunca encontr\u00e9 un documento que menciona el tama\u00f1o total del ej\u00e9rcito paraguayo. Pero fue el miedo de encontrar 100 mil soldados que describi\u00f3 Rosas, C\u00e1ceres\u2026lo que hab\u00eda generado un respeto&#8230;<\/p>\n<p style=\"text-align: justify;\"><em>-\u00bfCu\u00e1l era la situaci\u00f3n real del Ej\u00e9rcito del Paraguay de Francia?<\/em><\/p>\n<p style=\"padding-left: 30px; text-align: justify;\">-El m\u00e1ximo tama\u00f1o del ej\u00e9rcito paraguayo en 1820, con la Gran Conspiraci\u00f3n, fue menos de 1900 efectivos\u2026y el m\u00ednimo, en 1834, hab\u00eda solamente 600 soldados en todo el ej\u00e9rcito paraguayo. Entonces, s\u00ed, Francia ten\u00eda una buena raz\u00f3n de no permitir a extranjeros inspeccionar sus fortificaciones, porque esta fue su estrategia y parte de la seguridad nacional.<\/p>\n<p style=\"text-align: justify;\"><em>-\u00bfEste era el gran secreto?<\/em><\/p>\n<p style=\"padding-left: 30px; text-align: justify;\">-S\u00ed. Entonces, tengo un doctorado de la Universidad de California, he escrito varios libros, he estudiado m\u00e1s que la historia del Paraguay, y nunca he encontrado otra persona como el doctor Francia. Yo no s\u00e9 por qu\u00e9 el Paraguay tuvo esta suerte de, \u00a0en ese momento, de tener un hombre tan \u00fanico como el doctor Francia.<\/p>\n<p style=\"text-align: justify;\"><em>-\u00bfExiste alguna comparaci\u00f3n con otros \u00abpadres\u00bb de patria?<\/em><\/p>\n<p style=\"padding-left: 30px; text-align: justify;\">-En los Estados Unidos, el George Washington\u2026 hab\u00eda un ordenamiento de convertirlo en Rey del Nuevo Estados Unidos\u2026 pero \u00e9l no ten\u00eda hijos. Francia no ten\u00eda hijos. El segundo presidente de los EEUU, John Adams ten\u00eda hijo. Y su hijo, John Quincy Adams, fue el sexto presidente de los EEUU. Carlos Antonio L\u00f3pez s\u00ed ten\u00eda un hijo. Don Carlos fue el segundo jefe del Estado, y su hijo Francisco Solano L\u00f3pez lleg\u00f3 a la presidencia tambi\u00e9n. Si G. Washington se hubiera casado y tuviera hijo, qui\u00e9n sabe si \u00e9l hubiera resistido ser \u201cRey de los Estados Unidos\u201d. \u00a0El Rey de Inglaterra dijo, \u201csi Washington niega de aceptar esa posici\u00f3n de Rey de los Estados Unidos, \u00e9l ser\u00eda un hombre grande verdaderamente\u201d. Lo m\u00e1s pr\u00f3ximo en moralidad\u2026<\/p>\n<p style=\"text-align: justify;\"><em>-\u00bfO en la suerte de no tener hijo?<\/em><\/p>\n<p style=\"padding-left: 30px; text-align: justify;\">-\u2026o en la suerte de no tener hijo..\u00a1Qu\u00e9! \u00a1No s\u00e9! En realidad los primeros cinco presidentes de los Estados Unidos solamente uno ten\u00eda un heredero var\u00f3n y\u2026y ese lleg\u00f3 a la presidencia\u2026es decir, los que tienen hijos\u2026<\/p>\n<p style=\"text-align: justify;\"><em>-Huuu, estamos fritos! Lugo tiene.<\/em><\/p>\n<p style=\"padding-left: 30px; text-align: justify;\">-(se mata de risa) Bueno. Posiblemente, voy a decir algo como esto si Lugo estuviera aqu\u00ed\u2026 Lo que quiero decir es que Francia fue \u201cel supremo dictador de los pobres del Paraguay\u201d.<\/p>\n<p style=\"text-align: justify;\"><em>-Si tuvi\u00e9ramos que hacer una comparaci\u00f3n\u2026porque el tema de su presencia en el Paraguay es una conferencia que lleva el nombre de \u00a0\u201cLa soberan\u00eda ayer y hoy\u201d. En la \u00e9poca del Doctor Francia el sistema conceb\u00eda la Soberan\u00eda \u00a0como algo fundamentalmente territorial, la visi\u00f3n del control del territorio interno era lo esencial. Hoy, existen otras visiones, como la integraci\u00f3n\u2026el Paraguay que de alguna forma trata de integrarse a trav\u00e9s de Mercosur, y \u00a0en donde se supera esa concepci\u00f3n de la soberan\u00eda muy relacionada con el territorio y control de territorio. La soberan\u00eda, \u00bfno deber\u00eda plantearse algunos problemas muy espec\u00edficos referentes al modelo de producci\u00f3n de la soja, que responde a intereses extranjeros, al de las corporaciones multinacionales? \u00a0Este modelo adem\u00e1s tiene una caracter\u00edstica muy especial que es que no emplea mano de obra paraguaya, sino que la mano de obra es tambi\u00e9n extranjera. \u00bfSe puede hacer una comparaci\u00f3n en ese contexto?<\/em><\/p>\n<p style=\"padding-left: 30px; text-align: justify;\">-No estoy calificado en contestar esta pregunta. Este es un asunto para tu presidente o alg\u00fan pol\u00edtico o un consejero pol\u00edtico, o un fil\u00f3sofo o alguien muy experimentado\u2026ellos est\u00e1n en ese nivel de la pol\u00edtica. En ese nivel, los paraguayos van a encontrar esa respuesta. Qu\u00e9 deben hacer, qu\u00e9 pueden hacer, que son cosas distintas. Soy historiador. No tengo nada de poder, a parte de mi habilidad de influenciar a la gente a trav\u00e9s de lo que hago.<\/p>\n<p style=\"text-align: justify;\"><em>-Pero\u2026<\/em><\/p>\n<p style=\"padding-left: 30px; text-align: justify;\">-El programa espec\u00edfico para cerrar este hoyo enorme de los pobres y los ricos que existe hoy, tiene que ver con la corrupci\u00f3n. La corrupci\u00f3n en los Estados Unidos, entre par\u00e9ntesis es 100 veces peor y m\u00e1s grande que la corrupci\u00f3n en el Paraguay, pero cuando est\u00e1s hablando de un pa\u00eds de 5 millones de personas, con una econom\u00eda fr\u00e1gil, 200 personas corruptas pueden condenar el pa\u00eds a la pobreza. Entonces, la corrupci\u00f3n en los Estados Unidos es un crimen. La corrupci\u00f3n en el Paraguay- que quiere decir que va a morir ni\u00f1os y ni\u00f1as- es peor que un crimen. Es un pecado. Tu presidente, los l\u00edderes pol\u00edticos y seguramente hay otros\u2026son los que deben tomar este tema. La gente de Paraguay tiene que mirar, no va a cambiar nada, en las relaciones con las multinacionales, mientras haya corrupci\u00f3n y no va a cambiar nada sin la ayuda activa del pueblo\u2026como el ciudadano Domingo Francisco S\u00e1nchez, que viene de la gente y que estuvo desde la \u00e9poca de Francia y luego estuvo con Carlos Antonio L\u00f3pez y luego en Cerro Cor\u00e1 con Francisco Solano L\u00f3pez.<\/p>\n<p style=\"text-align: justify;\"><em>-Entonces, usted considera que la participaci\u00f3n ciudadana es fundamental<\/em><\/p>\n<p style=\"padding-left: 30px; text-align: justify;\">-Claro. Lo que est\u00e1 pasando en T\u00fanez, en Egipcio, o en Libia. La fuerza de la gente es la \u00fanica manera de cambiar el sistema. Yo ten\u00eda muchas esperanzas hace dos a\u00f1os cuando Barack Obama estuvo corriendo por la presidencia; don\u00e9 dinero y horas de trabajo \u00bfy ahora? \u00bfQu\u00e9? No! El sistema es demasiado fuerte. \u00c9l no puede hacer las cosas que \u00e9l nos prometi\u00f3, pero si hubiera un movimiento atr\u00e1s de \u00e9l, con gente en la calle\u2026como estuvieron para parar la guerra en Vietnam\u2026all\u00ed se podr\u00eda, en unas condiciones as\u00ed\u2026pero otra vez, recuerdo que no soy pol\u00edtico y esta es una pregunta y una contestaci\u00f3n pol\u00edtica. Habla con el presidente Lugo.-Desde la Historia y la Teor\u00eda Realista, el concepto de soberan\u00eda est\u00e1 \u00a0muy ligado al concepto de territorio, poblaci\u00f3n y control de territorio. \u00bfTodav\u00eda hoy ese concepto es aplicable?-Hoy d\u00eda tenemos una econom\u00eda global al tama\u00f1o y calidad, y cantidad\u2026que en comparaci\u00f3n a la \u00e9poca de Francia, no. No se puede comparar el Paraguay inserto al mercado mundial. Francia y los L\u00f3pez pudieron. Pero s\u00ed se puede, poner un alto o parar la corrupci\u00f3n. La cuesti\u00f3n del territorio, ahora, bueno\u2026claro que si una corporaci\u00f3n multinacional va a ser el due\u00f1o de hect\u00e1reas y de miles de hect\u00e1reas, para hacer crecer la soja transg\u00e9nica y usar veneno para proteger sus plantas gen\u00e9ticamente alteradas de soja\u2026el gobierno del Paraguay debe poner algunos reglamentos, en vez de tener ni\u00f1os nacidos deformados. Es una cosa l\u00f3gica. Y si cuesta algunos d\u00f3lares, pesos, reales o guaran\u00edes, bueno\u2026este es el precio para no tener una generaci\u00f3n de ni\u00f1os deformados, vamos a decir, en un caso extremo. Otra vez, no soy calificado\u2026deber\u00eda de \u00a0presentar un programa el presidente Lugo, los pol\u00edticos humanistas, los pol\u00edticos m\u00e1s experimentados humanistas que tienen el conocimiento para que pueda \u00a0imponerse estos cambios. Pero hay obst\u00e1culos y el problema que ellos tienen \u00a0que vencer, antes que nada, es el obst\u00e1culo de corrupci\u00f3n.-De los miles de documentos que analiz\u00f3, \u00bf hay alguno que pudiera dar elementos para rescatar el papel de alguna mujer durante la \u00e9poca de Francia? Porque existe una discusi\u00f3n sobre una mujer que llev\u00f3 unas flores en la noche o madrugada del 14 o del 15 de mayo de 1811\u2026y eso nos ubica a las mujeres en una situaci\u00f3n un poco inc\u00f3moda, por no decir absurda&#8230;porque se quiere reivindicar a una mujer por llevar flores as\u00ed como se reivindica a unas que donaron sus joyas.-Los documentos no refieren a la propiedad como s\u00ed tuvieron en los Estados Unidos, \u00a0ni la habilidad de leer. Los indios pudieron votar, pero esclavos y mujeres estuvieron excluidos del congreso de 1813 y esta fue una de las pautas del doctor Francia. \u00c9l no fue perfecto. Esto estaba a tono con las normas de la \u00e9poca. Por ejemplo, en los Estados Unidos, la mujer no ten\u00eda el derecho de votar hasta 1920, a\u00f1o en que se convirtieron en sufragantes. Y me gustar\u00eda, si pudiera pensar en algo\u2026que diera m\u00e1s sustento a la participaci\u00f3n de la mujer en esa \u00e9poca\u2026pero no puedo mentir\u2026<\/p>\n<p style=\"text-align: justify;\">Richard Alan White quer\u00eda seguir hablando. Sac\u00f3 del bolsillo de la guayabera un peine peque\u00f1o, se acomod\u00f3 el pelo y dijo que con esa misma foto se le podr\u00eda entrevistar en el a\u00f1o 2013 para festejar el Bicentenario, ya que seg\u00fan sus investigaciones, ese ser\u00e1 el a\u00f1o del Bicentenario del Paraguay como pa\u00eds independiente.<\/p>\n<p style=\"text-align: justify;\">Notas<\/p>\n<p style=\"text-align: justify;\">*Cardozo, Efra\u00edm. (2010) Paraguay Independiente. Servilibro. Asunci\u00f3n. 75 p\u00e1g.<\/p>\n<p style=\"text-align: justify;\">**Alan Richard White es m\u00e1ster y realiz\u00f3 su doctorado en Historia Latinoamericana en la Universidad de California en Los \u00c1ngeles. Mientras llevaba a cabo la investigaci\u00f3n hist\u00f3rica en el Paraguay con becas post-doctoral del Estado trabaj\u00f3 en organizaciones del \u00a0campo de Amnist\u00eda Internacional.Ha sido profesor en la UCLA and California State University, Los Angeles, as\u00ed como la Universidad Cat\u00f3lica y la Universidad Nacional de Asunci\u00f3n, Paraguay.<\/p>\n<p style=\"text-align: justify;\">White es el \u00fanico miembro extranjero del Instituto de Investigaciones Hist\u00f3ricas Dr. Jos\u00e9 Gaspar Rodr\u00edguez de Francia, un honor concedido en reconocimiento a la publicaci\u00f3n en espa\u00f1ol de su libro.<\/p>\n<p style=\"text-align: justify;\">Como Director de Proyectos de la Divisi\u00f3n de Relaciones Internacionales de la Ciudad de M\u00e9xico basado en el Centro de Estudios Econ\u00f3micos y Sociales del Tercer Mundo, (CEESTEM) durante la d\u00e9cada de 1980, las responsabilidades de White \u00a0inclu\u00eda la producci\u00f3n de un-informe anual de an\u00e1lisis de pol\u00edtica y e intervenci\u00f3n militar y diplom\u00e1tico de EEUU en los conflictos en Centroam\u00e9rica Am\u00e9rica.<\/p>\n<p style=\"text-align: justify;\">Su obra, La Ci\u00e9naga: intervenci\u00f3n de Estados Unidos en Am\u00e9rica Central, recibi\u00f3 el reconocimiento Gustavo Myers, Centro para el Estudio de los Derechos Humanos en los Estados Unidos.Ha trabajado como \u00a0consultor en asuntos latinoamericanos de la Fundaci\u00f3n Carnegie para la Paz Internacional, el Centro Woodrow Wilson de la Smithsonian Institution y la Dotaci\u00f3n Nacional para las Humanidades, as\u00ed como el Evening News, CBS y ABC World News<\/p>\n<p style=\"text-align: justify;\"><a href=\"http:\/\/www.apeparaguay.org\/\">http:\/\/www.apeparaguay.org<\/a><\/p>\n<p style=\"text-align: justify;\"><strong>Publicado por ADHILAC Internacional \u00a9 www.adhilac.com.ar<\/strong><\/p>\n<p style=\"text-align: justify;\">Si Ud. desea asociarse de acuerdo a los Estatutos de ADHILAC\u00a0<a title=\"(ver)\" href=\"https:\/\/adhilac.com.ar\/?page_id=263\">(ver)<\/a> complete el siguiente formulario\u00a0<a title=\"(ver)\" href=\"https:\/\/adhilac.com.ar\/?page_id=3194\">(ver)<\/a><\/p>\n<p style=\"text-align: justify;\">E-mail: info@adhilac.com.ar<strong> <\/strong><\/p>\n<p style=\"text-align: justify;\">Twitter: @AdhilacInfo<\/p>\n","protected":false},"excerpt":{"rendered":"<p>Entrevista a\u00a0Alan Richard White \u00c1pe Paraguay Por F\u00e1tima E. \u00a0Rodr\u00edguez 1 marzo 2011 Gaspar\u00a0Rodr\u00edguez de Francia (1816-1840) El 30 de setiembre de 1813, en el templo de la Merced se inaugur\u00f3 el Congreso de 1813 con la participaci\u00f3n de m\u00e1s de mil diputados. El Paraguay asum\u00eda su independencia p\u00fablicamente, decidiendo no enviar representantes a la [&hellip;]<\/p>\n","protected":false},"author":50,"featured_media":0,"comment_status":"closed","ping_status":"closed","sticky":false,"template":"","format":"standard","meta":{"_crdt_document":"","footnotes":""},"categories":[6,8],"tags":[223,158,114,159],"class_list":["post-4434","post","type-post","status-publish","format-standard","hentry","category-biblioteca","category-fuentes-testimonios","tag-gaspar-rodriguez-de-francia","tag-historia-de-america","tag-historiadores-latinoamericanistas","tag-paraguay"],"_links":{"self":[{"href":"https:\/\/adhilac.com.ar\/index.php?rest_route=\/wp\/v2\/posts\/4434","targetHints":{"allow":["GET"]}}],"collection":[{"href":"https:\/\/adhilac.com.ar\/index.php?rest_route=\/wp\/v2\/posts"}],"about":[{"href":"https:\/\/adhilac.com.ar\/index.php?rest_route=\/wp\/v2\/types\/post"}],"author":[{"embeddable":true,"href":"https:\/\/adhilac.com.ar\/index.php?rest_route=\/wp\/v2\/users\/50"}],"replies":[{"embeddable":true,"href":"https:\/\/adhilac.com.ar\/index.php?rest_route=%2Fwp%2Fv2%2Fcomments&post=4434"}],"version-history":[{"count":17,"href":"https:\/\/adhilac.com.ar\/index.php?rest_route=\/wp\/v2\/posts\/4434\/revisions"}],"predecessor-version":[{"id":7335,"href":"https:\/\/adhilac.com.ar\/index.php?rest_route=\/wp\/v2\/posts\/4434\/revisions\/7335"}],"wp:attachment":[{"href":"https:\/\/adhilac.com.ar\/index.php?rest_route=%2Fwp%2Fv2%2Fmedia&parent=4434"}],"wp:term":[{"taxonomy":"category","embeddable":true,"href":"https:\/\/adhilac.com.ar\/index.php?rest_route=%2Fwp%2Fv2%2Fcategories&post=4434"},{"taxonomy":"post_tag","embeddable":true,"href":"https:\/\/adhilac.com.ar\/index.php?rest_route=%2Fwp%2Fv2%2Ftags&post=4434"}],"curies":[{"name":"wp","href":"https:\/\/api.w.org\/{rel}","templated":true}]}}