{"id":448,"date":"2010-03-07T11:02:56","date_gmt":"2010-03-07T14:02:56","guid":{"rendered":"https:\/\/adhilac.com.ar\/?p=448"},"modified":"2012-07-29T19:57:27","modified_gmt":"2012-07-29T22:57:27","slug":"ix-congreso-internacional-de-la-adhilac-santa-marta-colombia-2","status":"publish","type":"post","link":"https:\/\/adhilac.com.ar\/?p=448","title":{"rendered":"IX Congreso Internacional de la ADHILAC. Santa Marta, Colombia"},"content":{"rendered":"<h3 style=\"text-align: left;\"><strong><img loading=\"lazy\" decoding=\"async\" class=\"size-full wp-image-14 alignleft\" title=\"Afiche inicial\" src=\"https:\/\/adhilac.com.ar\/wp-content\/uploads\/2010\/02\/Afiche-inicial1.png\" alt=\"Afiche inicial\" width=\"243\" height=\"434\" \/><\/strong><\/h3>\n<h3 style=\"text-align: justify;\"><span style=\"color: #339966;\">Entre el 25 al 29 de mayo<\/span><\/h3>\n<p><span style=\"color: #339966;\"><br \/>\n<\/span><\/p>\n<p style=\"text-align: justify;\">IX Congreso Internacional de la ADHILAC. Santa Marta, Colombia. Doscientos a\u00f1os de historia e historiograf\u00eda de las independencias de Am\u00e9rica Latina y el Caribe<\/p>\n<p style=\"text-align: justify;\"><strong> <\/strong><\/p>\n<p style=\"text-align: justify;\"><strong><br \/>\n<\/strong><\/p>\n<p style=\"text-align: justify;\">La <strong>Asociaci\u00f3n de Historiadores Latinoamericanos y del Caribe (ADHILAC)<\/strong>, con el coauspicio de la Universidad del Magdalena (Santa Marta-Colombia), la Universidad del Norte (Barranquilla-Colombia) y la Fundaci\u00f3n Museo Bolivariano de Arte Contempor\u00e1neo (Quinta de San Pedro Alejandrino) convocan en el a\u00f1o que desencaden\u00f3 los movimientos de emancipaci\u00f3n de Nuestra Am\u00e9rica y en el que se conmemora el bicentenario de la declaraci\u00f3n de las independencias, al <strong>IX Congreso Internacional de la<\/strong> <strong>ADHILAC <em>Doscientos a\u00f1os de historia e historiograf\u00eda de las independencias de Am\u00e9rica Latina y el Caribe<\/em><\/strong>.<!--more--><\/p>\n<p style=\"text-align: justify;\">Este Congreso internacional se desarrollar\u00e1 entre los d\u00edas 25 y 29 de mayo de 2010 y tendr\u00e1 por sede el Centro de Convenciones del Museo \u201cQuinta de San Pedro Alejandrino\u201d  (\u00faltima morada del libertador Sim\u00f3n Bol\u00edvar), situada en la ciudad de Santa Marta &#8211; Colombia.<!--more--><\/p>\n<p style=\"text-align: justify;\"><strong>Temas y mesas de trabajo:<\/strong><\/p>\n<ul style=\"text-align: justify;\">\n<li>La lucha independentista en Am\u00e9rica Latina y el Caribe (1800-1830)<\/li>\n<li>Conformaci\u00f3n de la dependencia colonial y neocolonial.<\/li>\n<li>Continuidades y rupturas en el proceso hist\u00f3rico independentista latinoamericano y caribe\u00f1o.<\/li>\n<li>Formaci\u00f3n nacional en Am\u00e9rica Latina y el Caribe.<\/li>\n<li>Pueblos, etnias, clases, \u00e9lites y h\u00e9roes: los actores sociales de las independencias.<\/li>\n<li>El independentismo incesante: los problemas de la dependencia y la soberan\u00eda en las revoluciones latinoamericanas del siglo XX.<\/li>\n<li>Los escenarios regionales en los procesos independentistas de Latinoam\u00e9rica y el Caribe.<\/li>\n<li>Movilidad social y construcciones institucionales: consideraciones en torno al saldo hist\u00f3rico de las independencias latinoamericanas.<\/li>\n<li>Las ideolog\u00edas y su lugar en los movimientos independentistas de Am\u00e9rica Latina y el Caribe.<\/li>\n<li>La independencia latinoamericana en la historiograf\u00eda: problemas y tendencias de interpretaci\u00f3n.<\/li>\n<li>La ense\u00f1anza de la historia del proceso emancipador latinoamericano.<\/li>\n<li>Independencias y relaciones interamericanas: Integraci\u00f3n y Conflictos.<\/li>\n<li>Valoraciones de proceso emancipador latinoamericano en el bicentenario.<\/li>\n<li>La recuperaci\u00f3n de la memoria de las luchas independentistas y sus diversas expresiones.<\/li>\n<li>Estudios de g\u00e9nero en la historiograf\u00eda latinoamericana y caribe\u00f1a sobre la independencia.<\/li>\n<li>Vida cotidiana, mentalidades, identidad y diversidad en la historia de las independencias de Am\u00e9rica Latina y el Caribe.<\/li>\n<li>Culturas nacionales y cultura latinoamericana: las realidades culturales de la post independencia.<\/li>\n<li>El impacto econ\u00f3mico de las independencias.<\/li>\n<li>Las expresiones del proceso independentista en los valores patrimoniales: rescate y preservaci\u00f3n<\/li>\n<\/ul>\n<p style=\"text-align: justify;\"><strong><img loading=\"lazy\" decoding=\"async\" title=\"ADHILAC logo\" src=\"..\/wp-content\/uploads\/2010\/02\/ADHILAC-logo1.png\" alt=\"ADHILAC logo\" width=\"415\" height=\"165\" \/><\/strong><\/p>\n<p style=\"text-align: justify;\"><strong>AGENDA.<a title=\"(Ver)\" href=\"https:\/\/adhilac.com.ar\/?p=1474\"> (Ver)<\/a><\/strong><\/p>\n<p style=\"text-align: justify;\"><strong>Inscripci\u00f3n <\/strong><\/p>\n<p style=\"text-align: justify;\">Para formalizar su inscripci\u00f3n, los interesados deber\u00e1n enviar por email, antes del 1 de abril de 2010, un breve resumen de su ponencia, de uno o dos p\u00e1rrafos de extensi\u00f3n en formato electr\u00f3nico, a los organizadores del evento.<\/p>\n<p style=\"text-align: justify;\">La cuota de inscripci\u00f3n ser\u00e1 de U$60 d\u00f3lares para ponentes y de U$40 d\u00f3lares para participantes no ponente. Para los estudiantes regir\u00e1 una tarifa especial de U$25 d\u00f3lares. Los valores establecidos en d\u00f3lares son para los participantes extranjeros. Para nacionales colombianos, el valor ser\u00e1 el equivalente a $120.000 para ponentes, $80.000 para participantes no ponentes y de $50.000 para estudiantes. La acreditaci\u00f3n, tanto de ponentes como de observadores, se har\u00e1 el primer d\u00eda del evento, es decir el 25 de mayo.<\/p>\n<p style=\"text-align: justify;\"><strong>Fecha l\u00edmite para la entrega de trabajos:<\/strong><\/p>\n<p style=\"text-align: justify;\">Para el d\u00eda 10 de mayo todos los ponentes aceptados a participar en el Congreso Internacional deber\u00e1n entregar en forma electr\u00f3nica el texto \u00edntegro de sus trabajos, el cual no deber\u00e1 exceder de 15 p\u00e1ginas a interlineado 1 \u00bd en letra The New Roman, pues los ponentes s\u00f3lo dispondr\u00e1n de 15 minutos para la presentaci\u00f3n de sus trabajos. El Congreso sesionar\u00e1 con mesas de trabajo organizadas por afinidad tem\u00e1tica y de manera simult\u00e1nea.<\/p>\n<p style=\"text-align: justify;\">El acceso a Colombia puede realizarse a trav\u00e9s de la agencia de turismo y aerol\u00ednea que patrocina el evento.<\/p>\n<p style=\"text-align: justify;\">Para mayor informaci\u00f3n puede consultarse la p\u00e1gina web de la <strong>ADHILAC<\/strong> y de las universidades organizadoras:<br \/>\n<strong>www.unimagdalena.edu.co<br \/>\nwww.uninorte.edu.co<br \/>\nwww.adhilac.com.ar<br \/>\nwww.ariadnatucma.com.ar<\/strong><\/p>\n<p style=\"text-align: justify;\"><strong>e-mail: IXCONGRESOADHILAC@gmail.com<\/strong><\/p>\n<p style=\"text-align: justify;\"><strong>COORDINADORES<\/strong><\/p>\n<ul style=\"text-align: justify;\">\n<li><strong>Sergio Guerra Vilaboy. Secretario Ejecutivo Internacional de la Asociaci\u00f3n de Historiadores Latinoamericanos y del <\/strong><strong>Caribe (ADHILAC).<br \/>\nE mail: <a title=\"serguev@ffh.uh.cu\" href=\"gomailto:serguev@ffh.uh.cu\">serguev@ffh.uh.cu<\/a><\/strong><\/li>\n<\/ul>\n<ul style=\"text-align: justify;\">\n<li><strong>Jorge Enrique El\u00edas Caro. Vocal de la Junta<br \/>\nDirectiva Internacional de la Asociaci\u00f3n de<br \/>\nHistoriadores Latinoamericanos y del Caribe<br \/>\n(ADHILAC) y Coordinador General del evento.<br \/>\nE mail: <a title=\"jelias@unimagdalena.edu.co\" href=\"gomailto:jelias@unimagdalena.edu.co\">jelias@unimagdalena.edu.co<\/a> o <a title=\"joelcar1@hotmail.com\" href=\"gomailto:joelcar1@hotmail.com\">joelcar1@hotmail.com<\/a><\/strong><\/li>\n<\/ul>\n<p style=\"text-align: justify;\"><strong><span style=\"color: #800000;\">Informaci\u00f3n y tarifas de hoteles y de transporte a\u00e9reo: <\/span><br \/>\nluz.escorcia@aviatur.com.co<br \/>\nj_polo@avatur.com.co<\/strong><\/p>\n<p style=\"text-align: justify;\"><strong><img loading=\"lazy\" decoding=\"async\" class=\"size-full wp-image-19 alignright\" title=\"Informacion del viaje\" src=\"https:\/\/adhilac.com.ar\/wp-content\/uploads\/2010\/02\/Informacion-del-viaje1.png\" alt=\"Informacion del viaje\" width=\"385\" height=\"696\" \/><br \/>\n<\/strong><\/p>\n<p style=\"text-align: justify;\"><strong>ORGANIZAN:<\/strong><\/p>\n<ul style=\"text-align: justify;\">\n<li><strong>Asociaci\u00f3n de Historiadores Latinoamericanos y del Caribe (ADHILAC)<\/strong><\/li>\n<\/ul>\n<ul style=\"text-align: justify;\">\n<li><strong> Universidad del Magdalena (Santa Marta-Colombia)<\/strong><\/li>\n<\/ul>\n<ul style=\"text-align: justify;\">\n<li><strong>Universidad del Norte (Barranquilla-Colombia)<\/strong><\/li>\n<\/ul>\n<ul style=\"text-align: justify;\">\n<li><strong>Fundaci\u00f3n Museo Bolivariano de Arte Contempor\u00e1neo (Quinta de San Pedro Alejandrino)<\/strong><\/li>\n<\/ul>\n<ul style=\"text-align: justify;\">\n<li><strong> Asociaci\u00f3n Hotelera de Colombia (Cap\u00edtulo Magadalena)<\/strong><\/li>\n<\/ul>\n<p style=\"text-align: justify;\"><strong><br \/>\n<\/strong><\/p>\n<p style=\"text-align: justify;\"><strong><img loading=\"lazy\" decoding=\"async\" class=\"aligncenter size-full wp-image-21\" title=\"Universidad del Magadalena\" src=\"https:\/\/adhilac.com.ar\/wp-content\/uploads\/2010\/02\/Universidad-del-Magadalena1.png\" alt=\"Universidad del Magadalena\" width=\"252\" height=\"224\" \/><\/strong><\/p>\n<p style=\"text-align: justify;\"><strong><img loading=\"lazy\" decoding=\"async\" class=\"size-full wp-image-22  alignleft\" title=\"Universidad del norte\" src=\"https:\/\/adhilac.com.ar\/wp-content\/uploads\/2010\/02\/Universidad-del-norte1.png\" alt=\"Universidad del norte\" width=\"93\" height=\"99\" \/><\/strong><\/p>\n<p style=\"text-align: justify;\"><strong><img loading=\"lazy\" decoding=\"async\" class=\"aligncenter size-full wp-image-20\" title=\"Quinta de San Pedro Alejandrino\" src=\"https:\/\/adhilac.com.ar\/wp-content\/uploads\/2010\/02\/Quinta-de-San-Pedro-Alejandrino1.png\" alt=\"Quinta de San Pedro Alejandrino\" width=\"284\" height=\"250\" \/><br \/>\n<\/strong><\/p>\n<p style=\"text-align: justify;\">&nbsp;<\/p>\n<p style=\"text-align: justify;\">&nbsp;<\/p>\n<p style=\"text-align: justify;\">&nbsp;<\/p>\n<p style=\"text-align: justify;\">&nbsp;<\/p>\n<p style=\"text-align: justify;\">&nbsp;<\/p>\n<p style=\"text-align: justify;\">&nbsp;<\/p>\n<p style=\"text-align: justify;\">&nbsp;<\/p>\n<p style=\"text-align: justify;\">&nbsp;<\/p>\n<p style=\"text-align: justify;\">&nbsp;<\/p>\n<p style=\"text-align: justify;\"><strong>AUSPICIAN:<\/strong><\/p>\n<p style=\"text-align: justify;\"><strong><img loading=\"lazy\" decoding=\"async\" class=\"aligncenter size-full wp-image-16\" title=\"Auspician\" src=\"https:\/\/adhilac.com.ar\/wp-content\/uploads\/2010\/02\/Auspician1.png\" alt=\"Auspician\" width=\"299\" height=\"125\" \/><\/strong><\/p>\n<p style=\"text-align: justify;\"><strong><img loading=\"lazy\" decoding=\"async\" class=\"aligncenter size-full wp-image-14\" title=\"Afiche inicial\" src=\"https:\/\/adhilac.com.ar\/wp-content\/uploads\/2010\/02\/Afiche-inicial1.png\" alt=\"Afiche inicial\" width=\"405\" height=\"723\" \/><br \/>\n<\/strong><\/p>\n<p style=\"text-align: justify;\">&nbsp;<\/p>\n<p style=\"text-align: justify;\">&nbsp;<\/p>\n<p style=\"text-align: justify;\">&nbsp;<\/p>\n<p style=\"text-align: justify;\">&nbsp;<\/p>\n<p style=\"text-align: justify;\">&nbsp;<\/p>\n<p style=\"text-align: justify;\">&nbsp;<\/p>\n<p style=\"text-align: justify;\">&nbsp;<\/p>\n<p style=\"text-align: justify;\">&nbsp;<\/p>\n<p style=\"text-align: justify;\">&nbsp;<\/p>\n<p style=\"text-align: justify;\">&nbsp;<\/p>\n<p style=\"text-align: justify;\">&nbsp;<\/p>\n<p><strong>Publicado por ADHILAC Internacional \u00a9 www.adhilac.com.ar<\/strong><\/p>\n<p>Si Ud. desea asociarse de acuerdo a los Estatutos de ADHILAC\u00a0<a title=\"(ver)\" href=\"..\/?page_id=263\">(ver)<\/a> complete el siguiente formulario\u00a0<a title=\"(ver)\" href=\"..\/?page_id=3194\">(ver)<\/a><\/p>\n<p>E-mail: info@adhilac.com.ar<strong> <\/strong><\/p>\n<p>Twitter: @AdhilacInfo<\/p>\n<p style=\"text-align: justify;\">&nbsp;<\/p>\n","protected":false},"excerpt":{"rendered":"<p>Entre el 25 al 29 de mayo IX Congreso Internacional de la ADHILAC. Santa Marta, Colombia. Doscientos a\u00f1os de historia e historiograf\u00eda de las independencias de Am\u00e9rica Latina y el Caribe La Asociaci\u00f3n de Historiadores Latinoamericanos y del Caribe (ADHILAC), con el coauspicio de la Universidad del Magdalena (Santa Marta-Colombia), la Universidad del Norte (Barranquilla-Colombia) [&hellip;]<\/p>\n","protected":false},"author":2,"featured_media":0,"comment_status":"closed","ping_status":"closed","sticky":false,"template":"","format":"standard","meta":{"_crdt_document":"","footnotes":""},"categories":[3,5],"tags":[17,22,25],"class_list":["post-448","post","type-post","status-publish","format-standard","hentry","category-adhilac-inter","category-congresos","tag-dependencia","tag-emancipacion-americana","tag-nuestra-america"],"_links":{"self":[{"href":"https:\/\/adhilac.com.ar\/index.php?rest_route=\/wp\/v2\/posts\/448","targetHints":{"allow":["GET"]}}],"collection":[{"href":"https:\/\/adhilac.com.ar\/index.php?rest_route=\/wp\/v2\/posts"}],"about":[{"href":"https:\/\/adhilac.com.ar\/index.php?rest_route=\/wp\/v2\/types\/post"}],"author":[{"embeddable":true,"href":"https:\/\/adhilac.com.ar\/index.php?rest_route=\/wp\/v2\/users\/2"}],"replies":[{"embeddable":true,"href":"https:\/\/adhilac.com.ar\/index.php?rest_route=%2Fwp%2Fv2%2Fcomments&post=448"}],"version-history":[{"count":23,"href":"https:\/\/adhilac.com.ar\/index.php?rest_route=\/wp\/v2\/posts\/448\/revisions"}],"predecessor-version":[{"id":559,"href":"https:\/\/adhilac.com.ar\/index.php?rest_route=\/wp\/v2\/posts\/448\/revisions\/559"}],"wp:attachment":[{"href":"https:\/\/adhilac.com.ar\/index.php?rest_route=%2Fwp%2Fv2%2Fmedia&parent=448"}],"wp:term":[{"taxonomy":"category","embeddable":true,"href":"https:\/\/adhilac.com.ar\/index.php?rest_route=%2Fwp%2Fv2%2Fcategories&post=448"},{"taxonomy":"post_tag","embeddable":true,"href":"https:\/\/adhilac.com.ar\/index.php?rest_route=%2Fwp%2Fv2%2Ftags&post=448"}],"curies":[{"name":"wp","href":"https:\/\/api.w.org\/{rel}","templated":true}]}}