{"id":4486,"date":"2011-08-17T08:08:42","date_gmt":"2011-08-17T11:08:42","guid":{"rendered":"https:\/\/adhilac.com.ar\/?p=4486"},"modified":"2012-07-12T15:43:03","modified_gmt":"2012-07-12T18:43:03","slug":"mexico-sangra-la-poesia-queda-%e2%80%9cun-peso-por-la-paz-y-sigamos-al-poeta%e2%80%9d","status":"publish","type":"post","link":"https:\/\/adhilac.com.ar\/?p=4486","title":{"rendered":"M\u00e9xico sangra, la poes\u00eda queda&#8230;\u201cUn peso por la paz y sigamos al poeta\u201d."},"content":{"rendered":"<h3 style=\"text-align: justify;\"><span style=\"color: #339966;\">Marcha del Movimiento por la Paz con Justicia y Dignidad<\/span><\/h3>\n<p style=\"text-align: justify;\"><a href=\"https:\/\/adhilac.com.ar\/wp-content\/uploads\/2011\/08\/Otro_mundo_es_posible-2004-02-01.jpg\"><img loading=\"lazy\" decoding=\"async\" class=\"alignright size-full wp-image-4487\" title=\"Created with The GIMP\" src=\"https:\/\/adhilac.com.ar\/wp-content\/uploads\/2011\/08\/Otro_mundo_es_posible-2004-02-01.jpg\" alt=\"\" width=\"272\" height=\"340\" srcset=\"https:\/\/adhilac.com.ar\/wp-content\/uploads\/2011\/08\/Otro_mundo_es_posible-2004-02-01.jpg 425w, https:\/\/adhilac.com.ar\/wp-content\/uploads\/2011\/08\/Otro_mundo_es_posible-2004-02-01-240x300.jpg 240w\" sizes=\"auto, (max-width: 272px) 100vw, 272px\" \/><\/a><em>Nuestra Palabra. <\/em>M\u00e9xico.\u00a010 AGOSTO 2011<\/p>\n<p style=\"text-align: justify;\"><em>Izquierda \u00abOtro mundo es posible\u00bb. Victoria Crisorio. Argentina 2004.<\/em><\/p>\n<p style=\"text-align: justify;\">El 27 de marzo el poeta Javier Sicilia se encontraba en un evento literario en Filipinas cuando le encajaron sin piedad la noticia que trastocar\u00eda radicalmente su vida: Su hijo Juan Francisco hab\u00eda sido encontrado muerto junto a seis cad\u00e1veres m\u00e1s, todos desfigurados por las salvajes torturas.\u00a0Cuando regres\u00f3 a su M\u00e9xico triturado por una guerra sin l\u00edmites y sin c\u00f3digos, decidi\u00f3 callar su voz de poeta, y a partir del seis de abril lanz\u00f3 su protesta a la calle que hoy, cuatro meses despu\u00e9s, atrapa la simpat\u00eda m\u00e1s grande de los mexicanos de los \u00faltimos tiempos.<\/p>\n<p style=\"text-align: justify;\">\u201cUn peso por la paz y sigamos al poeta\u201d, dec\u00eda un hermoso cartel, detr\u00e1s del cual se observaba una interminable fila de aportantes en un domingo de paseo en el imponente z\u00f3calo del centro hist\u00f3rico de la ciudad de M\u00e9xico. La caminata comenz\u00f3 en Cuernavaca y hoy ha estallado en todo el territorio mexicano. El gobierno mexicano no ha tenido m\u00e1s remedio que buscar una negociaci\u00f3n que en estos d\u00edas est\u00e1 a punto de romperse, porque la violencia dej\u00f3 de ser hace mucho monopolio exclusivo del Estado.<\/p>\n<p style=\"text-align: justify;\">Convoc\u00f3 la poes\u00eda, urgida por el terror y la muerte. Y el liderazgo reside en quien nunca fue un caudillo ni pol\u00edtico ni religioso. <!--more-->Un poeta y punto. \u201cLa muerte de mi hijo quebr\u00f3 mi palabra po\u00e9tica \u2013dice con sencillez y audacia el poeta Javier Sicilia&#8211;, y ahora estoy mutilado en el silencio, no volver\u00e9 a escribir poes\u00eda, pero mi sentimiento de poeta lo pondr\u00e9 en la lucha por la resurrecci\u00f3n de mi naci\u00f3n. Y hasta entonces volver\u00e9 de este silencio a la palabra po\u00e9tica\u201d, recalca el literato. Y, como lo dijo el poeta Miguel Hern\u00e1ndez, hoy es como un \u201crayo que no cesa\u201d en la lucha contra la impunidad.<\/p>\n<p style=\"text-align: justify;\">Derecha<\/p>\n<p style=\"text-align: justify;\"><img loading=\"lazy\" decoding=\"async\" class=\"alignleft size-full wp-image-4488\" title=\"Created with The GIMP\" src=\"https:\/\/adhilac.com.ar\/wp-content\/uploads\/2011\/08\/Otro_mundo_es_posible-2004-02-02.jpg\" alt=\"\" width=\"425\" height=\"531\" srcset=\"https:\/\/adhilac.com.ar\/wp-content\/uploads\/2011\/08\/Otro_mundo_es_posible-2004-02-02.jpg 425w, https:\/\/adhilac.com.ar\/wp-content\/uploads\/2011\/08\/Otro_mundo_es_posible-2004-02-02-240x300.jpg 240w\" sizes=\"auto, (max-width: 425px) 100vw, 425px\" \/><\/p>\n<p style=\"text-align: justify;\"><em> Derecha \u00abOtro mundo es posible\u00bb. Victoria Crisorio. Argentina 2004. La obra debe leerse en ambos sentidos.<\/em><\/p>\n<p style=\"text-align: justify;\">El Movimiento por la Paz con Justicia y Dignidad nace con dolor de poes\u00eda y dolor de patria, sin conexi\u00f3n con la pol\u00edtica y los pol\u00edticos, pero su convocatoria y simpat\u00eda han puesto en entredicho al sistema de partidos y al movimiento popular tradicional. Dice Javier Sicilia: \u201cActualmente hay un discurso oficial, que todo lo niega o deforma pero que solo un poeta es capaz de transformarlo. Yo no soy un pol\u00edtico. No sabr\u00eda ni querr\u00eda tener en mis manos ning\u00fan cargo de la administraci\u00f3n pol\u00edtica. No est\u00e1 por ah\u00ed ni mi vida ni mi funci\u00f3n. Sigo siendo un poeta a pesar de que estoy en silencio. Yo seguir\u00e9 ofreciendo mi voz de poeta en la lucha movilizadora contra la impunidad y el crimen\u201d.<\/p>\n<p style=\"text-align: justify;\">&nbsp;<\/p>\n<p style=\"text-align: justify;\">El movimiento por la Paz con Justicia y Dignidad busca recuperar la dignidad perdida.\u201cNuestra lucha &#8211;insiste el poeta mexicano\u2014es pacifista, porque el dolor no sirve para odiar, sino para recuperar el amor y la justicia que ya perdimos\u201d. Y el poeta Sicilia lo dice con una apabullante claridad: \u201cEste movimiento es un clamor de la ciudadan\u00eda para que las autoridades, todos los grupos que formamos este pa\u00eds, incluyendo las mafias del crimen organizado, volvamos a replantear este pa\u00eds, porque se nos est\u00e1 yendo de las manos. Porque si seguimos por este camino de la violencia, de la impunidad, de las omisiones y de las cegueras pol\u00edticas, vamos a llegar al infierno, que es el lugar sin retorno.\u201d<\/p>\n<p style=\"text-align: justify;\">&nbsp;<\/p>\n<p style=\"text-align: justify;\">Todos los partidos en M\u00e9xico no salen de su asombro. La izquierda y sus intelectuales no saben en qu\u00e9 marco ideol\u00f3gico encajar tal novedad. \u201cNos hemos tardado en reaccionar \u2013asegura el poeta, en una explicaci\u00f3n que se basta por s\u00ed misma&#8211;. Estamos en el momento en que nos debemos detener, para repensar la sociedad donde todos quepamos, donde se le d\u00e9 m\u00e1s sentido a la educaci\u00f3n, al trabajo honesto que le permita a la gente vivir con dignamente. Si no recuperamos esta dignidad, en la que haya educaci\u00f3n y cultura, vamos a potenciar la violencia, la guerra y el belicismo\u201d.<\/p>\n<p style=\"text-align: justify;\">&nbsp;<\/p>\n<p style=\"text-align: justify;\">\u201cYo estar\u00e9 en este movimiento \u2013expresa el ya emblem\u00e1tico Javier Sicilia&#8211; hasta donde quiera la sociedad. Yo no convoqu\u00e9 esto; son los ciudadanos y el amor que tienen por la palabra digna que es la poes\u00eda. Los ciudadanos tienen la palabra. La poes\u00eda tiene ahora la palabra\u201d, concluye. \u00bfQu\u00e9 cosecha recogemos de este movimiento?: Cuando la pol\u00edtica colapsa ante tanta barbarie y el Estado y la \u00e9tica han quedado aplastados, entonces emerge la poes\u00eda, no \u201cla concebida como un lujo cultural por los neutrales\u201d, sino la poes\u00eda que \u201ctoma partido hasta mancharse\u201d. As\u00ed cobran vida las palabras que hace setenta y cinco a\u00f1os escribiera aquel pobre pastor poeta de Espa\u00f1a: \u201cLos poetas somos viento del pueblo: nacemos para pasar soplando a trav\u00e9s de sus poros y conducir sus ojos y sus sentimientos hacia las cumbres m\u00e1s hermosas (\u2026) El pueblo espera a los poetas con las orejas y el alma tendidas al pie de cada siglo\u201d.<\/p>\n<p style=\"text-align: justify;\">&nbsp;<\/p>\n<p style=\"text-align: justify;\"><strong>Publicado por ADHILAC Internacional \u00a9 www.adhilac.com.ar<\/strong><\/p>\n<p style=\"text-align: justify;\">Si Ud. desea asociarse de acuerdo a los Estatutos de ADHILAC\u00a0<a title=\"(ver)\" href=\"https:\/\/adhilac.com.ar\/?page_id=263\">(ver)<\/a> complete el siguiente formulario\u00a0<a title=\"(ver)\" href=\"https:\/\/adhilac.com.ar\/?page_id=3194\">(ver)<\/a><\/p>\n<p style=\"text-align: justify;\">E-mail: info@adhilac.com.ar<strong> <\/strong><\/p>\n<p style=\"text-align: justify;\">Twitter: @AdhilacInfo<\/p>\n","protected":false},"excerpt":{"rendered":"<p>Marcha del Movimiento por la Paz con Justicia y Dignidad Nuestra Palabra. M\u00e9xico.\u00a010 AGOSTO 2011 Izquierda \u00abOtro mundo es posible\u00bb. Victoria Crisorio. Argentina 2004. El 27 de marzo el poeta Javier Sicilia se encontraba en un evento literario en Filipinas cuando le encajaron sin piedad la noticia que trastocar\u00eda radicalmente su vida: Su hijo Juan [&hellip;]<\/p>\n","protected":false},"author":2,"featured_media":0,"comment_status":"closed","ping_status":"closed","sticky":false,"template":"","format":"standard","meta":{"_crdt_document":"","footnotes":""},"categories":[40],"tags":[116,121,226,178],"class_list":["post-4486","post","type-post","status-publish","format-standard","hentry","category-informaciones","tag-derechos-humanos","tag-mexico","tag-terrorismo-de-estado","tag-violencia"],"_links":{"self":[{"href":"https:\/\/adhilac.com.ar\/index.php?rest_route=\/wp\/v2\/posts\/4486","targetHints":{"allow":["GET"]}}],"collection":[{"href":"https:\/\/adhilac.com.ar\/index.php?rest_route=\/wp\/v2\/posts"}],"about":[{"href":"https:\/\/adhilac.com.ar\/index.php?rest_route=\/wp\/v2\/types\/post"}],"author":[{"embeddable":true,"href":"https:\/\/adhilac.com.ar\/index.php?rest_route=\/wp\/v2\/users\/2"}],"replies":[{"embeddable":true,"href":"https:\/\/adhilac.com.ar\/index.php?rest_route=%2Fwp%2Fv2%2Fcomments&post=4486"}],"version-history":[{"count":9,"href":"https:\/\/adhilac.com.ar\/index.php?rest_route=\/wp\/v2\/posts\/4486\/revisions"}],"predecessor-version":[{"id":6018,"href":"https:\/\/adhilac.com.ar\/index.php?rest_route=\/wp\/v2\/posts\/4486\/revisions\/6018"}],"wp:attachment":[{"href":"https:\/\/adhilac.com.ar\/index.php?rest_route=%2Fwp%2Fv2%2Fmedia&parent=4486"}],"wp:term":[{"taxonomy":"category","embeddable":true,"href":"https:\/\/adhilac.com.ar\/index.php?rest_route=%2Fwp%2Fv2%2Fcategories&post=4486"},{"taxonomy":"post_tag","embeddable":true,"href":"https:\/\/adhilac.com.ar\/index.php?rest_route=%2Fwp%2Fv2%2Ftags&post=4486"}],"curies":[{"name":"wp","href":"https:\/\/api.w.org\/{rel}","templated":true}]}}