{"id":4507,"date":"2011-08-16T17:03:28","date_gmt":"2011-08-16T20:03:28","guid":{"rendered":"https:\/\/adhilac.com.ar\/?p=4507"},"modified":"2012-07-12T15:38:01","modified_gmt":"2012-07-12T18:38:01","slug":"ecuador-unasur-y-los-desafios-de-la-integracion-regional-ccc-buenos-aires-17-de-agosto-de-2011","status":"publish","type":"post","link":"https:\/\/adhilac.com.ar\/?p=4507","title":{"rendered":"Ecuador, Unasur  y los desaf\u00edos de la integraci\u00f3n regional. CCC. Buenos Aires. 17 de agosto de 2011"},"content":{"rendered":"<h3><strong style=\"color: #339966;\">Conferencia y Debate: <\/strong><\/h3>\n<p><em>Ecuador, Unasur y los desaf\u00edos de la integraci\u00f3n regiona<\/em>l<\/p>\n<p>Mi\u00e9rcoles 17 de agosto<\/p>\n<p><span style=\"font-family: 'Times New Roman'; font-size: small;\"> <\/span><\/p>\n<p style=\"text-align: justify;\">Esta actividad se centrar\u00e1 en los principales aspectos de la pol\u00edtica interna ecuatoriana, como son los lineamientos pol\u00edticos del Buen Vivir, el proceso de reforma del Estado, la relaci\u00f3n entre oficialismo y oposici\u00f3n y el papel de los medios de comunicaci\u00f3n. Se analizar\u00e1 asimismo la pol\u00edtica exterior del Ecuador con relaci\u00f3n a los bloques regionales de la Comunidad Andina y la Alianza Bolivariana de las Am\u00e9ricas, colocando un especial \u00e9nfasis en la Unasur y el papel clave que este pa\u00eds est\u00e1 actualmente desempa\u00f1ando en esta alianza sudamericana.<!--more--><\/p>\n<p style=\"text-align: justify;\"><strong><span style=\"font-family: 'Times New Roman';\"> <\/span><\/strong><\/p>\n<p style=\"text-align: justify;\">Disertar\u00e1:<\/p>\n<p style=\"text-align: justify;\"><strong>Daniel Kersffeld<\/strong><\/p>\n<p style=\"text-align: justify;\">Escuela de Gobierno y Administraci\u00f3n P\u00fablica (EGAP)\/Instituto de Altos Estudios Nacionales (IAEN).<\/p>\n<p style=\"text-align: justify;\">Coordina:<\/p>\n<p style=\"text-align: justify;\"><strong>Atilio Boron\u00a0(PLED)<\/strong><\/p>\n<p style=\"text-align: justify;\">Mi\u00e9rcoles 17 de agosto<\/p>\n<p style=\"text-align: justify;\">Sala: Meyer Dubrovsky (3\u00ba piso)<\/p>\n<p style=\"text-align: justify;\">Hora:\u00a018hs.<\/p>\n<p style=\"text-align: justify;\">Organiza: PLED<\/p>\n<p style=\"text-align: justify;\">Centro Cultural de la Cooperaci\u00f3n Floreal Gorini, avda. Corrientes 1543, CABA.<\/p>\n<p style=\"text-align: justify;\"><strong>Publicado por ADHILAC Internacional \u00a9 www.adhilac.com.ar<\/strong><\/p>\n<p style=\"text-align: justify;\">Si Ud. desea asociarse de acuerdo a los Estatutos de ADHILAC\u00a0<a title=\"(ver)\" href=\"https:\/\/adhilac.com.ar\/?page_id=263\">(ver)<\/a> complete el siguiente formulario\u00a0<a title=\"(ver)\" href=\"https:\/\/adhilac.com.ar\/?page_id=3194\">(ver)<\/a><\/p>\n<p style=\"text-align: justify;\">E-mail: info@adhilac.com.ar<strong> <\/strong><\/p>\n<p style=\"text-align: justify;\">Twitter: @AdhilacInfo<\/p>\n","protected":false},"excerpt":{"rendered":"<p>Conferencia y Debate: Ecuador, Unasur y los desaf\u00edos de la integraci\u00f3n regional Mi\u00e9rcoles 17 de agosto Esta actividad se centrar\u00e1 en los principales aspectos de la pol\u00edtica interna ecuatoriana, como son los lineamientos pol\u00edticos del Buen Vivir, el proceso de reforma del Estado, la relaci\u00f3n entre oficialismo y oposici\u00f3n y el papel de los medios [&hellip;]<\/p>\n","protected":false},"author":2,"featured_media":0,"comment_status":"closed","ping_status":"closed","sticky":false,"template":"","format":"standard","meta":{"_crdt_document":"","footnotes":""},"categories":[5,40],"tags":[227],"class_list":["post-4507","post","type-post","status-publish","format-standard","hentry","category-congresos","category-informaciones","tag-unasur"],"_links":{"self":[{"href":"https:\/\/adhilac.com.ar\/index.php?rest_route=\/wp\/v2\/posts\/4507","targetHints":{"allow":["GET"]}}],"collection":[{"href":"https:\/\/adhilac.com.ar\/index.php?rest_route=\/wp\/v2\/posts"}],"about":[{"href":"https:\/\/adhilac.com.ar\/index.php?rest_route=\/wp\/v2\/types\/post"}],"author":[{"embeddable":true,"href":"https:\/\/adhilac.com.ar\/index.php?rest_route=\/wp\/v2\/users\/2"}],"replies":[{"embeddable":true,"href":"https:\/\/adhilac.com.ar\/index.php?rest_route=%2Fwp%2Fv2%2Fcomments&post=4507"}],"version-history":[{"count":5,"href":"https:\/\/adhilac.com.ar\/index.php?rest_route=\/wp\/v2\/posts\/4507\/revisions"}],"predecessor-version":[{"id":6015,"href":"https:\/\/adhilac.com.ar\/index.php?rest_route=\/wp\/v2\/posts\/4507\/revisions\/6015"}],"wp:attachment":[{"href":"https:\/\/adhilac.com.ar\/index.php?rest_route=%2Fwp%2Fv2%2Fmedia&parent=4507"}],"wp:term":[{"taxonomy":"category","embeddable":true,"href":"https:\/\/adhilac.com.ar\/index.php?rest_route=%2Fwp%2Fv2%2Fcategories&post=4507"},{"taxonomy":"post_tag","embeddable":true,"href":"https:\/\/adhilac.com.ar\/index.php?rest_route=%2Fwp%2Fv2%2Ftags&post=4507"}],"curies":[{"name":"wp","href":"https:\/\/api.w.org\/{rel}","templated":true}]}}