{"id":4532,"date":"2011-08-22T12:44:34","date_gmt":"2011-08-22T15:44:34","guid":{"rendered":"https:\/\/adhilac.com.ar\/?p=4532"},"modified":"2012-07-12T15:19:05","modified_gmt":"2012-07-12T18:19:05","slug":"congreso-internacional-de-inclusion-digital-educativa-facultad-de-derecho-universidad-de-buenos-aires-1-y-2-de-septiembre-de-2011","status":"publish","type":"post","link":"https:\/\/adhilac.com.ar\/?p=4532","title":{"rendered":"Congreso Internacional de Inclusi\u00f3n Digital Educativa. Facultad de Derecho Universidad de Buenos Aires. 1 y 2 de septiembre de 2011"},"content":{"rendered":"<p><img loading=\"lazy\" decoding=\"async\" class=\"alignnone\" src=\"http:\/\/www.inclusiondigital.com.ar\/img\/header.png\" alt=\"\" width=\"465\" height=\"79\" \/><\/p>\n<p style=\"text-align: justify;\">El Congreso Internacional de Inclusi\u00f3n Digital Educativa que se desarrollar\u00e1 el 1 y 2 de septiembre de 2011 en la Facultad de Derecho de la Universidad de Buenos Aires se inscribe en el marco de las pol\u00edticas de inclusi\u00f3n digital impulsadas por el Programa Conectar Igualdad.<!--more--><br \/>\nEl encuentro est\u00e1 destinado a todos los actores pol\u00edticos y sociales, especialmente docentes, involucrados en la incorporaci\u00f3n de las tecnolog\u00edas en el sistema educativo. El foco del debate estar\u00e1 puesto en las experiencias en el Modelo 1 a 1, pero tambi\u00e9n se abordar\u00e1 un temario acerca de la escuela en tiempos de la sociedad de la informaci\u00f3n.<br \/>\nEn el Congreso habr\u00e1 conferencias y paneles de discusi\u00f3n integrados por prestigiosos especialistas internacionales y nacionales. Est\u00e1 previsto que investigadores de algunas universidades nacionales junto con docentes y directivos de escuelas secundarias presenten experiencias sobre el uso de las nuevas tecnolog\u00edas en las aulas. Adem\u00e1s, habr\u00e1 talleres para docentes sobre la implementaci\u00f3n del Modelo 1 a 1 en distintos campos y disciplinas.La entrada es libre y gratuita, previa inscripci\u00f3n.<\/p>\n<p style=\"text-align: justify;\">*\u00a0Se entregar\u00e1 certificado de asistencia.<\/p>\n<p style=\"text-align: justify;\"><strong>Programaci\u00f3n de las conferencias, paneles y experiencias<\/strong><\/p>\n<p style=\"text-align: justify;\"><a href=\"http:\/\/www.inclusiondigital.com.ar\/actividades.html\"><\/a><\/p>\n<p style=\"text-align: justify;\"><strong>D\u00eda Jueves\u00a01 de septiembre<\/strong><\/p>\n<p style=\"text-align: justify;\"><strong><br \/>\n<\/strong><\/p>\n<div style=\"text-align: justify;\">\n<table border=\"1\" cellspacing=\"0\" cellpadding=\"0\" width=\"600\">\n<tbody>\n<tr>\n<td><strong>Acreditaci\u00f3n Sal\u00f3n de los Pasos   Perdidos 8 &#8211; 9 hs<\/strong><\/td>\n<\/tr>\n<\/tbody>\n<\/table>\n<\/div>\n<p style=\"text-align: justify;\">&nbsp;<\/p>\n<div style=\"text-align: justify;\">\n<table border=\"1\" cellspacing=\"0\" cellpadding=\"0\" width=\"600\">\n<tbody>\n<tr>\n<td width=\"136\"><\/td>\n<td><strong>Bloque I\u00a0\u00a0\u00a0 9 &#8211; 10 hs<\/strong><\/td>\n<\/tr>\n<tr>\n<td><strong>Sal\u00f3n de Actos<\/strong><\/td>\n<td><strong>.<\/strong><strong> <\/strong><strong>Apertura &#8211; Autoridades<\/strong><strong><br \/>\nCristina Fern\u00e1ndez de Kirchner,<\/strong> Presidenta de la Naci\u00f3n<br \/>\n<strong>Diego Bossio<\/strong>, Director Ejecutivo de ANSES<br \/>\n<strong>Alberto Sileoni<\/strong>, Ministro de Educaci\u00f3n de la Naci\u00f3n<\/td>\n<\/tr>\n<tr>\n<td><strong>Sal\u00f3n Auditorio<\/strong><\/td>\n<td><strong>Simult\u00e1neo<\/strong><\/td>\n<\/tr>\n<tr>\n<td><strong>Aula Magna<\/strong><\/td>\n<td><strong>Simult\u00e1neo<\/strong><\/td>\n<\/tr>\n<\/tbody>\n<\/table>\n<\/div>\n<p style=\"text-align: justify;\">&nbsp;<\/p>\n<div style=\"text-align: justify;\">\n<table border=\"1\" cellspacing=\"0\" cellpadding=\"0\" width=\"600\">\n<tbody>\n<tr>\n<td width=\"136\"><\/td>\n<td><strong>Bloque II\u00a0\u00a0\u00a0 10 &#8211; 11.30   hs<\/strong><\/td>\n<\/tr>\n<tr>\n<td><strong>Sal\u00f3n de Actos<\/strong><\/td>\n<td><strong>. <\/strong><strong>El Modelo 1 a 1 en Latinoam\u00e9rica<\/strong><strong><br \/>\nMar\u00eda In\u00e9s Vollmer, <\/strong>Viceministra de Educaci\u00f3n de la Naci\u00f3n<strong><br \/>\nPablo Fontdevila, <\/strong>Gerente Ejecutivo, Programa Conectar Igualdad<br \/>\n<strong>Silvina Gvirtz, <\/strong>Gerenta de Inclusi\u00f3n Digital Educativa, Programa   Conectar Igualdad<br \/>\n<strong>Mario Oporto, <\/strong>Director General de Cultura y Educaci\u00f3n de la   Provincia de Buenos Aires<br \/>\n<strong>Miguel Brechner Frey, <\/strong>Presidente del Centro Ceibal para Apoyo a   la Educaci\u00f3n de la Ni\u00f1ez y la Adolescencia (Uruguay)<\/td>\n<\/tr>\n<tr>\n<td><strong>Sal\u00f3n Auditorio<\/strong><\/td>\n<td><strong>Simult\u00e1neo<\/strong><\/td>\n<\/tr>\n<tr>\n<td><strong>Aula Magna<\/strong><\/td>\n<td><strong>Simult\u00e1neo<\/strong><\/td>\n<\/tr>\n<\/tbody>\n<\/table>\n<\/div>\n<p style=\"text-align: justify;\">&nbsp;<\/p>\n<div style=\"text-align: justify;\">\n<table border=\"1\" cellspacing=\"0\" cellpadding=\"0\" width=\"600\">\n<tbody>\n<tr>\n<td><strong>Coffe Break \u00a0\u00a011.30 &#8211; 12 hs<\/strong><\/td>\n<\/tr>\n<\/tbody>\n<\/table>\n<\/div>\n<p style=\"text-align: justify;\">&nbsp;<\/p>\n<div style=\"text-align: justify;\">\n<table border=\"1\" cellspacing=\"0\" cellpadding=\"0\" width=\"600\">\n<tbody>\n<tr>\n<td width=\"136\"><\/td>\n<td><strong>Bloque III\u00a0\u00a0\u00a0 12 &#8211;   13.30 hs<\/strong><\/td>\n<\/tr>\n<tr>\n<td><strong>Sal\u00f3n de Actos<\/strong><\/td>\n<td><strong>.<\/strong><strong> La investigaci\u00f3n en el campo de la tecnolog\u00eda educativa<\/strong><strong><br \/>\nCelia Hoyles,<\/strong>London Knowledge Lab (Inglaterra)<br \/>\n<strong>Mariana Maggio,<\/strong> UBA \/ Microsoft<br \/>\n<strong>Nora Sabelli,<\/strong> SRI International (Estados Unidos)<\/td>\n<\/tr>\n<tr>\n<td><strong>Sal\u00f3n Auditorio<\/strong><\/td>\n<td><strong>La formaci\u00f3n docente en los escenarios de inclusi\u00f3n digital<br \/>\nJoel Armando, <\/strong>Universidad Nacional de C\u00f3rdoba<br \/>\n<strong>Marisa D\u00edaz,<\/strong> Directora Nacional de Gesti\u00f3n Educativa<br \/>\n<strong>Graciela Lombardi,<\/strong> Directora Ejecutiva del Instituto Nacional de   Formaci\u00f3n Docente<\/td>\n<\/tr>\n<tr>\n<td><strong>Aula Magna<\/strong><\/td>\n<td><strong>Las tecnolog\u00edas en las pr\u00e1cticas docentes<br \/>\nConstanza Necuzzi, <\/strong>Gerente de Comunicaci\u00f3n y Contenidos, Programa Conectar Igualdad<br \/>\n<strong>Lila Pinto,<\/strong> directora del colegio \u201cMaguem David\u201d (M\u00e9xico)<br \/>\n<strong>Cecilia Sagol,<\/strong> Coordinadora de contenidos de Educ.ar<\/td>\n<\/tr>\n<tr>\n<td><strong>Sal\u00f3n Azul<\/strong><\/td>\n<td><strong>Experiencias <\/strong>Educaci\u00f3n especial<\/td>\n<\/tr>\n<tr>\n<td><strong>Sal\u00f3n Verde<\/strong><\/td>\n<td><strong>Experiencias <\/strong>Ense\u00f1ar las disciplinas con las tecnolog\u00edas<\/td>\n<\/tr>\n<\/tbody>\n<\/table>\n<\/div>\n<p style=\"text-align: justify;\">&nbsp;<\/p>\n<div style=\"text-align: justify;\">\n<table border=\"1\" cellspacing=\"0\" cellpadding=\"0\" width=\"600\">\n<tbody>\n<tr>\n<td><strong>Almuerzo \u00a0\u00a013.30 &#8211; 14.30 hs<\/strong><\/td>\n<\/tr>\n<\/tbody>\n<\/table>\n<\/div>\n<p style=\"text-align: justify;\">&nbsp;<\/p>\n<div style=\"text-align: justify;\">\n<table border=\"1\" cellspacing=\"0\" cellpadding=\"0\" width=\"600\">\n<tbody>\n<tr>\n<td width=\"136\"><\/td>\n<td><strong>Bloque IV\u00a0\u00a0\u00a0 14.30 &#8211;   15.30 hs<\/strong><\/td>\n<\/tr>\n<tr>\n<td><strong>Sal\u00f3n de Actos<\/strong><\/td>\n<td><strong>. <\/strong><strong>Conferencia: La \u00e9tica hacker en la formaci\u00f3n docente<\/strong><strong><br \/>\nNelson Pretto, <\/strong>Universidad Federal de Bahia (Brasil)<\/td>\n<\/tr>\n<tr>\n<td><strong>Sal\u00f3n Auditorio<\/strong><\/td>\n<td><strong>Simult\u00e1neo<\/strong><\/td>\n<\/tr>\n<tr>\n<td><strong>Aula Magna<\/strong><\/td>\n<td><strong>Simult\u00e1neo<\/strong><\/td>\n<\/tr>\n<\/tbody>\n<\/table>\n<\/div>\n<p style=\"text-align: justify;\">&nbsp;<\/p>\n<div style=\"text-align: justify;\">\n<table border=\"1\" cellspacing=\"0\" cellpadding=\"0\" width=\"600\">\n<tbody>\n<tr>\n<td width=\"136\"><\/td>\n<td><strong>Bloque V\u00a0\u00a0\u00a0 15.30 &#8211; 17   hs<\/strong><\/td>\n<\/tr>\n<tr>\n<td><strong>Sal\u00f3n de Actos<\/strong><\/td>\n<td><strong>. <\/strong><strong>La inclusi\u00f3n de las TIC en la ense\u00f1anza<\/strong><strong><br \/>\nHugo Mart\u00ednez Alvarado,<\/strong> especialista en TIC (Chile)<br \/>\n<strong>Dar\u00edo Pulfer,<\/strong> Organizaci\u00f3n de Estados Iberoamericanos<br \/>\n<strong>Juan Carlos Tedesco,<\/strong> Juan Carlos Tedesco, ex Ministro de   Educaci\u00f3n<\/td>\n<\/tr>\n<tr>\n<td><strong>Sal\u00f3n Auditorio<\/strong><\/td>\n<td><strong>Nuevas expresiones de la cultura juvenil: Videojuegos<br \/>\nDonna Burton &#8211; Wilcock,<\/strong> Immersive Education (Inglaterra)<br \/>\n<strong>Gonzalo Frasca,<\/strong> Powerful Robot (Uruguay)<br \/>\n<strong>Suzanne de Castell,<\/strong> Simon Fraser University (Canad\u00e1)<\/td>\n<\/tr>\n<tr>\n<td><strong>Aula Magna<\/strong><\/td>\n<td><strong>La innovaci\u00f3n en la ense\u00f1anza<br \/>\nAlejandro Gonzalez,<\/strong> Universidad Nacional de La Plata<br \/>\n<strong>Christina Preston,<\/strong> MirandaNet (Inglaterra)<br \/>\n<strong>Jes\u00fas Salinas,<\/strong> Universidad de las Islas Baleares (Espa\u00f1a)<\/td>\n<\/tr>\n<tr>\n<td><strong>Sal\u00f3n Azul<\/strong><\/td>\n<td><strong>Experiencias <\/strong>Escuelas de Innovaci\u00f3n<\/td>\n<\/tr>\n<tr>\n<td><strong>Sal\u00f3n Verde<\/strong><\/td>\n<td><strong>Experiencias <\/strong>Inclusi\u00f3n social y TIC<\/td>\n<\/tr>\n<\/tbody>\n<\/table>\n<\/div>\n<p style=\"text-align: justify;\">&nbsp;<\/p>\n<div style=\"text-align: justify;\">\n<table border=\"1\" cellspacing=\"0\" cellpadding=\"0\" width=\"600\">\n<tbody>\n<tr>\n<td><strong>Coffe Break \u00a0\u00a017 &#8211; 17.30 hs<\/strong><\/td>\n<\/tr>\n<\/tbody>\n<\/table>\n<\/div>\n<p style=\"text-align: justify;\">&nbsp;<\/p>\n<div style=\"text-align: justify;\">\n<table border=\"1\" cellspacing=\"0\" cellpadding=\"0\" width=\"600\">\n<tbody>\n<tr>\n<td width=\"136\"><\/td>\n<td><strong>Bloque VI\u00a0\u00a0\u00a0 17.30 &#8211;   18.30 hs<\/strong><\/td>\n<\/tr>\n<tr>\n<td><strong>Sal\u00f3n de Actos<\/strong><\/td>\n<td><strong>.<\/strong><strong> Conferencia: Learning the unlearnable<\/strong><strong><br \/>\nRichard Noss,<\/strong> London Knowledge Lab (Inglaterra)<\/td>\n<\/tr>\n<tr>\n<td><strong>Sal\u00f3n Auditorio<\/strong><\/td>\n<td><strong>Simult\u00e1neo<\/strong><\/td>\n<\/tr>\n<tr>\n<td><strong>Aula Magna<\/strong><\/td>\n<td><strong>Simult\u00e1neo<\/strong><\/td>\n<\/tr>\n<\/tbody>\n<\/table>\n<\/div>\n<p style=\"text-align: justify;\">&nbsp;<\/p>\n<p style=\"text-align: justify;\">&nbsp;<\/p>\n<p style=\"text-align: justify;\"><strong>D\u00eda viernes 2 de septiembre<\/strong><\/p>\n<p style=\"text-align: justify;\">&nbsp;<\/p>\n<table border=\"1\" cellspacing=\"0\" cellpadding=\"0\" width=\"600\">\n<tbody>\n<tr>\n<td width=\"136\"><\/td>\n<td><strong>Bloque I\u00a0\u00a0\u00a0 9.30 &#8211; 11   hs<\/strong><\/td>\n<\/tr>\n<tr>\n<td><strong>Sal\u00f3n de Actos<\/strong><\/td>\n<td><strong>.<\/strong><strong> Los j\u00f3venes en las redes sociales<\/strong><strong><br \/>\nLuis Alberto Quevedo,<\/strong> UBA &#8211; FLACSO<br \/>\n<strong>Florencia Saintout,,<\/strong> Universidad Nacional de La Plata<br \/>\n<strong>Craig Watkins, <\/strong>University of Texas at Austin (Estados Unidos)<\/td>\n<\/tr>\n<tr>\n<td><strong>Sal\u00f3n Auditorio<\/strong><\/td>\n<td><strong>Seguimiento y Evaluaci\u00f3n del Programa Conectar Igualdad<\/strong><br \/>\n<strong>Cora Steinberg,<\/strong> Responsable de evaluaci\u00f3n<strong><br \/>\nLilia Toranzos, <\/strong>Coordinadora t\u00e9cnica<br \/>\n<strong>Marta Kisilevsky, <\/strong>Responsable de estudio con universidades<strong><br \/>\nCynthia Zapata, <\/strong>Coordinadora del Programa Conectar Igualdad<\/td>\n<\/tr>\n<tr>\n<td><strong>Aula Magna<\/strong><\/td>\n<td><strong>Nuevas tendencias en la investigaci\u00f3n en tecnolog\u00edas<br \/>\nAlejandro Artopoulos,<\/strong> Universidad de San Andr\u00e9s<br \/>\n<strong>Jos\u00e9 Luis Espinosa, <\/strong>Instituto Latinoamericano de Comunicaci\u00f3n   Educativa (M\u00e9xico)<br \/>\n<strong>Laura Mar\u00e9s Serra<\/strong> RELPE<\/td>\n<\/tr>\n<tr>\n<td><strong>Sal\u00f3n Azul<\/strong><\/td>\n<td><strong>Experiencias <\/strong>Escuelas de Innovaci\u00f3n<\/td>\n<\/tr>\n<tr>\n<td><strong>Sal\u00f3n Verde<\/strong><\/td>\n<td><strong>Experiencias <\/strong>La articulaci\u00f3n de los niveles medios y superiores mediados por las TIC<\/td>\n<\/tr>\n<\/tbody>\n<\/table>\n<p style=\"text-align: justify;\">&nbsp;<\/p>\n<table border=\"1\" cellspacing=\"0\" cellpadding=\"0\" width=\"600\">\n<tbody>\n<tr>\n<td width=\"136\"><\/td>\n<td><strong>Bloque II\u00a0\u00a0\u00a0 11 &#8211; 12.30   hs<\/strong><\/td>\n<\/tr>\n<tr>\n<td><strong>Sal\u00f3n de Actos<\/strong><\/td>\n<td><strong>. <\/strong><strong>Videoconferencia<\/strong><strong><br \/>\nCristobal C\u00f3bo, <\/strong>Oxford University (Inglaterra)<\/td>\n<\/tr>\n<tr>\n<td><strong>Sal\u00f3n Auditorio<\/strong><\/td>\n<td><strong>Contenidos digitales para las nuevas pr\u00e1cticas<br \/>\nAlberto Ca\u00f1as, <\/strong>Institute for Human and Machine Cognition (Estados Unidos)<br \/>\n<strong>Patricia Pomi\u00e9s,<\/strong> gerencia TIC, Educ.ar<\/td>\n<\/tr>\n<tr>\n<td><strong>Aula Magna<\/strong><\/td>\n<td><strong>El impacto de las tecnolog\u00edas en educaci\u00f3n especial<br \/>\nMar\u00eda del Pilar Ferro, <\/strong>Centro de Asistencia y Rehabilitaci\u00f3n Especial<br \/>\n<strong>Marcela V\u00e1zquez, <\/strong>especialista en educaci\u00f3n especial<br \/>\n<strong>Daniel Zappal\u00e1, <\/strong>Programa Conectar Igualdad<\/td>\n<\/tr>\n<tr>\n<td><strong>Sal\u00f3n Azul<\/strong><\/td>\n<td><strong>Experiencias <\/strong>La innovaci\u00f3n en el aula<\/td>\n<\/tr>\n<tr>\n<td><strong>Sal\u00f3n Verde<\/strong><\/td>\n<td><strong>Experiencias <\/strong>Narrativas Digitales<\/td>\n<\/tr>\n<\/tbody>\n<\/table>\n<p style=\"text-align: justify;\">&nbsp;<\/p>\n<table border=\"1\" cellspacing=\"0\" cellpadding=\"0\" width=\"600\">\n<tbody>\n<tr>\n<td><strong>Coffe Break \u00a0\u00a012.30 &#8211; 13 hs<\/strong><\/td>\n<\/tr>\n<\/tbody>\n<\/table>\n<p style=\"text-align: justify;\">&nbsp;<\/p>\n<table border=\"1\" cellspacing=\"0\" cellpadding=\"0\" width=\"600\">\n<tbody>\n<tr>\n<td width=\"136\"><\/td>\n<td><strong>Bloque III\u00a0\u00a0\u00a0 13 &#8211; 14   hs<\/strong><\/td>\n<\/tr>\n<tr>\n<td><strong>Sal\u00f3n de Actos<\/strong><\/td>\n<td><strong>.<\/strong><strong> Conferencia &#8211; From teaching to learning: the   main impact of new technologies on education<\/strong><strong><br \/>\nNicholas Burbules,<\/strong> University of Illinois (Estados Unidos)<\/td>\n<\/tr>\n<tr>\n<td><strong>Sal\u00f3n Auditorio<\/strong><\/td>\n<td><strong>Simult\u00e1neo<\/strong><\/td>\n<\/tr>\n<tr>\n<td><strong>Aula Magna<\/strong><\/td>\n<td><strong>Simult\u00e1neo<\/strong><\/td>\n<\/tr>\n<\/tbody>\n<\/table>\n<p style=\"text-align: justify;\">&nbsp;<\/p>\n<table border=\"1\" cellspacing=\"0\" cellpadding=\"0\" width=\"600\">\n<tbody>\n<tr>\n<td width=\"136\"><\/td>\n<td><strong>Bloque IV\u00a0\u00a0\u00a0 14 &#8211; 15 hs<\/strong><\/td>\n<\/tr>\n<tr>\n<td><strong>Sal\u00f3n de Actos<\/strong><\/td>\n<td><strong>.<\/strong><strong> Ceremonia de cierre<\/strong><strong><br \/>\n<\/strong>Entrega de premios del   Concurso Conectar<br \/>\nCierre a cargo de Mar\u00eda In\u00e9s Vollmer y Silvina Gvirtz<\/td>\n<\/tr>\n<tr>\n<td><strong>Sal\u00f3n Auditorio<\/strong><\/td>\n<td><strong>Simult\u00e1neo<\/strong><\/td>\n<\/tr>\n<tr>\n<td><strong>Aula Magna<\/strong><\/td>\n<td><strong>Simult\u00e1neo<\/strong><\/td>\n<\/tr>\n<\/tbody>\n<\/table>\n<p style=\"text-align: justify;\">M\u00e1s Informaci\u00f3n ingresar en: <a title=\"http:\/\/www.inclusiondigital.com.ar\/inscripcion.html\" href=\"http:\/\/www.inclusiondigital.com.ar\/inscripcion.html\">http:\/\/www.inclusiondigital.com.ar\/inscripcion.html<\/a><\/p>\n<p style=\"text-align: justify;\">&nbsp;<\/p>\n<p style=\"text-align: justify;\"><strong>Publicado por ADHILAC Internacional \u00a9 www.adhilac.com.ar<\/strong><\/p>\n<p style=\"text-align: justify;\">Si Ud. desea asociarse de acuerdo a los Estatutos de ADHILAC\u00a0<a title=\"(ver)\" href=\"https:\/\/adhilac.com.ar\/?page_id=263\">(ver)<\/a> complete el siguiente formulario\u00a0<a title=\"(ver)\" href=\"https:\/\/adhilac.com.ar\/?page_id=3194\">(ver)<\/a><\/p>\n<p style=\"text-align: justify;\">E-mail: info@adhilac.com.ar<strong> <\/strong><\/p>\n<p style=\"text-align: justify;\">Twitter: @AdhilacInfo<\/p>\n","protected":false},"excerpt":{"rendered":"<p>El Congreso Internacional de Inclusi\u00f3n Digital Educativa que se desarrollar\u00e1 el 1 y 2 de septiembre de 2011 en la Facultad de Derecho de la Universidad de Buenos Aires se inscribe en el marco de las pol\u00edticas de inclusi\u00f3n digital impulsadas por el Programa Conectar Igualdad.<\/p>\n","protected":false},"author":2,"featured_media":0,"comment_status":"closed","ping_status":"closed","sticky":false,"template":"","format":"standard","meta":{"_crdt_document":"","footnotes":""},"categories":[5,40],"tags":[57,229,228],"class_list":["post-4532","post","type-post","status-publish","format-standard","hentry","category-congresos","category-informaciones","tag-educacion","tag-inclusion-digital","tag-informatica"],"_links":{"self":[{"href":"https:\/\/adhilac.com.ar\/index.php?rest_route=\/wp\/v2\/posts\/4532","targetHints":{"allow":["GET"]}}],"collection":[{"href":"https:\/\/adhilac.com.ar\/index.php?rest_route=\/wp\/v2\/posts"}],"about":[{"href":"https:\/\/adhilac.com.ar\/index.php?rest_route=\/wp\/v2\/types\/post"}],"author":[{"embeddable":true,"href":"https:\/\/adhilac.com.ar\/index.php?rest_route=\/wp\/v2\/users\/2"}],"replies":[{"embeddable":true,"href":"https:\/\/adhilac.com.ar\/index.php?rest_route=%2Fwp%2Fv2%2Fcomments&post=4532"}],"version-history":[{"count":6,"href":"https:\/\/adhilac.com.ar\/index.php?rest_route=\/wp\/v2\/posts\/4532\/revisions"}],"predecessor-version":[{"id":6002,"href":"https:\/\/adhilac.com.ar\/index.php?rest_route=\/wp\/v2\/posts\/4532\/revisions\/6002"}],"wp:attachment":[{"href":"https:\/\/adhilac.com.ar\/index.php?rest_route=%2Fwp%2Fv2%2Fmedia&parent=4532"}],"wp:term":[{"taxonomy":"category","embeddable":true,"href":"https:\/\/adhilac.com.ar\/index.php?rest_route=%2Fwp%2Fv2%2Fcategories&post=4532"},{"taxonomy":"post_tag","embeddable":true,"href":"https:\/\/adhilac.com.ar\/index.php?rest_route=%2Fwp%2Fv2%2Ftags&post=4532"}],"curies":[{"name":"wp","href":"https:\/\/api.w.org\/{rel}","templated":true}]}}